{"id":13113,"date":"2023-12-29T11:22:43","date_gmt":"2023-12-29T10:22:43","guid":{"rendered":"https:\/\/confecomerc.es\/?p=13113"},"modified":"2023-01-04T11:29:42","modified_gmt":"2023-01-04T10:29:42","slug":"el-mercado-central-lanza-la-campana-necesitas-un-taxi-nosotros-te-lo-pedimos-para-facilitar-las-compras-a-sus-clientes","status":"publish","type":"post","link":"https:\/\/confecomerc.es\/va\/el-mercado-central-lanza-la-campana-necesitas-un-taxi-nosotros-te-lo-pedimos-para-facilitar-las-compras-a-sus-clientes\/","title":{"rendered":"El Mercat Central llan\u00e7a la campanya \u2018Necessites un taxi, nosaltres te&#8217;l demanem\u2019 per a facilitar les compres als seus clients"},"content":{"rendered":"<p>A partir d&#8217;ara, els clients del Mercat Central de Val\u00e8ncia podran tamb\u00e9 transportar les seues compres tornant a casa a les seues llars utilitzant un nou servei personalitzat. La campanya \u2018Necessites un taxi, nosaltres te&#8217;l sol\u00b7licitem\u2019 acaba de posar-se en marxa per a facilitar les compres als clients que vulguen tornar a les seues cases amb les seues compres en aquest mitj\u00e0 de transport.<\/p>\n<p>La sol\u00b7licitud del taxi haur\u00e0 de realitzar-se a trav\u00e9s de les parades de venda o el Servei d&#8217;Atenci\u00f3 al Client indicant el nom, nombre de persones i punt de recollida (porta de La Llotja o porta de l&#8217;Avinguda de l&#8217;Oest). Els taxis col\u00b7laboradors, que se sumen a la iniciativa, mostren el missatge \u2018Ens encanta portar-te. Mercat Central\u2019.<\/p>\n<p>Amb aquest servei el Mercat pret\u00e9n oferir una alternativa de transport p\u00fablic m\u00e9s als clients que acudeixen a realitzar les seues compres, millorant els accessos, que s&#8217;han complicat a conseq\u00fc\u00e8ncia de les intervencions de reurbanitzaci\u00f3. En l&#8217;actualitat, les parades de taxi m\u00e9s pr\u00f2ximes es troben en la Pla\u00e7a de l&#8217;Ajuntament i en l&#8217;Avinguda de l&#8217;Oest.<\/p>\n<p>La presidenta de l&#8217;Associaci\u00f3 de Venedors del Mercat Centra, Merche Puchades, ha mostrat l&#8217;inter\u00e9s per \u201cafavorir l&#8217;accessibilitat a trav\u00e9s de transport p\u00fablic dels clients, lluitant per m\u00e9s l\u00ednies d&#8217;autob\u00fas, per l&#8217;obertura del p\u00e0rquing de la Pla\u00e7a Juan de Villarasa- Parcent i per l&#8217;acc\u00e9s a trav\u00e9s de qualsevol mitj\u00e0 al Mercat Central\u201d.<\/p>\n<p><a href=\"https:\/\/confecomerc.es\/wp-content\/uploads\/2023\/01\/Necesitas-un-taxi_MERCATR-CENTRAL_1.jpeg\"><img decoding=\"async\" class=\"aligncenter size-full wp-image-13108\" src=\"https:\/\/confecomerc.es\/wp-content\/uploads\/2023\/01\/Necesitas-un-taxi_MERCATR-CENTRAL_1.jpeg\" alt=\"Necesitas un taxi_MERCATR CENTRAL_1\" width=\"1024\" height=\"714\" srcset=\"https:\/\/confecomerc.es\/wp-content\/uploads\/2023\/01\/Necesitas-un-taxi_MERCATR-CENTRAL_1.jpeg 1024w, https:\/\/confecomerc.es\/wp-content\/uploads\/2023\/01\/Necesitas-un-taxi_MERCATR-CENTRAL_1-980x683.jpeg 980w, https:\/\/confecomerc.es\/wp-content\/uploads\/2023\/01\/Necesitas-un-taxi_MERCATR-CENTRAL_1-480x335.jpeg 480w\" sizes=\"(min-width: 0px) and (max-width: 480px) 480px, (min-width: 481px) and (max-width: 980px) 980px, (min-width: 981px) 1024px, 100vw\" \/><\/a><\/p>\n","protected":false},"excerpt":{"rendered":"<p>A partir d&#8217;ara, els clients del Mercat Central de Val\u00e8ncia podran tamb\u00e9 transportar les seues compres tornant a casa a les seues llars utilitzant un nou servei personalitzat. La campanya \u2018Necessites un taxi, nosaltres te&#8217;l sol\u00b7licitem\u2019 acaba de posar-se en marxa per a facilitar les compres als clients que vulguen tornar a les seues cases amb les seues compres en aquest mitj\u00e0 de transport.<\/p>\n","protected":false},"author":1,"featured_media":13111,"comment_status":"closed","ping_status":"open","sticky":false,"template":"","format":"standard","meta":{"_et_pb_use_builder":"","_et_pb_old_content":"","_et_gb_content_width":"","footnotes":""},"categories":[613],"tags":[],"class_list":["post-13113","post","type-post","status-publish","format-standard","has-post-thumbnail","hentry","category-associats-confecomerc-cv"],"yoast_head":"<!-- This site is optimized with the Yoast SEO plugin v27.3 - https:\/\/yoast.com\/product\/yoast-seo-wordpress\/ -->\n<title>El Mercat Central llan\u00e7a la campanya \u2018Necessites un taxi, nosaltres te&#039;l demanem\u2019 per a facilitar les compres als seus clients - Confecomer\u00e7<\/title>\n<meta name=\"description\" content=\"A partir d&#039;ara, els clients del Mercat Central de Val\u00e8ncia podran tamb\u00e9 transportar les seues compres tornant a casa a les seues llars utilitzant un nou servei personalitzat. La campanya \u2018Necessites un taxi, nosaltres te&#039;l sol\u00b7licitem\u2019 acaba de posar-se en marxa per a facilitar les compres als clients que vulguen tornar a les seues cases amb les seues compres en aquest mitj\u00e0 de transport.\" \/>\n<meta name=\"robots\" content=\"index, follow, max-snippet:-1, max-image-preview:large, max-video-preview:-1\" \/>\n<link rel=\"canonical\" href=\"https:\/\/confecomerc.es\/va\/el-mercado-central-lanza-la-campana-necesitas-un-taxi-nosotros-te-lo-pedimos-para-facilitar-las-compras-a-sus-clientes\/\" \/>\n<meta property=\"og:locale\" content=\"en_US\" \/>\n<meta property=\"og:type\" content=\"article\" \/>\n<meta property=\"og:title\" content=\"El Mercat Central llan\u00e7a la campanya \u2018Necessites un taxi, nosaltres te&#039;l demanem\u2019 per a facilitar les compres als seus clients - Confecomer\u00e7\" \/>\n<meta property=\"og:description\" content=\"A partir d&#039;ara, els clients del Mercat Central de Val\u00e8ncia podran tamb\u00e9 transportar les seues compres tornant a casa a les seues llars utilitzant un nou servei personalitzat. La campanya \u2018Necessites un taxi, nosaltres te&#039;l sol\u00b7licitem\u2019 acaba de posar-se en marxa per a facilitar les compres als clients que vulguen tornar a les seues cases amb les seues compres en aquest mitj\u00e0 de transport.\" \/>\n<meta property=\"og:url\" content=\"https:\/\/confecomerc.es\/va\/el-mercado-central-lanza-la-campana-necesitas-un-taxi-nosotros-te-lo-pedimos-para-facilitar-las-compras-a-sus-clientes\/\" \/>\n<meta property=\"og:site_name\" content=\"Confecomer\u00e7\" \/>\n<meta property=\"article:published_time\" content=\"2023-12-29T10:22:43+00:00\" \/>\n<meta property=\"og:image\" content=\"https:\/\/i0.wp.com\/confecomerc.es\/wp-content\/uploads\/2023\/01\/Necesitas-un-taxi_MERCATR-CENTRAL_2.jpeg?fit=1024%2C768&ssl=1\" \/>\n\t<meta property=\"og:image:width\" content=\"1024\" \/>\n\t<meta property=\"og:image:height\" content=\"768\" \/>\n\t<meta property=\"og:image:type\" content=\"image\/jpeg\" \/>\n<meta name=\"author\" content=\"CONFECOMER\u00c7 CV\" \/>\n<meta name=\"twitter:card\" content=\"summary_large_image\" \/>\n<meta name=\"twitter:label1\" content=\"Written by\" \/>\n\t<meta name=\"twitter:data1\" content=\"CONFECOMER\u00c7 CV\" \/>\n\t<meta name=\"twitter:label2\" content=\"Est. reading time\" \/>\n\t<meta name=\"twitter:data2\" content=\"2 minutes\" \/>\n<script type=\"application\/ld+json\" class=\"yoast-schema-graph\">{\"@context\":\"https:\\\/\\\/schema.org\",\"@graph\":[{\"@type\":\"Article\",\"@id\":\"https:\\\/\\\/confecomerc.es\\\/va\\\/el-mercado-central-lanza-la-campana-necesitas-un-taxi-nosotros-te-lo-pedimos-para-facilitar-las-compras-a-sus-clientes\\\/#article\",\"isPartOf\":{\"@id\":\"https:\\\/\\\/confecomerc.es\\\/va\\\/el-mercado-central-lanza-la-campana-necesitas-un-taxi-nosotros-te-lo-pedimos-para-facilitar-las-compras-a-sus-clientes\\\/\"},\"author\":{\"name\":\"CONFECOMER\u00c7 CV\",\"@id\":\"https:\\\/\\\/confecomerc.es\\\/#\\\/schema\\\/person\\\/23aa6211544dad9fa6ee269977b0a823\"},\"headline\":\"El Mercat Central llan\u00e7a la campanya \u2018Necessites un taxi, nosaltres te&#8217;l demanem\u2019 per a facilitar les compres als seus clients\",\"datePublished\":\"2023-12-29T10:22:43+00:00\",\"mainEntityOfPage\":{\"@id\":\"https:\\\/\\\/confecomerc.es\\\/va\\\/el-mercado-central-lanza-la-campana-necesitas-un-taxi-nosotros-te-lo-pedimos-para-facilitar-las-compras-a-sus-clientes\\\/\"},\"wordCount\":287,\"image\":{\"@id\":\"https:\\\/\\\/confecomerc.es\\\/va\\\/el-mercado-central-lanza-la-campana-necesitas-un-taxi-nosotros-te-lo-pedimos-para-facilitar-las-compras-a-sus-clientes\\\/#primaryimage\"},\"thumbnailUrl\":\"https:\\\/\\\/confecomerc.es\\\/wp-content\\\/uploads\\\/2023\\\/01\\\/Necesitas-un-taxi_MERCATR-CENTRAL_2.jpeg\",\"articleSection\":[\"Associats Confecomer\u00e7 Cv\"],\"inLanguage\":\"va-VA\"},{\"@type\":\"WebPage\",\"@id\":\"https:\\\/\\\/confecomerc.es\\\/va\\\/el-mercado-central-lanza-la-campana-necesitas-un-taxi-nosotros-te-lo-pedimos-para-facilitar-las-compras-a-sus-clientes\\\/\",\"url\":\"https:\\\/\\\/confecomerc.es\\\/va\\\/el-mercado-central-lanza-la-campana-necesitas-un-taxi-nosotros-te-lo-pedimos-para-facilitar-las-compras-a-sus-clientes\\\/\",\"name\":\"El Mercat Central llan\u00e7a la campanya \u2018Necessites un taxi, nosaltres te'l demanem\u2019 per a facilitar les compres als seus clients - Confecomer\u00e7\",\"isPartOf\":{\"@id\":\"https:\\\/\\\/confecomerc.es\\\/#website\"},\"primaryImageOfPage\":{\"@id\":\"https:\\\/\\\/confecomerc.es\\\/va\\\/el-mercado-central-lanza-la-campana-necesitas-un-taxi-nosotros-te-lo-pedimos-para-facilitar-las-compras-a-sus-clientes\\\/#primaryimage\"},\"image\":{\"@id\":\"https:\\\/\\\/confecomerc.es\\\/va\\\/el-mercado-central-lanza-la-campana-necesitas-un-taxi-nosotros-te-lo-pedimos-para-facilitar-las-compras-a-sus-clientes\\\/#primaryimage\"},\"thumbnailUrl\":\"https:\\\/\\\/confecomerc.es\\\/wp-content\\\/uploads\\\/2023\\\/01\\\/Necesitas-un-taxi_MERCATR-CENTRAL_2.jpeg\",\"datePublished\":\"2023-12-29T10:22:43+00:00\",\"author\":{\"@id\":\"https:\\\/\\\/confecomerc.es\\\/#\\\/schema\\\/person\\\/23aa6211544dad9fa6ee269977b0a823\"},\"description\":\"A partir d'ara, els clients del Mercat Central de Val\u00e8ncia podran tamb\u00e9 transportar les seues compres tornant a casa a les seues llars utilitzant un nou servei personalitzat. La campanya \u2018Necessites un taxi, nosaltres te'l sol\u00b7licitem\u2019 acaba de posar-se en marxa per a facilitar les compres als clients que vulguen tornar a les seues cases amb les seues compres en aquest mitj\u00e0 de transport.\",\"breadcrumb\":{\"@id\":\"https:\\\/\\\/confecomerc.es\\\/va\\\/el-mercado-central-lanza-la-campana-necesitas-un-taxi-nosotros-te-lo-pedimos-para-facilitar-las-compras-a-sus-clientes\\\/#breadcrumb\"},\"inLanguage\":\"va-VA\",\"potentialAction\":[{\"@type\":\"ReadAction\",\"target\":[\"https:\\\/\\\/confecomerc.es\\\/va\\\/el-mercado-central-lanza-la-campana-necesitas-un-taxi-nosotros-te-lo-pedimos-para-facilitar-las-compras-a-sus-clientes\\\/\"]}]},{\"@type\":\"ImageObject\",\"inLanguage\":\"va-VA\",\"@id\":\"https:\\\/\\\/confecomerc.es\\\/va\\\/el-mercado-central-lanza-la-campana-necesitas-un-taxi-nosotros-te-lo-pedimos-para-facilitar-las-compras-a-sus-clientes\\\/#primaryimage\",\"url\":\"https:\\\/\\\/confecomerc.es\\\/wp-content\\\/uploads\\\/2023\\\/01\\\/Necesitas-un-taxi_MERCATR-CENTRAL_2.jpeg\",\"contentUrl\":\"https:\\\/\\\/confecomerc.es\\\/wp-content\\\/uploads\\\/2023\\\/01\\\/Necesitas-un-taxi_MERCATR-CENTRAL_2.jpeg\",\"width\":1024,\"height\":768,\"caption\":\"Necesitas un taxi_MERCATR CENTRAL_2\"},{\"@type\":\"BreadcrumbList\",\"@id\":\"https:\\\/\\\/confecomerc.es\\\/va\\\/el-mercado-central-lanza-la-campana-necesitas-un-taxi-nosotros-te-lo-pedimos-para-facilitar-las-compras-a-sus-clientes\\\/#breadcrumb\",\"itemListElement\":[{\"@type\":\"ListItem\",\"position\":1,\"name\":\"Home\",\"item\":\"https:\\\/\\\/confecomerc.es\\\/va\\\/confecomerc-cv\\\/\"},{\"@type\":\"ListItem\",\"position\":2,\"name\":\"El Mercat Central llan\u00e7a la campanya \u2018Necessites un taxi, nosaltres te&#8217;l demanem\u2019 per a facilitar les compres als seus clients\"}]},{\"@type\":\"WebSite\",\"@id\":\"https:\\\/\\\/confecomerc.es\\\/#website\",\"url\":\"https:\\\/\\\/confecomerc.es\\\/\",\"name\":\"Confecomer\u00e7\",\"description\":\"Confederaci\u00f3 de Comer\u00e7 d\u2019alacant, Castell\u00f3 i Val\u00e8ncia\",\"potentialAction\":[{\"@type\":\"SearchAction\",\"target\":{\"@type\":\"EntryPoint\",\"urlTemplate\":\"https:\\\/\\\/confecomerc.es\\\/?s={search_term_string}\"},\"query-input\":{\"@type\":\"PropertyValueSpecification\",\"valueRequired\":true,\"valueName\":\"search_term_string\"}}],\"inLanguage\":\"va-VA\"},{\"@type\":\"Person\",\"@id\":\"https:\\\/\\\/confecomerc.es\\\/#\\\/schema\\\/person\\\/23aa6211544dad9fa6ee269977b0a823\",\"name\":\"CONFECOMER\u00c7 CV\",\"url\":\"https:\\\/\\\/confecomerc.es\\\/va\\\/author\\\/confe-admin-cv\\\/\"}]}<\/script>\n<!-- \/ Yoast SEO plugin. -->","yoast_head_json":{"title":"El Mercat Central llan\u00e7a la campanya \u2018Necessites un taxi, nosaltres te'l demanem\u2019 per a facilitar les compres als seus clients - Confecomer\u00e7","description":"A partir d'ara, els clients del Mercat Central de Val\u00e8ncia podran tamb\u00e9 transportar les seues compres tornant a casa a les seues llars utilitzant un nou servei personalitzat. La campanya \u2018Necessites un taxi, nosaltres te'l sol\u00b7licitem\u2019 acaba de posar-se en marxa per a facilitar les compres als clients que vulguen tornar a les seues cases amb les seues compres en aquest mitj\u00e0 de transport.","robots":{"index":"index","follow":"follow","max-snippet":"max-snippet:-1","max-image-preview":"max-image-preview:large","max-video-preview":"max-video-preview:-1"},"canonical":"https:\/\/confecomerc.es\/va\/el-mercado-central-lanza-la-campana-necesitas-un-taxi-nosotros-te-lo-pedimos-para-facilitar-las-compras-a-sus-clientes\/","og_locale":"en_US","og_type":"article","og_title":"El Mercat Central llan\u00e7a la campanya \u2018Necessites un taxi, nosaltres te'l demanem\u2019 per a facilitar les compres als seus clients - Confecomer\u00e7","og_description":"A partir d'ara, els clients del Mercat Central de Val\u00e8ncia podran tamb\u00e9 transportar les seues compres tornant a casa a les seues llars utilitzant un nou servei personalitzat. La campanya \u2018Necessites un taxi, nosaltres te'l sol\u00b7licitem\u2019 acaba de posar-se en marxa per a facilitar les compres als clients que vulguen tornar a les seues cases amb les seues compres en aquest mitj\u00e0 de transport.","og_url":"https:\/\/confecomerc.es\/va\/el-mercado-central-lanza-la-campana-necesitas-un-taxi-nosotros-te-lo-pedimos-para-facilitar-las-compras-a-sus-clientes\/","og_site_name":"Confecomer\u00e7","article_published_time":"2023-12-29T10:22:43+00:00","og_image":[{"width":1024,"height":768,"url":"https:\/\/i0.wp.com\/confecomerc.es\/wp-content\/uploads\/2023\/01\/Necesitas-un-taxi_MERCATR-CENTRAL_2.jpeg?fit=1024%2C768&ssl=1","type":"image\/jpeg"}],"author":"CONFECOMER\u00c7 CV","twitter_card":"summary_large_image","twitter_misc":{"Written by":"CONFECOMER\u00c7 CV","Est. reading time":"2 minutes"},"schema":{"@context":"https:\/\/schema.org","@graph":[{"@type":"Article","@id":"https:\/\/confecomerc.es\/va\/el-mercado-central-lanza-la-campana-necesitas-un-taxi-nosotros-te-lo-pedimos-para-facilitar-las-compras-a-sus-clientes\/#article","isPartOf":{"@id":"https:\/\/confecomerc.es\/va\/el-mercado-central-lanza-la-campana-necesitas-un-taxi-nosotros-te-lo-pedimos-para-facilitar-las-compras-a-sus-clientes\/"},"author":{"name":"CONFECOMER\u00c7 CV","@id":"https:\/\/confecomerc.es\/#\/schema\/person\/23aa6211544dad9fa6ee269977b0a823"},"headline":"El Mercat Central llan\u00e7a la campanya \u2018Necessites un taxi, nosaltres te&#8217;l demanem\u2019 per a facilitar les compres als seus clients","datePublished":"2023-12-29T10:22:43+00:00","mainEntityOfPage":{"@id":"https:\/\/confecomerc.es\/va\/el-mercado-central-lanza-la-campana-necesitas-un-taxi-nosotros-te-lo-pedimos-para-facilitar-las-compras-a-sus-clientes\/"},"wordCount":287,"image":{"@id":"https:\/\/confecomerc.es\/va\/el-mercado-central-lanza-la-campana-necesitas-un-taxi-nosotros-te-lo-pedimos-para-facilitar-las-compras-a-sus-clientes\/#primaryimage"},"thumbnailUrl":"https:\/\/confecomerc.es\/wp-content\/uploads\/2023\/01\/Necesitas-un-taxi_MERCATR-CENTRAL_2.jpeg","articleSection":["Associats Confecomer\u00e7 Cv"],"inLanguage":"va-VA"},{"@type":"WebPage","@id":"https:\/\/confecomerc.es\/va\/el-mercado-central-lanza-la-campana-necesitas-un-taxi-nosotros-te-lo-pedimos-para-facilitar-las-compras-a-sus-clientes\/","url":"https:\/\/confecomerc.es\/va\/el-mercado-central-lanza-la-campana-necesitas-un-taxi-nosotros-te-lo-pedimos-para-facilitar-las-compras-a-sus-clientes\/","name":"El Mercat Central llan\u00e7a la campanya \u2018Necessites un taxi, nosaltres te'l demanem\u2019 per a facilitar les compres als seus clients - Confecomer\u00e7","isPartOf":{"@id":"https:\/\/confecomerc.es\/#website"},"primaryImageOfPage":{"@id":"https:\/\/confecomerc.es\/va\/el-mercado-central-lanza-la-campana-necesitas-un-taxi-nosotros-te-lo-pedimos-para-facilitar-las-compras-a-sus-clientes\/#primaryimage"},"image":{"@id":"https:\/\/confecomerc.es\/va\/el-mercado-central-lanza-la-campana-necesitas-un-taxi-nosotros-te-lo-pedimos-para-facilitar-las-compras-a-sus-clientes\/#primaryimage"},"thumbnailUrl":"https:\/\/confecomerc.es\/wp-content\/uploads\/2023\/01\/Necesitas-un-taxi_MERCATR-CENTRAL_2.jpeg","datePublished":"2023-12-29T10:22:43+00:00","author":{"@id":"https:\/\/confecomerc.es\/#\/schema\/person\/23aa6211544dad9fa6ee269977b0a823"},"description":"A partir d'ara, els clients del Mercat Central de Val\u00e8ncia podran tamb\u00e9 transportar les seues compres tornant a casa a les seues llars utilitzant un nou servei personalitzat. La campanya \u2018Necessites un taxi, nosaltres te'l sol\u00b7licitem\u2019 acaba de posar-se en marxa per a facilitar les compres als clients que vulguen tornar a les seues cases amb les seues compres en aquest mitj\u00e0 de transport.","breadcrumb":{"@id":"https:\/\/confecomerc.es\/va\/el-mercado-central-lanza-la-campana-necesitas-un-taxi-nosotros-te-lo-pedimos-para-facilitar-las-compras-a-sus-clientes\/#breadcrumb"},"inLanguage":"va-VA","potentialAction":[{"@type":"ReadAction","target":["https:\/\/confecomerc.es\/va\/el-mercado-central-lanza-la-campana-necesitas-un-taxi-nosotros-te-lo-pedimos-para-facilitar-las-compras-a-sus-clientes\/"]}]},{"@type":"ImageObject","inLanguage":"va-VA","@id":"https:\/\/confecomerc.es\/va\/el-mercado-central-lanza-la-campana-necesitas-un-taxi-nosotros-te-lo-pedimos-para-facilitar-las-compras-a-sus-clientes\/#primaryimage","url":"https:\/\/confecomerc.es\/wp-content\/uploads\/2023\/01\/Necesitas-un-taxi_MERCATR-CENTRAL_2.jpeg","contentUrl":"https:\/\/confecomerc.es\/wp-content\/uploads\/2023\/01\/Necesitas-un-taxi_MERCATR-CENTRAL_2.jpeg","width":1024,"height":768,"caption":"Necesitas un taxi_MERCATR CENTRAL_2"},{"@type":"BreadcrumbList","@id":"https:\/\/confecomerc.es\/va\/el-mercado-central-lanza-la-campana-necesitas-un-taxi-nosotros-te-lo-pedimos-para-facilitar-las-compras-a-sus-clientes\/#breadcrumb","itemListElement":[{"@type":"ListItem","position":1,"name":"Home","item":"https:\/\/confecomerc.es\/va\/confecomerc-cv\/"},{"@type":"ListItem","position":2,"name":"El Mercat Central llan\u00e7a la campanya \u2018Necessites un taxi, nosaltres te&#8217;l demanem\u2019 per a facilitar les compres als seus clients"}]},{"@type":"WebSite","@id":"https:\/\/confecomerc.es\/#website","url":"https:\/\/confecomerc.es\/","name":"Confecomer\u00e7","description":"Confederaci\u00f3 de Comer\u00e7 d\u2019alacant, Castell\u00f3 i Val\u00e8ncia","potentialAction":[{"@type":"SearchAction","target":{"@type":"EntryPoint","urlTemplate":"https:\/\/confecomerc.es\/?s={search_term_string}"},"query-input":{"@type":"PropertyValueSpecification","valueRequired":true,"valueName":"search_term_string"}}],"inLanguage":"va-VA"},{"@type":"Person","@id":"https:\/\/confecomerc.es\/#\/schema\/person\/23aa6211544dad9fa6ee269977b0a823","name":"CONFECOMER\u00c7 CV","url":"https:\/\/confecomerc.es\/va\/author\/confe-admin-cv\/"}]}},"_links":{"self":[{"href":"https:\/\/confecomerc.es\/va\/wp-json\/wp\/v2\/posts\/13113","targetHints":{"allow":["GET"]}}],"collection":[{"href":"https:\/\/confecomerc.es\/va\/wp-json\/wp\/v2\/posts"}],"about":[{"href":"https:\/\/confecomerc.es\/va\/wp-json\/wp\/v2\/types\/post"}],"author":[{"embeddable":true,"href":"https:\/\/confecomerc.es\/va\/wp-json\/wp\/v2\/users\/1"}],"replies":[{"embeddable":true,"href":"https:\/\/confecomerc.es\/va\/wp-json\/wp\/v2\/comments?post=13113"}],"version-history":[{"count":0,"href":"https:\/\/confecomerc.es\/va\/wp-json\/wp\/v2\/posts\/13113\/revisions"}],"wp:featuredmedia":[{"embeddable":true,"href":"https:\/\/confecomerc.es\/va\/wp-json\/wp\/v2\/media\/13111"}],"wp:attachment":[{"href":"https:\/\/confecomerc.es\/va\/wp-json\/wp\/v2\/media?parent=13113"}],"wp:term":[{"taxonomy":"category","embeddable":true,"href":"https:\/\/confecomerc.es\/va\/wp-json\/wp\/v2\/categories?post=13113"},{"taxonomy":"post_tag","embeddable":true,"href":"https:\/\/confecomerc.es\/va\/wp-json\/wp\/v2\/tags?post=13113"}],"curies":[{"name":"wp","href":"https:\/\/api.w.org\/{rel}","templated":true}]}}