{"id":13478,"date":"2023-03-07T10:19:02","date_gmt":"2023-03-07T09:19:02","guid":{"rendered":"https:\/\/confecomerc.es\/?p=13478"},"modified":"2023-03-07T10:21:43","modified_gmt":"2023-03-07T09:21:43","slug":"el-programa-campus-rural-subvenciona-las-practicas-en-municipios-de-menos-de-5-000-habitantes","status":"publish","type":"post","link":"https:\/\/confecomerc.es\/va\/el-programa-campus-rural-subvenciona-las-practicas-en-municipios-de-menos-de-5-000-habitantes\/","title":{"rendered":"El programa Campus Rural subvenciona las pr\u00e1cticas en municipios de menos de 5.000 habitantes"},"content":{"rendered":"<p>Alumnos y alumnas de la <strong>Universidad Polit\u00e9cnica de Valencia (UPV)<\/strong> podr\u00e1n hacer pr\u00e1cticas remuneradas sin coste para las asociaciones y\/o empresas en <strong>municipios de menos de 5.000 habitantes<\/strong> dentro del <strong><a href=\"https:\/\/confecomerc.es\/wp-content\/uploads\/2023\/03\/Guia_campus_rural_2023.pdf\" target=\"_blank\" rel=\"noopener\">Programa Campus Rural<\/a><\/strong>.<\/p>\n<p>Esta es una iniciativa\u00a0desarrollada por el<strong> Ministerio para la Transici\u00f3n Ecol\u00f3gica y el Reto Demogr\u00e1fico<\/strong>, en colaboraci\u00f3n con el <strong>Ministerio de Universidades y la Confederaci\u00f3n de Rectores de las Universidades Espa\u00f1olas (CRUE)<\/strong>, a la que se ha adherido la UPV, con la que Confecomer\u00e7 mantiene un acuerdo de colaboraci\u00f3n a trav\u00e9s de su <strong>C\u00e1tedra de Comercio<\/strong>.<\/p>\n<p>Con este programa, los universitarios de cualquier titulaci\u00f3n oficial podr\u00e1n llevar a cabo <strong>pr\u00e1cticas acad\u00e9micas<\/strong> en <a href=\"https:\/\/confecomerc.es\/wp-content\/uploads\/2023\/03\/Listado_municipios_campus_rural_2023.pdf\" target=\"_blank\" rel=\"noopener\"><strong>municipios de menos de 5.000 habitantes en zonas rurales con problemas de despoblaci\u00f3n de cualquier Comunidad Aut\u00f3noma<\/strong><\/a>, a trav\u00e9s de entidades cuyas dependencias est\u00e9n ubicadas en las zonas objeto de la iniciativa, ya se trate de ayuntamientos, <strong>asociaciones<\/strong>, c\u00e1maras de comercio, fundaciones sin \u00e1nimo de lucro o <strong>empresas privadas legalmente constituidas<\/strong>.<\/p>\n<p>Las pr\u00e1cticas contar\u00e1n con una <strong>prestaci\u00f3n econ\u00f3mica de 1.000 euros brutos mensuales por estudiante, junto a los gastos de seguridad social<\/strong>.<\/p>\n<p>Las solicitudes se deben presentar antes del<strong> 10 de marzo de 2023<\/strong>. Los estudiantes dispondr\u00e1n de plazo <strong>hasta el 3 de abril<\/strong> para solicitar plaza.<\/p>\n<p>Otras universidades de la Comunitat Valenciana, como la <strong>Universidad de Alicante<\/strong>, la <strong>Jaume I de Castell\u00f3<\/strong>, la <strong>Universidad Miguel Hern\u00e1ndez de Elche<\/strong> o la <strong>Universitat de Val\u00e8ncia,<\/strong> tambi\u00e9n est\u00e1n adheridas a este programa.<\/p>\n<p>&nbsp;<\/p>\n<h4><strong>M\u00e1s informaci\u00f3n<\/strong><\/h4>\n<ul>\n<li><strong><a href=\"https:\/\/www.upv.es\/pls\/soalu\/SIC_FRM.Formulario?P_ID=1920003&amp;P_IDIOMA=c\" target=\"_blank\" rel=\"noopener\">Adhesi\u00f3n Programa UPV<\/a><\/strong><\/li>\n<\/ul>\n<p>&nbsp;<\/p>\n","protected":false},"excerpt":{"rendered":"<p>Alumnos y alumnas de la Universidad Polit\u00e9cnica de Valencia (UPV) podr\u00e1n hacer pr\u00e1cticas remuneradas sin coste para las asociaciones y\/o empresas en municipios de menos de 5.000 habitantes dentro del Programa Campus Rural. Esta es una iniciativa\u00a0desarrollada por el Ministerio para la Transici\u00f3n Ecol\u00f3gica y el Reto Demogr\u00e1fico, en colaboraci\u00f3n con el Ministerio de Universidades [&hellip;]<\/p>\n","protected":false},"author":3,"featured_media":13480,"comment_status":"closed","ping_status":"open","sticky":false,"template":"","format":"standard","meta":{"_et_pb_use_builder":"","_et_pb_old_content":"","_et_gb_content_width":"","footnotes":""},"categories":[2910,2972],"tags":[3920,3921,3922,3925,3923],"class_list":["post-13478","post","type-post","status-publish","format-standard","has-post-thumbnail","hentry","category-ayudas-y-subvenciones-va","category-circulares-informativas-va","tag-ayudas-comercio-rural-va","tag-ayudas-formacion-va","tag-ayudas-y-subvenciones-va","tag-catedra-comercio-upv-va","tag-practicas-comercio-va"],"yoast_head":"<!-- This site is optimized with the Yoast SEO plugin v27.3 - https:\/\/yoast.com\/product\/yoast-seo-wordpress\/ -->\n<title>El programa Campus Rural subvenciona las pr\u00e1cticas en municipios de menos de 5.000 habitantes - Confecomer\u00e7<\/title>\n<meta name=\"robots\" content=\"index, follow, max-snippet:-1, max-image-preview:large, max-video-preview:-1\" \/>\n<link rel=\"canonical\" href=\"https:\/\/confecomerc.es\/va\/el-programa-campus-rural-subvenciona-las-practicas-en-municipios-de-menos-de-5-000-habitantes\/\" \/>\n<meta property=\"og:locale\" content=\"en_US\" \/>\n<meta property=\"og:type\" content=\"article\" \/>\n<meta property=\"og:title\" content=\"El programa Campus Rural subvenciona las pr\u00e1cticas en municipios de menos de 5.000 habitantes - Confecomer\u00e7\" \/>\n<meta property=\"og:description\" content=\"Alumnos y alumnas de la Universidad Polit\u00e9cnica de Valencia (UPV) podr\u00e1n hacer pr\u00e1cticas remuneradas sin coste para las asociaciones y\/o empresas en municipios de menos de 5.000 habitantes dentro del Programa Campus Rural. Esta es una iniciativa\u00a0desarrollada por el Ministerio para la Transici\u00f3n Ecol\u00f3gica y el Reto Demogr\u00e1fico, en colaboraci\u00f3n con el Ministerio de Universidades [&hellip;]\" \/>\n<meta property=\"og:url\" content=\"https:\/\/confecomerc.es\/va\/el-programa-campus-rural-subvenciona-las-practicas-en-municipios-de-menos-de-5-000-habitantes\/\" \/>\n<meta property=\"og:site_name\" content=\"Confecomer\u00e7\" \/>\n<meta property=\"article:published_time\" content=\"2023-03-07T09:19:02+00:00\" \/>\n<meta property=\"article:modified_time\" content=\"2023-03-07T09:21:43+00:00\" \/>\n<meta property=\"og:image\" content=\"https:\/\/confecomerc.es\/wp-content\/uploads\/2023\/03\/Newsmini-13.png\" \/>\n\t<meta property=\"og:image:width\" content=\"280\" \/>\n\t<meta property=\"og:image:height\" content=\"200\" \/>\n\t<meta property=\"og:image:type\" content=\"image\/png\" \/>\n<meta name=\"author\" content=\"CONFECOMER\u00c7 CV\" \/>\n<meta name=\"twitter:card\" content=\"summary_large_image\" \/>\n<meta name=\"twitter:label1\" content=\"Written by\" \/>\n\t<meta name=\"twitter:data1\" content=\"CONFECOMER\u00c7 CV\" \/>\n\t<meta name=\"twitter:label2\" content=\"Est. reading time\" \/>\n\t<meta name=\"twitter:data2\" content=\"2 minutes\" \/>\n<script type=\"application\/ld+json\" class=\"yoast-schema-graph\">{\"@context\":\"https:\\\/\\\/schema.org\",\"@graph\":[{\"@type\":\"Article\",\"@id\":\"https:\\\/\\\/confecomerc.es\\\/va\\\/el-programa-campus-rural-subvenciona-las-practicas-en-municipios-de-menos-de-5-000-habitantes\\\/#article\",\"isPartOf\":{\"@id\":\"https:\\\/\\\/confecomerc.es\\\/va\\\/el-programa-campus-rural-subvenciona-las-practicas-en-municipios-de-menos-de-5-000-habitantes\\\/\"},\"author\":{\"name\":\"CONFECOMER\u00c7 CV\",\"@id\":\"https:\\\/\\\/confecomerc.es\\\/#\\\/schema\\\/person\\\/e52b1f5c6a309fabed634b2ee9158cbe\"},\"headline\":\"El programa Campus Rural subvenciona las pr\u00e1cticas en municipios de menos de 5.000 habitantes\",\"datePublished\":\"2023-03-07T09:19:02+00:00\",\"dateModified\":\"2023-03-07T09:21:43+00:00\",\"mainEntityOfPage\":{\"@id\":\"https:\\\/\\\/confecomerc.es\\\/va\\\/el-programa-campus-rural-subvenciona-las-practicas-en-municipios-de-menos-de-5-000-habitantes\\\/\"},\"wordCount\":285,\"image\":{\"@id\":\"https:\\\/\\\/confecomerc.es\\\/va\\\/el-programa-campus-rural-subvenciona-las-practicas-en-municipios-de-menos-de-5-000-habitantes\\\/#primaryimage\"},\"thumbnailUrl\":\"https:\\\/\\\/confecomerc.es\\\/wp-content\\\/uploads\\\/2023\\\/03\\\/Newsmini-13.png\",\"keywords\":[\"ayudas comercio rural\",\"ayudas formaci\u00f3n\",\"ayudas y subvenciones\",\"C\u00e1tedra Comercio UPV\",\"pr\u00e1cticas comercio\"],\"articleSection\":[\"Ayudas y subvenciones\",\"Circulares Informativas\"],\"inLanguage\":\"va-VA\"},{\"@type\":\"WebPage\",\"@id\":\"https:\\\/\\\/confecomerc.es\\\/va\\\/el-programa-campus-rural-subvenciona-las-practicas-en-municipios-de-menos-de-5-000-habitantes\\\/\",\"url\":\"https:\\\/\\\/confecomerc.es\\\/va\\\/el-programa-campus-rural-subvenciona-las-practicas-en-municipios-de-menos-de-5-000-habitantes\\\/\",\"name\":\"El programa Campus Rural subvenciona las pr\u00e1cticas en municipios de menos de 5.000 habitantes - Confecomer\u00e7\",\"isPartOf\":{\"@id\":\"https:\\\/\\\/confecomerc.es\\\/#website\"},\"primaryImageOfPage\":{\"@id\":\"https:\\\/\\\/confecomerc.es\\\/va\\\/el-programa-campus-rural-subvenciona-las-practicas-en-municipios-de-menos-de-5-000-habitantes\\\/#primaryimage\"},\"image\":{\"@id\":\"https:\\\/\\\/confecomerc.es\\\/va\\\/el-programa-campus-rural-subvenciona-las-practicas-en-municipios-de-menos-de-5-000-habitantes\\\/#primaryimage\"},\"thumbnailUrl\":\"https:\\\/\\\/confecomerc.es\\\/wp-content\\\/uploads\\\/2023\\\/03\\\/Newsmini-13.png\",\"datePublished\":\"2023-03-07T09:19:02+00:00\",\"dateModified\":\"2023-03-07T09:21:43+00:00\",\"author\":{\"@id\":\"https:\\\/\\\/confecomerc.es\\\/#\\\/schema\\\/person\\\/e52b1f5c6a309fabed634b2ee9158cbe\"},\"breadcrumb\":{\"@id\":\"https:\\\/\\\/confecomerc.es\\\/va\\\/el-programa-campus-rural-subvenciona-las-practicas-en-municipios-de-menos-de-5-000-habitantes\\\/#breadcrumb\"},\"inLanguage\":\"va-VA\",\"potentialAction\":[{\"@type\":\"ReadAction\",\"target\":[\"https:\\\/\\\/confecomerc.es\\\/va\\\/el-programa-campus-rural-subvenciona-las-practicas-en-municipios-de-menos-de-5-000-habitantes\\\/\"]}]},{\"@type\":\"ImageObject\",\"inLanguage\":\"va-VA\",\"@id\":\"https:\\\/\\\/confecomerc.es\\\/va\\\/el-programa-campus-rural-subvenciona-las-practicas-en-municipios-de-menos-de-5-000-habitantes\\\/#primaryimage\",\"url\":\"https:\\\/\\\/confecomerc.es\\\/wp-content\\\/uploads\\\/2023\\\/03\\\/Newsmini-13.png\",\"contentUrl\":\"https:\\\/\\\/confecomerc.es\\\/wp-content\\\/uploads\\\/2023\\\/03\\\/Newsmini-13.png\",\"width\":280,\"height\":200},{\"@type\":\"BreadcrumbList\",\"@id\":\"https:\\\/\\\/confecomerc.es\\\/va\\\/el-programa-campus-rural-subvenciona-las-practicas-en-municipios-de-menos-de-5-000-habitantes\\\/#breadcrumb\",\"itemListElement\":[{\"@type\":\"ListItem\",\"position\":1,\"name\":\"Home\",\"item\":\"https:\\\/\\\/confecomerc.es\\\/va\\\/confecomerc-cv\\\/\"},{\"@type\":\"ListItem\",\"position\":2,\"name\":\"El programa Campus Rural subvenciona las pr\u00e1cticas en municipios de menos de 5.000 habitantes\"}]},{\"@type\":\"WebSite\",\"@id\":\"https:\\\/\\\/confecomerc.es\\\/#website\",\"url\":\"https:\\\/\\\/confecomerc.es\\\/\",\"name\":\"Confecomer\u00e7\",\"description\":\"Confederaci\u00f3 de Comer\u00e7 d\u2019alacant, Castell\u00f3 i Val\u00e8ncia\",\"potentialAction\":[{\"@type\":\"SearchAction\",\"target\":{\"@type\":\"EntryPoint\",\"urlTemplate\":\"https:\\\/\\\/confecomerc.es\\\/?s={search_term_string}\"},\"query-input\":{\"@type\":\"PropertyValueSpecification\",\"valueRequired\":true,\"valueName\":\"search_term_string\"}}],\"inLanguage\":\"va-VA\"},{\"@type\":\"Person\",\"@id\":\"https:\\\/\\\/confecomerc.es\\\/#\\\/schema\\\/person\\\/e52b1f5c6a309fabed634b2ee9158cbe\",\"name\":\"CONFECOMER\u00c7 CV\",\"url\":\"https:\\\/\\\/confecomerc.es\\\/va\\\/author\\\/confecomerc-cv\\\/\"}]}<\/script>\n<!-- \/ Yoast SEO plugin. -->","yoast_head_json":{"title":"El programa Campus Rural subvenciona las pr\u00e1cticas en municipios de menos de 5.000 habitantes - Confecomer\u00e7","robots":{"index":"index","follow":"follow","max-snippet":"max-snippet:-1","max-image-preview":"max-image-preview:large","max-video-preview":"max-video-preview:-1"},"canonical":"https:\/\/confecomerc.es\/va\/el-programa-campus-rural-subvenciona-las-practicas-en-municipios-de-menos-de-5-000-habitantes\/","og_locale":"en_US","og_type":"article","og_title":"El programa Campus Rural subvenciona las pr\u00e1cticas en municipios de menos de 5.000 habitantes - Confecomer\u00e7","og_description":"Alumnos y alumnas de la Universidad Polit\u00e9cnica de Valencia (UPV) podr\u00e1n hacer pr\u00e1cticas remuneradas sin coste para las asociaciones y\/o empresas en municipios de menos de 5.000 habitantes dentro del Programa Campus Rural. Esta es una iniciativa\u00a0desarrollada por el Ministerio para la Transici\u00f3n Ecol\u00f3gica y el Reto Demogr\u00e1fico, en colaboraci\u00f3n con el Ministerio de Universidades [&hellip;]","og_url":"https:\/\/confecomerc.es\/va\/el-programa-campus-rural-subvenciona-las-practicas-en-municipios-de-menos-de-5-000-habitantes\/","og_site_name":"Confecomer\u00e7","article_published_time":"2023-03-07T09:19:02+00:00","article_modified_time":"2023-03-07T09:21:43+00:00","og_image":[{"width":280,"height":200,"url":"https:\/\/confecomerc.es\/wp-content\/uploads\/2023\/03\/Newsmini-13.png","type":"image\/png"}],"author":"CONFECOMER\u00c7 CV","twitter_card":"summary_large_image","twitter_misc":{"Written by":"CONFECOMER\u00c7 CV","Est. reading time":"2 minutes"},"schema":{"@context":"https:\/\/schema.org","@graph":[{"@type":"Article","@id":"https:\/\/confecomerc.es\/va\/el-programa-campus-rural-subvenciona-las-practicas-en-municipios-de-menos-de-5-000-habitantes\/#article","isPartOf":{"@id":"https:\/\/confecomerc.es\/va\/el-programa-campus-rural-subvenciona-las-practicas-en-municipios-de-menos-de-5-000-habitantes\/"},"author":{"name":"CONFECOMER\u00c7 CV","@id":"https:\/\/confecomerc.es\/#\/schema\/person\/e52b1f5c6a309fabed634b2ee9158cbe"},"headline":"El programa Campus Rural subvenciona las pr\u00e1cticas en municipios de menos de 5.000 habitantes","datePublished":"2023-03-07T09:19:02+00:00","dateModified":"2023-03-07T09:21:43+00:00","mainEntityOfPage":{"@id":"https:\/\/confecomerc.es\/va\/el-programa-campus-rural-subvenciona-las-practicas-en-municipios-de-menos-de-5-000-habitantes\/"},"wordCount":285,"image":{"@id":"https:\/\/confecomerc.es\/va\/el-programa-campus-rural-subvenciona-las-practicas-en-municipios-de-menos-de-5-000-habitantes\/#primaryimage"},"thumbnailUrl":"https:\/\/confecomerc.es\/wp-content\/uploads\/2023\/03\/Newsmini-13.png","keywords":["ayudas comercio rural","ayudas formaci\u00f3n","ayudas y subvenciones","C\u00e1tedra Comercio UPV","pr\u00e1cticas comercio"],"articleSection":["Ayudas y subvenciones","Circulares Informativas"],"inLanguage":"va-VA"},{"@type":"WebPage","@id":"https:\/\/confecomerc.es\/va\/el-programa-campus-rural-subvenciona-las-practicas-en-municipios-de-menos-de-5-000-habitantes\/","url":"https:\/\/confecomerc.es\/va\/el-programa-campus-rural-subvenciona-las-practicas-en-municipios-de-menos-de-5-000-habitantes\/","name":"El programa Campus Rural subvenciona las pr\u00e1cticas en municipios de menos de 5.000 habitantes - Confecomer\u00e7","isPartOf":{"@id":"https:\/\/confecomerc.es\/#website"},"primaryImageOfPage":{"@id":"https:\/\/confecomerc.es\/va\/el-programa-campus-rural-subvenciona-las-practicas-en-municipios-de-menos-de-5-000-habitantes\/#primaryimage"},"image":{"@id":"https:\/\/confecomerc.es\/va\/el-programa-campus-rural-subvenciona-las-practicas-en-municipios-de-menos-de-5-000-habitantes\/#primaryimage"},"thumbnailUrl":"https:\/\/confecomerc.es\/wp-content\/uploads\/2023\/03\/Newsmini-13.png","datePublished":"2023-03-07T09:19:02+00:00","dateModified":"2023-03-07T09:21:43+00:00","author":{"@id":"https:\/\/confecomerc.es\/#\/schema\/person\/e52b1f5c6a309fabed634b2ee9158cbe"},"breadcrumb":{"@id":"https:\/\/confecomerc.es\/va\/el-programa-campus-rural-subvenciona-las-practicas-en-municipios-de-menos-de-5-000-habitantes\/#breadcrumb"},"inLanguage":"va-VA","potentialAction":[{"@type":"ReadAction","target":["https:\/\/confecomerc.es\/va\/el-programa-campus-rural-subvenciona-las-practicas-en-municipios-de-menos-de-5-000-habitantes\/"]}]},{"@type":"ImageObject","inLanguage":"va-VA","@id":"https:\/\/confecomerc.es\/va\/el-programa-campus-rural-subvenciona-las-practicas-en-municipios-de-menos-de-5-000-habitantes\/#primaryimage","url":"https:\/\/confecomerc.es\/wp-content\/uploads\/2023\/03\/Newsmini-13.png","contentUrl":"https:\/\/confecomerc.es\/wp-content\/uploads\/2023\/03\/Newsmini-13.png","width":280,"height":200},{"@type":"BreadcrumbList","@id":"https:\/\/confecomerc.es\/va\/el-programa-campus-rural-subvenciona-las-practicas-en-municipios-de-menos-de-5-000-habitantes\/#breadcrumb","itemListElement":[{"@type":"ListItem","position":1,"name":"Home","item":"https:\/\/confecomerc.es\/va\/confecomerc-cv\/"},{"@type":"ListItem","position":2,"name":"El programa Campus Rural subvenciona las pr\u00e1cticas en municipios de menos de 5.000 habitantes"}]},{"@type":"WebSite","@id":"https:\/\/confecomerc.es\/#website","url":"https:\/\/confecomerc.es\/","name":"Confecomer\u00e7","description":"Confederaci\u00f3 de Comer\u00e7 d\u2019alacant, Castell\u00f3 i Val\u00e8ncia","potentialAction":[{"@type":"SearchAction","target":{"@type":"EntryPoint","urlTemplate":"https:\/\/confecomerc.es\/?s={search_term_string}"},"query-input":{"@type":"PropertyValueSpecification","valueRequired":true,"valueName":"search_term_string"}}],"inLanguage":"va-VA"},{"@type":"Person","@id":"https:\/\/confecomerc.es\/#\/schema\/person\/e52b1f5c6a309fabed634b2ee9158cbe","name":"CONFECOMER\u00c7 CV","url":"https:\/\/confecomerc.es\/va\/author\/confecomerc-cv\/"}]}},"_links":{"self":[{"href":"https:\/\/confecomerc.es\/va\/wp-json\/wp\/v2\/posts\/13478","targetHints":{"allow":["GET"]}}],"collection":[{"href":"https:\/\/confecomerc.es\/va\/wp-json\/wp\/v2\/posts"}],"about":[{"href":"https:\/\/confecomerc.es\/va\/wp-json\/wp\/v2\/types\/post"}],"author":[{"embeddable":true,"href":"https:\/\/confecomerc.es\/va\/wp-json\/wp\/v2\/users\/3"}],"replies":[{"embeddable":true,"href":"https:\/\/confecomerc.es\/va\/wp-json\/wp\/v2\/comments?post=13478"}],"version-history":[{"count":0,"href":"https:\/\/confecomerc.es\/va\/wp-json\/wp\/v2\/posts\/13478\/revisions"}],"wp:featuredmedia":[{"embeddable":true,"href":"https:\/\/confecomerc.es\/va\/wp-json\/wp\/v2\/media\/13480"}],"wp:attachment":[{"href":"https:\/\/confecomerc.es\/va\/wp-json\/wp\/v2\/media?parent=13478"}],"wp:term":[{"taxonomy":"category","embeddable":true,"href":"https:\/\/confecomerc.es\/va\/wp-json\/wp\/v2\/categories?post=13478"},{"taxonomy":"post_tag","embeddable":true,"href":"https:\/\/confecomerc.es\/va\/wp-json\/wp\/v2\/tags?post=13478"}],"curies":[{"name":"wp","href":"https:\/\/api.w.org\/{rel}","templated":true}]}}