{"id":1399,"date":"2019-03-26T08:39:41","date_gmt":"2019-03-26T08:39:41","guid":{"rendered":"https:\/\/confecomerc.es\/la-campana-de-la-asociacion-de-comerciantes-del-dia-del-padre-sorteara-5-cenas-para-dos-personas"},"modified":"2019-03-26T08:39:41","modified_gmt":"2019-03-26T08:39:41","slug":"la-campana-de-la-asociacion-de-comerciantes-del-dia-del-padre-sorteara-5-cenas-para-dos-personas","status":"publish","type":"post","link":"https:\/\/confecomerc.es\/va\/la-campana-de-la-asociacion-de-comerciantes-del-dia-del-padre-sorteara-5-cenas-para-dos-personas\/","title":{"rendered":"La campa\u00f1a de la Asociaci\u00f3n de Comerciantes del D\u00eda del Padre sortear\u00e1 5 cenas para dos personas"},"content":{"rendered":"<p>La Asociaci\u00f3n de Comerciantes de Santa Pola ha organizado una nueva campa\u00f1a para potenciar el comercio local por la celebraci\u00f3n del D\u00eda del Padre, puesto que, como bien se recalca en el lema de este a\u00f1o \u201cSin comercio no hay ciudad\u201d. Esta vez han lanzado una oferta donde por compras superiores a 20 euros en los comercios que est\u00e1n incluidos entre los asociados los clientes y clientas recibir\u00e1n una papeleta donde entrar\u00e1n en el concurso de cinco cenas o comidas para dos personas valorada en cincuenta euros (25 por persona). La campa\u00f1a ya ha comenzado y durar\u00e1 hasta el pr\u00f3ximo 21 de abril finalizando con un sorteo a trav\u00e9s de Facebook donde se anunciar\u00e1n a las personas agraciadas de este concurso. Adem\u00e1s, en todos los establecimientos donde se reparten las papeletas, que cada comercio tendr\u00e1 100 por lo que en total ser\u00e1n 2.000, dentro de la asociaci\u00f3n no solo tienen los servicios de ropa y complementos, sino que tambi\u00e9n est\u00e1n los 25 locales de restauraci\u00f3n. Los premiados podr\u00e1n decidir d\u00f3nde quieren intercambiar el vale ganador por una cena o una comida. \u201cAnimamos a todos nuestros clientes a que compren los regalos para el d\u00eda del padre en los comercios locales porque un pueblo sin comercio no es ciudad, y viceversa\u201d, explica Pepa Garri, presidenta de la Asociaci\u00f3n de Comerciantes de Santa Pola.<\/p>\n<p>&nbsp;<\/p>\n<p>Fuente:http:\/\/www.periodicosantapola.es\/actualidad\/article\/la-campana-de-la-asociacion-de-comerciantes-del-dia-del-padre-sorteara-5-cenas<\/p>\n","protected":false},"excerpt":{"rendered":"<p>La Asociaci\u00f3n de Comerciantes de Santa Pola ha organizado una nueva campa\u00f1a para potenciar el comercio local por la celebraci\u00f3n del D\u00eda del Padre, puesto que, como bien se recalca en el lema de este a\u00f1o \u201cSin comercio no hay ciudad\u201d. Esta vez han lanzado una oferta donde por compras superiores a 20 euros en [&hellip;]<\/p>\n","protected":false},"author":1,"featured_media":1216,"comment_status":"open","ping_status":"open","sticky":false,"template":"","format":"standard","meta":{"_et_pb_use_builder":"","_et_pb_old_content":"","_et_gb_content_width":"","footnotes":""},"categories":[613],"tags":[],"class_list":["post-1399","post","type-post","status-publish","format-standard","has-post-thumbnail","hentry","category-associats-confecomerc-cv"],"yoast_head":"<!-- This site is optimized with the Yoast SEO plugin v27.3 - https:\/\/yoast.com\/product\/yoast-seo-wordpress\/ -->\n<title>La campa\u00f1a de la Asociaci\u00f3n de Comerciantes del D\u00eda del Padre sortear\u00e1 5 cenas para dos personas - Confecomer\u00e7<\/title>\n<meta name=\"robots\" content=\"index, follow, max-snippet:-1, max-image-preview:large, max-video-preview:-1\" \/>\n<link rel=\"canonical\" href=\"https:\/\/confecomerc.es\/va\/la-campana-de-la-asociacion-de-comerciantes-del-dia-del-padre-sorteara-5-cenas-para-dos-personas\/\" \/>\n<meta property=\"og:locale\" content=\"en_US\" \/>\n<meta property=\"og:type\" content=\"article\" \/>\n<meta property=\"og:title\" content=\"La campa\u00f1a de la Asociaci\u00f3n de Comerciantes del D\u00eda del Padre sortear\u00e1 5 cenas para dos personas - Confecomer\u00e7\" \/>\n<meta property=\"og:description\" content=\"La Asociaci\u00f3n de Comerciantes de Santa Pola ha organizado una nueva campa\u00f1a para potenciar el comercio local por la celebraci\u00f3n del D\u00eda del Padre, puesto que, como bien se recalca en el lema de este a\u00f1o \u201cSin comercio no hay ciudad\u201d. Esta vez han lanzado una oferta donde por compras superiores a 20 euros en [&hellip;]\" \/>\n<meta property=\"og:url\" content=\"https:\/\/confecomerc.es\/va\/la-campana-de-la-asociacion-de-comerciantes-del-dia-del-padre-sorteara-5-cenas-para-dos-personas\/\" \/>\n<meta property=\"og:site_name\" content=\"Confecomer\u00e7\" \/>\n<meta property=\"article:published_time\" content=\"2019-03-26T08:39:41+00:00\" \/>\n<meta property=\"og:image\" content=\"https:\/\/i2.wp.com\/confecomerc.es\/wp-content\/uploads\/2019\/03\/arton16695-1054a.jpg?fit=1280%2C800&ssl=1\" \/>\n\t<meta property=\"og:image:width\" content=\"1280\" \/>\n\t<meta property=\"og:image:height\" content=\"800\" \/>\n\t<meta property=\"og:image:type\" content=\"image\/jpeg\" \/>\n<meta name=\"author\" content=\"CONFECOMER\u00c7 CV\" \/>\n<meta name=\"twitter:card\" content=\"summary_large_image\" \/>\n<meta name=\"twitter:label1\" content=\"Written by\" \/>\n\t<meta name=\"twitter:data1\" content=\"CONFECOMER\u00c7 CV\" \/>\n\t<meta name=\"twitter:label2\" content=\"Est. reading time\" \/>\n\t<meta name=\"twitter:data2\" content=\"1 minute\" \/>\n<script type=\"application\/ld+json\" class=\"yoast-schema-graph\">{\"@context\":\"https:\\\/\\\/schema.org\",\"@graph\":[{\"@type\":\"Article\",\"@id\":\"https:\\\/\\\/confecomerc.es\\\/va\\\/la-campana-de-la-asociacion-de-comerciantes-del-dia-del-padre-sorteara-5-cenas-para-dos-personas\\\/#article\",\"isPartOf\":{\"@id\":\"https:\\\/\\\/confecomerc.es\\\/va\\\/la-campana-de-la-asociacion-de-comerciantes-del-dia-del-padre-sorteara-5-cenas-para-dos-personas\\\/\"},\"author\":{\"name\":\"CONFECOMER\u00c7 CV\",\"@id\":\"https:\\\/\\\/confecomerc.es\\\/#\\\/schema\\\/person\\\/23aa6211544dad9fa6ee269977b0a823\"},\"headline\":\"La campa\u00f1a de la Asociaci\u00f3n de Comerciantes del D\u00eda del Padre sortear\u00e1 5 cenas para dos personas\",\"datePublished\":\"2019-03-26T08:39:41+00:00\",\"mainEntityOfPage\":{\"@id\":\"https:\\\/\\\/confecomerc.es\\\/va\\\/la-campana-de-la-asociacion-de-comerciantes-del-dia-del-padre-sorteara-5-cenas-para-dos-personas\\\/\"},\"wordCount\":267,\"commentCount\":0,\"image\":{\"@id\":\"https:\\\/\\\/confecomerc.es\\\/va\\\/la-campana-de-la-asociacion-de-comerciantes-del-dia-del-padre-sorteara-5-cenas-para-dos-personas\\\/#primaryimage\"},\"thumbnailUrl\":\"https:\\\/\\\/confecomerc.es\\\/wp-content\\\/uploads\\\/2019\\\/03\\\/arton16695-1054a.jpg\",\"articleSection\":[\"Associats Confecomer\u00e7 Cv\"],\"inLanguage\":\"va-VA\",\"potentialAction\":[{\"@type\":\"CommentAction\",\"name\":\"Comment\",\"target\":[\"https:\\\/\\\/confecomerc.es\\\/va\\\/la-campana-de-la-asociacion-de-comerciantes-del-dia-del-padre-sorteara-5-cenas-para-dos-personas\\\/#respond\"]}]},{\"@type\":\"WebPage\",\"@id\":\"https:\\\/\\\/confecomerc.es\\\/va\\\/la-campana-de-la-asociacion-de-comerciantes-del-dia-del-padre-sorteara-5-cenas-para-dos-personas\\\/\",\"url\":\"https:\\\/\\\/confecomerc.es\\\/va\\\/la-campana-de-la-asociacion-de-comerciantes-del-dia-del-padre-sorteara-5-cenas-para-dos-personas\\\/\",\"name\":\"La campa\u00f1a de la Asociaci\u00f3n de Comerciantes del D\u00eda del Padre sortear\u00e1 5 cenas para dos personas - Confecomer\u00e7\",\"isPartOf\":{\"@id\":\"https:\\\/\\\/confecomerc.es\\\/#website\"},\"primaryImageOfPage\":{\"@id\":\"https:\\\/\\\/confecomerc.es\\\/va\\\/la-campana-de-la-asociacion-de-comerciantes-del-dia-del-padre-sorteara-5-cenas-para-dos-personas\\\/#primaryimage\"},\"image\":{\"@id\":\"https:\\\/\\\/confecomerc.es\\\/va\\\/la-campana-de-la-asociacion-de-comerciantes-del-dia-del-padre-sorteara-5-cenas-para-dos-personas\\\/#primaryimage\"},\"thumbnailUrl\":\"https:\\\/\\\/confecomerc.es\\\/wp-content\\\/uploads\\\/2019\\\/03\\\/arton16695-1054a.jpg\",\"datePublished\":\"2019-03-26T08:39:41+00:00\",\"author\":{\"@id\":\"https:\\\/\\\/confecomerc.es\\\/#\\\/schema\\\/person\\\/23aa6211544dad9fa6ee269977b0a823\"},\"breadcrumb\":{\"@id\":\"https:\\\/\\\/confecomerc.es\\\/va\\\/la-campana-de-la-asociacion-de-comerciantes-del-dia-del-padre-sorteara-5-cenas-para-dos-personas\\\/#breadcrumb\"},\"inLanguage\":\"va-VA\",\"potentialAction\":[{\"@type\":\"ReadAction\",\"target\":[\"https:\\\/\\\/confecomerc.es\\\/va\\\/la-campana-de-la-asociacion-de-comerciantes-del-dia-del-padre-sorteara-5-cenas-para-dos-personas\\\/\"]}]},{\"@type\":\"ImageObject\",\"inLanguage\":\"va-VA\",\"@id\":\"https:\\\/\\\/confecomerc.es\\\/va\\\/la-campana-de-la-asociacion-de-comerciantes-del-dia-del-padre-sorteara-5-cenas-para-dos-personas\\\/#primaryimage\",\"url\":\"https:\\\/\\\/confecomerc.es\\\/wp-content\\\/uploads\\\/2019\\\/03\\\/arton16695-1054a.jpg\",\"contentUrl\":\"https:\\\/\\\/confecomerc.es\\\/wp-content\\\/uploads\\\/2019\\\/03\\\/arton16695-1054a.jpg\",\"width\":1280,\"height\":800},{\"@type\":\"BreadcrumbList\",\"@id\":\"https:\\\/\\\/confecomerc.es\\\/va\\\/la-campana-de-la-asociacion-de-comerciantes-del-dia-del-padre-sorteara-5-cenas-para-dos-personas\\\/#breadcrumb\",\"itemListElement\":[{\"@type\":\"ListItem\",\"position\":1,\"name\":\"Home\",\"item\":\"https:\\\/\\\/confecomerc.es\\\/va\\\/confecomerc-cv\\\/\"},{\"@type\":\"ListItem\",\"position\":2,\"name\":\"La campa\u00f1a de la Asociaci\u00f3n de Comerciantes del D\u00eda del Padre sortear\u00e1 5 cenas para dos personas\"}]},{\"@type\":\"WebSite\",\"@id\":\"https:\\\/\\\/confecomerc.es\\\/#website\",\"url\":\"https:\\\/\\\/confecomerc.es\\\/\",\"name\":\"Confecomer\u00e7\",\"description\":\"Confederaci\u00f3 de Comer\u00e7 d\u2019alacant, Castell\u00f3 i Val\u00e8ncia\",\"potentialAction\":[{\"@type\":\"SearchAction\",\"target\":{\"@type\":\"EntryPoint\",\"urlTemplate\":\"https:\\\/\\\/confecomerc.es\\\/?s={search_term_string}\"},\"query-input\":{\"@type\":\"PropertyValueSpecification\",\"valueRequired\":true,\"valueName\":\"search_term_string\"}}],\"inLanguage\":\"va-VA\"},{\"@type\":\"Person\",\"@id\":\"https:\\\/\\\/confecomerc.es\\\/#\\\/schema\\\/person\\\/23aa6211544dad9fa6ee269977b0a823\",\"name\":\"CONFECOMER\u00c7 CV\",\"url\":\"https:\\\/\\\/confecomerc.es\\\/va\\\/author\\\/confe-admin-cv\\\/\"}]}<\/script>\n<!-- \/ Yoast SEO plugin. -->","yoast_head_json":{"title":"La campa\u00f1a de la Asociaci\u00f3n de Comerciantes del D\u00eda del Padre sortear\u00e1 5 cenas para dos personas - Confecomer\u00e7","robots":{"index":"index","follow":"follow","max-snippet":"max-snippet:-1","max-image-preview":"max-image-preview:large","max-video-preview":"max-video-preview:-1"},"canonical":"https:\/\/confecomerc.es\/va\/la-campana-de-la-asociacion-de-comerciantes-del-dia-del-padre-sorteara-5-cenas-para-dos-personas\/","og_locale":"en_US","og_type":"article","og_title":"La campa\u00f1a de la Asociaci\u00f3n de Comerciantes del D\u00eda del Padre sortear\u00e1 5 cenas para dos personas - Confecomer\u00e7","og_description":"La Asociaci\u00f3n de Comerciantes de Santa Pola ha organizado una nueva campa\u00f1a para potenciar el comercio local por la celebraci\u00f3n del D\u00eda del Padre, puesto que, como bien se recalca en el lema de este a\u00f1o \u201cSin comercio no hay ciudad\u201d. Esta vez han lanzado una oferta donde por compras superiores a 20 euros en [&hellip;]","og_url":"https:\/\/confecomerc.es\/va\/la-campana-de-la-asociacion-de-comerciantes-del-dia-del-padre-sorteara-5-cenas-para-dos-personas\/","og_site_name":"Confecomer\u00e7","article_published_time":"2019-03-26T08:39:41+00:00","og_image":[{"width":1280,"height":800,"url":"https:\/\/i2.wp.com\/confecomerc.es\/wp-content\/uploads\/2019\/03\/arton16695-1054a.jpg?fit=1280%2C800&ssl=1","type":"image\/jpeg"}],"author":"CONFECOMER\u00c7 CV","twitter_card":"summary_large_image","twitter_misc":{"Written by":"CONFECOMER\u00c7 CV","Est. reading time":"1 minute"},"schema":{"@context":"https:\/\/schema.org","@graph":[{"@type":"Article","@id":"https:\/\/confecomerc.es\/va\/la-campana-de-la-asociacion-de-comerciantes-del-dia-del-padre-sorteara-5-cenas-para-dos-personas\/#article","isPartOf":{"@id":"https:\/\/confecomerc.es\/va\/la-campana-de-la-asociacion-de-comerciantes-del-dia-del-padre-sorteara-5-cenas-para-dos-personas\/"},"author":{"name":"CONFECOMER\u00c7 CV","@id":"https:\/\/confecomerc.es\/#\/schema\/person\/23aa6211544dad9fa6ee269977b0a823"},"headline":"La campa\u00f1a de la Asociaci\u00f3n de Comerciantes del D\u00eda del Padre sortear\u00e1 5 cenas para dos personas","datePublished":"2019-03-26T08:39:41+00:00","mainEntityOfPage":{"@id":"https:\/\/confecomerc.es\/va\/la-campana-de-la-asociacion-de-comerciantes-del-dia-del-padre-sorteara-5-cenas-para-dos-personas\/"},"wordCount":267,"commentCount":0,"image":{"@id":"https:\/\/confecomerc.es\/va\/la-campana-de-la-asociacion-de-comerciantes-del-dia-del-padre-sorteara-5-cenas-para-dos-personas\/#primaryimage"},"thumbnailUrl":"https:\/\/confecomerc.es\/wp-content\/uploads\/2019\/03\/arton16695-1054a.jpg","articleSection":["Associats Confecomer\u00e7 Cv"],"inLanguage":"va-VA","potentialAction":[{"@type":"CommentAction","name":"Comment","target":["https:\/\/confecomerc.es\/va\/la-campana-de-la-asociacion-de-comerciantes-del-dia-del-padre-sorteara-5-cenas-para-dos-personas\/#respond"]}]},{"@type":"WebPage","@id":"https:\/\/confecomerc.es\/va\/la-campana-de-la-asociacion-de-comerciantes-del-dia-del-padre-sorteara-5-cenas-para-dos-personas\/","url":"https:\/\/confecomerc.es\/va\/la-campana-de-la-asociacion-de-comerciantes-del-dia-del-padre-sorteara-5-cenas-para-dos-personas\/","name":"La campa\u00f1a de la Asociaci\u00f3n de Comerciantes del D\u00eda del Padre sortear\u00e1 5 cenas para dos personas - Confecomer\u00e7","isPartOf":{"@id":"https:\/\/confecomerc.es\/#website"},"primaryImageOfPage":{"@id":"https:\/\/confecomerc.es\/va\/la-campana-de-la-asociacion-de-comerciantes-del-dia-del-padre-sorteara-5-cenas-para-dos-personas\/#primaryimage"},"image":{"@id":"https:\/\/confecomerc.es\/va\/la-campana-de-la-asociacion-de-comerciantes-del-dia-del-padre-sorteara-5-cenas-para-dos-personas\/#primaryimage"},"thumbnailUrl":"https:\/\/confecomerc.es\/wp-content\/uploads\/2019\/03\/arton16695-1054a.jpg","datePublished":"2019-03-26T08:39:41+00:00","author":{"@id":"https:\/\/confecomerc.es\/#\/schema\/person\/23aa6211544dad9fa6ee269977b0a823"},"breadcrumb":{"@id":"https:\/\/confecomerc.es\/va\/la-campana-de-la-asociacion-de-comerciantes-del-dia-del-padre-sorteara-5-cenas-para-dos-personas\/#breadcrumb"},"inLanguage":"va-VA","potentialAction":[{"@type":"ReadAction","target":["https:\/\/confecomerc.es\/va\/la-campana-de-la-asociacion-de-comerciantes-del-dia-del-padre-sorteara-5-cenas-para-dos-personas\/"]}]},{"@type":"ImageObject","inLanguage":"va-VA","@id":"https:\/\/confecomerc.es\/va\/la-campana-de-la-asociacion-de-comerciantes-del-dia-del-padre-sorteara-5-cenas-para-dos-personas\/#primaryimage","url":"https:\/\/confecomerc.es\/wp-content\/uploads\/2019\/03\/arton16695-1054a.jpg","contentUrl":"https:\/\/confecomerc.es\/wp-content\/uploads\/2019\/03\/arton16695-1054a.jpg","width":1280,"height":800},{"@type":"BreadcrumbList","@id":"https:\/\/confecomerc.es\/va\/la-campana-de-la-asociacion-de-comerciantes-del-dia-del-padre-sorteara-5-cenas-para-dos-personas\/#breadcrumb","itemListElement":[{"@type":"ListItem","position":1,"name":"Home","item":"https:\/\/confecomerc.es\/va\/confecomerc-cv\/"},{"@type":"ListItem","position":2,"name":"La campa\u00f1a de la Asociaci\u00f3n de Comerciantes del D\u00eda del Padre sortear\u00e1 5 cenas para dos personas"}]},{"@type":"WebSite","@id":"https:\/\/confecomerc.es\/#website","url":"https:\/\/confecomerc.es\/","name":"Confecomer\u00e7","description":"Confederaci\u00f3 de Comer\u00e7 d\u2019alacant, Castell\u00f3 i Val\u00e8ncia","potentialAction":[{"@type":"SearchAction","target":{"@type":"EntryPoint","urlTemplate":"https:\/\/confecomerc.es\/?s={search_term_string}"},"query-input":{"@type":"PropertyValueSpecification","valueRequired":true,"valueName":"search_term_string"}}],"inLanguage":"va-VA"},{"@type":"Person","@id":"https:\/\/confecomerc.es\/#\/schema\/person\/23aa6211544dad9fa6ee269977b0a823","name":"CONFECOMER\u00c7 CV","url":"https:\/\/confecomerc.es\/va\/author\/confe-admin-cv\/"}]}},"_links":{"self":[{"href":"https:\/\/confecomerc.es\/va\/wp-json\/wp\/v2\/posts\/1399","targetHints":{"allow":["GET"]}}],"collection":[{"href":"https:\/\/confecomerc.es\/va\/wp-json\/wp\/v2\/posts"}],"about":[{"href":"https:\/\/confecomerc.es\/va\/wp-json\/wp\/v2\/types\/post"}],"author":[{"embeddable":true,"href":"https:\/\/confecomerc.es\/va\/wp-json\/wp\/v2\/users\/1"}],"replies":[{"embeddable":true,"href":"https:\/\/confecomerc.es\/va\/wp-json\/wp\/v2\/comments?post=1399"}],"version-history":[{"count":0,"href":"https:\/\/confecomerc.es\/va\/wp-json\/wp\/v2\/posts\/1399\/revisions"}],"wp:featuredmedia":[{"embeddable":true,"href":"https:\/\/confecomerc.es\/va\/wp-json\/wp\/v2\/media\/1216"}],"wp:attachment":[{"href":"https:\/\/confecomerc.es\/va\/wp-json\/wp\/v2\/media?parent=1399"}],"wp:term":[{"taxonomy":"category","embeddable":true,"href":"https:\/\/confecomerc.es\/va\/wp-json\/wp\/v2\/categories?post=1399"},{"taxonomy":"post_tag","embeddable":true,"href":"https:\/\/confecomerc.es\/va\/wp-json\/wp\/v2\/tags?post=1399"}],"curies":[{"name":"wp","href":"https:\/\/api.w.org\/{rel}","templated":true}]}}