{"id":1400,"date":"2019-03-26T08:42:15","date_gmt":"2019-03-26T08:42:15","guid":{"rendered":"https:\/\/confecomerc.es\/la-union-de-comerciantes-de-vila-real-ucovi-ya-tiene-su-sede"},"modified":"2019-03-26T08:42:15","modified_gmt":"2019-03-26T08:42:15","slug":"la-union-de-comerciantes-de-vila-real-ucovi-ya-tiene-su-sede","status":"publish","type":"post","link":"https:\/\/confecomerc.es\/va\/la-union-de-comerciantes-de-vila-real-ucovi-ya-tiene-su-sede\/","title":{"rendered":"La Uni\u00f3n de Comerciantes de Vila-real UCOVI ya tiene su sede"},"content":{"rendered":"<h4>Hay numerosas razones para adquirir el inmueble, sobre todo es por su ubicaci\u00f3n.<\/h4>\n<p>El portavoz del equipo de gobierno, Javier Serralvo, ha salido al paso de las \u00faltimas cr\u00edticas de la oposici\u00f3n a ra\u00edz de la compra de una casa en la zona centro destinada a instalar la sede de la Uni\u00f3 de Comer\u00e7 de Vila-real (Ucovi).<\/p>\n<p>\u201cCreemos que la transparencia y la verdad est\u00e1n por encima de las mentiras de PP y C\u2019s\u201d, ha se\u00f1alado Serralvo, al tiempo que se pregunta \u201c\u00bfqu\u00e9 les pasa con Ucovi?\u201d. El edil ha recordado que se trata de una asociaci\u00f3n sin \u00e1nimo de lucro que \u201chace todo lo posible por revitalizar el centro\u201d y lamenta que \u201cahora se haya convertido en un problema la adquisici\u00f3n de un local para que puedan realizar su actividad diaria\u201d.<\/p>\n<p>Serralvo ha denunciado la desidia de la oposici\u00f3n y ha criticado que \u201ccada vez que Ucovi organiza alguna actividad reciben alguna cr\u00edtica\u201d. \u201cAhora ha sido la compra de esta casa, con total transparencia, pero en Navidad fueron los primeros en poner el grito en el cielo por la ubicaci\u00f3n de la Fira de Nadal, en la Mur\u00e0, hasta que aparecieron haci\u00e9ndose fotos en la pista de hielo con sus familiares y amigos, como si nada\u201d, explica.<\/p>\n<p>As\u00ed, destaca la \u201cbajeza\u201d de ambos partidos. \u201cPor primera vez una adquisici\u00f3n de estas caracter\u00edsticas ha contado con numerosos informes y todo tipo de avales por parte de los funcionarios de esta casa, as\u00ed como con un informe de Alcald\u00eda en el que se justifica por qu\u00e9 se compra esta casa y no otra. Totalmente al contrario que durante los 16 a\u00f1os de mandato del PP, en los que se compraba y alquilaba sin tener en cuenta nada\u201d, indica.<\/p>\n<p>Seg\u00fan Serralvo, en el informe de la Alcald\u00eda se especifican razones de peso como que la casa se adapta a las necesidades de la asociaci\u00f3n de comerciantes y se ha dado el paso tras contar con su visto bueno. Tambi\u00e9n se argumenta que se encuentra pr\u00f3xima al Gran Casino y Tagoba, en cuyo sal\u00f3n de actos podr\u00edan realizar encuentros con todos los comerciantes implicados en las campa\u00f1as que impulsan. Adem\u00e1s, uno de los motivos para su adquisici\u00f3n es que no necesita ning\u00fan tipo de reforma o adaptaci\u00f3n, ya que la planta baja se encuentra en perfectas condiciones para su uso inmediato y cuenta con dos plantas superiores, que podr\u00edan albergar otros servicios municipales. A ello se suma que se encuentra en la calle Sant Roc, que notar\u00eda la influencia positiva del movimiento comercial que se generara a su alrededor, al ser una calle con menor actividad comercial que otras de la zona centro. Finalmente, Serralvo tambi\u00e9n ha destacado que el hecho de encontrarse pegada a un BIC como es la iglesia Arciprestal, en el futuro podr\u00eda servir, incluso, para abrir la calle y conectar con la otra entrada de la iglesia.<\/p>\n<p>\u201cEstos que ahora quieren explicaciones, son los mismos que compraron en su d\u00eda otros inmuebles sin justificar nada en absoluto, como el antiguo conservatorio y sede actual de La Lira, diferentes asociaciones de vecinos que est\u00e1n de alquiler u otros\u201d, se\u00f1ala, \u201cy nadie se pregunt\u00f3 por qu\u00e9 esos locales y no otros, imaginamos que es porque en su d\u00eda se consideraron ofertas viables, como ocurre con la casa para Ucovi y es esto \u00faltimo, al parecer, lo que les molesta, que sea para Ucovi\u201d. \u201cLamentamos tener una oposici\u00f3n tan irresponsable, que no entiende que no se compran palacios, sino patrimonio para el pueblo y para todos los vecinos\u201d, manifiesta el portavoz del equipo de gobierno.<\/p>\n<p>&nbsp;<\/p>\n<p>Fuente: https:\/\/www.cope.es\/emisoras\/comunidad-valenciana\/castellon-provincia\/castellon\/noticias\/union-comerciantes-vila-real-ucovi-tiene-sede-20190228_363553<\/p>\n<p>&nbsp;<\/p>\n<p>&nbsp;<\/p>\n<p>&nbsp;<\/p>\n","protected":false},"excerpt":{"rendered":"<p>Hay numerosas razones para adquirir el inmueble, sobre todo es por su ubicaci\u00f3n. El portavoz del equipo de gobierno, Javier Serralvo, ha salido al paso de las \u00faltimas cr\u00edticas de la oposici\u00f3n a ra\u00edz de la compra de una casa en la zona centro destinada a instalar la sede de la Uni\u00f3 de Comer\u00e7 de [&hellip;]<\/p>\n","protected":false},"author":1,"featured_media":1223,"comment_status":"open","ping_status":"open","sticky":false,"template":"","format":"standard","meta":{"_et_pb_use_builder":"","_et_pb_old_content":"","_et_gb_content_width":"","footnotes":""},"categories":[613],"tags":[],"class_list":["post-1400","post","type-post","status-publish","format-standard","has-post-thumbnail","hentry","category-associats-confecomerc-cv"],"yoast_head":"<!-- This site is optimized with the Yoast SEO plugin v27.3 - https:\/\/yoast.com\/product\/yoast-seo-wordpress\/ -->\n<title>La Uni\u00f3n de Comerciantes de Vila-real UCOVI ya tiene su sede - Confecomer\u00e7<\/title>\n<meta name=\"robots\" content=\"index, follow, max-snippet:-1, max-image-preview:large, max-video-preview:-1\" \/>\n<link rel=\"canonical\" href=\"https:\/\/confecomerc.es\/va\/la-union-de-comerciantes-de-vila-real-ucovi-ya-tiene-su-sede\/\" \/>\n<meta property=\"og:locale\" content=\"en_US\" \/>\n<meta property=\"og:type\" content=\"article\" \/>\n<meta property=\"og:title\" content=\"La Uni\u00f3n de Comerciantes de Vila-real UCOVI ya tiene su sede - Confecomer\u00e7\" \/>\n<meta property=\"og:description\" content=\"Hay numerosas razones para adquirir el inmueble, sobre todo es por su ubicaci\u00f3n. El portavoz del equipo de gobierno, Javier Serralvo, ha salido al paso de las \u00faltimas cr\u00edticas de la oposici\u00f3n a ra\u00edz de la compra de una casa en la zona centro destinada a instalar la sede de la Uni\u00f3 de Comer\u00e7 de [&hellip;]\" \/>\n<meta property=\"og:url\" content=\"https:\/\/confecomerc.es\/va\/la-union-de-comerciantes-de-vila-real-ucovi-ya-tiene-su-sede\/\" \/>\n<meta property=\"og:site_name\" content=\"Confecomer\u00e7\" \/>\n<meta property=\"article:published_time\" content=\"2019-03-26T08:42:15+00:00\" \/>\n<meta property=\"og:image\" content=\"https:\/\/i1.wp.com\/confecomerc.es\/wp-content\/uploads\/2019\/03\/1551356529285.jpg?fit=644%2C432&ssl=1\" \/>\n\t<meta property=\"og:image:width\" content=\"644\" \/>\n\t<meta property=\"og:image:height\" content=\"432\" \/>\n\t<meta property=\"og:image:type\" content=\"image\/jpeg\" \/>\n<meta name=\"author\" content=\"CONFECOMER\u00c7 CV\" \/>\n<meta name=\"twitter:card\" content=\"summary_large_image\" \/>\n<meta name=\"twitter:label1\" content=\"Written by\" \/>\n\t<meta name=\"twitter:data1\" content=\"CONFECOMER\u00c7 CV\" \/>\n\t<meta name=\"twitter:label2\" content=\"Est. reading time\" \/>\n\t<meta name=\"twitter:data2\" content=\"3 minutes\" \/>\n<script type=\"application\/ld+json\" class=\"yoast-schema-graph\">{\"@context\":\"https:\\\/\\\/schema.org\",\"@graph\":[{\"@type\":\"Article\",\"@id\":\"https:\\\/\\\/confecomerc.es\\\/va\\\/la-union-de-comerciantes-de-vila-real-ucovi-ya-tiene-su-sede\\\/#article\",\"isPartOf\":{\"@id\":\"https:\\\/\\\/confecomerc.es\\\/va\\\/la-union-de-comerciantes-de-vila-real-ucovi-ya-tiene-su-sede\\\/\"},\"author\":{\"name\":\"CONFECOMER\u00c7 CV\",\"@id\":\"https:\\\/\\\/confecomerc.es\\\/#\\\/schema\\\/person\\\/23aa6211544dad9fa6ee269977b0a823\"},\"headline\":\"La Uni\u00f3n de Comerciantes de Vila-real UCOVI ya tiene su sede\",\"datePublished\":\"2019-03-26T08:42:15+00:00\",\"mainEntityOfPage\":{\"@id\":\"https:\\\/\\\/confecomerc.es\\\/va\\\/la-union-de-comerciantes-de-vila-real-ucovi-ya-tiene-su-sede\\\/\"},\"wordCount\":657,\"commentCount\":0,\"image\":{\"@id\":\"https:\\\/\\\/confecomerc.es\\\/va\\\/la-union-de-comerciantes-de-vila-real-ucovi-ya-tiene-su-sede\\\/#primaryimage\"},\"thumbnailUrl\":\"https:\\\/\\\/confecomerc.es\\\/wp-content\\\/uploads\\\/2019\\\/03\\\/1551356529285.jpg\",\"articleSection\":[\"Associats Confecomer\u00e7 Cv\"],\"inLanguage\":\"va-VA\",\"potentialAction\":[{\"@type\":\"CommentAction\",\"name\":\"Comment\",\"target\":[\"https:\\\/\\\/confecomerc.es\\\/va\\\/la-union-de-comerciantes-de-vila-real-ucovi-ya-tiene-su-sede\\\/#respond\"]}]},{\"@type\":\"WebPage\",\"@id\":\"https:\\\/\\\/confecomerc.es\\\/va\\\/la-union-de-comerciantes-de-vila-real-ucovi-ya-tiene-su-sede\\\/\",\"url\":\"https:\\\/\\\/confecomerc.es\\\/va\\\/la-union-de-comerciantes-de-vila-real-ucovi-ya-tiene-su-sede\\\/\",\"name\":\"La Uni\u00f3n de Comerciantes de Vila-real UCOVI ya tiene su sede - Confecomer\u00e7\",\"isPartOf\":{\"@id\":\"https:\\\/\\\/confecomerc.es\\\/#website\"},\"primaryImageOfPage\":{\"@id\":\"https:\\\/\\\/confecomerc.es\\\/va\\\/la-union-de-comerciantes-de-vila-real-ucovi-ya-tiene-su-sede\\\/#primaryimage\"},\"image\":{\"@id\":\"https:\\\/\\\/confecomerc.es\\\/va\\\/la-union-de-comerciantes-de-vila-real-ucovi-ya-tiene-su-sede\\\/#primaryimage\"},\"thumbnailUrl\":\"https:\\\/\\\/confecomerc.es\\\/wp-content\\\/uploads\\\/2019\\\/03\\\/1551356529285.jpg\",\"datePublished\":\"2019-03-26T08:42:15+00:00\",\"author\":{\"@id\":\"https:\\\/\\\/confecomerc.es\\\/#\\\/schema\\\/person\\\/23aa6211544dad9fa6ee269977b0a823\"},\"breadcrumb\":{\"@id\":\"https:\\\/\\\/confecomerc.es\\\/va\\\/la-union-de-comerciantes-de-vila-real-ucovi-ya-tiene-su-sede\\\/#breadcrumb\"},\"inLanguage\":\"va-VA\",\"potentialAction\":[{\"@type\":\"ReadAction\",\"target\":[\"https:\\\/\\\/confecomerc.es\\\/va\\\/la-union-de-comerciantes-de-vila-real-ucovi-ya-tiene-su-sede\\\/\"]}]},{\"@type\":\"ImageObject\",\"inLanguage\":\"va-VA\",\"@id\":\"https:\\\/\\\/confecomerc.es\\\/va\\\/la-union-de-comerciantes-de-vila-real-ucovi-ya-tiene-su-sede\\\/#primaryimage\",\"url\":\"https:\\\/\\\/confecomerc.es\\\/wp-content\\\/uploads\\\/2019\\\/03\\\/1551356529285.jpg\",\"contentUrl\":\"https:\\\/\\\/confecomerc.es\\\/wp-content\\\/uploads\\\/2019\\\/03\\\/1551356529285.jpg\",\"width\":644,\"height\":432,\"caption\":\"La Uni\u00f3n de Comerciantes de Vila-real UCOVI ya tiene su sede\"},{\"@type\":\"BreadcrumbList\",\"@id\":\"https:\\\/\\\/confecomerc.es\\\/va\\\/la-union-de-comerciantes-de-vila-real-ucovi-ya-tiene-su-sede\\\/#breadcrumb\",\"itemListElement\":[{\"@type\":\"ListItem\",\"position\":1,\"name\":\"Home\",\"item\":\"https:\\\/\\\/confecomerc.es\\\/va\\\/confecomerc-cv\\\/\"},{\"@type\":\"ListItem\",\"position\":2,\"name\":\"La Uni\u00f3n de Comerciantes de Vila-real UCOVI ya tiene su sede\"}]},{\"@type\":\"WebSite\",\"@id\":\"https:\\\/\\\/confecomerc.es\\\/#website\",\"url\":\"https:\\\/\\\/confecomerc.es\\\/\",\"name\":\"Confecomer\u00e7\",\"description\":\"Confederaci\u00f3 de Comer\u00e7 d\u2019alacant, Castell\u00f3 i Val\u00e8ncia\",\"potentialAction\":[{\"@type\":\"SearchAction\",\"target\":{\"@type\":\"EntryPoint\",\"urlTemplate\":\"https:\\\/\\\/confecomerc.es\\\/?s={search_term_string}\"},\"query-input\":{\"@type\":\"PropertyValueSpecification\",\"valueRequired\":true,\"valueName\":\"search_term_string\"}}],\"inLanguage\":\"va-VA\"},{\"@type\":\"Person\",\"@id\":\"https:\\\/\\\/confecomerc.es\\\/#\\\/schema\\\/person\\\/23aa6211544dad9fa6ee269977b0a823\",\"name\":\"CONFECOMER\u00c7 CV\",\"url\":\"https:\\\/\\\/confecomerc.es\\\/va\\\/author\\\/confe-admin-cv\\\/\"}]}<\/script>\n<!-- \/ Yoast SEO plugin. -->","yoast_head_json":{"title":"La Uni\u00f3n de Comerciantes de Vila-real UCOVI ya tiene su sede - Confecomer\u00e7","robots":{"index":"index","follow":"follow","max-snippet":"max-snippet:-1","max-image-preview":"max-image-preview:large","max-video-preview":"max-video-preview:-1"},"canonical":"https:\/\/confecomerc.es\/va\/la-union-de-comerciantes-de-vila-real-ucovi-ya-tiene-su-sede\/","og_locale":"en_US","og_type":"article","og_title":"La Uni\u00f3n de Comerciantes de Vila-real UCOVI ya tiene su sede - Confecomer\u00e7","og_description":"Hay numerosas razones para adquirir el inmueble, sobre todo es por su ubicaci\u00f3n. El portavoz del equipo de gobierno, Javier Serralvo, ha salido al paso de las \u00faltimas cr\u00edticas de la oposici\u00f3n a ra\u00edz de la compra de una casa en la zona centro destinada a instalar la sede de la Uni\u00f3 de Comer\u00e7 de [&hellip;]","og_url":"https:\/\/confecomerc.es\/va\/la-union-de-comerciantes-de-vila-real-ucovi-ya-tiene-su-sede\/","og_site_name":"Confecomer\u00e7","article_published_time":"2019-03-26T08:42:15+00:00","og_image":[{"width":644,"height":432,"url":"https:\/\/i1.wp.com\/confecomerc.es\/wp-content\/uploads\/2019\/03\/1551356529285.jpg?fit=644%2C432&ssl=1","type":"image\/jpeg"}],"author":"CONFECOMER\u00c7 CV","twitter_card":"summary_large_image","twitter_misc":{"Written by":"CONFECOMER\u00c7 CV","Est. reading time":"3 minutes"},"schema":{"@context":"https:\/\/schema.org","@graph":[{"@type":"Article","@id":"https:\/\/confecomerc.es\/va\/la-union-de-comerciantes-de-vila-real-ucovi-ya-tiene-su-sede\/#article","isPartOf":{"@id":"https:\/\/confecomerc.es\/va\/la-union-de-comerciantes-de-vila-real-ucovi-ya-tiene-su-sede\/"},"author":{"name":"CONFECOMER\u00c7 CV","@id":"https:\/\/confecomerc.es\/#\/schema\/person\/23aa6211544dad9fa6ee269977b0a823"},"headline":"La Uni\u00f3n de Comerciantes de Vila-real UCOVI ya tiene su sede","datePublished":"2019-03-26T08:42:15+00:00","mainEntityOfPage":{"@id":"https:\/\/confecomerc.es\/va\/la-union-de-comerciantes-de-vila-real-ucovi-ya-tiene-su-sede\/"},"wordCount":657,"commentCount":0,"image":{"@id":"https:\/\/confecomerc.es\/va\/la-union-de-comerciantes-de-vila-real-ucovi-ya-tiene-su-sede\/#primaryimage"},"thumbnailUrl":"https:\/\/confecomerc.es\/wp-content\/uploads\/2019\/03\/1551356529285.jpg","articleSection":["Associats Confecomer\u00e7 Cv"],"inLanguage":"va-VA","potentialAction":[{"@type":"CommentAction","name":"Comment","target":["https:\/\/confecomerc.es\/va\/la-union-de-comerciantes-de-vila-real-ucovi-ya-tiene-su-sede\/#respond"]}]},{"@type":"WebPage","@id":"https:\/\/confecomerc.es\/va\/la-union-de-comerciantes-de-vila-real-ucovi-ya-tiene-su-sede\/","url":"https:\/\/confecomerc.es\/va\/la-union-de-comerciantes-de-vila-real-ucovi-ya-tiene-su-sede\/","name":"La Uni\u00f3n de Comerciantes de Vila-real UCOVI ya tiene su sede - Confecomer\u00e7","isPartOf":{"@id":"https:\/\/confecomerc.es\/#website"},"primaryImageOfPage":{"@id":"https:\/\/confecomerc.es\/va\/la-union-de-comerciantes-de-vila-real-ucovi-ya-tiene-su-sede\/#primaryimage"},"image":{"@id":"https:\/\/confecomerc.es\/va\/la-union-de-comerciantes-de-vila-real-ucovi-ya-tiene-su-sede\/#primaryimage"},"thumbnailUrl":"https:\/\/confecomerc.es\/wp-content\/uploads\/2019\/03\/1551356529285.jpg","datePublished":"2019-03-26T08:42:15+00:00","author":{"@id":"https:\/\/confecomerc.es\/#\/schema\/person\/23aa6211544dad9fa6ee269977b0a823"},"breadcrumb":{"@id":"https:\/\/confecomerc.es\/va\/la-union-de-comerciantes-de-vila-real-ucovi-ya-tiene-su-sede\/#breadcrumb"},"inLanguage":"va-VA","potentialAction":[{"@type":"ReadAction","target":["https:\/\/confecomerc.es\/va\/la-union-de-comerciantes-de-vila-real-ucovi-ya-tiene-su-sede\/"]}]},{"@type":"ImageObject","inLanguage":"va-VA","@id":"https:\/\/confecomerc.es\/va\/la-union-de-comerciantes-de-vila-real-ucovi-ya-tiene-su-sede\/#primaryimage","url":"https:\/\/confecomerc.es\/wp-content\/uploads\/2019\/03\/1551356529285.jpg","contentUrl":"https:\/\/confecomerc.es\/wp-content\/uploads\/2019\/03\/1551356529285.jpg","width":644,"height":432,"caption":"La Uni\u00f3n de Comerciantes de Vila-real UCOVI ya tiene su sede"},{"@type":"BreadcrumbList","@id":"https:\/\/confecomerc.es\/va\/la-union-de-comerciantes-de-vila-real-ucovi-ya-tiene-su-sede\/#breadcrumb","itemListElement":[{"@type":"ListItem","position":1,"name":"Home","item":"https:\/\/confecomerc.es\/va\/confecomerc-cv\/"},{"@type":"ListItem","position":2,"name":"La Uni\u00f3n de Comerciantes de Vila-real UCOVI ya tiene su sede"}]},{"@type":"WebSite","@id":"https:\/\/confecomerc.es\/#website","url":"https:\/\/confecomerc.es\/","name":"Confecomer\u00e7","description":"Confederaci\u00f3 de Comer\u00e7 d\u2019alacant, Castell\u00f3 i Val\u00e8ncia","potentialAction":[{"@type":"SearchAction","target":{"@type":"EntryPoint","urlTemplate":"https:\/\/confecomerc.es\/?s={search_term_string}"},"query-input":{"@type":"PropertyValueSpecification","valueRequired":true,"valueName":"search_term_string"}}],"inLanguage":"va-VA"},{"@type":"Person","@id":"https:\/\/confecomerc.es\/#\/schema\/person\/23aa6211544dad9fa6ee269977b0a823","name":"CONFECOMER\u00c7 CV","url":"https:\/\/confecomerc.es\/va\/author\/confe-admin-cv\/"}]}},"_links":{"self":[{"href":"https:\/\/confecomerc.es\/va\/wp-json\/wp\/v2\/posts\/1400","targetHints":{"allow":["GET"]}}],"collection":[{"href":"https:\/\/confecomerc.es\/va\/wp-json\/wp\/v2\/posts"}],"about":[{"href":"https:\/\/confecomerc.es\/va\/wp-json\/wp\/v2\/types\/post"}],"author":[{"embeddable":true,"href":"https:\/\/confecomerc.es\/va\/wp-json\/wp\/v2\/users\/1"}],"replies":[{"embeddable":true,"href":"https:\/\/confecomerc.es\/va\/wp-json\/wp\/v2\/comments?post=1400"}],"version-history":[{"count":0,"href":"https:\/\/confecomerc.es\/va\/wp-json\/wp\/v2\/posts\/1400\/revisions"}],"wp:featuredmedia":[{"embeddable":true,"href":"https:\/\/confecomerc.es\/va\/wp-json\/wp\/v2\/media\/1223"}],"wp:attachment":[{"href":"https:\/\/confecomerc.es\/va\/wp-json\/wp\/v2\/media?parent=1400"}],"wp:term":[{"taxonomy":"category","embeddable":true,"href":"https:\/\/confecomerc.es\/va\/wp-json\/wp\/v2\/categories?post=1400"},{"taxonomy":"post_tag","embeddable":true,"href":"https:\/\/confecomerc.es\/va\/wp-json\/wp\/v2\/tags?post=1400"}],"curies":[{"name":"wp","href":"https:\/\/api.w.org\/{rel}","templated":true}]}}