{"id":262360,"date":"2023-07-19T16:16:22","date_gmt":"2023-07-19T15:16:22","guid":{"rendered":"https:\/\/confecomerc.es\/el-mercado-del-cabanyal-cerrara-provisionalmente-en-agosto-para-acometer-obras-en-el-techo-del-edificio\/"},"modified":"2023-07-19T16:16:22","modified_gmt":"2023-07-19T15:16:22","slug":"el-mercado-del-cabanyal-cerrara-provisionalmente-en-agosto-para-acometer-obras-en-el-techo-del-edificio","status":"publish","type":"post","link":"https:\/\/confecomerc.es\/va\/el-mercado-del-cabanyal-cerrara-provisionalmente-en-agosto-para-acometer-obras-en-el-techo-del-edificio\/","title":{"rendered":"El Mercado del Cabanyal cerrar\u00e1 provisionalmente en agosto para acometer obras en el techo del edificio"},"content":{"rendered":"<p>La <strong>Asociaci\u00f3n de Vendedores del Mercado del Cabanyal<\/strong> celebr\u00f3 una reuni\u00f3n informativa, a la que asisti\u00f3 el <strong>concejal de Mercados, Santiago Ballester, junto a t\u00e9cnicos municipales <\/strong>para abordar conjuntamente <strong>las obras del edificio, as\u00ed como los plazos previstos de ejecuci\u00f3n de la reforma<\/strong>. La acometida prevista en esta primera fase es la <strong>eliminaci\u00f3n del falso techo de la nave de levante y poniente para posteriormente instalar uno nuevo<\/strong>, al que se le bajar\u00e1 la altura, permitiendo una mejora en cuanto <strong>ahorro y eficiencia energ\u00e9tica. <\/strong><\/p>\n<p><strong>Miguel Ortega, presidente de la Asociaci\u00f3n de vendedores del Mercado del Cabanyal<\/strong> ha se\u00f1alado que \u201cen la reuni\u00f3n celebrada con el concejal y los t\u00e9cnicos del ayuntamiento nos informaron de los pasos a seguir y la previsi\u00f3n de las obras, en la que se nos dio a conocer <strong>dos alternativas posibles<\/strong>, que pasaba o bien por el cierre total del mercado en agosto o el cierre por naves, siendo finalmente la decisi\u00f3n adoptada\u00a0 por la Asamblea de forma un\u00e1nime la del<strong> cierre total de la instalaci\u00f3n, al ser m\u00e1s corta en plazo<\/strong> <strong>de ejecuci\u00f3n y la que menor perjuicio ocasionaba tanto a clientes como a vendedores<\/strong>\u201d.<\/p>\n<p>\u201c<strong>Hemos decidido cerrar durante el mes de agosto, siempre cumpliendo los plazos previstos por el ayuntamiento, que estima el cierre el 1 de agosto y reanudar la actividad el 1 de septiembre.<\/strong> Tambi\u00e9n se acord\u00f3 que los vendedores previamente al arranque de las obras, los <strong>d\u00edas 30 y 31 de julio realicen tareas de protecci\u00f3n de sus mostradores y paradas<\/strong>\u201d, ha se\u00f1alado Ortega.<\/p>\n<p>Desde la Asociaci\u00f3n de vendedores del Mercado del Cabanyal <strong>agradecen la labor de la Concejal\u00eda y la celeridad,<\/strong> con que se ha reaccionado en la toma de decisiones <strong>ante una situaci\u00f3n sobrevenida de deterioro del techo, que implicaba la imprescindible necesidad de llevar a cabo obras de manera inmediata.\u00a0 <\/strong><\/p>\n<p><strong>Los vendedores del Mercado del Cabanyal est\u00e1n comunicando a sus clientes este cierre provisional por la reforma urgente<\/strong>, en la que se ha aprovechado este mes de agosto para su ejecuci\u00f3n, y que <strong>a la vuelta de vacaciones el 1 de septiembre el mercado est\u00e9 a pleno rendimiento, con su actividad habitual<\/strong>, ofreciendo un servicio, pr\u00f3ximo, especializado, con amplia oferta comercial y el mejor producto a los ciudadanos.<\/p>\n<p><strong>Alicia Garc\u00eda, coordinadora de los mercados de Valencia de Confemercats, organizaci\u00f3n que nace en el seno de Confecomer\u00e7<\/strong> ha apuntado que \u201cera <strong>urgente la reparaci\u00f3n del techo, por lo que se ha adoptado la decisi\u00f3n que menos perjuicio ocasiona tanto a vendedores como a los clientes<\/strong>. Estas obras permitir\u00e1n el <strong>acondicionamiento de uno de los mercados emblem\u00e1ticos de la ciudad de Val\u00e8ncia<\/strong>, ofreciendo las <strong>mejores garant\u00edas y el mejor servicio al ciudadano<\/strong>. Agradecemos la labor que est\u00e1 realizando el <strong>concejal en el estudio y mejora de las instalaciones de nuestros mercados municipales<\/strong>, que representan la base del comercio de proximidad, y que son todo un referente de promoci\u00f3n de nuestros productos aut\u00f3ctonos y singulares\u201d.<\/p>\n<p><a href=\"https:\/\/confecomerc.es\/wp-content\/uploads\/2023\/07\/FOTO-REUNION-MERCADO-CABANYAL-8_07_2023-1024x768.jpg\"><img decoding=\"async\" class=\"aligncenter wp-image-260936 size-large\" src=\"https:\/\/confecomerc.es\/wp-content\/uploads\/2023\/07\/FOTO-REUNION-MERCADO-CABANYAL-8_07_2023-1024x768.jpg\" alt=\"\" width=\"1024\" height=\"768\" srcset=\"https:\/\/confecomerc.es\/wp-content\/uploads\/2023\/07\/FOTO-REUNION-MERCADO-CABANYAL-8_07_2023-980x735.jpg 980w, https:\/\/confecomerc.es\/wp-content\/uploads\/2023\/07\/FOTO-REUNION-MERCADO-CABANYAL-8_07_2023-480x360.jpg 480w\" sizes=\"(min-width: 0px) and (max-width: 480px) 480px, (min-width: 481px) and (max-width: 980px) 980px, (min-width: 981px) 1024px, 100vw\" \/><\/a><\/p>\n","protected":false},"excerpt":{"rendered":"<p>La Asociaci\u00f3n de Vendedores del Mercado del Cabanyal celebr\u00f3 una reuni\u00f3n informativa, a la que asisti\u00f3 el concejal de Mercados, Santiago Ballester, junto a t\u00e9cnicos municipales para abordar conjuntamente las obras del edificio, as\u00ed como los plazos previstos de ejecuci\u00f3n de la reforma.<\/p>\n","protected":false},"author":1,"featured_media":260937,"comment_status":"closed","ping_status":"open","sticky":false,"template":"","format":"standard","meta":{"_et_pb_use_builder":"","_et_pb_old_content":"","_et_gb_content_width":"","footnotes":""},"categories":[613,3051],"tags":[4249,4250],"class_list":["post-262360","post","type-post","status-publish","format-standard","has-post-thumbnail","hentry","category-associats-confecomerc-cv","category-confemercats-va","tag-asociacion-de-vendedores-del-mercado-del-cabanyal-va","tag-mercado-del-cabanyal-va"],"yoast_head":"<!-- This site is optimized with the Yoast SEO plugin v27.3 - https:\/\/yoast.com\/product\/yoast-seo-wordpress\/ -->\n<title>El Mercado del Cabanyal cerrar\u00e1 provisionalmente en agosto para acometer obras en el techo del edificio - Confecomer\u00e7<\/title>\n<meta name=\"robots\" content=\"index, follow, max-snippet:-1, max-image-preview:large, max-video-preview:-1\" \/>\n<link rel=\"canonical\" href=\"https:\/\/confecomerc.es\/va\/el-mercado-del-cabanyal-cerrara-provisionalmente-en-agosto-para-acometer-obras-en-el-techo-del-edificio\/\" \/>\n<meta property=\"og:locale\" content=\"en_US\" \/>\n<meta property=\"og:type\" content=\"article\" \/>\n<meta property=\"og:title\" content=\"El Mercado del Cabanyal cerrar\u00e1 provisionalmente en agosto para acometer obras en el techo del edificio - Confecomer\u00e7\" \/>\n<meta property=\"og:description\" content=\"La Asociaci\u00f3n de Vendedores del Mercado del Cabanyal celebr\u00f3 una reuni\u00f3n informativa, a la que asisti\u00f3 el concejal de Mercados, Santiago Ballester, junto a t\u00e9cnicos municipales para abordar conjuntamente las obras del edificio, as\u00ed como los plazos previstos de ejecuci\u00f3n de la reforma.\" \/>\n<meta property=\"og:url\" content=\"https:\/\/confecomerc.es\/va\/el-mercado-del-cabanyal-cerrara-provisionalmente-en-agosto-para-acometer-obras-en-el-techo-del-edificio\/\" \/>\n<meta property=\"og:site_name\" content=\"Confecomer\u00e7\" \/>\n<meta property=\"article:published_time\" content=\"2023-07-19T15:16:22+00:00\" \/>\n<meta property=\"og:image\" content=\"https:\/\/confecomerc.es\/wp-content\/uploads\/2023\/07\/FOTO-REUNION-MERCADO-CABANYAL-8_07_2023-1024x768.jpg\" \/>\n<meta name=\"author\" content=\"CONFECOMER\u00c7 CV\" \/>\n<meta name=\"twitter:card\" content=\"summary_large_image\" \/>\n<meta name=\"twitter:label1\" content=\"Written by\" \/>\n\t<meta name=\"twitter:data1\" content=\"CONFECOMER\u00c7 CV\" \/>\n\t<meta name=\"twitter:label2\" content=\"Est. reading time\" \/>\n\t<meta name=\"twitter:data2\" content=\"3 minutes\" \/>\n<script type=\"application\/ld+json\" class=\"yoast-schema-graph\">{\"@context\":\"https:\\\/\\\/schema.org\",\"@graph\":[{\"@type\":\"Article\",\"@id\":\"https:\\\/\\\/confecomerc.es\\\/va\\\/el-mercado-del-cabanyal-cerrara-provisionalmente-en-agosto-para-acometer-obras-en-el-techo-del-edificio\\\/#article\",\"isPartOf\":{\"@id\":\"https:\\\/\\\/confecomerc.es\\\/va\\\/el-mercado-del-cabanyal-cerrara-provisionalmente-en-agosto-para-acometer-obras-en-el-techo-del-edificio\\\/\"},\"author\":{\"name\":\"CONFECOMER\u00c7 CV\",\"@id\":\"https:\\\/\\\/confecomerc.es\\\/#\\\/schema\\\/person\\\/23aa6211544dad9fa6ee269977b0a823\"},\"headline\":\"El Mercado del Cabanyal cerrar\u00e1 provisionalmente en agosto para acometer obras en el techo del edificio\",\"datePublished\":\"2023-07-19T15:16:22+00:00\",\"mainEntityOfPage\":{\"@id\":\"https:\\\/\\\/confecomerc.es\\\/va\\\/el-mercado-del-cabanyal-cerrara-provisionalmente-en-agosto-para-acometer-obras-en-el-techo-del-edificio\\\/\"},\"wordCount\":531,\"image\":{\"@id\":\"https:\\\/\\\/confecomerc.es\\\/va\\\/el-mercado-del-cabanyal-cerrara-provisionalmente-en-agosto-para-acometer-obras-en-el-techo-del-edificio\\\/#primaryimage\"},\"thumbnailUrl\":\"https:\\\/\\\/confecomerc.es\\\/wp-content\\\/uploads\\\/2023\\\/07\\\/FOTO-REUNION-MERCADO-CABANYAL-8_07_2023.jpg\",\"keywords\":[\"Asociaci\u00f3n de Vendedores del Mercado del Cabanyal\",\"Mercado del Cabanyal\"],\"articleSection\":[\"Associats Confecomer\u00e7 Cv\",\"Confemercats\"],\"inLanguage\":\"va-VA\"},{\"@type\":\"WebPage\",\"@id\":\"https:\\\/\\\/confecomerc.es\\\/va\\\/el-mercado-del-cabanyal-cerrara-provisionalmente-en-agosto-para-acometer-obras-en-el-techo-del-edificio\\\/\",\"url\":\"https:\\\/\\\/confecomerc.es\\\/va\\\/el-mercado-del-cabanyal-cerrara-provisionalmente-en-agosto-para-acometer-obras-en-el-techo-del-edificio\\\/\",\"name\":\"El Mercado del Cabanyal cerrar\u00e1 provisionalmente en agosto para acometer obras en el techo del edificio - Confecomer\u00e7\",\"isPartOf\":{\"@id\":\"https:\\\/\\\/confecomerc.es\\\/#website\"},\"primaryImageOfPage\":{\"@id\":\"https:\\\/\\\/confecomerc.es\\\/va\\\/el-mercado-del-cabanyal-cerrara-provisionalmente-en-agosto-para-acometer-obras-en-el-techo-del-edificio\\\/#primaryimage\"},\"image\":{\"@id\":\"https:\\\/\\\/confecomerc.es\\\/va\\\/el-mercado-del-cabanyal-cerrara-provisionalmente-en-agosto-para-acometer-obras-en-el-techo-del-edificio\\\/#primaryimage\"},\"thumbnailUrl\":\"https:\\\/\\\/confecomerc.es\\\/wp-content\\\/uploads\\\/2023\\\/07\\\/FOTO-REUNION-MERCADO-CABANYAL-8_07_2023.jpg\",\"datePublished\":\"2023-07-19T15:16:22+00:00\",\"author\":{\"@id\":\"https:\\\/\\\/confecomerc.es\\\/#\\\/schema\\\/person\\\/23aa6211544dad9fa6ee269977b0a823\"},\"breadcrumb\":{\"@id\":\"https:\\\/\\\/confecomerc.es\\\/va\\\/el-mercado-del-cabanyal-cerrara-provisionalmente-en-agosto-para-acometer-obras-en-el-techo-del-edificio\\\/#breadcrumb\"},\"inLanguage\":\"va-VA\",\"potentialAction\":[{\"@type\":\"ReadAction\",\"target\":[\"https:\\\/\\\/confecomerc.es\\\/va\\\/el-mercado-del-cabanyal-cerrara-provisionalmente-en-agosto-para-acometer-obras-en-el-techo-del-edificio\\\/\"]}]},{\"@type\":\"ImageObject\",\"inLanguage\":\"va-VA\",\"@id\":\"https:\\\/\\\/confecomerc.es\\\/va\\\/el-mercado-del-cabanyal-cerrara-provisionalmente-en-agosto-para-acometer-obras-en-el-techo-del-edificio\\\/#primaryimage\",\"url\":\"https:\\\/\\\/confecomerc.es\\\/wp-content\\\/uploads\\\/2023\\\/07\\\/FOTO-REUNION-MERCADO-CABANYAL-8_07_2023.jpg\",\"contentUrl\":\"https:\\\/\\\/confecomerc.es\\\/wp-content\\\/uploads\\\/2023\\\/07\\\/FOTO-REUNION-MERCADO-CABANYAL-8_07_2023.jpg\",\"width\":1600,\"height\":1200},{\"@type\":\"BreadcrumbList\",\"@id\":\"https:\\\/\\\/confecomerc.es\\\/va\\\/el-mercado-del-cabanyal-cerrara-provisionalmente-en-agosto-para-acometer-obras-en-el-techo-del-edificio\\\/#breadcrumb\",\"itemListElement\":[{\"@type\":\"ListItem\",\"position\":1,\"name\":\"Home\",\"item\":\"https:\\\/\\\/confecomerc.es\\\/va\\\/confecomerc-cv\\\/\"},{\"@type\":\"ListItem\",\"position\":2,\"name\":\"El Mercado del Cabanyal cerrar\u00e1 provisionalmente en agosto para acometer obras en el techo del edificio\"}]},{\"@type\":\"WebSite\",\"@id\":\"https:\\\/\\\/confecomerc.es\\\/#website\",\"url\":\"https:\\\/\\\/confecomerc.es\\\/\",\"name\":\"Confecomer\u00e7\",\"description\":\"Confederaci\u00f3 de Comer\u00e7 d\u2019alacant, Castell\u00f3 i Val\u00e8ncia\",\"potentialAction\":[{\"@type\":\"SearchAction\",\"target\":{\"@type\":\"EntryPoint\",\"urlTemplate\":\"https:\\\/\\\/confecomerc.es\\\/?s={search_term_string}\"},\"query-input\":{\"@type\":\"PropertyValueSpecification\",\"valueRequired\":true,\"valueName\":\"search_term_string\"}}],\"inLanguage\":\"va-VA\"},{\"@type\":\"Person\",\"@id\":\"https:\\\/\\\/confecomerc.es\\\/#\\\/schema\\\/person\\\/23aa6211544dad9fa6ee269977b0a823\",\"name\":\"CONFECOMER\u00c7 CV\",\"url\":\"https:\\\/\\\/confecomerc.es\\\/va\\\/author\\\/confe-admin-cv\\\/\"}]}<\/script>\n<!-- \/ Yoast SEO plugin. -->","yoast_head_json":{"title":"El Mercado del Cabanyal cerrar\u00e1 provisionalmente en agosto para acometer obras en el techo del edificio - Confecomer\u00e7","robots":{"index":"index","follow":"follow","max-snippet":"max-snippet:-1","max-image-preview":"max-image-preview:large","max-video-preview":"max-video-preview:-1"},"canonical":"https:\/\/confecomerc.es\/va\/el-mercado-del-cabanyal-cerrara-provisionalmente-en-agosto-para-acometer-obras-en-el-techo-del-edificio\/","og_locale":"en_US","og_type":"article","og_title":"El Mercado del Cabanyal cerrar\u00e1 provisionalmente en agosto para acometer obras en el techo del edificio - Confecomer\u00e7","og_description":"La Asociaci\u00f3n de Vendedores del Mercado del Cabanyal celebr\u00f3 una reuni\u00f3n informativa, a la que asisti\u00f3 el concejal de Mercados, Santiago Ballester, junto a t\u00e9cnicos municipales para abordar conjuntamente las obras del edificio, as\u00ed como los plazos previstos de ejecuci\u00f3n de la reforma.","og_url":"https:\/\/confecomerc.es\/va\/el-mercado-del-cabanyal-cerrara-provisionalmente-en-agosto-para-acometer-obras-en-el-techo-del-edificio\/","og_site_name":"Confecomer\u00e7","article_published_time":"2023-07-19T15:16:22+00:00","og_image":[{"url":"https:\/\/confecomerc.es\/wp-content\/uploads\/2023\/07\/FOTO-REUNION-MERCADO-CABANYAL-8_07_2023-1024x768.jpg","type":"","width":"","height":""}],"author":"CONFECOMER\u00c7 CV","twitter_card":"summary_large_image","twitter_misc":{"Written by":"CONFECOMER\u00c7 CV","Est. reading time":"3 minutes"},"schema":{"@context":"https:\/\/schema.org","@graph":[{"@type":"Article","@id":"https:\/\/confecomerc.es\/va\/el-mercado-del-cabanyal-cerrara-provisionalmente-en-agosto-para-acometer-obras-en-el-techo-del-edificio\/#article","isPartOf":{"@id":"https:\/\/confecomerc.es\/va\/el-mercado-del-cabanyal-cerrara-provisionalmente-en-agosto-para-acometer-obras-en-el-techo-del-edificio\/"},"author":{"name":"CONFECOMER\u00c7 CV","@id":"https:\/\/confecomerc.es\/#\/schema\/person\/23aa6211544dad9fa6ee269977b0a823"},"headline":"El Mercado del Cabanyal cerrar\u00e1 provisionalmente en agosto para acometer obras en el techo del edificio","datePublished":"2023-07-19T15:16:22+00:00","mainEntityOfPage":{"@id":"https:\/\/confecomerc.es\/va\/el-mercado-del-cabanyal-cerrara-provisionalmente-en-agosto-para-acometer-obras-en-el-techo-del-edificio\/"},"wordCount":531,"image":{"@id":"https:\/\/confecomerc.es\/va\/el-mercado-del-cabanyal-cerrara-provisionalmente-en-agosto-para-acometer-obras-en-el-techo-del-edificio\/#primaryimage"},"thumbnailUrl":"https:\/\/confecomerc.es\/wp-content\/uploads\/2023\/07\/FOTO-REUNION-MERCADO-CABANYAL-8_07_2023.jpg","keywords":["Asociaci\u00f3n de Vendedores del Mercado del Cabanyal","Mercado del Cabanyal"],"articleSection":["Associats Confecomer\u00e7 Cv","Confemercats"],"inLanguage":"va-VA"},{"@type":"WebPage","@id":"https:\/\/confecomerc.es\/va\/el-mercado-del-cabanyal-cerrara-provisionalmente-en-agosto-para-acometer-obras-en-el-techo-del-edificio\/","url":"https:\/\/confecomerc.es\/va\/el-mercado-del-cabanyal-cerrara-provisionalmente-en-agosto-para-acometer-obras-en-el-techo-del-edificio\/","name":"El Mercado del Cabanyal cerrar\u00e1 provisionalmente en agosto para acometer obras en el techo del edificio - Confecomer\u00e7","isPartOf":{"@id":"https:\/\/confecomerc.es\/#website"},"primaryImageOfPage":{"@id":"https:\/\/confecomerc.es\/va\/el-mercado-del-cabanyal-cerrara-provisionalmente-en-agosto-para-acometer-obras-en-el-techo-del-edificio\/#primaryimage"},"image":{"@id":"https:\/\/confecomerc.es\/va\/el-mercado-del-cabanyal-cerrara-provisionalmente-en-agosto-para-acometer-obras-en-el-techo-del-edificio\/#primaryimage"},"thumbnailUrl":"https:\/\/confecomerc.es\/wp-content\/uploads\/2023\/07\/FOTO-REUNION-MERCADO-CABANYAL-8_07_2023.jpg","datePublished":"2023-07-19T15:16:22+00:00","author":{"@id":"https:\/\/confecomerc.es\/#\/schema\/person\/23aa6211544dad9fa6ee269977b0a823"},"breadcrumb":{"@id":"https:\/\/confecomerc.es\/va\/el-mercado-del-cabanyal-cerrara-provisionalmente-en-agosto-para-acometer-obras-en-el-techo-del-edificio\/#breadcrumb"},"inLanguage":"va-VA","potentialAction":[{"@type":"ReadAction","target":["https:\/\/confecomerc.es\/va\/el-mercado-del-cabanyal-cerrara-provisionalmente-en-agosto-para-acometer-obras-en-el-techo-del-edificio\/"]}]},{"@type":"ImageObject","inLanguage":"va-VA","@id":"https:\/\/confecomerc.es\/va\/el-mercado-del-cabanyal-cerrara-provisionalmente-en-agosto-para-acometer-obras-en-el-techo-del-edificio\/#primaryimage","url":"https:\/\/confecomerc.es\/wp-content\/uploads\/2023\/07\/FOTO-REUNION-MERCADO-CABANYAL-8_07_2023.jpg","contentUrl":"https:\/\/confecomerc.es\/wp-content\/uploads\/2023\/07\/FOTO-REUNION-MERCADO-CABANYAL-8_07_2023.jpg","width":1600,"height":1200},{"@type":"BreadcrumbList","@id":"https:\/\/confecomerc.es\/va\/el-mercado-del-cabanyal-cerrara-provisionalmente-en-agosto-para-acometer-obras-en-el-techo-del-edificio\/#breadcrumb","itemListElement":[{"@type":"ListItem","position":1,"name":"Home","item":"https:\/\/confecomerc.es\/va\/confecomerc-cv\/"},{"@type":"ListItem","position":2,"name":"El Mercado del Cabanyal cerrar\u00e1 provisionalmente en agosto para acometer obras en el techo del edificio"}]},{"@type":"WebSite","@id":"https:\/\/confecomerc.es\/#website","url":"https:\/\/confecomerc.es\/","name":"Confecomer\u00e7","description":"Confederaci\u00f3 de Comer\u00e7 d\u2019alacant, Castell\u00f3 i Val\u00e8ncia","potentialAction":[{"@type":"SearchAction","target":{"@type":"EntryPoint","urlTemplate":"https:\/\/confecomerc.es\/?s={search_term_string}"},"query-input":{"@type":"PropertyValueSpecification","valueRequired":true,"valueName":"search_term_string"}}],"inLanguage":"va-VA"},{"@type":"Person","@id":"https:\/\/confecomerc.es\/#\/schema\/person\/23aa6211544dad9fa6ee269977b0a823","name":"CONFECOMER\u00c7 CV","url":"https:\/\/confecomerc.es\/va\/author\/confe-admin-cv\/"}]}},"_links":{"self":[{"href":"https:\/\/confecomerc.es\/va\/wp-json\/wp\/v2\/posts\/262360","targetHints":{"allow":["GET"]}}],"collection":[{"href":"https:\/\/confecomerc.es\/va\/wp-json\/wp\/v2\/posts"}],"about":[{"href":"https:\/\/confecomerc.es\/va\/wp-json\/wp\/v2\/types\/post"}],"author":[{"embeddable":true,"href":"https:\/\/confecomerc.es\/va\/wp-json\/wp\/v2\/users\/1"}],"replies":[{"embeddable":true,"href":"https:\/\/confecomerc.es\/va\/wp-json\/wp\/v2\/comments?post=262360"}],"version-history":[{"count":0,"href":"https:\/\/confecomerc.es\/va\/wp-json\/wp\/v2\/posts\/262360\/revisions"}],"wp:featuredmedia":[{"embeddable":true,"href":"https:\/\/confecomerc.es\/va\/wp-json\/wp\/v2\/media\/260937"}],"wp:attachment":[{"href":"https:\/\/confecomerc.es\/va\/wp-json\/wp\/v2\/media?parent=262360"}],"wp:term":[{"taxonomy":"category","embeddable":true,"href":"https:\/\/confecomerc.es\/va\/wp-json\/wp\/v2\/categories?post=262360"},{"taxonomy":"post_tag","embeddable":true,"href":"https:\/\/confecomerc.es\/va\/wp-json\/wp\/v2\/tags?post=262360"}],"curies":[{"name":"wp","href":"https:\/\/api.w.org\/{rel}","templated":true}]}}