{"id":263255,"date":"2024-03-21T09:24:12","date_gmt":"2024-03-21T08:24:12","guid":{"rendered":"https:\/\/confecomerc.es\/?p=263255"},"modified":"2024-03-21T09:24:12","modified_gmt":"2024-03-21T08:24:12","slug":"el-mercat-central-celebra-el-seu-96e-aniversari-coincidint-amb-el-dia-mundial-dels-drets-de-les-persones-consumidores","status":"publish","type":"post","link":"https:\/\/confecomerc.es\/va\/el-mercat-central-celebra-el-seu-96e-aniversari-coincidint-amb-el-dia-mundial-dels-drets-de-les-persones-consumidores\/","title":{"rendered":"El Mercat Central celebra el seu 96\u00e9 aniversari coincidint amb el Dia Mundial dels Drets de les Persones Consumidores"},"content":{"rendered":"<h5><strong>Ajuntament i Generalitat posen en valor el producte de proximitat i informen els consumidors sobre els seus drets<\/strong><\/h5>\n<h5>\n<strong>L&#8217;Associaci\u00f3 de Venedors agra\u00efx als seus clients la seua confian\u00e7a en el compte arrere del seu centenari i els convida a fotografiar-se sota la seua c\u00fapula<\/strong><\/h5>\n<p><strong>El Mercat Central de Val\u00e8ncia<\/strong> celebra esta setmana el seu <strong>96\u00e9 aniversari<\/strong>, des que va obrir les seues portes al p\u00fablic el 15 de mar\u00e7 de 1928, coincidint amb la celebraci\u00f3 del<strong> Dia Mundial dels Drets de les Persones Consumidores<\/strong>.<\/p>\n<p>Amb motiu d&#8217;aquesta data, l&#8217;Ajuntament de Val\u00e8ncia, amb la pres\u00e8ncia del regidor de Sanitat i Consum, Jos\u00e9 Gos\u00e1lbez, ha programat diferents activitats sota el lema \u2018Consumidor informat, consum garantit\u2019, dirigides a tota la poblaci\u00f3, a les quals s&#8217;ha convidat a participar a les associacions de consumidors i usuaris, que tindran hui com a escenari el Mercat Central de Val\u00e8ncia.<\/p>\n<p>L&#8217;Ajuntament a trav\u00e9s de la Regidoria de Sanitat i Consum, entregar\u00e0 als assistents productes dels agricultors que es venen en el Mercat Central, posant d&#8217;esta manera en valor el producte de proximitat i als venedors que compaginen el treball de les seues terres amb la venda en el mercat.<\/p>\n<p>A m\u00e9s, en este dia, les associacions en defensa de les persones consumidores, informaran els assistents, en l&#8217;\u00e0mbit de les seues compet\u00e8ncies i capacitats, sobre els drets, defensa i accions que poden realitzar en l&#8217;\u00e0mbit del consum.<\/p>\n<p>Dem\u00e0 divendres, el Mercat Central, amb motiu del Dia Mundial dels Drets de les Persones Consumidores, convidar\u00e0 als seus clients a fotografiar-se sota la gran c\u00fapula central al costat del missatge que recorda el compte arrere fins al 100\u00e9 aniversari, amb el missatge \u201996 anys. Amb tu des de 1928. 4 per a cent\u2019. D&#8217;esta manera, l&#8217;Associaci\u00f3 de Venedors del Mercat Central vol expressar el seu agra\u00efment als seus clients, que s\u00f3n la seua ra\u00f3 de ser, l&#8217;haver aconseguit complir tants anys al seu costat, adaptant-se a les tend\u00e8ncies dels nous temps mantenint intacta la seua ess\u00e8ncia com a mercat tradicional.<\/p>\n<p>Este dia la Direcci\u00f3 General de Comer\u00e7, Artesania i Consum de la Conselleria d&#8217;Innovaci\u00f3, Ind\u00fastria, Comerio i Turisme de la Generalitat Valenciana, amb l&#8217;assist\u00e8ncia de la directora general, Maribel S\u00e1ez Mart\u00ednez, instal\u00b7lar\u00e0 una taula en el Mercat Central amb la finalitat d&#8217;informar les persones consumidores, amb la col\u00b7laboraci\u00f3 de diferents associacions de consumidors i usuaris, sobre els seus drets i com exercir-los.<\/p>\n<h4><strong>Un mercat emblem\u00e0tic cam\u00ed dels cent anys que ha sabut actualitzar-se<\/strong><\/h4>\n<p>L&#8217;espai que actualment ocupa el Mercat Central va ser l&#8217;empla\u00e7ament habitual dels mercats ambulants fins que, en el mateix lloc, es va situar, en 1839, el Mercat Nou, un mercat descobert que a la fi del segle XIX va mostrar ser clarament insuficient per a la ciutat.<\/p>\n<p>Per\u00a0aquest\u00a0motiu, l&#8217;Ajuntament de Val\u00e8ncia va convocar dos concursos per a la construcci\u00f3 del nou mercat. En el concurs de 1910, va guanyar el projecte dels arquitectes\u00a0<span class=\"hiddenSpellError\">Alejandro<\/span> Soler March i Francisco <span class=\"hiddenSpellError\">Guardia<\/span> Viari, que van modificar en 1914. L&#8217;obra la van acabar, en 1928, els arquitectes <span class=\"hiddenSpellError\">Enrique<\/span>\u00a0Viedma i\u00a0<span class=\"hiddenSpellError\">\u00c1ngel<\/span> Roman\u00ed.<\/p>\n<p>Alfons XIII va protagonitzar l&#8217;acte protocol\u00b7lari amb qu\u00e8 es van iniciar els enderrocaments. El 24 d&#8217;octubre de 1910, amb una piqueta de plata va donar diversos colps en el mur del n\u00famero 24 de la pla\u00e7a del Mercat. El 23 de gener de 1928, es va inaugurar l&#8217;actual edifici del Mercat Central, amb un gran menjar ben\u00e8fic, a la qual es va convidar a 1.400 persones necessitades a les quals es va servir un plat de paella, un altre de peix, postres, aigua i vi, i entre les quals es va repartir una tona de fruita. El 15 de mar\u00e7 de 1928 el Mercat Central de Val\u00e8ncia va obrir\u00a0les portes\u00a0al p\u00fablic.<\/p>\n<p>Des de llavors, el Mercat Central ha sabut adequar-se a cada moment al llarg de la seua hist\u00f2ria. La seua aposta per les noves tecnologies ha perm\u00e9s incorporar, al costat de la compra presencial, la compra en l\u00ednia i impulsar servicis com el de Lliurament a domicili i Consigna Frigor\u00edfica.<\/p>\n<p>En els seus quasi 300 llocs es poden trobar prop de 20.000 productes com a fruita, verdura, pollastre, carn, peix, menjades per a portar, vins, productes gurmet, fruita seca, congelats, salaons&#8230; i qualsevol recipient per a cuinar-los a casa.<\/p>\n","protected":false},"excerpt":{"rendered":"<p>Ajuntament i Generalitat posen en valor el producte de proximitat i informen els consumidors sobre els seus drets L&#8217;Associaci\u00f3 de Venedors agra\u00efx als seus clients la seua confian\u00e7a en el compte arrere del seu centenari i els convida a fotografiar-se sota la seua c\u00fapula El Mercat Central de Val\u00e8ncia celebra esta setmana el seu 96\u00e9 [&hellip;]<\/p>\n","protected":false},"author":3,"featured_media":263250,"comment_status":"closed","ping_status":"open","sticky":false,"template":"","format":"standard","meta":{"_et_pb_use_builder":"","_et_pb_old_content":"","_et_gb_content_width":"","footnotes":""},"categories":[613],"tags":[3015,3221,3054],"class_list":["post-263255","post","type-post","status-publish","format-standard","has-post-thumbnail","hentry","category-associats-confecomerc-cv","tag-mercado-central-valencia-va","tag-mercados-tradicionales-va","tag-mercat-central-valencia-va"],"yoast_head":"<!-- This site is optimized with the Yoast SEO plugin v27.3 - https:\/\/yoast.com\/product\/yoast-seo-wordpress\/ -->\n<title>El Mercat Central celebra el seu 96\u00e9 aniversari coincidint amb el Dia Mundial dels Drets de les Persones Consumidores - Confecomer\u00e7<\/title>\n<meta name=\"robots\" content=\"index, follow, max-snippet:-1, max-image-preview:large, max-video-preview:-1\" \/>\n<link rel=\"canonical\" href=\"https:\/\/confecomerc.es\/va\/el-mercat-central-celebra-el-seu-96e-aniversari-coincidint-amb-el-dia-mundial-dels-drets-de-les-persones-consumidores\/\" \/>\n<meta property=\"og:locale\" content=\"en_US\" \/>\n<meta property=\"og:type\" content=\"article\" \/>\n<meta property=\"og:title\" content=\"El Mercat Central celebra el seu 96\u00e9 aniversari coincidint amb el Dia Mundial dels Drets de les Persones Consumidores - Confecomer\u00e7\" \/>\n<meta property=\"og:description\" content=\"Ajuntament i Generalitat posen en valor el producte de proximitat i informen els consumidors sobre els seus drets L&#8217;Associaci\u00f3 de Venedors agra\u00efx als seus clients la seua confian\u00e7a en el compte arrere del seu centenari i els convida a fotografiar-se sota la seua c\u00fapula El Mercat Central de Val\u00e8ncia celebra esta setmana el seu 96\u00e9 [&hellip;]\" \/>\n<meta property=\"og:url\" content=\"https:\/\/confecomerc.es\/va\/el-mercat-central-celebra-el-seu-96e-aniversari-coincidint-amb-el-dia-mundial-dels-drets-de-les-persones-consumidores\/\" \/>\n<meta property=\"og:site_name\" content=\"Confecomer\u00e7\" \/>\n<meta property=\"article:published_time\" content=\"2024-03-21T08:24:12+00:00\" \/>\n<meta property=\"og:image\" content=\"https:\/\/confecomerc.es\/wp-content\/uploads\/2024\/03\/FOTO-96-ANOS-MERCADO-CENTRAL.jpeg\" \/>\n\t<meta property=\"og:image:width\" content=\"2048\" \/>\n\t<meta property=\"og:image:height\" content=\"1202\" \/>\n\t<meta property=\"og:image:type\" content=\"image\/jpeg\" \/>\n<meta name=\"author\" content=\"CONFECOMER\u00c7 CV\" \/>\n<meta name=\"twitter:card\" content=\"summary_large_image\" \/>\n<meta name=\"twitter:label1\" content=\"Written by\" \/>\n\t<meta name=\"twitter:data1\" content=\"CONFECOMER\u00c7 CV\" \/>\n\t<meta name=\"twitter:label2\" content=\"Est. reading time\" \/>\n\t<meta name=\"twitter:data2\" content=\"4 minutes\" \/>\n<script type=\"application\/ld+json\" class=\"yoast-schema-graph\">{\"@context\":\"https:\\\/\\\/schema.org\",\"@graph\":[{\"@type\":\"Article\",\"@id\":\"https:\\\/\\\/confecomerc.es\\\/va\\\/el-mercat-central-celebra-el-seu-96e-aniversari-coincidint-amb-el-dia-mundial-dels-drets-de-les-persones-consumidores\\\/#article\",\"isPartOf\":{\"@id\":\"https:\\\/\\\/confecomerc.es\\\/va\\\/el-mercat-central-celebra-el-seu-96e-aniversari-coincidint-amb-el-dia-mundial-dels-drets-de-les-persones-consumidores\\\/\"},\"author\":{\"name\":\"CONFECOMER\u00c7 CV\",\"@id\":\"https:\\\/\\\/confecomerc.es\\\/#\\\/schema\\\/person\\\/e52b1f5c6a309fabed634b2ee9158cbe\"},\"headline\":\"El Mercat Central celebra el seu 96\u00e9 aniversari coincidint amb el Dia Mundial dels Drets de les Persones Consumidores\",\"datePublished\":\"2024-03-21T08:24:12+00:00\",\"mainEntityOfPage\":{\"@id\":\"https:\\\/\\\/confecomerc.es\\\/va\\\/el-mercat-central-celebra-el-seu-96e-aniversari-coincidint-amb-el-dia-mundial-dels-drets-de-les-persones-consumidores\\\/\"},\"wordCount\":759,\"image\":{\"@id\":\"https:\\\/\\\/confecomerc.es\\\/va\\\/el-mercat-central-celebra-el-seu-96e-aniversari-coincidint-amb-el-dia-mundial-dels-drets-de-les-persones-consumidores\\\/#primaryimage\"},\"thumbnailUrl\":\"https:\\\/\\\/confecomerc.es\\\/wp-content\\\/uploads\\\/2024\\\/03\\\/FOTO-96-ANOS-MERCADO-CENTRAL.jpeg\",\"keywords\":[\"mercado central valencia\",\"Mercados Tradicionales\",\"mercat central valencia\"],\"articleSection\":[\"Associats Confecomer\u00e7 Cv\"],\"inLanguage\":\"va-VA\"},{\"@type\":\"WebPage\",\"@id\":\"https:\\\/\\\/confecomerc.es\\\/va\\\/el-mercat-central-celebra-el-seu-96e-aniversari-coincidint-amb-el-dia-mundial-dels-drets-de-les-persones-consumidores\\\/\",\"url\":\"https:\\\/\\\/confecomerc.es\\\/va\\\/el-mercat-central-celebra-el-seu-96e-aniversari-coincidint-amb-el-dia-mundial-dels-drets-de-les-persones-consumidores\\\/\",\"name\":\"El Mercat Central celebra el seu 96\u00e9 aniversari coincidint amb el Dia Mundial dels Drets de les Persones Consumidores - Confecomer\u00e7\",\"isPartOf\":{\"@id\":\"https:\\\/\\\/confecomerc.es\\\/#website\"},\"primaryImageOfPage\":{\"@id\":\"https:\\\/\\\/confecomerc.es\\\/va\\\/el-mercat-central-celebra-el-seu-96e-aniversari-coincidint-amb-el-dia-mundial-dels-drets-de-les-persones-consumidores\\\/#primaryimage\"},\"image\":{\"@id\":\"https:\\\/\\\/confecomerc.es\\\/va\\\/el-mercat-central-celebra-el-seu-96e-aniversari-coincidint-amb-el-dia-mundial-dels-drets-de-les-persones-consumidores\\\/#primaryimage\"},\"thumbnailUrl\":\"https:\\\/\\\/confecomerc.es\\\/wp-content\\\/uploads\\\/2024\\\/03\\\/FOTO-96-ANOS-MERCADO-CENTRAL.jpeg\",\"datePublished\":\"2024-03-21T08:24:12+00:00\",\"author\":{\"@id\":\"https:\\\/\\\/confecomerc.es\\\/#\\\/schema\\\/person\\\/e52b1f5c6a309fabed634b2ee9158cbe\"},\"breadcrumb\":{\"@id\":\"https:\\\/\\\/confecomerc.es\\\/va\\\/el-mercat-central-celebra-el-seu-96e-aniversari-coincidint-amb-el-dia-mundial-dels-drets-de-les-persones-consumidores\\\/#breadcrumb\"},\"inLanguage\":\"va-VA\",\"potentialAction\":[{\"@type\":\"ReadAction\",\"target\":[\"https:\\\/\\\/confecomerc.es\\\/va\\\/el-mercat-central-celebra-el-seu-96e-aniversari-coincidint-amb-el-dia-mundial-dels-drets-de-les-persones-consumidores\\\/\"]}]},{\"@type\":\"ImageObject\",\"inLanguage\":\"va-VA\",\"@id\":\"https:\\\/\\\/confecomerc.es\\\/va\\\/el-mercat-central-celebra-el-seu-96e-aniversari-coincidint-amb-el-dia-mundial-dels-drets-de-les-persones-consumidores\\\/#primaryimage\",\"url\":\"https:\\\/\\\/confecomerc.es\\\/wp-content\\\/uploads\\\/2024\\\/03\\\/FOTO-96-ANOS-MERCADO-CENTRAL.jpeg\",\"contentUrl\":\"https:\\\/\\\/confecomerc.es\\\/wp-content\\\/uploads\\\/2024\\\/03\\\/FOTO-96-ANOS-MERCADO-CENTRAL.jpeg\",\"width\":2048,\"height\":1202},{\"@type\":\"BreadcrumbList\",\"@id\":\"https:\\\/\\\/confecomerc.es\\\/va\\\/el-mercat-central-celebra-el-seu-96e-aniversari-coincidint-amb-el-dia-mundial-dels-drets-de-les-persones-consumidores\\\/#breadcrumb\",\"itemListElement\":[{\"@type\":\"ListItem\",\"position\":1,\"name\":\"Home\",\"item\":\"https:\\\/\\\/confecomerc.es\\\/va\\\/confecomerc-cv\\\/\"},{\"@type\":\"ListItem\",\"position\":2,\"name\":\"El Mercat Central celebra el seu 96\u00e9 aniversari coincidint amb el Dia Mundial dels Drets de les Persones Consumidores\"}]},{\"@type\":\"WebSite\",\"@id\":\"https:\\\/\\\/confecomerc.es\\\/#website\",\"url\":\"https:\\\/\\\/confecomerc.es\\\/\",\"name\":\"Confecomer\u00e7\",\"description\":\"Confederaci\u00f3 de Comer\u00e7 d\u2019alacant, Castell\u00f3 i Val\u00e8ncia\",\"potentialAction\":[{\"@type\":\"SearchAction\",\"target\":{\"@type\":\"EntryPoint\",\"urlTemplate\":\"https:\\\/\\\/confecomerc.es\\\/?s={search_term_string}\"},\"query-input\":{\"@type\":\"PropertyValueSpecification\",\"valueRequired\":true,\"valueName\":\"search_term_string\"}}],\"inLanguage\":\"va-VA\"},{\"@type\":\"Person\",\"@id\":\"https:\\\/\\\/confecomerc.es\\\/#\\\/schema\\\/person\\\/e52b1f5c6a309fabed634b2ee9158cbe\",\"name\":\"CONFECOMER\u00c7 CV\",\"url\":\"https:\\\/\\\/confecomerc.es\\\/va\\\/author\\\/confecomerc-cv\\\/\"}]}<\/script>\n<!-- \/ Yoast SEO plugin. -->","yoast_head_json":{"title":"El Mercat Central celebra el seu 96\u00e9 aniversari coincidint amb el Dia Mundial dels Drets de les Persones Consumidores - Confecomer\u00e7","robots":{"index":"index","follow":"follow","max-snippet":"max-snippet:-1","max-image-preview":"max-image-preview:large","max-video-preview":"max-video-preview:-1"},"canonical":"https:\/\/confecomerc.es\/va\/el-mercat-central-celebra-el-seu-96e-aniversari-coincidint-amb-el-dia-mundial-dels-drets-de-les-persones-consumidores\/","og_locale":"en_US","og_type":"article","og_title":"El Mercat Central celebra el seu 96\u00e9 aniversari coincidint amb el Dia Mundial dels Drets de les Persones Consumidores - Confecomer\u00e7","og_description":"Ajuntament i Generalitat posen en valor el producte de proximitat i informen els consumidors sobre els seus drets L&#8217;Associaci\u00f3 de Venedors agra\u00efx als seus clients la seua confian\u00e7a en el compte arrere del seu centenari i els convida a fotografiar-se sota la seua c\u00fapula El Mercat Central de Val\u00e8ncia celebra esta setmana el seu 96\u00e9 [&hellip;]","og_url":"https:\/\/confecomerc.es\/va\/el-mercat-central-celebra-el-seu-96e-aniversari-coincidint-amb-el-dia-mundial-dels-drets-de-les-persones-consumidores\/","og_site_name":"Confecomer\u00e7","article_published_time":"2024-03-21T08:24:12+00:00","og_image":[{"width":2048,"height":1202,"url":"https:\/\/confecomerc.es\/wp-content\/uploads\/2024\/03\/FOTO-96-ANOS-MERCADO-CENTRAL.jpeg","type":"image\/jpeg"}],"author":"CONFECOMER\u00c7 CV","twitter_card":"summary_large_image","twitter_misc":{"Written by":"CONFECOMER\u00c7 CV","Est. reading time":"4 minutes"},"schema":{"@context":"https:\/\/schema.org","@graph":[{"@type":"Article","@id":"https:\/\/confecomerc.es\/va\/el-mercat-central-celebra-el-seu-96e-aniversari-coincidint-amb-el-dia-mundial-dels-drets-de-les-persones-consumidores\/#article","isPartOf":{"@id":"https:\/\/confecomerc.es\/va\/el-mercat-central-celebra-el-seu-96e-aniversari-coincidint-amb-el-dia-mundial-dels-drets-de-les-persones-consumidores\/"},"author":{"name":"CONFECOMER\u00c7 CV","@id":"https:\/\/confecomerc.es\/#\/schema\/person\/e52b1f5c6a309fabed634b2ee9158cbe"},"headline":"El Mercat Central celebra el seu 96\u00e9 aniversari coincidint amb el Dia Mundial dels Drets de les Persones Consumidores","datePublished":"2024-03-21T08:24:12+00:00","mainEntityOfPage":{"@id":"https:\/\/confecomerc.es\/va\/el-mercat-central-celebra-el-seu-96e-aniversari-coincidint-amb-el-dia-mundial-dels-drets-de-les-persones-consumidores\/"},"wordCount":759,"image":{"@id":"https:\/\/confecomerc.es\/va\/el-mercat-central-celebra-el-seu-96e-aniversari-coincidint-amb-el-dia-mundial-dels-drets-de-les-persones-consumidores\/#primaryimage"},"thumbnailUrl":"https:\/\/confecomerc.es\/wp-content\/uploads\/2024\/03\/FOTO-96-ANOS-MERCADO-CENTRAL.jpeg","keywords":["mercado central valencia","Mercados Tradicionales","mercat central valencia"],"articleSection":["Associats Confecomer\u00e7 Cv"],"inLanguage":"va-VA"},{"@type":"WebPage","@id":"https:\/\/confecomerc.es\/va\/el-mercat-central-celebra-el-seu-96e-aniversari-coincidint-amb-el-dia-mundial-dels-drets-de-les-persones-consumidores\/","url":"https:\/\/confecomerc.es\/va\/el-mercat-central-celebra-el-seu-96e-aniversari-coincidint-amb-el-dia-mundial-dels-drets-de-les-persones-consumidores\/","name":"El Mercat Central celebra el seu 96\u00e9 aniversari coincidint amb el Dia Mundial dels Drets de les Persones Consumidores - Confecomer\u00e7","isPartOf":{"@id":"https:\/\/confecomerc.es\/#website"},"primaryImageOfPage":{"@id":"https:\/\/confecomerc.es\/va\/el-mercat-central-celebra-el-seu-96e-aniversari-coincidint-amb-el-dia-mundial-dels-drets-de-les-persones-consumidores\/#primaryimage"},"image":{"@id":"https:\/\/confecomerc.es\/va\/el-mercat-central-celebra-el-seu-96e-aniversari-coincidint-amb-el-dia-mundial-dels-drets-de-les-persones-consumidores\/#primaryimage"},"thumbnailUrl":"https:\/\/confecomerc.es\/wp-content\/uploads\/2024\/03\/FOTO-96-ANOS-MERCADO-CENTRAL.jpeg","datePublished":"2024-03-21T08:24:12+00:00","author":{"@id":"https:\/\/confecomerc.es\/#\/schema\/person\/e52b1f5c6a309fabed634b2ee9158cbe"},"breadcrumb":{"@id":"https:\/\/confecomerc.es\/va\/el-mercat-central-celebra-el-seu-96e-aniversari-coincidint-amb-el-dia-mundial-dels-drets-de-les-persones-consumidores\/#breadcrumb"},"inLanguage":"va-VA","potentialAction":[{"@type":"ReadAction","target":["https:\/\/confecomerc.es\/va\/el-mercat-central-celebra-el-seu-96e-aniversari-coincidint-amb-el-dia-mundial-dels-drets-de-les-persones-consumidores\/"]}]},{"@type":"ImageObject","inLanguage":"va-VA","@id":"https:\/\/confecomerc.es\/va\/el-mercat-central-celebra-el-seu-96e-aniversari-coincidint-amb-el-dia-mundial-dels-drets-de-les-persones-consumidores\/#primaryimage","url":"https:\/\/confecomerc.es\/wp-content\/uploads\/2024\/03\/FOTO-96-ANOS-MERCADO-CENTRAL.jpeg","contentUrl":"https:\/\/confecomerc.es\/wp-content\/uploads\/2024\/03\/FOTO-96-ANOS-MERCADO-CENTRAL.jpeg","width":2048,"height":1202},{"@type":"BreadcrumbList","@id":"https:\/\/confecomerc.es\/va\/el-mercat-central-celebra-el-seu-96e-aniversari-coincidint-amb-el-dia-mundial-dels-drets-de-les-persones-consumidores\/#breadcrumb","itemListElement":[{"@type":"ListItem","position":1,"name":"Home","item":"https:\/\/confecomerc.es\/va\/confecomerc-cv\/"},{"@type":"ListItem","position":2,"name":"El Mercat Central celebra el seu 96\u00e9 aniversari coincidint amb el Dia Mundial dels Drets de les Persones Consumidores"}]},{"@type":"WebSite","@id":"https:\/\/confecomerc.es\/#website","url":"https:\/\/confecomerc.es\/","name":"Confecomer\u00e7","description":"Confederaci\u00f3 de Comer\u00e7 d\u2019alacant, Castell\u00f3 i Val\u00e8ncia","potentialAction":[{"@type":"SearchAction","target":{"@type":"EntryPoint","urlTemplate":"https:\/\/confecomerc.es\/?s={search_term_string}"},"query-input":{"@type":"PropertyValueSpecification","valueRequired":true,"valueName":"search_term_string"}}],"inLanguage":"va-VA"},{"@type":"Person","@id":"https:\/\/confecomerc.es\/#\/schema\/person\/e52b1f5c6a309fabed634b2ee9158cbe","name":"CONFECOMER\u00c7 CV","url":"https:\/\/confecomerc.es\/va\/author\/confecomerc-cv\/"}]}},"_links":{"self":[{"href":"https:\/\/confecomerc.es\/va\/wp-json\/wp\/v2\/posts\/263255","targetHints":{"allow":["GET"]}}],"collection":[{"href":"https:\/\/confecomerc.es\/va\/wp-json\/wp\/v2\/posts"}],"about":[{"href":"https:\/\/confecomerc.es\/va\/wp-json\/wp\/v2\/types\/post"}],"author":[{"embeddable":true,"href":"https:\/\/confecomerc.es\/va\/wp-json\/wp\/v2\/users\/3"}],"replies":[{"embeddable":true,"href":"https:\/\/confecomerc.es\/va\/wp-json\/wp\/v2\/comments?post=263255"}],"version-history":[{"count":0,"href":"https:\/\/confecomerc.es\/va\/wp-json\/wp\/v2\/posts\/263255\/revisions"}],"wp:featuredmedia":[{"embeddable":true,"href":"https:\/\/confecomerc.es\/va\/wp-json\/wp\/v2\/media\/263250"}],"wp:attachment":[{"href":"https:\/\/confecomerc.es\/va\/wp-json\/wp\/v2\/media?parent=263255"}],"wp:term":[{"taxonomy":"category","embeddable":true,"href":"https:\/\/confecomerc.es\/va\/wp-json\/wp\/v2\/categories?post=263255"},{"taxonomy":"post_tag","embeddable":true,"href":"https:\/\/confecomerc.es\/va\/wp-json\/wp\/v2\/tags?post=263255"}],"curies":[{"name":"wp","href":"https:\/\/api.w.org\/{rel}","templated":true}]}}