{"id":263264,"date":"2024-03-21T10:06:56","date_gmt":"2024-03-21T09:06:56","guid":{"rendered":"https:\/\/confecomerc.es\/?p=263264"},"modified":"2024-03-21T10:06:56","modified_gmt":"2024-03-21T09:06:56","slug":"confecomerc-reivindica-el-8m-celebrant-el-pes-de-la-dona-en-el-xicotet-comerc-de-la-comunitat-valenciana","status":"publish","type":"post","link":"https:\/\/confecomerc.es\/va\/confecomerc-reivindica-el-8m-celebrant-el-pes-de-la-dona-en-el-xicotet-comerc-de-la-comunitat-valenciana\/","title":{"rendered":"Confecomer\u00e7 reivindica el 8M celebrant el pes de la dona en el xicotet comer\u00e7 de la Comunitat Valenciana"},"content":{"rendered":"<p>Sis de cada deu persones que treballen en el xicotet comer\u00e7 s\u00f3n dones. Algunes, al capdavant. Unes altres, at\u00e9s el p\u00fablic i fent altres labors de gesti\u00f3 i organitzaci\u00f3. Totes elles, contribuint a fer d&#8217;este un dels sectors d&#8217;activitat m\u00e9s rellevants de la Comunitat Valenciana per la seua aportaci\u00f3 econ\u00f2mica, creaci\u00f3 d&#8217;ocupaci\u00f3 i contribuci\u00f3 social.<\/p>\n<p>Per a donar visibilitat al paper de les dones en el xicotet comer\u00e7 de la Comunitat i posar en valor la seua important participaci\u00f3 en la creaci\u00f3 de riquesa local i creixement sostenible, Confecomer\u00e7 ha llan\u00e7at este mes de mar\u00e7, amb motiu del Dia Internacional de la Dona, una campanya amb el lema \u201cDarrere d&#8217;este xicotet comer\u00e7, hi ha una gran dona\u201d.<\/p>\n<p><img decoding=\"async\" class=\"aligncenter wp-image-263128 size-large\" src=\"https:\/\/confecomerc.es\/wp-content\/uploads\/2024\/02\/AF8marzoTIRA_val.pdf-1024x118.png\" alt=\"\" width=\"1024\" height=\"118\" srcset=\"https:\/\/confecomerc.es\/wp-content\/uploads\/2024\/02\/AF8marzoTIRA_val.pdf-980x113.png 980w, https:\/\/confecomerc.es\/wp-content\/uploads\/2024\/02\/AF8marzoTIRA_val.pdf-480x55.png 480w\" sizes=\"(min-width: 0px) and (max-width: 480px) 480px, (min-width: 481px) and (max-width: 980px) 980px, (min-width: 981px) 1024px, 100vw\" \/><\/p>\n<p>&nbsp;<\/p>\n<p>L&#8217;acci\u00f3 proposa i<strong>dentificar tots aquells establiments liderats per dones o que compten amb elles en les seues plantilles<\/strong> i fer que el missatge d&#8217;esta campanya arribe de manera alta i clara a la societat.<\/p>\n<p>&nbsp;<\/p>\n<p>Per a aix\u00f2, ha dissenyat cartells amb l&#8217;esl\u00f2gan de la campanya que els comer\u00e7os podran lluir en els aparadors.<\/p>\n<p>&nbsp;<\/p>\n<p>En paral\u00b7lel, la Confederaci\u00f3 i les associacions membre difondran l&#8217;acci\u00f3 i els missatges de la campanya a trav\u00e9s de les seues p\u00e0gines web i xarxes socials, aix\u00ed com altres canals de difusi\u00f3 interna i externa.<\/p>\n<p>&nbsp;<\/p>\n<p>La idea \u00e9s <strong>celebrar el 8 de mar\u00e7 reconeixent el paper de la dona en el xicotet comer\u00e7<\/strong> i que els aparadors llu\u00efsquen el missatge de la campanya durant el temps que desitgen.<\/p>\n<p>Esta acci\u00f3, que compta amb la col\u00b7laboraci\u00f3 de la<strong> Conselleria d&#8217;Innovaci\u00f3, Ind\u00fastria, Comer\u00e7 i Turisme<\/strong>, s&#8217;alinea amb el comprom\u00eds de Confecomer\u00e7 de promoure un comer\u00e7 minorista responsable i sostenible, en el qual la igualtat i la responsabilitat social juguen un paper crucial.<\/p>\n","protected":false},"excerpt":{"rendered":"<p>Sis de cada deu persones que treballen en el xicotet comer\u00e7 s\u00f3n dones. Algunes, al capdavant. Unes altres, at\u00e9s el p\u00fablic i fent altres labors de gesti\u00f3 i organitzaci\u00f3. Totes elles, contribuint a fer d&#8217;este un dels sectors d&#8217;activitat m\u00e9s rellevants de la Comunitat Valenciana per la seua aportaci\u00f3 econ\u00f2mica, creaci\u00f3 d&#8217;ocupaci\u00f3 i contribuci\u00f3 social. [&hellip;]<\/p>\n","protected":false},"author":3,"featured_media":263134,"comment_status":"closed","ping_status":"open","sticky":false,"template":"","format":"standard","meta":{"_et_pb_use_builder":"","_et_pb_old_content":"","_et_gb_content_width":"","footnotes":""},"categories":[614,615],"tags":[],"class_list":["post-263264","post","type-post","status-publish","format-standard","has-post-thumbnail","hentry","category-confecomerc-cv-va","category-notes-de-premsa"],"yoast_head":"<!-- This site is optimized with the Yoast SEO plugin v27.3 - https:\/\/yoast.com\/product\/yoast-seo-wordpress\/ -->\n<title>Confecomer\u00e7 reivindica el 8M celebrant el pes de la dona en el xicotet comer\u00e7 de la Comunitat Valenciana - Confecomer\u00e7<\/title>\n<meta name=\"robots\" content=\"index, follow, max-snippet:-1, max-image-preview:large, max-video-preview:-1\" \/>\n<link rel=\"canonical\" href=\"https:\/\/confecomerc.es\/va\/confecomerc-reivindica-el-8m-celebrant-el-pes-de-la-dona-en-el-xicotet-comerc-de-la-comunitat-valenciana\/\" \/>\n<meta property=\"og:locale\" content=\"en_US\" \/>\n<meta property=\"og:type\" content=\"article\" \/>\n<meta property=\"og:title\" content=\"Confecomer\u00e7 reivindica el 8M celebrant el pes de la dona en el xicotet comer\u00e7 de la Comunitat Valenciana - Confecomer\u00e7\" \/>\n<meta property=\"og:description\" content=\"Sis de cada deu persones que treballen en el xicotet comer\u00e7 s\u00f3n dones. Algunes, al capdavant. Unes altres, at\u00e9s el p\u00fablic i fent altres labors de gesti\u00f3 i organitzaci\u00f3. Totes elles, contribuint a fer d&#8217;este un dels sectors d&#8217;activitat m\u00e9s rellevants de la Comunitat Valenciana per la seua aportaci\u00f3 econ\u00f2mica, creaci\u00f3 d&#8217;ocupaci\u00f3 i contribuci\u00f3 social. [&hellip;]\" \/>\n<meta property=\"og:url\" content=\"https:\/\/confecomerc.es\/va\/confecomerc-reivindica-el-8m-celebrant-el-pes-de-la-dona-en-el-xicotet-comerc-de-la-comunitat-valenciana\/\" \/>\n<meta property=\"og:site_name\" content=\"Confecomer\u00e7\" \/>\n<meta property=\"article:published_time\" content=\"2024-03-21T09:06:56+00:00\" \/>\n<meta property=\"og:image\" content=\"https:\/\/confecomerc.es\/wp-content\/uploads\/2024\/02\/8MDetrasComercioMujer.jpg\" \/>\n\t<meta property=\"og:image:width\" content=\"580\" \/>\n\t<meta property=\"og:image:height\" content=\"300\" \/>\n\t<meta property=\"og:image:type\" content=\"image\/jpeg\" \/>\n<meta name=\"author\" content=\"CONFECOMER\u00c7 CV\" \/>\n<meta name=\"twitter:card\" content=\"summary_large_image\" \/>\n<meta name=\"twitter:label1\" content=\"Written by\" \/>\n\t<meta name=\"twitter:data1\" content=\"CONFECOMER\u00c7 CV\" \/>\n\t<meta name=\"twitter:label2\" content=\"Est. reading time\" \/>\n\t<meta name=\"twitter:data2\" content=\"2 minutes\" \/>\n<script type=\"application\/ld+json\" class=\"yoast-schema-graph\">{\"@context\":\"https:\\\/\\\/schema.org\",\"@graph\":[{\"@type\":\"Article\",\"@id\":\"https:\\\/\\\/confecomerc.es\\\/va\\\/confecomerc-reivindica-el-8m-celebrant-el-pes-de-la-dona-en-el-xicotet-comerc-de-la-comunitat-valenciana\\\/#article\",\"isPartOf\":{\"@id\":\"https:\\\/\\\/confecomerc.es\\\/va\\\/confecomerc-reivindica-el-8m-celebrant-el-pes-de-la-dona-en-el-xicotet-comerc-de-la-comunitat-valenciana\\\/\"},\"author\":{\"name\":\"CONFECOMER\u00c7 CV\",\"@id\":\"https:\\\/\\\/confecomerc.es\\\/#\\\/schema\\\/person\\\/e52b1f5c6a309fabed634b2ee9158cbe\"},\"headline\":\"Confecomer\u00e7 reivindica el 8M celebrant el pes de la dona en el xicotet comer\u00e7 de la Comunitat Valenciana\",\"datePublished\":\"2024-03-21T09:06:56+00:00\",\"mainEntityOfPage\":{\"@id\":\"https:\\\/\\\/confecomerc.es\\\/va\\\/confecomerc-reivindica-el-8m-celebrant-el-pes-de-la-dona-en-el-xicotet-comerc-de-la-comunitat-valenciana\\\/\"},\"wordCount\":326,\"image\":{\"@id\":\"https:\\\/\\\/confecomerc.es\\\/va\\\/confecomerc-reivindica-el-8m-celebrant-el-pes-de-la-dona-en-el-xicotet-comerc-de-la-comunitat-valenciana\\\/#primaryimage\"},\"thumbnailUrl\":\"https:\\\/\\\/confecomerc.es\\\/wp-content\\\/uploads\\\/2024\\\/02\\\/8MDetrasComercioMujer.jpg\",\"articleSection\":[\"Confecomer\u00e7 Cv\",\"Notes de premsa\"],\"inLanguage\":\"va-VA\"},{\"@type\":\"WebPage\",\"@id\":\"https:\\\/\\\/confecomerc.es\\\/va\\\/confecomerc-reivindica-el-8m-celebrant-el-pes-de-la-dona-en-el-xicotet-comerc-de-la-comunitat-valenciana\\\/\",\"url\":\"https:\\\/\\\/confecomerc.es\\\/va\\\/confecomerc-reivindica-el-8m-celebrant-el-pes-de-la-dona-en-el-xicotet-comerc-de-la-comunitat-valenciana\\\/\",\"name\":\"Confecomer\u00e7 reivindica el 8M celebrant el pes de la dona en el xicotet comer\u00e7 de la Comunitat Valenciana - Confecomer\u00e7\",\"isPartOf\":{\"@id\":\"https:\\\/\\\/confecomerc.es\\\/#website\"},\"primaryImageOfPage\":{\"@id\":\"https:\\\/\\\/confecomerc.es\\\/va\\\/confecomerc-reivindica-el-8m-celebrant-el-pes-de-la-dona-en-el-xicotet-comerc-de-la-comunitat-valenciana\\\/#primaryimage\"},\"image\":{\"@id\":\"https:\\\/\\\/confecomerc.es\\\/va\\\/confecomerc-reivindica-el-8m-celebrant-el-pes-de-la-dona-en-el-xicotet-comerc-de-la-comunitat-valenciana\\\/#primaryimage\"},\"thumbnailUrl\":\"https:\\\/\\\/confecomerc.es\\\/wp-content\\\/uploads\\\/2024\\\/02\\\/8MDetrasComercioMujer.jpg\",\"datePublished\":\"2024-03-21T09:06:56+00:00\",\"author\":{\"@id\":\"https:\\\/\\\/confecomerc.es\\\/#\\\/schema\\\/person\\\/e52b1f5c6a309fabed634b2ee9158cbe\"},\"breadcrumb\":{\"@id\":\"https:\\\/\\\/confecomerc.es\\\/va\\\/confecomerc-reivindica-el-8m-celebrant-el-pes-de-la-dona-en-el-xicotet-comerc-de-la-comunitat-valenciana\\\/#breadcrumb\"},\"inLanguage\":\"va-VA\",\"potentialAction\":[{\"@type\":\"ReadAction\",\"target\":[\"https:\\\/\\\/confecomerc.es\\\/va\\\/confecomerc-reivindica-el-8m-celebrant-el-pes-de-la-dona-en-el-xicotet-comerc-de-la-comunitat-valenciana\\\/\"]}]},{\"@type\":\"ImageObject\",\"inLanguage\":\"va-VA\",\"@id\":\"https:\\\/\\\/confecomerc.es\\\/va\\\/confecomerc-reivindica-el-8m-celebrant-el-pes-de-la-dona-en-el-xicotet-comerc-de-la-comunitat-valenciana\\\/#primaryimage\",\"url\":\"https:\\\/\\\/confecomerc.es\\\/wp-content\\\/uploads\\\/2024\\\/02\\\/8MDetrasComercioMujer.jpg\",\"contentUrl\":\"https:\\\/\\\/confecomerc.es\\\/wp-content\\\/uploads\\\/2024\\\/02\\\/8MDetrasComercioMujer.jpg\",\"width\":580,\"height\":300},{\"@type\":\"BreadcrumbList\",\"@id\":\"https:\\\/\\\/confecomerc.es\\\/va\\\/confecomerc-reivindica-el-8m-celebrant-el-pes-de-la-dona-en-el-xicotet-comerc-de-la-comunitat-valenciana\\\/#breadcrumb\",\"itemListElement\":[{\"@type\":\"ListItem\",\"position\":1,\"name\":\"Home\",\"item\":\"https:\\\/\\\/confecomerc.es\\\/va\\\/confecomerc-cv\\\/\"},{\"@type\":\"ListItem\",\"position\":2,\"name\":\"Confecomer\u00e7 reivindica el 8M celebrant el pes de la dona en el xicotet comer\u00e7 de la Comunitat Valenciana\"}]},{\"@type\":\"WebSite\",\"@id\":\"https:\\\/\\\/confecomerc.es\\\/#website\",\"url\":\"https:\\\/\\\/confecomerc.es\\\/\",\"name\":\"Confecomer\u00e7\",\"description\":\"Confederaci\u00f3 de Comer\u00e7 d\u2019alacant, Castell\u00f3 i Val\u00e8ncia\",\"potentialAction\":[{\"@type\":\"SearchAction\",\"target\":{\"@type\":\"EntryPoint\",\"urlTemplate\":\"https:\\\/\\\/confecomerc.es\\\/?s={search_term_string}\"},\"query-input\":{\"@type\":\"PropertyValueSpecification\",\"valueRequired\":true,\"valueName\":\"search_term_string\"}}],\"inLanguage\":\"va-VA\"},{\"@type\":\"Person\",\"@id\":\"https:\\\/\\\/confecomerc.es\\\/#\\\/schema\\\/person\\\/e52b1f5c6a309fabed634b2ee9158cbe\",\"name\":\"CONFECOMER\u00c7 CV\",\"url\":\"https:\\\/\\\/confecomerc.es\\\/va\\\/author\\\/confecomerc-cv\\\/\"}]}<\/script>\n<!-- \/ Yoast SEO plugin. -->","yoast_head_json":{"title":"Confecomer\u00e7 reivindica el 8M celebrant el pes de la dona en el xicotet comer\u00e7 de la Comunitat Valenciana - Confecomer\u00e7","robots":{"index":"index","follow":"follow","max-snippet":"max-snippet:-1","max-image-preview":"max-image-preview:large","max-video-preview":"max-video-preview:-1"},"canonical":"https:\/\/confecomerc.es\/va\/confecomerc-reivindica-el-8m-celebrant-el-pes-de-la-dona-en-el-xicotet-comerc-de-la-comunitat-valenciana\/","og_locale":"en_US","og_type":"article","og_title":"Confecomer\u00e7 reivindica el 8M celebrant el pes de la dona en el xicotet comer\u00e7 de la Comunitat Valenciana - Confecomer\u00e7","og_description":"Sis de cada deu persones que treballen en el xicotet comer\u00e7 s\u00f3n dones. Algunes, al capdavant. Unes altres, at\u00e9s el p\u00fablic i fent altres labors de gesti\u00f3 i organitzaci\u00f3. Totes elles, contribuint a fer d&#8217;este un dels sectors d&#8217;activitat m\u00e9s rellevants de la Comunitat Valenciana per la seua aportaci\u00f3 econ\u00f2mica, creaci\u00f3 d&#8217;ocupaci\u00f3 i contribuci\u00f3 social. [&hellip;]","og_url":"https:\/\/confecomerc.es\/va\/confecomerc-reivindica-el-8m-celebrant-el-pes-de-la-dona-en-el-xicotet-comerc-de-la-comunitat-valenciana\/","og_site_name":"Confecomer\u00e7","article_published_time":"2024-03-21T09:06:56+00:00","og_image":[{"width":580,"height":300,"url":"https:\/\/confecomerc.es\/wp-content\/uploads\/2024\/02\/8MDetrasComercioMujer.jpg","type":"image\/jpeg"}],"author":"CONFECOMER\u00c7 CV","twitter_card":"summary_large_image","twitter_misc":{"Written by":"CONFECOMER\u00c7 CV","Est. reading time":"2 minutes"},"schema":{"@context":"https:\/\/schema.org","@graph":[{"@type":"Article","@id":"https:\/\/confecomerc.es\/va\/confecomerc-reivindica-el-8m-celebrant-el-pes-de-la-dona-en-el-xicotet-comerc-de-la-comunitat-valenciana\/#article","isPartOf":{"@id":"https:\/\/confecomerc.es\/va\/confecomerc-reivindica-el-8m-celebrant-el-pes-de-la-dona-en-el-xicotet-comerc-de-la-comunitat-valenciana\/"},"author":{"name":"CONFECOMER\u00c7 CV","@id":"https:\/\/confecomerc.es\/#\/schema\/person\/e52b1f5c6a309fabed634b2ee9158cbe"},"headline":"Confecomer\u00e7 reivindica el 8M celebrant el pes de la dona en el xicotet comer\u00e7 de la Comunitat Valenciana","datePublished":"2024-03-21T09:06:56+00:00","mainEntityOfPage":{"@id":"https:\/\/confecomerc.es\/va\/confecomerc-reivindica-el-8m-celebrant-el-pes-de-la-dona-en-el-xicotet-comerc-de-la-comunitat-valenciana\/"},"wordCount":326,"image":{"@id":"https:\/\/confecomerc.es\/va\/confecomerc-reivindica-el-8m-celebrant-el-pes-de-la-dona-en-el-xicotet-comerc-de-la-comunitat-valenciana\/#primaryimage"},"thumbnailUrl":"https:\/\/confecomerc.es\/wp-content\/uploads\/2024\/02\/8MDetrasComercioMujer.jpg","articleSection":["Confecomer\u00e7 Cv","Notes de premsa"],"inLanguage":"va-VA"},{"@type":"WebPage","@id":"https:\/\/confecomerc.es\/va\/confecomerc-reivindica-el-8m-celebrant-el-pes-de-la-dona-en-el-xicotet-comerc-de-la-comunitat-valenciana\/","url":"https:\/\/confecomerc.es\/va\/confecomerc-reivindica-el-8m-celebrant-el-pes-de-la-dona-en-el-xicotet-comerc-de-la-comunitat-valenciana\/","name":"Confecomer\u00e7 reivindica el 8M celebrant el pes de la dona en el xicotet comer\u00e7 de la Comunitat Valenciana - Confecomer\u00e7","isPartOf":{"@id":"https:\/\/confecomerc.es\/#website"},"primaryImageOfPage":{"@id":"https:\/\/confecomerc.es\/va\/confecomerc-reivindica-el-8m-celebrant-el-pes-de-la-dona-en-el-xicotet-comerc-de-la-comunitat-valenciana\/#primaryimage"},"image":{"@id":"https:\/\/confecomerc.es\/va\/confecomerc-reivindica-el-8m-celebrant-el-pes-de-la-dona-en-el-xicotet-comerc-de-la-comunitat-valenciana\/#primaryimage"},"thumbnailUrl":"https:\/\/confecomerc.es\/wp-content\/uploads\/2024\/02\/8MDetrasComercioMujer.jpg","datePublished":"2024-03-21T09:06:56+00:00","author":{"@id":"https:\/\/confecomerc.es\/#\/schema\/person\/e52b1f5c6a309fabed634b2ee9158cbe"},"breadcrumb":{"@id":"https:\/\/confecomerc.es\/va\/confecomerc-reivindica-el-8m-celebrant-el-pes-de-la-dona-en-el-xicotet-comerc-de-la-comunitat-valenciana\/#breadcrumb"},"inLanguage":"va-VA","potentialAction":[{"@type":"ReadAction","target":["https:\/\/confecomerc.es\/va\/confecomerc-reivindica-el-8m-celebrant-el-pes-de-la-dona-en-el-xicotet-comerc-de-la-comunitat-valenciana\/"]}]},{"@type":"ImageObject","inLanguage":"va-VA","@id":"https:\/\/confecomerc.es\/va\/confecomerc-reivindica-el-8m-celebrant-el-pes-de-la-dona-en-el-xicotet-comerc-de-la-comunitat-valenciana\/#primaryimage","url":"https:\/\/confecomerc.es\/wp-content\/uploads\/2024\/02\/8MDetrasComercioMujer.jpg","contentUrl":"https:\/\/confecomerc.es\/wp-content\/uploads\/2024\/02\/8MDetrasComercioMujer.jpg","width":580,"height":300},{"@type":"BreadcrumbList","@id":"https:\/\/confecomerc.es\/va\/confecomerc-reivindica-el-8m-celebrant-el-pes-de-la-dona-en-el-xicotet-comerc-de-la-comunitat-valenciana\/#breadcrumb","itemListElement":[{"@type":"ListItem","position":1,"name":"Home","item":"https:\/\/confecomerc.es\/va\/confecomerc-cv\/"},{"@type":"ListItem","position":2,"name":"Confecomer\u00e7 reivindica el 8M celebrant el pes de la dona en el xicotet comer\u00e7 de la Comunitat Valenciana"}]},{"@type":"WebSite","@id":"https:\/\/confecomerc.es\/#website","url":"https:\/\/confecomerc.es\/","name":"Confecomer\u00e7","description":"Confederaci\u00f3 de Comer\u00e7 d\u2019alacant, Castell\u00f3 i Val\u00e8ncia","potentialAction":[{"@type":"SearchAction","target":{"@type":"EntryPoint","urlTemplate":"https:\/\/confecomerc.es\/?s={search_term_string}"},"query-input":{"@type":"PropertyValueSpecification","valueRequired":true,"valueName":"search_term_string"}}],"inLanguage":"va-VA"},{"@type":"Person","@id":"https:\/\/confecomerc.es\/#\/schema\/person\/e52b1f5c6a309fabed634b2ee9158cbe","name":"CONFECOMER\u00c7 CV","url":"https:\/\/confecomerc.es\/va\/author\/confecomerc-cv\/"}]}},"_links":{"self":[{"href":"https:\/\/confecomerc.es\/va\/wp-json\/wp\/v2\/posts\/263264","targetHints":{"allow":["GET"]}}],"collection":[{"href":"https:\/\/confecomerc.es\/va\/wp-json\/wp\/v2\/posts"}],"about":[{"href":"https:\/\/confecomerc.es\/va\/wp-json\/wp\/v2\/types\/post"}],"author":[{"embeddable":true,"href":"https:\/\/confecomerc.es\/va\/wp-json\/wp\/v2\/users\/3"}],"replies":[{"embeddable":true,"href":"https:\/\/confecomerc.es\/va\/wp-json\/wp\/v2\/comments?post=263264"}],"version-history":[{"count":0,"href":"https:\/\/confecomerc.es\/va\/wp-json\/wp\/v2\/posts\/263264\/revisions"}],"wp:featuredmedia":[{"embeddable":true,"href":"https:\/\/confecomerc.es\/va\/wp-json\/wp\/v2\/media\/263134"}],"wp:attachment":[{"href":"https:\/\/confecomerc.es\/va\/wp-json\/wp\/v2\/media?parent=263264"}],"wp:term":[{"taxonomy":"category","embeddable":true,"href":"https:\/\/confecomerc.es\/va\/wp-json\/wp\/v2\/categories?post=263264"},{"taxonomy":"post_tag","embeddable":true,"href":"https:\/\/confecomerc.es\/va\/wp-json\/wp\/v2\/tags?post=263264"}],"curies":[{"name":"wp","href":"https:\/\/api.w.org\/{rel}","templated":true}]}}