{"id":263555,"date":"2024-05-08T11:28:39","date_gmt":"2024-05-08T10:28:39","guid":{"rendered":"https:\/\/confecomerc.es\/galeria-de-imagenes-hackathon-confecomerc-para-la-generacion-z\/"},"modified":"2024-05-15T08:32:46","modified_gmt":"2024-05-15T07:32:46","slug":"galeria-de-imagenes-hackathon-confecomerc-para-la-generacion-z","status":"publish","type":"post","link":"https:\/\/confecomerc.es\/va\/galeria-de-imagenes-hackathon-confecomerc-para-la-generacion-z\/","title":{"rendered":"Galeria d&#8217;Imatges: Hackathon Confecomer\u00e7 per a la Generaci\u00f3 Z"},"content":{"rendered":"<p>[et_pb_section fb_built=&#8221;1&#8243; _builder_version=&#8221;4.23.1&#8243; _module_preset=&#8221;default&#8221; custom_padding=&#8221;6px|||||&#8221; global_colors_info=&#8221;{}&#8221;][et_pb_row _builder_version=&#8221;4.23.1&#8243; _module_preset=&#8221;default&#8221; global_colors_info=&#8221;{}&#8221;][et_pb_column type=&#8221;4_4&#8243; _builder_version=&#8221;4.23.1&#8243; _module_preset=&#8221;default&#8221; global_colors_info=&#8221;{}&#8221;][et_pb_text _builder_version=&#8221;4.25.0&#8243; _module_preset=&#8221;default&#8221; global_colors_info=&#8221;{}&#8221;]<\/p>\n<p>El passat 2 de maig de 2024, Confecomer\u00e7, en col\u00b7laboraci\u00f3 amb la Universitat Polit\u00e8cnica de Val\u00e8ncia (UPV) i la seua C\u00e0tedra de Comer\u00e7, va dur a terme un esdeveniment vibrant i carregat d&#8217;innovaci\u00f3: un Hackathon dedicat exclusivament a la generaci\u00f3 Z. Esta trobada va reunir joves brillants i creatius amb l&#8217;objectiu de dissenyar el futur del comer\u00e7 de proximitat.<\/p>\n<p>Durant este dia intens, des de les 12.30 fins a les 20.30, 50 participants es van submergir en el desafiament de &#8220;Modelar una botiga capa\u00e7 de conquistar-los&#8221;. Armats amb idees fresques i un esperit col\u00b7laboratiu, van treballar en equips per a esmicolar els problemes actuals del sector i proposar solucions noves que ressonaren amb els seus contemporanis.<\/p>\n<p>La Casa de l&#8217;Alumne de la UPV es va transformar en un formiguer d&#8217;activitat, on l&#8217;energia i l&#8217;entusiasme d&#8217;estos joves es palpava en cada cantonada. Els assistents no sols van compartir un espai de creativitat, sin\u00f3 tamb\u00e9 l&#8217;oportunitat de rebre orientaci\u00f3 directa d&#8217;experts del sector i l\u00edders de les associacions membre de Confecomer\u00e7.<\/p>\n<p>A continuaci\u00f3, et convidem a explorar les imatges capturades durant este esdeveniment tan especial, on la passi\u00f3 i l&#8217;enginy de la generaci\u00f3 Z van brillar amb llum pr\u00f2pia, delineant un futur prometedor per al comer\u00e7 local.<\/p>\n<p>[\/et_pb_text][\/et_pb_column][\/et_pb_row][et_pb_row _builder_version=&#8221;4.23.1&#8243; _module_preset=&#8221;default&#8221; global_colors_info=&#8221;{}&#8221;][et_pb_column type=&#8221;4_4&#8243; _builder_version=&#8221;4.23.1&#8243; _module_preset=&#8221;default&#8221; global_colors_info=&#8221;{}&#8221;][dsm_masonry_gallery gallery_ids=&#8221;263428,263432,263434,263436,263438,263440,263442,263444,263446,263448,263450,263452,263454,263456,263458,263460,263462,263464,263466,263468,263470,263472,263474,263476,263478,263480,263482,263484,263486,263488,263490,263492,263494,263496,263498,263500,263502,263504,263506,263508,263510,263512,263514,263516,263518,263520,263522,263524,263526,263528,263530,263532,263534,263536,263538,263540,263542,263544,263546,263548,263550,263552&#8243; use_lightbox=&#8221;on&#8221; use_zoom_on_hover=&#8221;on&#8221; admin_label=&#8221;Supreme Masonry Gallery&#8221; _builder_version=&#8221;4.25.0&#8243; _module_preset=&#8221;default&#8221; hover_enabled=&#8221;0&#8243; global_colors_info=&#8221;{}&#8221; sticky_enabled=&#8221;0&#8243;][\/dsm_masonry_gallery][\/et_pb_column][\/et_pb_row][\/et_pb_section]<\/p>\n","protected":false},"excerpt":{"rendered":"<p>El passat 2 de maig de 2024, Confecomer\u00e7, en col\u00b7laboraci\u00f3 amb la Universitat Polit\u00e8cnica de Val\u00e8ncia (UPV) i la seua C\u00e0tedra de Comer\u00e7, va dur a terme un esdeveniment vibrant i carregat d&#8217;innovaci\u00f3: un Hackathon dedicat exclusivament a la generaci\u00f3 Z. Esta trobada va reunir joves brillants i creatius amb l&#8217;objectiu de dissenyar el futur del comer\u00e7 de proximitat. Durant este dia intens, des de les 12.30 fins a les 20.30, 50 participants es van submergir en el desafiament de &#8220;Modelar una botiga capa\u00e7 de conquistar-los&#8221;. Armats amb idees fresques i un esperit col\u00b7laboratiu, van treballar en equips per a esmicolar els problemes actuals del sector i proposar solucions noves que ressonaren amb els seus contemporanis. La Casa de l&#8217;Alumne de la UPV es va transformar en un formiguer d&#8217;activitat, on l&#8217;energia i l&#8217;entusiasme d&#8217;estos joves es palpava en cada cantonada. Els assistents no sols van compartir un espai de creativitat, sin\u00f3 tamb\u00e9 l&#8217;oportunitat de rebre orientaci\u00f3 directa d&#8217;experts del sector i l\u00edders de les associacions membre de Confecomer\u00e7. A continuaci\u00f3, et convidem a explorar les imatges capturades durant este esdeveniment tan especial, on la passi\u00f3 i l&#8217;enginy de la generaci\u00f3 Z van brillar amb llum pr\u00f2pia, delineant un futur [&hellip;]<\/p>\n","protected":false},"author":1,"featured_media":263462,"comment_status":"closed","ping_status":"open","sticky":false,"template":"","format":"standard","meta":{"_et_pb_use_builder":"on","_et_pb_old_content":"","_et_gb_content_width":"","footnotes":""},"categories":[614,4464],"tags":[],"class_list":["post-263555","post","type-post","status-publish","format-standard","has-post-thumbnail","hentry","category-confecomerc-cv-va","category-eventos-va"],"yoast_head":"<!-- This site is optimized with the Yoast SEO plugin v27.3 - https:\/\/yoast.com\/product\/yoast-seo-wordpress\/ -->\n<title>Galeria d&#039;Imatges: Hackathon Confecomer\u00e7 per a la Generaci\u00f3 Z - Confecomer\u00e7<\/title>\n<meta name=\"robots\" content=\"index, follow, max-snippet:-1, max-image-preview:large, max-video-preview:-1\" \/>\n<link rel=\"canonical\" href=\"https:\/\/confecomerc.es\/va\/galeria-de-imagenes-hackathon-confecomerc-para-la-generacion-z\/\" \/>\n<meta property=\"og:locale\" content=\"en_US\" \/>\n<meta property=\"og:type\" content=\"article\" \/>\n<meta property=\"og:title\" content=\"Galeria d&#039;Imatges: Hackathon Confecomer\u00e7 per a la Generaci\u00f3 Z - Confecomer\u00e7\" \/>\n<meta property=\"og:description\" content=\"El passat 2 de maig de 2024, Confecomer\u00e7, en col\u00b7laboraci\u00f3 amb la Universitat Polit\u00e8cnica de Val\u00e8ncia (UPV) i la seua C\u00e0tedra de Comer\u00e7, va dur a terme un esdeveniment vibrant i carregat d&#039;innovaci\u00f3: un Hackathon dedicat exclusivament a la generaci\u00f3 Z. Esta trobada va reunir joves brillants i creatius amb l&#039;objectiu de dissenyar el futur del comer\u00e7 de proximitat. Durant este dia intens, des de les 12.30 fins a les 20.30, 50 participants es van submergir en el desafiament de &quot;Modelar una botiga capa\u00e7 de conquistar-los&quot;. Armats amb idees fresques i un esperit col\u00b7laboratiu, van treballar en equips per a esmicolar els problemes actuals del sector i proposar solucions noves que ressonaren amb els seus contemporanis. La Casa de l&#039;Alumne de la UPV es va transformar en un formiguer d&#039;activitat, on l&#039;energia i l&#039;entusiasme d&#039;estos joves es palpava en cada cantonada. Els assistents no sols van compartir un espai de creativitat, sin\u00f3 tamb\u00e9 l&#039;oportunitat de rebre orientaci\u00f3 directa d&#039;experts del sector i l\u00edders de les associacions membre de Confecomer\u00e7. A continuaci\u00f3, et convidem a explorar les imatges capturades durant este esdeveniment tan especial, on la passi\u00f3 i l&#039;enginy de la generaci\u00f3 Z van brillar amb llum pr\u00f2pia, delineant un futur [&hellip;]\" \/>\n<meta property=\"og:url\" content=\"https:\/\/confecomerc.es\/va\/galeria-de-imagenes-hackathon-confecomerc-para-la-generacion-z\/\" \/>\n<meta property=\"og:site_name\" content=\"Confecomer\u00e7\" \/>\n<meta property=\"article:published_time\" content=\"2024-05-08T10:28:39+00:00\" \/>\n<meta property=\"article:modified_time\" content=\"2024-05-15T07:32:46+00:00\" \/>\n<meta property=\"og:image\" content=\"https:\/\/confecomerc.es\/wp-content\/uploads\/2024\/05\/Hackathon-Confecomerc-2024-19.jpg\" \/>\n\t<meta property=\"og:image:width\" content=\"1200\" \/>\n\t<meta property=\"og:image:height\" content=\"904\" \/>\n\t<meta property=\"og:image:type\" content=\"image\/jpeg\" \/>\n<meta name=\"author\" content=\"CONFECOMER\u00c7 CV\" \/>\n<meta name=\"twitter:card\" content=\"summary_large_image\" \/>\n<meta name=\"twitter:label1\" content=\"Written by\" \/>\n\t<meta name=\"twitter:data1\" content=\"CONFECOMER\u00c7 CV\" \/>\n\t<meta name=\"twitter:label2\" content=\"Est. reading time\" \/>\n\t<meta name=\"twitter:data2\" content=\"14 minutes\" \/>\n<script type=\"application\/ld+json\" class=\"yoast-schema-graph\">{\"@context\":\"https:\\\/\\\/schema.org\",\"@graph\":[{\"@type\":\"Article\",\"@id\":\"https:\\\/\\\/confecomerc.es\\\/va\\\/galeria-de-imagenes-hackathon-confecomerc-para-la-generacion-z\\\/#article\",\"isPartOf\":{\"@id\":\"https:\\\/\\\/confecomerc.es\\\/va\\\/galeria-de-imagenes-hackathon-confecomerc-para-la-generacion-z\\\/\"},\"author\":{\"name\":\"CONFECOMER\u00c7 CV\",\"@id\":\"https:\\\/\\\/confecomerc.es\\\/#\\\/schema\\\/person\\\/23aa6211544dad9fa6ee269977b0a823\"},\"headline\":\"Galeria d&#8217;Imatges: Hackathon Confecomer\u00e7 per a la Generaci\u00f3 Z\",\"datePublished\":\"2024-05-08T10:28:39+00:00\",\"dateModified\":\"2024-05-15T07:32:46+00:00\",\"mainEntityOfPage\":{\"@id\":\"https:\\\/\\\/confecomerc.es\\\/va\\\/galeria-de-imagenes-hackathon-confecomerc-para-la-generacion-z\\\/\"},\"wordCount\":351,\"image\":{\"@id\":\"https:\\\/\\\/confecomerc.es\\\/va\\\/galeria-de-imagenes-hackathon-confecomerc-para-la-generacion-z\\\/#primaryimage\"},\"thumbnailUrl\":\"https:\\\/\\\/confecomerc.es\\\/wp-content\\\/uploads\\\/2024\\\/05\\\/Hackathon-Confecomerc-2024-19.jpg\",\"articleSection\":[\"Confecomer\u00e7 Cv\",\"Eventos\"],\"inLanguage\":\"va-VA\"},{\"@type\":\"WebPage\",\"@id\":\"https:\\\/\\\/confecomerc.es\\\/va\\\/galeria-de-imagenes-hackathon-confecomerc-para-la-generacion-z\\\/\",\"url\":\"https:\\\/\\\/confecomerc.es\\\/va\\\/galeria-de-imagenes-hackathon-confecomerc-para-la-generacion-z\\\/\",\"name\":\"Galeria d'Imatges: Hackathon Confecomer\u00e7 per a la Generaci\u00f3 Z - Confecomer\u00e7\",\"isPartOf\":{\"@id\":\"https:\\\/\\\/confecomerc.es\\\/#website\"},\"primaryImageOfPage\":{\"@id\":\"https:\\\/\\\/confecomerc.es\\\/va\\\/galeria-de-imagenes-hackathon-confecomerc-para-la-generacion-z\\\/#primaryimage\"},\"image\":{\"@id\":\"https:\\\/\\\/confecomerc.es\\\/va\\\/galeria-de-imagenes-hackathon-confecomerc-para-la-generacion-z\\\/#primaryimage\"},\"thumbnailUrl\":\"https:\\\/\\\/confecomerc.es\\\/wp-content\\\/uploads\\\/2024\\\/05\\\/Hackathon-Confecomerc-2024-19.jpg\",\"datePublished\":\"2024-05-08T10:28:39+00:00\",\"dateModified\":\"2024-05-15T07:32:46+00:00\",\"author\":{\"@id\":\"https:\\\/\\\/confecomerc.es\\\/#\\\/schema\\\/person\\\/23aa6211544dad9fa6ee269977b0a823\"},\"breadcrumb\":{\"@id\":\"https:\\\/\\\/confecomerc.es\\\/va\\\/galeria-de-imagenes-hackathon-confecomerc-para-la-generacion-z\\\/#breadcrumb\"},\"inLanguage\":\"va-VA\",\"potentialAction\":[{\"@type\":\"ReadAction\",\"target\":[\"https:\\\/\\\/confecomerc.es\\\/va\\\/galeria-de-imagenes-hackathon-confecomerc-para-la-generacion-z\\\/\"]}]},{\"@type\":\"ImageObject\",\"inLanguage\":\"va-VA\",\"@id\":\"https:\\\/\\\/confecomerc.es\\\/va\\\/galeria-de-imagenes-hackathon-confecomerc-para-la-generacion-z\\\/#primaryimage\",\"url\":\"https:\\\/\\\/confecomerc.es\\\/wp-content\\\/uploads\\\/2024\\\/05\\\/Hackathon-Confecomerc-2024-19.jpg\",\"contentUrl\":\"https:\\\/\\\/confecomerc.es\\\/wp-content\\\/uploads\\\/2024\\\/05\\\/Hackathon-Confecomerc-2024-19.jpg\",\"width\":1200,\"height\":904},{\"@type\":\"BreadcrumbList\",\"@id\":\"https:\\\/\\\/confecomerc.es\\\/va\\\/galeria-de-imagenes-hackathon-confecomerc-para-la-generacion-z\\\/#breadcrumb\",\"itemListElement\":[{\"@type\":\"ListItem\",\"position\":1,\"name\":\"Home\",\"item\":\"https:\\\/\\\/confecomerc.es\\\/va\\\/confecomerc-cv\\\/\"},{\"@type\":\"ListItem\",\"position\":2,\"name\":\"Galeria d&#8217;Imatges: Hackathon Confecomer\u00e7 per a la Generaci\u00f3 Z\"}]},{\"@type\":\"WebSite\",\"@id\":\"https:\\\/\\\/confecomerc.es\\\/#website\",\"url\":\"https:\\\/\\\/confecomerc.es\\\/\",\"name\":\"Confecomer\u00e7\",\"description\":\"Confederaci\u00f3 de Comer\u00e7 d\u2019alacant, Castell\u00f3 i Val\u00e8ncia\",\"potentialAction\":[{\"@type\":\"SearchAction\",\"target\":{\"@type\":\"EntryPoint\",\"urlTemplate\":\"https:\\\/\\\/confecomerc.es\\\/?s={search_term_string}\"},\"query-input\":{\"@type\":\"PropertyValueSpecification\",\"valueRequired\":true,\"valueName\":\"search_term_string\"}}],\"inLanguage\":\"va-VA\"},{\"@type\":\"Person\",\"@id\":\"https:\\\/\\\/confecomerc.es\\\/#\\\/schema\\\/person\\\/23aa6211544dad9fa6ee269977b0a823\",\"name\":\"CONFECOMER\u00c7 CV\",\"url\":\"https:\\\/\\\/confecomerc.es\\\/va\\\/author\\\/confe-admin-cv\\\/\"}]}<\/script>\n<!-- \/ Yoast SEO plugin. -->","yoast_head_json":{"title":"Galeria d'Imatges: Hackathon Confecomer\u00e7 per a la Generaci\u00f3 Z - Confecomer\u00e7","robots":{"index":"index","follow":"follow","max-snippet":"max-snippet:-1","max-image-preview":"max-image-preview:large","max-video-preview":"max-video-preview:-1"},"canonical":"https:\/\/confecomerc.es\/va\/galeria-de-imagenes-hackathon-confecomerc-para-la-generacion-z\/","og_locale":"en_US","og_type":"article","og_title":"Galeria d'Imatges: Hackathon Confecomer\u00e7 per a la Generaci\u00f3 Z - Confecomer\u00e7","og_description":"El passat 2 de maig de 2024, Confecomer\u00e7, en col\u00b7laboraci\u00f3 amb la Universitat Polit\u00e8cnica de Val\u00e8ncia (UPV) i la seua C\u00e0tedra de Comer\u00e7, va dur a terme un esdeveniment vibrant i carregat d'innovaci\u00f3: un Hackathon dedicat exclusivament a la generaci\u00f3 Z. Esta trobada va reunir joves brillants i creatius amb l'objectiu de dissenyar el futur del comer\u00e7 de proximitat. Durant este dia intens, des de les 12.30 fins a les 20.30, 50 participants es van submergir en el desafiament de \"Modelar una botiga capa\u00e7 de conquistar-los\". Armats amb idees fresques i un esperit col\u00b7laboratiu, van treballar en equips per a esmicolar els problemes actuals del sector i proposar solucions noves que ressonaren amb els seus contemporanis. La Casa de l'Alumne de la UPV es va transformar en un formiguer d'activitat, on l'energia i l'entusiasme d'estos joves es palpava en cada cantonada. Els assistents no sols van compartir un espai de creativitat, sin\u00f3 tamb\u00e9 l'oportunitat de rebre orientaci\u00f3 directa d'experts del sector i l\u00edders de les associacions membre de Confecomer\u00e7. A continuaci\u00f3, et convidem a explorar les imatges capturades durant este esdeveniment tan especial, on la passi\u00f3 i l'enginy de la generaci\u00f3 Z van brillar amb llum pr\u00f2pia, delineant un futur [&hellip;]","og_url":"https:\/\/confecomerc.es\/va\/galeria-de-imagenes-hackathon-confecomerc-para-la-generacion-z\/","og_site_name":"Confecomer\u00e7","article_published_time":"2024-05-08T10:28:39+00:00","article_modified_time":"2024-05-15T07:32:46+00:00","og_image":[{"width":1200,"height":904,"url":"https:\/\/confecomerc.es\/wp-content\/uploads\/2024\/05\/Hackathon-Confecomerc-2024-19.jpg","type":"image\/jpeg"}],"author":"CONFECOMER\u00c7 CV","twitter_card":"summary_large_image","twitter_misc":{"Written by":"CONFECOMER\u00c7 CV","Est. reading time":"14 minutes"},"schema":{"@context":"https:\/\/schema.org","@graph":[{"@type":"Article","@id":"https:\/\/confecomerc.es\/va\/galeria-de-imagenes-hackathon-confecomerc-para-la-generacion-z\/#article","isPartOf":{"@id":"https:\/\/confecomerc.es\/va\/galeria-de-imagenes-hackathon-confecomerc-para-la-generacion-z\/"},"author":{"name":"CONFECOMER\u00c7 CV","@id":"https:\/\/confecomerc.es\/#\/schema\/person\/23aa6211544dad9fa6ee269977b0a823"},"headline":"Galeria d&#8217;Imatges: Hackathon Confecomer\u00e7 per a la Generaci\u00f3 Z","datePublished":"2024-05-08T10:28:39+00:00","dateModified":"2024-05-15T07:32:46+00:00","mainEntityOfPage":{"@id":"https:\/\/confecomerc.es\/va\/galeria-de-imagenes-hackathon-confecomerc-para-la-generacion-z\/"},"wordCount":351,"image":{"@id":"https:\/\/confecomerc.es\/va\/galeria-de-imagenes-hackathon-confecomerc-para-la-generacion-z\/#primaryimage"},"thumbnailUrl":"https:\/\/confecomerc.es\/wp-content\/uploads\/2024\/05\/Hackathon-Confecomerc-2024-19.jpg","articleSection":["Confecomer\u00e7 Cv","Eventos"],"inLanguage":"va-VA"},{"@type":"WebPage","@id":"https:\/\/confecomerc.es\/va\/galeria-de-imagenes-hackathon-confecomerc-para-la-generacion-z\/","url":"https:\/\/confecomerc.es\/va\/galeria-de-imagenes-hackathon-confecomerc-para-la-generacion-z\/","name":"Galeria d'Imatges: Hackathon Confecomer\u00e7 per a la Generaci\u00f3 Z - Confecomer\u00e7","isPartOf":{"@id":"https:\/\/confecomerc.es\/#website"},"primaryImageOfPage":{"@id":"https:\/\/confecomerc.es\/va\/galeria-de-imagenes-hackathon-confecomerc-para-la-generacion-z\/#primaryimage"},"image":{"@id":"https:\/\/confecomerc.es\/va\/galeria-de-imagenes-hackathon-confecomerc-para-la-generacion-z\/#primaryimage"},"thumbnailUrl":"https:\/\/confecomerc.es\/wp-content\/uploads\/2024\/05\/Hackathon-Confecomerc-2024-19.jpg","datePublished":"2024-05-08T10:28:39+00:00","dateModified":"2024-05-15T07:32:46+00:00","author":{"@id":"https:\/\/confecomerc.es\/#\/schema\/person\/23aa6211544dad9fa6ee269977b0a823"},"breadcrumb":{"@id":"https:\/\/confecomerc.es\/va\/galeria-de-imagenes-hackathon-confecomerc-para-la-generacion-z\/#breadcrumb"},"inLanguage":"va-VA","potentialAction":[{"@type":"ReadAction","target":["https:\/\/confecomerc.es\/va\/galeria-de-imagenes-hackathon-confecomerc-para-la-generacion-z\/"]}]},{"@type":"ImageObject","inLanguage":"va-VA","@id":"https:\/\/confecomerc.es\/va\/galeria-de-imagenes-hackathon-confecomerc-para-la-generacion-z\/#primaryimage","url":"https:\/\/confecomerc.es\/wp-content\/uploads\/2024\/05\/Hackathon-Confecomerc-2024-19.jpg","contentUrl":"https:\/\/confecomerc.es\/wp-content\/uploads\/2024\/05\/Hackathon-Confecomerc-2024-19.jpg","width":1200,"height":904},{"@type":"BreadcrumbList","@id":"https:\/\/confecomerc.es\/va\/galeria-de-imagenes-hackathon-confecomerc-para-la-generacion-z\/#breadcrumb","itemListElement":[{"@type":"ListItem","position":1,"name":"Home","item":"https:\/\/confecomerc.es\/va\/confecomerc-cv\/"},{"@type":"ListItem","position":2,"name":"Galeria d&#8217;Imatges: Hackathon Confecomer\u00e7 per a la Generaci\u00f3 Z"}]},{"@type":"WebSite","@id":"https:\/\/confecomerc.es\/#website","url":"https:\/\/confecomerc.es\/","name":"Confecomer\u00e7","description":"Confederaci\u00f3 de Comer\u00e7 d\u2019alacant, Castell\u00f3 i Val\u00e8ncia","potentialAction":[{"@type":"SearchAction","target":{"@type":"EntryPoint","urlTemplate":"https:\/\/confecomerc.es\/?s={search_term_string}"},"query-input":{"@type":"PropertyValueSpecification","valueRequired":true,"valueName":"search_term_string"}}],"inLanguage":"va-VA"},{"@type":"Person","@id":"https:\/\/confecomerc.es\/#\/schema\/person\/23aa6211544dad9fa6ee269977b0a823","name":"CONFECOMER\u00c7 CV","url":"https:\/\/confecomerc.es\/va\/author\/confe-admin-cv\/"}]}},"_links":{"self":[{"href":"https:\/\/confecomerc.es\/va\/wp-json\/wp\/v2\/posts\/263555","targetHints":{"allow":["GET"]}}],"collection":[{"href":"https:\/\/confecomerc.es\/va\/wp-json\/wp\/v2\/posts"}],"about":[{"href":"https:\/\/confecomerc.es\/va\/wp-json\/wp\/v2\/types\/post"}],"author":[{"embeddable":true,"href":"https:\/\/confecomerc.es\/va\/wp-json\/wp\/v2\/users\/1"}],"replies":[{"embeddable":true,"href":"https:\/\/confecomerc.es\/va\/wp-json\/wp\/v2\/comments?post=263555"}],"version-history":[{"count":0,"href":"https:\/\/confecomerc.es\/va\/wp-json\/wp\/v2\/posts\/263555\/revisions"}],"wp:featuredmedia":[{"embeddable":true,"href":"https:\/\/confecomerc.es\/va\/wp-json\/wp\/v2\/media\/263462"}],"wp:attachment":[{"href":"https:\/\/confecomerc.es\/va\/wp-json\/wp\/v2\/media?parent=263555"}],"wp:term":[{"taxonomy":"category","embeddable":true,"href":"https:\/\/confecomerc.es\/va\/wp-json\/wp\/v2\/categories?post=263555"},{"taxonomy":"post_tag","embeddable":true,"href":"https:\/\/confecomerc.es\/va\/wp-json\/wp\/v2\/tags?post=263555"}],"curies":[{"name":"wp","href":"https:\/\/api.w.org\/{rel}","templated":true}]}}