{"id":263588,"date":"2024-05-15T08:40:01","date_gmt":"2024-05-15T07:40:01","guid":{"rendered":"https:\/\/confecomerc.es\/?p=263588"},"modified":"2024-05-15T08:40:01","modified_gmt":"2024-05-15T07:40:01","slug":"naix-la-comissio-de-relacions-laborals-de-confecomerc-2","status":"publish","type":"post","link":"https:\/\/confecomerc.es\/va\/naix-la-comissio-de-relacions-laborals-de-confecomerc-2\/","title":{"rendered":"Naix la Comissi\u00f3 de Relacions Laborals de Confecomer\u00e7"},"content":{"rendered":"<h5><strong>La gran majoria dels convenis col\u00b7lectius sectorials d&#8217;aplicaci\u00f3 en el sector es firmen en el si de la Confederaci\u00f3, a trav\u00e9s de les seues organitzacions membre<\/strong><\/h5>\n<p>&nbsp;<\/p>\n<p><strong>La Comissi\u00f3 de Relacions Laborals de Confecomer\u00e7<\/strong> s&#8217;ha constitu\u00eft este 2024 amb representants de les principals associacions i federacions sectorials que formen part de la Confederaci\u00f3.<\/p>\n<p>Es dona la circumst\u00e0ncia que en el si de Confecomer\u00e7, a trav\u00e9s de les seues organitzacions membre, es firmen la majoria dels convenis col\u00b7lectius sectorials que s&#8217;apliquen al sector del comer\u00e7.<\/p>\n<p>Amb la constituci\u00f3 d&#8217;esta Comissi\u00f3, que era un dels objectius marcats per la Confederaci\u00f3 per a este exercici, es fa un pas m\u00e9s cap a la millora de les relacions laborals en el comer\u00e7 de la Comunitat Valenciana.<\/p>\n<p>Segons ha explicat el vicepresident de Confecomer\u00e7 i president d&#8217;esta Comissi\u00f3 de Relacions Laborals, Jos\u00e9 Luis Beltr\u00e1n, este nou \u00f2rgan naix com a \u201cf\u00f2rum permanent d&#8217;\u00e0mbit estrictament empresarial, en el qual compartir les pr\u00e0ctiques, experi\u00e8ncies i plantejaments que poden ser \u00fatils a l&#8217;hora d&#8217;enfocar la negociaci\u00f3 col\u00b7lectiva en un determinat \u00e0mbit funcional\u201d.<\/p>\n<p>Tamb\u00e9 ajudar\u00e0 a fixar la posici\u00f3 de les empreses i professionals integrats en Confecomer\u00e7 enfront de qualsevol situaci\u00f3 que puga repercutir sobre la despesa de laboral dels comer\u00e7os associats.<\/p>\n<p>&nbsp;<\/p>\n<p><strong>Canvis normatius i augment de costos laborals<\/strong><\/p>\n<p>S\u00f3n molts els canvis normatius que s&#8217;han aprovat recentment o que es troben en discussi\u00f3 (reforma laboral, pujada SMI, nous permisos laborals, reducci\u00f3 jornada laboral, etc.). Afecten directament les relacions laborals en el comer\u00e7 i han suposat un increment dels costos salarials en el comer\u00e7 en els \u00faltims tres anys d&#8217;un 17,5% per treballador i mes, segons l&#8217;INE.<\/p>\n<p>En este context, <em>\u201c\u00e9s oportuna la creaci\u00f3 d&#8217;una Comissi\u00f3 de Relacions Laborals en el marc de Confecomer\u00e7, per a compartir i contrastar aspectes importants de les condicions laborals que es regulen en cada conveni sectorial de comer\u00e7\u201d<\/em>, ha assenyalat la secret\u00e0ria general, Amparo Barroso.<\/p>\n<p>Esta nova Comissi\u00f3 est\u00e0 formada per representants dels Gremis de Carnissers i Xarcuters, Forners i Pastissers, Moble, T\u00e8xtil i Metall de les tres prov\u00edncies de la Comunitat Valenciana, a m\u00e9s de la pr\u00f2pia Confederaci\u00f3.<\/p>\n<p>Confecomer\u00e7 representa a 203 associacions i federacions territorials, sectorials i de mercats municipals de la Comunitat Valenciana i a prop de 12.000 comer\u00e7os.<\/p>\n","protected":false},"excerpt":{"rendered":"<p>La gran majoria dels convenis col\u00b7lectius sectorials d&#8217;aplicaci\u00f3 en el sector es firmen en el si de la Confederaci\u00f3, a trav\u00e9s de les seues organitzacions membre &nbsp; La Comissi\u00f3 de Relacions Laborals de Confecomer\u00e7 s&#8217;ha constitu\u00eft este 2024 amb representants de les principals associacions i federacions sectorials que formen part de la Confederaci\u00f3. Es dona [&hellip;]<\/p>\n","protected":false},"author":3,"featured_media":263348,"comment_status":"closed","ping_status":"open","sticky":false,"template":"","format":"standard","meta":{"_et_pb_use_builder":"","_et_pb_old_content":"","_et_gb_content_width":"","footnotes":""},"categories":[614,615],"tags":[],"class_list":["post-263588","post","type-post","status-publish","format-standard","has-post-thumbnail","hentry","category-confecomerc-cv-va","category-notes-de-premsa"],"yoast_head":"<!-- This site is optimized with the Yoast SEO plugin v27.3 - https:\/\/yoast.com\/product\/yoast-seo-wordpress\/ -->\n<title>Naix la Comissi\u00f3 de Relacions Laborals de Confecomer\u00e7 - Confecomer\u00e7<\/title>\n<meta name=\"robots\" content=\"index, follow, max-snippet:-1, max-image-preview:large, max-video-preview:-1\" \/>\n<link rel=\"canonical\" href=\"https:\/\/confecomerc.es\/va\/naix-la-comissio-de-relacions-laborals-de-confecomerc-2\/\" \/>\n<meta property=\"og:locale\" content=\"en_US\" \/>\n<meta property=\"og:type\" content=\"article\" \/>\n<meta property=\"og:title\" content=\"Naix la Comissi\u00f3 de Relacions Laborals de Confecomer\u00e7 - Confecomer\u00e7\" \/>\n<meta property=\"og:description\" content=\"La gran majoria dels convenis col\u00b7lectius sectorials d&#8217;aplicaci\u00f3 en el sector es firmen en el si de la Confederaci\u00f3, a trav\u00e9s de les seues organitzacions membre &nbsp; La Comissi\u00f3 de Relacions Laborals de Confecomer\u00e7 s&#8217;ha constitu\u00eft este 2024 amb representants de les principals associacions i federacions sectorials que formen part de la Confederaci\u00f3. Es dona [&hellip;]\" \/>\n<meta property=\"og:url\" content=\"https:\/\/confecomerc.es\/va\/naix-la-comissio-de-relacions-laborals-de-confecomerc-2\/\" \/>\n<meta property=\"og:site_name\" content=\"Confecomer\u00e7\" \/>\n<meta property=\"article:published_time\" content=\"2024-05-15T07:40:01+00:00\" \/>\n<meta property=\"og:image\" content=\"https:\/\/confecomerc.es\/wp-content\/uploads\/2024\/04\/comision-relaciones-laborales-e1713878918848.jpg\" \/>\n\t<meta property=\"og:image:width\" content=\"1280\" \/>\n\t<meta property=\"og:image:height\" content=\"961\" \/>\n\t<meta property=\"og:image:type\" content=\"image\/jpeg\" \/>\n<meta name=\"author\" content=\"CONFECOMER\u00c7 CV\" \/>\n<meta name=\"twitter:card\" content=\"summary_large_image\" \/>\n<meta name=\"twitter:label1\" content=\"Written by\" \/>\n\t<meta name=\"twitter:data1\" content=\"CONFECOMER\u00c7 CV\" \/>\n\t<meta name=\"twitter:label2\" content=\"Est. reading time\" \/>\n\t<meta name=\"twitter:data2\" content=\"2 minutes\" \/>\n<script type=\"application\/ld+json\" class=\"yoast-schema-graph\">{\"@context\":\"https:\\\/\\\/schema.org\",\"@graph\":[{\"@type\":\"Article\",\"@id\":\"https:\\\/\\\/confecomerc.es\\\/va\\\/naix-la-comissio-de-relacions-laborals-de-confecomerc-2\\\/#article\",\"isPartOf\":{\"@id\":\"https:\\\/\\\/confecomerc.es\\\/va\\\/naix-la-comissio-de-relacions-laborals-de-confecomerc-2\\\/\"},\"author\":{\"name\":\"CONFECOMER\u00c7 CV\",\"@id\":\"https:\\\/\\\/confecomerc.es\\\/#\\\/schema\\\/person\\\/e52b1f5c6a309fabed634b2ee9158cbe\"},\"headline\":\"Naix la Comissi\u00f3 de Relacions Laborals de Confecomer\u00e7\",\"datePublished\":\"2024-05-15T07:40:01+00:00\",\"mainEntityOfPage\":{\"@id\":\"https:\\\/\\\/confecomerc.es\\\/va\\\/naix-la-comissio-de-relacions-laborals-de-confecomerc-2\\\/\"},\"wordCount\":406,\"image\":{\"@id\":\"https:\\\/\\\/confecomerc.es\\\/va\\\/naix-la-comissio-de-relacions-laborals-de-confecomerc-2\\\/#primaryimage\"},\"thumbnailUrl\":\"https:\\\/\\\/confecomerc.es\\\/wp-content\\\/uploads\\\/2024\\\/04\\\/comision-relaciones-laborales-e1713878918848.jpg\",\"articleSection\":[\"Confecomer\u00e7 Cv\",\"Notes de premsa\"],\"inLanguage\":\"va-VA\"},{\"@type\":\"WebPage\",\"@id\":\"https:\\\/\\\/confecomerc.es\\\/va\\\/naix-la-comissio-de-relacions-laborals-de-confecomerc-2\\\/\",\"url\":\"https:\\\/\\\/confecomerc.es\\\/va\\\/naix-la-comissio-de-relacions-laborals-de-confecomerc-2\\\/\",\"name\":\"Naix la Comissi\u00f3 de Relacions Laborals de Confecomer\u00e7 - Confecomer\u00e7\",\"isPartOf\":{\"@id\":\"https:\\\/\\\/confecomerc.es\\\/#website\"},\"primaryImageOfPage\":{\"@id\":\"https:\\\/\\\/confecomerc.es\\\/va\\\/naix-la-comissio-de-relacions-laborals-de-confecomerc-2\\\/#primaryimage\"},\"image\":{\"@id\":\"https:\\\/\\\/confecomerc.es\\\/va\\\/naix-la-comissio-de-relacions-laborals-de-confecomerc-2\\\/#primaryimage\"},\"thumbnailUrl\":\"https:\\\/\\\/confecomerc.es\\\/wp-content\\\/uploads\\\/2024\\\/04\\\/comision-relaciones-laborales-e1713878918848.jpg\",\"datePublished\":\"2024-05-15T07:40:01+00:00\",\"author\":{\"@id\":\"https:\\\/\\\/confecomerc.es\\\/#\\\/schema\\\/person\\\/e52b1f5c6a309fabed634b2ee9158cbe\"},\"breadcrumb\":{\"@id\":\"https:\\\/\\\/confecomerc.es\\\/va\\\/naix-la-comissio-de-relacions-laborals-de-confecomerc-2\\\/#breadcrumb\"},\"inLanguage\":\"va-VA\",\"potentialAction\":[{\"@type\":\"ReadAction\",\"target\":[\"https:\\\/\\\/confecomerc.es\\\/va\\\/naix-la-comissio-de-relacions-laborals-de-confecomerc-2\\\/\"]}]},{\"@type\":\"ImageObject\",\"inLanguage\":\"va-VA\",\"@id\":\"https:\\\/\\\/confecomerc.es\\\/va\\\/naix-la-comissio-de-relacions-laborals-de-confecomerc-2\\\/#primaryimage\",\"url\":\"https:\\\/\\\/confecomerc.es\\\/wp-content\\\/uploads\\\/2024\\\/04\\\/comision-relaciones-laborales-e1713878918848.jpg\",\"contentUrl\":\"https:\\\/\\\/confecomerc.es\\\/wp-content\\\/uploads\\\/2024\\\/04\\\/comision-relaciones-laborales-e1713878918848.jpg\",\"width\":1280,\"height\":961},{\"@type\":\"BreadcrumbList\",\"@id\":\"https:\\\/\\\/confecomerc.es\\\/va\\\/naix-la-comissio-de-relacions-laborals-de-confecomerc-2\\\/#breadcrumb\",\"itemListElement\":[{\"@type\":\"ListItem\",\"position\":1,\"name\":\"Home\",\"item\":\"https:\\\/\\\/confecomerc.es\\\/va\\\/confecomerc-cv\\\/\"},{\"@type\":\"ListItem\",\"position\":2,\"name\":\"Naix la Comissi\u00f3 de Relacions Laborals de Confecomer\u00e7\"}]},{\"@type\":\"WebSite\",\"@id\":\"https:\\\/\\\/confecomerc.es\\\/#website\",\"url\":\"https:\\\/\\\/confecomerc.es\\\/\",\"name\":\"Confecomer\u00e7\",\"description\":\"Confederaci\u00f3 de Comer\u00e7 d\u2019alacant, Castell\u00f3 i Val\u00e8ncia\",\"potentialAction\":[{\"@type\":\"SearchAction\",\"target\":{\"@type\":\"EntryPoint\",\"urlTemplate\":\"https:\\\/\\\/confecomerc.es\\\/?s={search_term_string}\"},\"query-input\":{\"@type\":\"PropertyValueSpecification\",\"valueRequired\":true,\"valueName\":\"search_term_string\"}}],\"inLanguage\":\"va-VA\"},{\"@type\":\"Person\",\"@id\":\"https:\\\/\\\/confecomerc.es\\\/#\\\/schema\\\/person\\\/e52b1f5c6a309fabed634b2ee9158cbe\",\"name\":\"CONFECOMER\u00c7 CV\",\"url\":\"https:\\\/\\\/confecomerc.es\\\/va\\\/author\\\/confecomerc-cv\\\/\"}]}<\/script>\n<!-- \/ Yoast SEO plugin. -->","yoast_head_json":{"title":"Naix la Comissi\u00f3 de Relacions Laborals de Confecomer\u00e7 - Confecomer\u00e7","robots":{"index":"index","follow":"follow","max-snippet":"max-snippet:-1","max-image-preview":"max-image-preview:large","max-video-preview":"max-video-preview:-1"},"canonical":"https:\/\/confecomerc.es\/va\/naix-la-comissio-de-relacions-laborals-de-confecomerc-2\/","og_locale":"en_US","og_type":"article","og_title":"Naix la Comissi\u00f3 de Relacions Laborals de Confecomer\u00e7 - Confecomer\u00e7","og_description":"La gran majoria dels convenis col\u00b7lectius sectorials d&#8217;aplicaci\u00f3 en el sector es firmen en el si de la Confederaci\u00f3, a trav\u00e9s de les seues organitzacions membre &nbsp; La Comissi\u00f3 de Relacions Laborals de Confecomer\u00e7 s&#8217;ha constitu\u00eft este 2024 amb representants de les principals associacions i federacions sectorials que formen part de la Confederaci\u00f3. Es dona [&hellip;]","og_url":"https:\/\/confecomerc.es\/va\/naix-la-comissio-de-relacions-laborals-de-confecomerc-2\/","og_site_name":"Confecomer\u00e7","article_published_time":"2024-05-15T07:40:01+00:00","og_image":[{"width":1280,"height":961,"url":"https:\/\/confecomerc.es\/wp-content\/uploads\/2024\/04\/comision-relaciones-laborales-e1713878918848.jpg","type":"image\/jpeg"}],"author":"CONFECOMER\u00c7 CV","twitter_card":"summary_large_image","twitter_misc":{"Written by":"CONFECOMER\u00c7 CV","Est. reading time":"2 minutes"},"schema":{"@context":"https:\/\/schema.org","@graph":[{"@type":"Article","@id":"https:\/\/confecomerc.es\/va\/naix-la-comissio-de-relacions-laborals-de-confecomerc-2\/#article","isPartOf":{"@id":"https:\/\/confecomerc.es\/va\/naix-la-comissio-de-relacions-laborals-de-confecomerc-2\/"},"author":{"name":"CONFECOMER\u00c7 CV","@id":"https:\/\/confecomerc.es\/#\/schema\/person\/e52b1f5c6a309fabed634b2ee9158cbe"},"headline":"Naix la Comissi\u00f3 de Relacions Laborals de Confecomer\u00e7","datePublished":"2024-05-15T07:40:01+00:00","mainEntityOfPage":{"@id":"https:\/\/confecomerc.es\/va\/naix-la-comissio-de-relacions-laborals-de-confecomerc-2\/"},"wordCount":406,"image":{"@id":"https:\/\/confecomerc.es\/va\/naix-la-comissio-de-relacions-laborals-de-confecomerc-2\/#primaryimage"},"thumbnailUrl":"https:\/\/confecomerc.es\/wp-content\/uploads\/2024\/04\/comision-relaciones-laborales-e1713878918848.jpg","articleSection":["Confecomer\u00e7 Cv","Notes de premsa"],"inLanguage":"va-VA"},{"@type":"WebPage","@id":"https:\/\/confecomerc.es\/va\/naix-la-comissio-de-relacions-laborals-de-confecomerc-2\/","url":"https:\/\/confecomerc.es\/va\/naix-la-comissio-de-relacions-laborals-de-confecomerc-2\/","name":"Naix la Comissi\u00f3 de Relacions Laborals de Confecomer\u00e7 - Confecomer\u00e7","isPartOf":{"@id":"https:\/\/confecomerc.es\/#website"},"primaryImageOfPage":{"@id":"https:\/\/confecomerc.es\/va\/naix-la-comissio-de-relacions-laborals-de-confecomerc-2\/#primaryimage"},"image":{"@id":"https:\/\/confecomerc.es\/va\/naix-la-comissio-de-relacions-laborals-de-confecomerc-2\/#primaryimage"},"thumbnailUrl":"https:\/\/confecomerc.es\/wp-content\/uploads\/2024\/04\/comision-relaciones-laborales-e1713878918848.jpg","datePublished":"2024-05-15T07:40:01+00:00","author":{"@id":"https:\/\/confecomerc.es\/#\/schema\/person\/e52b1f5c6a309fabed634b2ee9158cbe"},"breadcrumb":{"@id":"https:\/\/confecomerc.es\/va\/naix-la-comissio-de-relacions-laborals-de-confecomerc-2\/#breadcrumb"},"inLanguage":"va-VA","potentialAction":[{"@type":"ReadAction","target":["https:\/\/confecomerc.es\/va\/naix-la-comissio-de-relacions-laborals-de-confecomerc-2\/"]}]},{"@type":"ImageObject","inLanguage":"va-VA","@id":"https:\/\/confecomerc.es\/va\/naix-la-comissio-de-relacions-laborals-de-confecomerc-2\/#primaryimage","url":"https:\/\/confecomerc.es\/wp-content\/uploads\/2024\/04\/comision-relaciones-laborales-e1713878918848.jpg","contentUrl":"https:\/\/confecomerc.es\/wp-content\/uploads\/2024\/04\/comision-relaciones-laborales-e1713878918848.jpg","width":1280,"height":961},{"@type":"BreadcrumbList","@id":"https:\/\/confecomerc.es\/va\/naix-la-comissio-de-relacions-laborals-de-confecomerc-2\/#breadcrumb","itemListElement":[{"@type":"ListItem","position":1,"name":"Home","item":"https:\/\/confecomerc.es\/va\/confecomerc-cv\/"},{"@type":"ListItem","position":2,"name":"Naix la Comissi\u00f3 de Relacions Laborals de Confecomer\u00e7"}]},{"@type":"WebSite","@id":"https:\/\/confecomerc.es\/#website","url":"https:\/\/confecomerc.es\/","name":"Confecomer\u00e7","description":"Confederaci\u00f3 de Comer\u00e7 d\u2019alacant, Castell\u00f3 i Val\u00e8ncia","potentialAction":[{"@type":"SearchAction","target":{"@type":"EntryPoint","urlTemplate":"https:\/\/confecomerc.es\/?s={search_term_string}"},"query-input":{"@type":"PropertyValueSpecification","valueRequired":true,"valueName":"search_term_string"}}],"inLanguage":"va-VA"},{"@type":"Person","@id":"https:\/\/confecomerc.es\/#\/schema\/person\/e52b1f5c6a309fabed634b2ee9158cbe","name":"CONFECOMER\u00c7 CV","url":"https:\/\/confecomerc.es\/va\/author\/confecomerc-cv\/"}]}},"_links":{"self":[{"href":"https:\/\/confecomerc.es\/va\/wp-json\/wp\/v2\/posts\/263588","targetHints":{"allow":["GET"]}}],"collection":[{"href":"https:\/\/confecomerc.es\/va\/wp-json\/wp\/v2\/posts"}],"about":[{"href":"https:\/\/confecomerc.es\/va\/wp-json\/wp\/v2\/types\/post"}],"author":[{"embeddable":true,"href":"https:\/\/confecomerc.es\/va\/wp-json\/wp\/v2\/users\/3"}],"replies":[{"embeddable":true,"href":"https:\/\/confecomerc.es\/va\/wp-json\/wp\/v2\/comments?post=263588"}],"version-history":[{"count":0,"href":"https:\/\/confecomerc.es\/va\/wp-json\/wp\/v2\/posts\/263588\/revisions"}],"wp:featuredmedia":[{"embeddable":true,"href":"https:\/\/confecomerc.es\/va\/wp-json\/wp\/v2\/media\/263348"}],"wp:attachment":[{"href":"https:\/\/confecomerc.es\/va\/wp-json\/wp\/v2\/media?parent=263588"}],"wp:term":[{"taxonomy":"category","embeddable":true,"href":"https:\/\/confecomerc.es\/va\/wp-json\/wp\/v2\/categories?post=263588"},{"taxonomy":"post_tag","embeddable":true,"href":"https:\/\/confecomerc.es\/va\/wp-json\/wp\/v2\/tags?post=263588"}],"curies":[{"name":"wp","href":"https:\/\/api.w.org\/{rel}","templated":true}]}}