{"id":264432,"date":"2024-07-24T13:45:41","date_gmt":"2024-07-24T12:45:41","guid":{"rendered":"https:\/\/confecomerc.es\/el-mercado-central-invita-a-sus-clientes-a-realizar-un-viaje-gastronomico-por-el-mundo-saboreando-los-productos-internacionales-de-sus-paradas\/"},"modified":"2024-07-25T07:45:38","modified_gmt":"2024-07-25T06:45:38","slug":"el-mercado-central-invita-a-sus-clientes-a-realizar-un-viaje-gastronomico-por-el-mundo-saboreando-los-productos-internacionales-de-sus-paradas","status":"publish","type":"post","link":"https:\/\/confecomerc.es\/va\/el-mercado-central-invita-a-sus-clientes-a-realizar-un-viaje-gastronomico-por-el-mundo-saboreando-los-productos-internacionales-de-sus-paradas\/","title":{"rendered":"El Mercat Central convida als seus clients a realitzar un viatge gastron\u00f2mic pel m\u00f3n assaborint els productes internacionals de les seues parades"},"content":{"rendered":"<p><strong>L&#8217;\u00e0mplia oferta dels seus llocs inclou centenars de productes, ingredients i esp\u00e8cies per a assaborir receptes d&#8217;altres pa\u00efsos sense eixir de casa<\/strong><\/p>\n<p><strong> <a href=\"https:\/\/confecomerc.es\/wp-content\/uploads\/2024\/07\/El-Mercado-Central-productos-internacionales-1-1.jpg\"><img decoding=\"async\" class=\"aligncenter size-full wp-image-264421\" src=\"https:\/\/confecomerc.es\/wp-content\/uploads\/2024\/07\/El-Mercado-Central-productos-internacionales-1-1.jpg\" alt=\"productos internacionales\" width=\"1000\" height=\"666\" srcset=\"https:\/\/confecomerc.es\/wp-content\/uploads\/2024\/07\/El-Mercado-Central-productos-internacionales-1-1.jpg 1000w, https:\/\/confecomerc.es\/wp-content\/uploads\/2024\/07\/El-Mercado-Central-productos-internacionales-1-1-980x653.jpg 980w, https:\/\/confecomerc.es\/wp-content\/uploads\/2024\/07\/El-Mercado-Central-productos-internacionales-1-1-480x320.jpg 480w\" sizes=\"(min-width: 0px) and (max-width: 480px) 480px, (min-width: 481px) and (max-width: 980px) 980px, (min-width: 981px) 1000px, 100vw\" \/><\/a><\/strong><\/p>\n<p><strong>\u00a0<\/strong><\/p>\n<p><strong>Val\u00e8ncia, 24 de juliol de 2024<\/strong>. El Mercat Central de Val\u00e8ncia proposa als seus clients realitzar un viatge gastron\u00f2mic pel m\u00f3n recorrent les seues parades. L&#8217;\u00e0mplia oferta del Mercat Central inclou centenars de productes, ingredients i esp\u00e8cies que conviden a assaborir receptes d&#8217;altres pa\u00efsos per a confeccionar men\u00fas molt diferents sense eixir de casa.<\/p>\n<p>&nbsp;<\/p>\n<p>Productes orientals, llatins, africans o europeus conviuen en harmonia amb els productes del quil\u00f2metre 0, que constitu\u00efxen l&#8217;ess\u00e8ncia del Mercat Central, per a donar resposta a paladars de tots els gustos.<\/p>\n<p><a href=\"https:\/\/confecomerc.es\/wp-content\/uploads\/2024\/07\/El-Mercado-Central-productos-internacionales-2-1.jpg\"><img decoding=\"async\" class=\"aligncenter size-full wp-image-264423\" src=\"https:\/\/confecomerc.es\/wp-content\/uploads\/2024\/07\/El-Mercado-Central-productos-internacionales-2-1.jpg\" alt=\"productos internacionales\" width=\"1000\" height=\"667\" srcset=\"https:\/\/confecomerc.es\/wp-content\/uploads\/2024\/07\/El-Mercado-Central-productos-internacionales-2-1.jpg 1000w, https:\/\/confecomerc.es\/wp-content\/uploads\/2024\/07\/El-Mercado-Central-productos-internacionales-2-1-980x654.jpg 980w, https:\/\/confecomerc.es\/wp-content\/uploads\/2024\/07\/El-Mercado-Central-productos-internacionales-2-1-480x320.jpg 480w\" sizes=\"(min-width: 0px) and (max-width: 480px) 480px, (min-width: 481px) and (max-width: 980px) 980px, (min-width: 981px) 1000px, 100vw\" \/><\/a><\/p>\n<p>Hi ha llocs que ens transporten a Orient Mitj\u00e0 a trav\u00e9s d&#8217;exquisits dol\u00e7os i plats artesans, alguns dels quals van n\u00e0ixer en l&#8217;\u00e8poca de Babil\u00f2nia, amb menjars ja preparats i tamb\u00e9 productes orientals que inclouen les set esp\u00e8cies habituals en els seus plats, aigua de flor del taronger, b\u00fargul (blat triturat), concentrat de magrana, pa de pita, formatge halloumi, empanades, fal\u00e0fel, pastela, tabul\u00e9, hummus, pasta d&#8217;olives negres, samfaina oriental i dol\u00e7os de mel, anou, pistatxo, ametles i xocolate.<\/p>\n<p><a href=\"https:\/\/confecomerc.es\/wp-content\/uploads\/2024\/07\/El-Mercado-Central-productos-internacionales-3-1.jpg\"><img decoding=\"async\" class=\"aligncenter size-full wp-image-264425\" src=\"https:\/\/confecomerc.es\/wp-content\/uploads\/2024\/07\/El-Mercado-Central-productos-internacionales-3-1.jpg\" alt=\"productos internacionales\" width=\"1000\" height=\"667\" srcset=\"https:\/\/confecomerc.es\/wp-content\/uploads\/2024\/07\/El-Mercado-Central-productos-internacionales-3-1.jpg 1000w, https:\/\/confecomerc.es\/wp-content\/uploads\/2024\/07\/El-Mercado-Central-productos-internacionales-3-1-980x654.jpg 980w, https:\/\/confecomerc.es\/wp-content\/uploads\/2024\/07\/El-Mercado-Central-productos-internacionales-3-1-480x320.jpg 480w\" sizes=\"(min-width: 0px) and (max-width: 480px) 480px, (min-width: 481px) and (max-width: 980px) 980px, (min-width: 981px) 1000px, 100vw\" \/><\/a><\/p>\n<p>Hi ha altres especialitzats en productes llatins frescos tropicals i ultramarins de Llatinoam\u00e8rica, en els quals es pot trobar qualsevol ingredient de l&#8217;Equador, Col\u00f2mbia, el Per\u00fa, Bol\u00edvia, Cuba, el Brasil, Rep\u00fablica Dominicana, Hondures, M\u00e8xic, Vene\u00e7uela i tamb\u00e9 dels Estats Units i de diversos pa\u00efsos d&#8217;\u00c0frica, a m\u00e9s d&#8217;aliments llestos per a menjar, com els pastissets argentins.<\/p>\n<p>I altres en els quals es pot comprar qualsevol producte o condiment amb el segell d&#8217;It\u00e0lia: tot tipus de pasta italiana i artesana en diverses varietats (fresca, seca, farcida, a l&#8217;ou\u2026), arrossos italians, bases per a pizza i farines per a enfornar, formatges frescos, companatges, conserves, salses, olis, vinagres, panettone, tiramis\u00fa, past\u00eds de formatge i altres dol\u00e7os, caf\u00e9, vins i licors.<\/p>\n<p>Els aliments d&#8217;altres pa\u00efsos s&#8217;obrin pas en molts altres llocs del Mercat Central, com els de les fruites i verdures (on es poden trobar, per exemple, fruites tropicals i varietats d&#8217;altres pa\u00efsos, com el ceboll\u00ed alemany, i tubercles africans, com el nyam), i, per descomptat, en els llocs d&#8217;esp\u00e8cies, que aporten sempre el toc final caracter\u00edstic de cada lloc.<\/p>\n<p><a href=\"https:\/\/confecomerc.es\/wp-content\/uploads\/2024\/07\/El-Mercado-Central-productos-internacionales-4-1.jpg\"><img decoding=\"async\" class=\"aligncenter size-full wp-image-264427\" src=\"https:\/\/confecomerc.es\/wp-content\/uploads\/2024\/07\/El-Mercado-Central-productos-internacionales-4-1.jpg\" alt=\"productos internacionales\" width=\"1000\" height=\"666\" srcset=\"https:\/\/confecomerc.es\/wp-content\/uploads\/2024\/07\/El-Mercado-Central-productos-internacionales-4-1.jpg 1000w, https:\/\/confecomerc.es\/wp-content\/uploads\/2024\/07\/El-Mercado-Central-productos-internacionales-4-1-980x653.jpg 980w, https:\/\/confecomerc.es\/wp-content\/uploads\/2024\/07\/El-Mercado-Central-productos-internacionales-4-1-480x320.jpg 480w\" sizes=\"(min-width: 0px) and (max-width: 480px) 480px, (min-width: 481px) and (max-width: 980px) 980px, (min-width: 981px) 1000px, 100vw\" \/><\/a><\/p>\n<p>En el Mercat Central s\u00f3n, a m\u00e9s, moltes les carnisseries especialitzades en tall llat\u00ed, perqu\u00e8 els qui procedisquen de pa\u00efsos de Llatinoam\u00e8rica puguen mantindre els seus costums en el consum d&#8217;este producte.<\/p>\n<p>&nbsp;<\/p>\n<p>Els caf\u00e9s del m\u00f3n (en gra, torrat per a filtre o per a espresso), aix\u00ed com una \u00e0mplia varietat de xocolates i tes, i tamb\u00e9 diverses begudes, vins i licors de m\u00faltiples proced\u00e8ncies es poden trobar igualment en diversos llocs del Mercat Central.<\/p>\n<p>&nbsp;<\/p>\n<p>S\u00f3n tots ells llocs que, a m\u00e9s de convidar a realitzar un viatge gastron\u00f2mic internacional, igual que els altres del Mercat Central, s&#8217;esforcen a trobar els productes que demanden tant els seus clients habituals com els nous clients, residents a la ciutat que provenen de diverses i moltes parts del m\u00f3n i que com uns valencians m\u00e9s ja tenen com a refer\u00e8ncia el Mercat Central per a trobar tot el que necessiten, convertint-se di\u00e0riament en una mostra viva de l&#8217;afirmaci\u00f3 \u201cEl que no es troba ac\u00ed, segurament no existix\u201d.<\/p>\n<p><a href=\"https:\/\/confecomerc.es\/wp-content\/uploads\/2024\/07\/El-Mercado-Central-productos-internacionales-5-1.jpg\"><img decoding=\"async\" class=\"aligncenter size-full wp-image-264429\" src=\"https:\/\/confecomerc.es\/wp-content\/uploads\/2024\/07\/El-Mercado-Central-productos-internacionales-5-1.jpg\" alt=\"productos internacionales\" width=\"1000\" height=\"667\" srcset=\"https:\/\/confecomerc.es\/wp-content\/uploads\/2024\/07\/El-Mercado-Central-productos-internacionales-5-1.jpg 1000w, https:\/\/confecomerc.es\/wp-content\/uploads\/2024\/07\/El-Mercado-Central-productos-internacionales-5-1-980x654.jpg 980w, https:\/\/confecomerc.es\/wp-content\/uploads\/2024\/07\/El-Mercado-Central-productos-internacionales-5-1-480x320.jpg 480w\" sizes=\"(min-width: 0px) and (max-width: 480px) 480px, (min-width: 481px) and (max-width: 980px) 980px, (min-width: 981px) 1000px, 100vw\" \/><\/a><\/p>\n","protected":false},"excerpt":{"rendered":"<p>L&#8217;\u00e0mplia oferta dels seus llocs inclou centenars de productes, ingredients i esp\u00e8cies per a assaborir receptes d&#8217;altres pa\u00efsos sense eixir de casa \u00a0 Val\u00e8ncia, 24 de juliol de 2024. El Mercat Central de Val\u00e8ncia proposa als seus clients realitzar un viatge gastron\u00f2mic pel m\u00f3n recorrent les seues parades. L&#8217;\u00e0mplia oferta del Mercat Central inclou centenars [&hellip;]<\/p>\n","protected":false},"author":1,"featured_media":264422,"comment_status":"closed","ping_status":"open","sticky":false,"template":"","format":"standard","meta":{"_et_pb_use_builder":"","_et_pb_old_content":"","_et_gb_content_width":"","footnotes":""},"categories":[613],"tags":[],"class_list":["post-264432","post","type-post","status-publish","format-standard","has-post-thumbnail","hentry","category-associats-confecomerc-cv"],"yoast_head":"<!-- This site is optimized with the Yoast SEO plugin v27.3 - https:\/\/yoast.com\/product\/yoast-seo-wordpress\/ -->\n<title>El Mercat Central convida als seus clients a realitzar un viatge gastron\u00f2mic pel m\u00f3n assaborint els productes internacionals de les seues parades - Confecomer\u00e7<\/title>\n<meta name=\"description\" content=\"La amplia oferta de sus puestos incluye cientos de productos, ingredientes y especias para saborear recetas de otros pa\u00edses sin salir de casa\" \/>\n<meta name=\"robots\" content=\"index, follow, max-snippet:-1, max-image-preview:large, max-video-preview:-1\" \/>\n<link rel=\"canonical\" href=\"https:\/\/confecomerc.es\/va\/el-mercado-central-invita-a-sus-clientes-a-realizar-un-viaje-gastronomico-por-el-mundo-saboreando-los-productos-internacionales-de-sus-paradas\/\" \/>\n<meta property=\"og:locale\" content=\"en_US\" \/>\n<meta property=\"og:type\" content=\"article\" \/>\n<meta property=\"og:title\" content=\"El Mercat Central convida als seus clients a realitzar un viatge gastron\u00f2mic pel m\u00f3n assaborint els productes internacionals de les seues parades - Confecomer\u00e7\" \/>\n<meta property=\"og:description\" content=\"La amplia oferta de sus puestos incluye cientos de productos, ingredientes y especias para saborear recetas de otros pa\u00edses sin salir de casa\" \/>\n<meta property=\"og:url\" content=\"https:\/\/confecomerc.es\/va\/el-mercado-central-invita-a-sus-clientes-a-realizar-un-viaje-gastronomico-por-el-mundo-saboreando-los-productos-internacionales-de-sus-paradas\/\" \/>\n<meta property=\"og:site_name\" content=\"Confecomer\u00e7\" \/>\n<meta property=\"article:published_time\" content=\"2024-07-24T12:45:41+00:00\" \/>\n<meta property=\"article:modified_time\" content=\"2024-07-25T06:45:38+00:00\" \/>\n<meta property=\"og:image\" content=\"https:\/\/confecomerc.es\/wp-content\/uploads\/2024\/07\/El-Mercado-Central-productos-internacionales-1-1.jpg\" \/>\n\t<meta property=\"og:image:width\" content=\"1000\" \/>\n\t<meta property=\"og:image:height\" content=\"666\" \/>\n\t<meta property=\"og:image:type\" content=\"image\/jpeg\" \/>\n<meta name=\"author\" content=\"CONFECOMER\u00c7 CV\" \/>\n<meta name=\"twitter:card\" content=\"summary_large_image\" \/>\n<meta name=\"twitter:label1\" content=\"Written by\" \/>\n\t<meta name=\"twitter:data1\" content=\"CONFECOMER\u00c7 CV\" \/>\n\t<meta name=\"twitter:label2\" content=\"Est. reading time\" \/>\n\t<meta name=\"twitter:data2\" content=\"4 minutes\" \/>\n<script type=\"application\/ld+json\" class=\"yoast-schema-graph\">{\"@context\":\"https:\\\/\\\/schema.org\",\"@graph\":[{\"@type\":\"Article\",\"@id\":\"https:\\\/\\\/confecomerc.es\\\/va\\\/el-mercado-central-invita-a-sus-clientes-a-realizar-un-viaje-gastronomico-por-el-mundo-saboreando-los-productos-internacionales-de-sus-paradas\\\/#article\",\"isPartOf\":{\"@id\":\"https:\\\/\\\/confecomerc.es\\\/va\\\/el-mercado-central-invita-a-sus-clientes-a-realizar-un-viaje-gastronomico-por-el-mundo-saboreando-los-productos-internacionales-de-sus-paradas\\\/\"},\"author\":{\"name\":\"CONFECOMER\u00c7 CV\",\"@id\":\"https:\\\/\\\/confecomerc.es\\\/#\\\/schema\\\/person\\\/23aa6211544dad9fa6ee269977b0a823\"},\"headline\":\"El Mercat Central convida als seus clients a realitzar un viatge gastron\u00f2mic pel m\u00f3n assaborint els productes internacionals de les seues parades\",\"datePublished\":\"2024-07-24T12:45:41+00:00\",\"dateModified\":\"2024-07-25T06:45:38+00:00\",\"mainEntityOfPage\":{\"@id\":\"https:\\\/\\\/confecomerc.es\\\/va\\\/el-mercado-central-invita-a-sus-clientes-a-realizar-un-viaje-gastronomico-por-el-mundo-saboreando-los-productos-internacionales-de-sus-paradas\\\/\"},\"wordCount\":619,\"image\":{\"@id\":\"https:\\\/\\\/confecomerc.es\\\/va\\\/el-mercado-central-invita-a-sus-clientes-a-realizar-un-viaje-gastronomico-por-el-mundo-saboreando-los-productos-internacionales-de-sus-paradas\\\/#primaryimage\"},\"thumbnailUrl\":\"https:\\\/\\\/confecomerc.es\\\/wp-content\\\/uploads\\\/2024\\\/07\\\/El-Mercado-Central-productos-internacionales-1-1.jpg\",\"articleSection\":[\"Associats Confecomer\u00e7 Cv\"],\"inLanguage\":\"va-VA\"},{\"@type\":\"WebPage\",\"@id\":\"https:\\\/\\\/confecomerc.es\\\/va\\\/el-mercado-central-invita-a-sus-clientes-a-realizar-un-viaje-gastronomico-por-el-mundo-saboreando-los-productos-internacionales-de-sus-paradas\\\/\",\"url\":\"https:\\\/\\\/confecomerc.es\\\/va\\\/el-mercado-central-invita-a-sus-clientes-a-realizar-un-viaje-gastronomico-por-el-mundo-saboreando-los-productos-internacionales-de-sus-paradas\\\/\",\"name\":\"El Mercat Central convida als seus clients a realitzar un viatge gastron\u00f2mic pel m\u00f3n assaborint els productes internacionals de les seues parades - Confecomer\u00e7\",\"isPartOf\":{\"@id\":\"https:\\\/\\\/confecomerc.es\\\/#website\"},\"primaryImageOfPage\":{\"@id\":\"https:\\\/\\\/confecomerc.es\\\/va\\\/el-mercado-central-invita-a-sus-clientes-a-realizar-un-viaje-gastronomico-por-el-mundo-saboreando-los-productos-internacionales-de-sus-paradas\\\/#primaryimage\"},\"image\":{\"@id\":\"https:\\\/\\\/confecomerc.es\\\/va\\\/el-mercado-central-invita-a-sus-clientes-a-realizar-un-viaje-gastronomico-por-el-mundo-saboreando-los-productos-internacionales-de-sus-paradas\\\/#primaryimage\"},\"thumbnailUrl\":\"https:\\\/\\\/confecomerc.es\\\/wp-content\\\/uploads\\\/2024\\\/07\\\/El-Mercado-Central-productos-internacionales-1-1.jpg\",\"datePublished\":\"2024-07-24T12:45:41+00:00\",\"dateModified\":\"2024-07-25T06:45:38+00:00\",\"author\":{\"@id\":\"https:\\\/\\\/confecomerc.es\\\/#\\\/schema\\\/person\\\/23aa6211544dad9fa6ee269977b0a823\"},\"description\":\"La amplia oferta de sus puestos incluye cientos de productos, ingredientes y especias para saborear recetas de otros pa\u00edses sin salir de casa\",\"breadcrumb\":{\"@id\":\"https:\\\/\\\/confecomerc.es\\\/va\\\/el-mercado-central-invita-a-sus-clientes-a-realizar-un-viaje-gastronomico-por-el-mundo-saboreando-los-productos-internacionales-de-sus-paradas\\\/#breadcrumb\"},\"inLanguage\":\"va-VA\",\"potentialAction\":[{\"@type\":\"ReadAction\",\"target\":[\"https:\\\/\\\/confecomerc.es\\\/va\\\/el-mercado-central-invita-a-sus-clientes-a-realizar-un-viaje-gastronomico-por-el-mundo-saboreando-los-productos-internacionales-de-sus-paradas\\\/\"]}]},{\"@type\":\"ImageObject\",\"inLanguage\":\"va-VA\",\"@id\":\"https:\\\/\\\/confecomerc.es\\\/va\\\/el-mercado-central-invita-a-sus-clientes-a-realizar-un-viaje-gastronomico-por-el-mundo-saboreando-los-productos-internacionales-de-sus-paradas\\\/#primaryimage\",\"url\":\"https:\\\/\\\/confecomerc.es\\\/wp-content\\\/uploads\\\/2024\\\/07\\\/El-Mercado-Central-productos-internacionales-1-1.jpg\",\"contentUrl\":\"https:\\\/\\\/confecomerc.es\\\/wp-content\\\/uploads\\\/2024\\\/07\\\/El-Mercado-Central-productos-internacionales-1-1.jpg\",\"width\":1000,\"height\":666,\"caption\":\"productos internacionales\"},{\"@type\":\"BreadcrumbList\",\"@id\":\"https:\\\/\\\/confecomerc.es\\\/va\\\/el-mercado-central-invita-a-sus-clientes-a-realizar-un-viaje-gastronomico-por-el-mundo-saboreando-los-productos-internacionales-de-sus-paradas\\\/#breadcrumb\",\"itemListElement\":[{\"@type\":\"ListItem\",\"position\":1,\"name\":\"Home\",\"item\":\"https:\\\/\\\/confecomerc.es\\\/va\\\/confecomerc-cv\\\/\"},{\"@type\":\"ListItem\",\"position\":2,\"name\":\"El Mercat Central convida als seus clients a realitzar un viatge gastron\u00f2mic pel m\u00f3n assaborint els productes internacionals de les seues parades\"}]},{\"@type\":\"WebSite\",\"@id\":\"https:\\\/\\\/confecomerc.es\\\/#website\",\"url\":\"https:\\\/\\\/confecomerc.es\\\/\",\"name\":\"Confecomer\u00e7\",\"description\":\"Confederaci\u00f3 de Comer\u00e7 d\u2019alacant, Castell\u00f3 i Val\u00e8ncia\",\"potentialAction\":[{\"@type\":\"SearchAction\",\"target\":{\"@type\":\"EntryPoint\",\"urlTemplate\":\"https:\\\/\\\/confecomerc.es\\\/?s={search_term_string}\"},\"query-input\":{\"@type\":\"PropertyValueSpecification\",\"valueRequired\":true,\"valueName\":\"search_term_string\"}}],\"inLanguage\":\"va-VA\"},{\"@type\":\"Person\",\"@id\":\"https:\\\/\\\/confecomerc.es\\\/#\\\/schema\\\/person\\\/23aa6211544dad9fa6ee269977b0a823\",\"name\":\"CONFECOMER\u00c7 CV\",\"url\":\"https:\\\/\\\/confecomerc.es\\\/va\\\/author\\\/confe-admin-cv\\\/\"}]}<\/script>\n<!-- \/ Yoast SEO plugin. -->","yoast_head_json":{"title":"El Mercat Central convida als seus clients a realitzar un viatge gastron\u00f2mic pel m\u00f3n assaborint els productes internacionals de les seues parades - Confecomer\u00e7","description":"La amplia oferta de sus puestos incluye cientos de productos, ingredientes y especias para saborear recetas de otros pa\u00edses sin salir de casa","robots":{"index":"index","follow":"follow","max-snippet":"max-snippet:-1","max-image-preview":"max-image-preview:large","max-video-preview":"max-video-preview:-1"},"canonical":"https:\/\/confecomerc.es\/va\/el-mercado-central-invita-a-sus-clientes-a-realizar-un-viaje-gastronomico-por-el-mundo-saboreando-los-productos-internacionales-de-sus-paradas\/","og_locale":"en_US","og_type":"article","og_title":"El Mercat Central convida als seus clients a realitzar un viatge gastron\u00f2mic pel m\u00f3n assaborint els productes internacionals de les seues parades - Confecomer\u00e7","og_description":"La amplia oferta de sus puestos incluye cientos de productos, ingredientes y especias para saborear recetas de otros pa\u00edses sin salir de casa","og_url":"https:\/\/confecomerc.es\/va\/el-mercado-central-invita-a-sus-clientes-a-realizar-un-viaje-gastronomico-por-el-mundo-saboreando-los-productos-internacionales-de-sus-paradas\/","og_site_name":"Confecomer\u00e7","article_published_time":"2024-07-24T12:45:41+00:00","article_modified_time":"2024-07-25T06:45:38+00:00","og_image":[{"width":1000,"height":666,"url":"https:\/\/confecomerc.es\/wp-content\/uploads\/2024\/07\/El-Mercado-Central-productos-internacionales-1-1.jpg","type":"image\/jpeg"}],"author":"CONFECOMER\u00c7 CV","twitter_card":"summary_large_image","twitter_misc":{"Written by":"CONFECOMER\u00c7 CV","Est. reading time":"4 minutes"},"schema":{"@context":"https:\/\/schema.org","@graph":[{"@type":"Article","@id":"https:\/\/confecomerc.es\/va\/el-mercado-central-invita-a-sus-clientes-a-realizar-un-viaje-gastronomico-por-el-mundo-saboreando-los-productos-internacionales-de-sus-paradas\/#article","isPartOf":{"@id":"https:\/\/confecomerc.es\/va\/el-mercado-central-invita-a-sus-clientes-a-realizar-un-viaje-gastronomico-por-el-mundo-saboreando-los-productos-internacionales-de-sus-paradas\/"},"author":{"name":"CONFECOMER\u00c7 CV","@id":"https:\/\/confecomerc.es\/#\/schema\/person\/23aa6211544dad9fa6ee269977b0a823"},"headline":"El Mercat Central convida als seus clients a realitzar un viatge gastron\u00f2mic pel m\u00f3n assaborint els productes internacionals de les seues parades","datePublished":"2024-07-24T12:45:41+00:00","dateModified":"2024-07-25T06:45:38+00:00","mainEntityOfPage":{"@id":"https:\/\/confecomerc.es\/va\/el-mercado-central-invita-a-sus-clientes-a-realizar-un-viaje-gastronomico-por-el-mundo-saboreando-los-productos-internacionales-de-sus-paradas\/"},"wordCount":619,"image":{"@id":"https:\/\/confecomerc.es\/va\/el-mercado-central-invita-a-sus-clientes-a-realizar-un-viaje-gastronomico-por-el-mundo-saboreando-los-productos-internacionales-de-sus-paradas\/#primaryimage"},"thumbnailUrl":"https:\/\/confecomerc.es\/wp-content\/uploads\/2024\/07\/El-Mercado-Central-productos-internacionales-1-1.jpg","articleSection":["Associats Confecomer\u00e7 Cv"],"inLanguage":"va-VA"},{"@type":"WebPage","@id":"https:\/\/confecomerc.es\/va\/el-mercado-central-invita-a-sus-clientes-a-realizar-un-viaje-gastronomico-por-el-mundo-saboreando-los-productos-internacionales-de-sus-paradas\/","url":"https:\/\/confecomerc.es\/va\/el-mercado-central-invita-a-sus-clientes-a-realizar-un-viaje-gastronomico-por-el-mundo-saboreando-los-productos-internacionales-de-sus-paradas\/","name":"El Mercat Central convida als seus clients a realitzar un viatge gastron\u00f2mic pel m\u00f3n assaborint els productes internacionals de les seues parades - Confecomer\u00e7","isPartOf":{"@id":"https:\/\/confecomerc.es\/#website"},"primaryImageOfPage":{"@id":"https:\/\/confecomerc.es\/va\/el-mercado-central-invita-a-sus-clientes-a-realizar-un-viaje-gastronomico-por-el-mundo-saboreando-los-productos-internacionales-de-sus-paradas\/#primaryimage"},"image":{"@id":"https:\/\/confecomerc.es\/va\/el-mercado-central-invita-a-sus-clientes-a-realizar-un-viaje-gastronomico-por-el-mundo-saboreando-los-productos-internacionales-de-sus-paradas\/#primaryimage"},"thumbnailUrl":"https:\/\/confecomerc.es\/wp-content\/uploads\/2024\/07\/El-Mercado-Central-productos-internacionales-1-1.jpg","datePublished":"2024-07-24T12:45:41+00:00","dateModified":"2024-07-25T06:45:38+00:00","author":{"@id":"https:\/\/confecomerc.es\/#\/schema\/person\/23aa6211544dad9fa6ee269977b0a823"},"description":"La amplia oferta de sus puestos incluye cientos de productos, ingredientes y especias para saborear recetas de otros pa\u00edses sin salir de casa","breadcrumb":{"@id":"https:\/\/confecomerc.es\/va\/el-mercado-central-invita-a-sus-clientes-a-realizar-un-viaje-gastronomico-por-el-mundo-saboreando-los-productos-internacionales-de-sus-paradas\/#breadcrumb"},"inLanguage":"va-VA","potentialAction":[{"@type":"ReadAction","target":["https:\/\/confecomerc.es\/va\/el-mercado-central-invita-a-sus-clientes-a-realizar-un-viaje-gastronomico-por-el-mundo-saboreando-los-productos-internacionales-de-sus-paradas\/"]}]},{"@type":"ImageObject","inLanguage":"va-VA","@id":"https:\/\/confecomerc.es\/va\/el-mercado-central-invita-a-sus-clientes-a-realizar-un-viaje-gastronomico-por-el-mundo-saboreando-los-productos-internacionales-de-sus-paradas\/#primaryimage","url":"https:\/\/confecomerc.es\/wp-content\/uploads\/2024\/07\/El-Mercado-Central-productos-internacionales-1-1.jpg","contentUrl":"https:\/\/confecomerc.es\/wp-content\/uploads\/2024\/07\/El-Mercado-Central-productos-internacionales-1-1.jpg","width":1000,"height":666,"caption":"productos internacionales"},{"@type":"BreadcrumbList","@id":"https:\/\/confecomerc.es\/va\/el-mercado-central-invita-a-sus-clientes-a-realizar-un-viaje-gastronomico-por-el-mundo-saboreando-los-productos-internacionales-de-sus-paradas\/#breadcrumb","itemListElement":[{"@type":"ListItem","position":1,"name":"Home","item":"https:\/\/confecomerc.es\/va\/confecomerc-cv\/"},{"@type":"ListItem","position":2,"name":"El Mercat Central convida als seus clients a realitzar un viatge gastron\u00f2mic pel m\u00f3n assaborint els productes internacionals de les seues parades"}]},{"@type":"WebSite","@id":"https:\/\/confecomerc.es\/#website","url":"https:\/\/confecomerc.es\/","name":"Confecomer\u00e7","description":"Confederaci\u00f3 de Comer\u00e7 d\u2019alacant, Castell\u00f3 i Val\u00e8ncia","potentialAction":[{"@type":"SearchAction","target":{"@type":"EntryPoint","urlTemplate":"https:\/\/confecomerc.es\/?s={search_term_string}"},"query-input":{"@type":"PropertyValueSpecification","valueRequired":true,"valueName":"search_term_string"}}],"inLanguage":"va-VA"},{"@type":"Person","@id":"https:\/\/confecomerc.es\/#\/schema\/person\/23aa6211544dad9fa6ee269977b0a823","name":"CONFECOMER\u00c7 CV","url":"https:\/\/confecomerc.es\/va\/author\/confe-admin-cv\/"}]}},"_links":{"self":[{"href":"https:\/\/confecomerc.es\/va\/wp-json\/wp\/v2\/posts\/264432","targetHints":{"allow":["GET"]}}],"collection":[{"href":"https:\/\/confecomerc.es\/va\/wp-json\/wp\/v2\/posts"}],"about":[{"href":"https:\/\/confecomerc.es\/va\/wp-json\/wp\/v2\/types\/post"}],"author":[{"embeddable":true,"href":"https:\/\/confecomerc.es\/va\/wp-json\/wp\/v2\/users\/1"}],"replies":[{"embeddable":true,"href":"https:\/\/confecomerc.es\/va\/wp-json\/wp\/v2\/comments?post=264432"}],"version-history":[{"count":0,"href":"https:\/\/confecomerc.es\/va\/wp-json\/wp\/v2\/posts\/264432\/revisions"}],"wp:featuredmedia":[{"embeddable":true,"href":"https:\/\/confecomerc.es\/va\/wp-json\/wp\/v2\/media\/264422"}],"wp:attachment":[{"href":"https:\/\/confecomerc.es\/va\/wp-json\/wp\/v2\/media?parent=264432"}],"wp:term":[{"taxonomy":"category","embeddable":true,"href":"https:\/\/confecomerc.es\/va\/wp-json\/wp\/v2\/categories?post=264432"},{"taxonomy":"post_tag","embeddable":true,"href":"https:\/\/confecomerc.es\/va\/wp-json\/wp\/v2\/tags?post=264432"}],"curies":[{"name":"wp","href":"https:\/\/api.w.org\/{rel}","templated":true}]}}