{"id":264444,"date":"2024-07-26T13:17:58","date_gmt":"2024-07-26T12:17:58","guid":{"rendered":"https:\/\/confecomerc.es\/inteligencia-artificial-al-servicio-del-pequeno-comercio-en-retail-future\/"},"modified":"2024-07-29T07:38:08","modified_gmt":"2024-07-29T06:38:08","slug":"inteligencia-artificial-al-servicio-del-pequeno-comercio-en-retail-future","status":"publish","type":"post","link":"https:\/\/confecomerc.es\/va\/inteligencia-artificial-al-servicio-del-pequeno-comercio-en-retail-future\/","title":{"rendered":"Intel\u00b7lig\u00e8ncia artificial al servici del xicotet comer\u00e7 en RETAIL future"},"content":{"rendered":"<ul>\n<li><strong>Jos\u00e9 Luis Nueno i Pedro Ba\u00f1os, analitzaran com responen consumidors i xicotets comer\u00e7os davant l&#8217;actual situaci\u00f3 d&#8217;incertesa global.<\/strong><\/li>\n<li><strong>En el transcurs de la jornada es presentar\u00e0 la plataforma del Ministeri d&#8217;Economia, Comer\u00e7 i Empresa: \u2018Comer\u00e7 Connectat\u2019.<\/strong><\/li>\n<\/ul>\n<p><a href=\"https:\/\/confecomerc.es\/wp-content\/uploads\/2024\/07\/Enrique-Dans.jpg\"><img decoding=\"async\" class=\"aligncenter size-full wp-image-264441\" src=\"https:\/\/confecomerc.es\/wp-content\/uploads\/2024\/07\/Enrique-Dans.jpg\" alt=\"Enrique-Dans\" width=\"1200\" height=\"800\" srcset=\"https:\/\/confecomerc.es\/wp-content\/uploads\/2024\/07\/Enrique-Dans.jpg 1200w, https:\/\/confecomerc.es\/wp-content\/uploads\/2024\/07\/Enrique-Dans-980x653.jpg 980w, https:\/\/confecomerc.es\/wp-content\/uploads\/2024\/07\/Enrique-Dans-480x320.jpg 480w\" sizes=\"(min-width: 0px) and (max-width: 480px) 480px, (min-width: 481px) and (max-width: 980px) 980px, (min-width: 981px) 1200px, 100vw\" \/><\/a><\/p>\n<p><strong>Val\u00e8ncia, 25 &#8211; 07 &#8211; 24<\/strong>.-\u00a0 La s\u00e8ptima edici\u00f3 de <strong>RETAIL future<\/strong> ja va confeccionant un ampli i intens programa per al <strong>19 de setembre<\/strong>, i de nou en l&#8217;espai que oferix <strong>CaixaF\u00f2rum Val\u00e8ncia.<\/strong><\/p>\n<p>En esta nova edici\u00f3 cobren especial import\u00e0ncia les possibilitats que oferix la Intel\u00b7lig\u00e8ncia Artificial al xicotet comer\u00e7. Les persones assistents podran veure-ho a trav\u00e9s de professionals i casos de negocis que destaquen i en la incorporaci\u00f3 de la tecnologia a diferents \u00e0rees (gesti\u00f3, m\u00e0rqueting, enviaments, etc.). A m\u00e9s, tindran una sessi\u00f3 espec\u00edfica a trav\u00e9s de <strong>LAB RETAIL future: Connexi\u00f3 IA<\/strong>, amb el suport t\u00e8cnic de la firma Sciling, que presentar\u00e0 les oportunitats que obri la intel\u00b7lig\u00e8ncia artificial generativa al xicotet comer\u00e7 i l&#8217;artesania.<\/p>\n<p><strong>Consumidors i xicotets negocis davant la situaci\u00f3 geopol\u00edtica global<\/strong><\/p>\n<p>En <strong>RETAIL future<\/strong> tamb\u00e9 hi haur\u00e0 ocasi\u00f3 per a analitzar el context global socioecon\u00f2mic i com afecta al perfil dels consumidors. <strong>Jos\u00e9 Luis Nueno<\/strong>, professor del Departament de Direcci\u00f3 Comercial i titular de la C\u00e0tedra Intent HQ de Canvis en el Comportament del Consumidor en IESE, analitzar\u00e0 els canvis en el comportament del consumidor en este moment d&#8217;incertesa econ\u00f2mica i <strong>Pedro Ba\u00f1os<\/strong> <strong>Bajo<\/strong>, conferenciant i escriptor especialitzat en geoestrategia, exposar\u00e0 com afecten la situaci\u00f3 geopol\u00edtica i el context global als xicotets negocis.<\/p>\n<p><strong>Comer\u00e7 connectat<\/strong><\/p>\n<p>En esta edici\u00f3, en la qual se succeiran pon\u00e8ncies, taules de debat i casos d&#8217;\u00e8xit, tamb\u00e9 es donar\u00e0 a con\u00e9ixer la plataforma \u2018<strong>Comer\u00e7 Connectat<\/strong>\u2019, una iniciativa del Govern d&#8217;Espanya per a impulsar la competitivitat i transformaci\u00f3 digital del xicotet comer\u00e7, a trav\u00e9s de recursos formatius, la creaci\u00f3 de comunitats i el foment de relacions entre els diferents agents presents en el sector. <strong>Mar\u00eda Aparisi<\/strong>, subdirectora general de Comer\u00e7 Internacional de Servicis, Comer\u00e7 Digital i Cadenes de Valor en la Secretaria d&#8217;Estat de Comer\u00e7, ser\u00e0 l&#8217;encarregada de presentar als comer\u00e7os i artesans esta plataforma.<\/p>\n<h3><strong>\u00a0<\/strong><\/h3>\n<h3><strong>Sobre RETAIL <\/strong><strong>f<\/strong><strong>uture<\/strong><\/h3>\n<p><strong>RETAIL future<\/strong> s&#8217;ha establit com un esdeveniment anual organitzat per l&#8217;Oficina PATECO \u2013 Comer\u00e7 i Territori del Consell de Cambres Oficials de Comer\u00e7, Ind\u00fastria, Servicis i Navegaci\u00f3 de la Comunitat Valenciana i la Conselleria d&#8217;Innovaci\u00f3, Ind\u00fastria, Comer\u00e7 i Turisme de la Generalitat Valenciana, cofinan\u00e7at per la Uni\u00f3 Europea #EuropaSeSiente.<\/p>\n<p>Des del seu inici en 2018, ha servit com a plataforma d&#8217;aprenentatge, intercanvi d&#8217;experi\u00e8ncies i exposici\u00f3 de tend\u00e8ncies per al comer\u00e7 i l&#8217;artesania. Proporciona recursos te\u00f2rics i pr\u00e0ctics per a abordar la inevitable transformaci\u00f3 requerida per la societat i els consumidors actuals.<\/p>\n<p>En la seua s\u00e8ptima edici\u00f3, el pr\u00f2xim <strong>19 de setembre, RETAIL future<\/strong> presenta un programa divers que examina les tecnologies revolucion\u00e0ries, les perspectives econ\u00f2miques de les pimes i la col\u00b7laboraci\u00f3 com a resposta a temps desafiadors. L&#8217;assist\u00e8ncia a les seues respectives pon\u00e8ncies i el f\u00f2rum \u00e9s gratu\u00eft. El registre ja est\u00e0 obert en <a href=\"https:\/\/retailfuture.es\/\">https:\/\/retailfuture.es\/<\/a><\/p>\n<p>&nbsp;<\/p>\n<p><a href=\"https:\/\/confecomerc.es\/wp-content\/uploads\/2024\/07\/Retail_Future.jpg\"><img decoding=\"async\" class=\"aligncenter size-full wp-image-264439\" src=\"https:\/\/confecomerc.es\/wp-content\/uploads\/2024\/07\/Retail_Future.jpg\" alt=\"Retail_Future\" width=\"1200\" height=\"800\" srcset=\"https:\/\/confecomerc.es\/wp-content\/uploads\/2024\/07\/Retail_Future.jpg 1200w, https:\/\/confecomerc.es\/wp-content\/uploads\/2024\/07\/Retail_Future-980x653.jpg 980w, https:\/\/confecomerc.es\/wp-content\/uploads\/2024\/07\/Retail_Future-480x320.jpg 480w\" sizes=\"(min-width: 0px) and (max-width: 480px) 480px, (min-width: 481px) and (max-width: 980px) 980px, (min-width: 981px) 1200px, 100vw\" \/><\/a><\/p>\n","protected":false},"excerpt":{"rendered":"<p>Jos\u00e9 Luis Nueno i Pedro Ba\u00f1os, analitzaran com responen consumidors i xicotets comer\u00e7os davant l&#8217;actual situaci\u00f3 d&#8217;incertesa global. En el transcurs de la jornada es presentar\u00e0 la plataforma del Ministeri d&#8217;Economia, Comer\u00e7 i Empresa: \u2018Comer\u00e7 Connectat\u2019. Val\u00e8ncia, 25 &#8211; 07 &#8211; 24.-\u00a0 La s\u00e8ptima edici\u00f3 de RETAIL future ja va confeccionant un ampli i intens [&hellip;]<\/p>\n","protected":false},"author":1,"featured_media":264442,"comment_status":"closed","ping_status":"open","sticky":false,"template":"","format":"standard","meta":{"_et_pb_use_builder":"","_et_pb_old_content":"","_et_gb_content_width":"","footnotes":""},"categories":[615],"tags":[],"class_list":["post-264444","post","type-post","status-publish","format-standard","has-post-thumbnail","hentry","category-notes-de-premsa"],"yoast_head":"<!-- This site is optimized with the Yoast SEO plugin v27.3 - https:\/\/yoast.com\/product\/yoast-seo-wordpress\/ -->\n<title>Intel\u00b7lig\u00e8ncia artificial al servici del xicotet comer\u00e7 en RETAIL future - Confecomer\u00e7<\/title>\n<meta name=\"robots\" content=\"index, follow, max-snippet:-1, max-image-preview:large, max-video-preview:-1\" \/>\n<link rel=\"canonical\" href=\"https:\/\/confecomerc.es\/va\/inteligencia-artificial-al-servicio-del-pequeno-comercio-en-retail-future\/\" \/>\n<meta property=\"og:locale\" content=\"en_US\" \/>\n<meta property=\"og:type\" content=\"article\" \/>\n<meta property=\"og:title\" content=\"Intel\u00b7lig\u00e8ncia artificial al servici del xicotet comer\u00e7 en RETAIL future - Confecomer\u00e7\" \/>\n<meta property=\"og:description\" content=\"Jos\u00e9 Luis Nueno i Pedro Ba\u00f1os, analitzaran com responen consumidors i xicotets comer\u00e7os davant l&#8217;actual situaci\u00f3 d&#8217;incertesa global. En el transcurs de la jornada es presentar\u00e0 la plataforma del Ministeri d&#8217;Economia, Comer\u00e7 i Empresa: \u2018Comer\u00e7 Connectat\u2019. Val\u00e8ncia, 25 &#8211; 07 &#8211; 24.-\u00a0 La s\u00e8ptima edici\u00f3 de RETAIL future ja va confeccionant un ampli i intens [&hellip;]\" \/>\n<meta property=\"og:url\" content=\"https:\/\/confecomerc.es\/va\/inteligencia-artificial-al-servicio-del-pequeno-comercio-en-retail-future\/\" \/>\n<meta property=\"og:site_name\" content=\"Confecomer\u00e7\" \/>\n<meta property=\"article:published_time\" content=\"2024-07-26T12:17:58+00:00\" \/>\n<meta property=\"article:modified_time\" content=\"2024-07-29T06:38:08+00:00\" \/>\n<meta property=\"og:image\" content=\"https:\/\/confecomerc.es\/wp-content\/uploads\/2024\/07\/Enrique-Dans.jpg\" \/>\n\t<meta property=\"og:image:width\" content=\"1200\" \/>\n\t<meta property=\"og:image:height\" content=\"800\" \/>\n\t<meta property=\"og:image:type\" content=\"image\/jpeg\" \/>\n<meta name=\"author\" content=\"CONFECOMER\u00c7 CV\" \/>\n<meta name=\"twitter:card\" content=\"summary_large_image\" \/>\n<meta name=\"twitter:label1\" content=\"Written by\" \/>\n\t<meta name=\"twitter:data1\" content=\"CONFECOMER\u00c7 CV\" \/>\n\t<meta name=\"twitter:label2\" content=\"Est. reading time\" \/>\n\t<meta name=\"twitter:data2\" content=\"3 minutes\" \/>\n<script type=\"application\/ld+json\" class=\"yoast-schema-graph\">{\"@context\":\"https:\\\/\\\/schema.org\",\"@graph\":[{\"@type\":\"Article\",\"@id\":\"https:\\\/\\\/confecomerc.es\\\/va\\\/inteligencia-artificial-al-servicio-del-pequeno-comercio-en-retail-future\\\/#article\",\"isPartOf\":{\"@id\":\"https:\\\/\\\/confecomerc.es\\\/va\\\/inteligencia-artificial-al-servicio-del-pequeno-comercio-en-retail-future\\\/\"},\"author\":{\"name\":\"CONFECOMER\u00c7 CV\",\"@id\":\"https:\\\/\\\/confecomerc.es\\\/#\\\/schema\\\/person\\\/23aa6211544dad9fa6ee269977b0a823\"},\"headline\":\"Intel\u00b7lig\u00e8ncia artificial al servici del xicotet comer\u00e7 en RETAIL future\",\"datePublished\":\"2024-07-26T12:17:58+00:00\",\"dateModified\":\"2024-07-29T06:38:08+00:00\",\"mainEntityOfPage\":{\"@id\":\"https:\\\/\\\/confecomerc.es\\\/va\\\/inteligencia-artificial-al-servicio-del-pequeno-comercio-en-retail-future\\\/\"},\"wordCount\":558,\"image\":{\"@id\":\"https:\\\/\\\/confecomerc.es\\\/va\\\/inteligencia-artificial-al-servicio-del-pequeno-comercio-en-retail-future\\\/#primaryimage\"},\"thumbnailUrl\":\"https:\\\/\\\/confecomerc.es\\\/wp-content\\\/uploads\\\/2024\\\/07\\\/Enrique-Dans.jpg\",\"articleSection\":[\"Notes de premsa\"],\"inLanguage\":\"va-VA\"},{\"@type\":\"WebPage\",\"@id\":\"https:\\\/\\\/confecomerc.es\\\/va\\\/inteligencia-artificial-al-servicio-del-pequeno-comercio-en-retail-future\\\/\",\"url\":\"https:\\\/\\\/confecomerc.es\\\/va\\\/inteligencia-artificial-al-servicio-del-pequeno-comercio-en-retail-future\\\/\",\"name\":\"Intel\u00b7lig\u00e8ncia artificial al servici del xicotet comer\u00e7 en RETAIL future - Confecomer\u00e7\",\"isPartOf\":{\"@id\":\"https:\\\/\\\/confecomerc.es\\\/#website\"},\"primaryImageOfPage\":{\"@id\":\"https:\\\/\\\/confecomerc.es\\\/va\\\/inteligencia-artificial-al-servicio-del-pequeno-comercio-en-retail-future\\\/#primaryimage\"},\"image\":{\"@id\":\"https:\\\/\\\/confecomerc.es\\\/va\\\/inteligencia-artificial-al-servicio-del-pequeno-comercio-en-retail-future\\\/#primaryimage\"},\"thumbnailUrl\":\"https:\\\/\\\/confecomerc.es\\\/wp-content\\\/uploads\\\/2024\\\/07\\\/Enrique-Dans.jpg\",\"datePublished\":\"2024-07-26T12:17:58+00:00\",\"dateModified\":\"2024-07-29T06:38:08+00:00\",\"author\":{\"@id\":\"https:\\\/\\\/confecomerc.es\\\/#\\\/schema\\\/person\\\/23aa6211544dad9fa6ee269977b0a823\"},\"breadcrumb\":{\"@id\":\"https:\\\/\\\/confecomerc.es\\\/va\\\/inteligencia-artificial-al-servicio-del-pequeno-comercio-en-retail-future\\\/#breadcrumb\"},\"inLanguage\":\"va-VA\",\"potentialAction\":[{\"@type\":\"ReadAction\",\"target\":[\"https:\\\/\\\/confecomerc.es\\\/va\\\/inteligencia-artificial-al-servicio-del-pequeno-comercio-en-retail-future\\\/\"]}]},{\"@type\":\"ImageObject\",\"inLanguage\":\"va-VA\",\"@id\":\"https:\\\/\\\/confecomerc.es\\\/va\\\/inteligencia-artificial-al-servicio-del-pequeno-comercio-en-retail-future\\\/#primaryimage\",\"url\":\"https:\\\/\\\/confecomerc.es\\\/wp-content\\\/uploads\\\/2024\\\/07\\\/Enrique-Dans.jpg\",\"contentUrl\":\"https:\\\/\\\/confecomerc.es\\\/wp-content\\\/uploads\\\/2024\\\/07\\\/Enrique-Dans.jpg\",\"width\":1200,\"height\":800,\"caption\":\"Enrique-Dans\"},{\"@type\":\"BreadcrumbList\",\"@id\":\"https:\\\/\\\/confecomerc.es\\\/va\\\/inteligencia-artificial-al-servicio-del-pequeno-comercio-en-retail-future\\\/#breadcrumb\",\"itemListElement\":[{\"@type\":\"ListItem\",\"position\":1,\"name\":\"Home\",\"item\":\"https:\\\/\\\/confecomerc.es\\\/va\\\/confecomerc-cv\\\/\"},{\"@type\":\"ListItem\",\"position\":2,\"name\":\"Intel\u00b7lig\u00e8ncia artificial al servici del xicotet comer\u00e7 en RETAIL future\"}]},{\"@type\":\"WebSite\",\"@id\":\"https:\\\/\\\/confecomerc.es\\\/#website\",\"url\":\"https:\\\/\\\/confecomerc.es\\\/\",\"name\":\"Confecomer\u00e7\",\"description\":\"Confederaci\u00f3 de Comer\u00e7 d\u2019alacant, Castell\u00f3 i Val\u00e8ncia\",\"potentialAction\":[{\"@type\":\"SearchAction\",\"target\":{\"@type\":\"EntryPoint\",\"urlTemplate\":\"https:\\\/\\\/confecomerc.es\\\/?s={search_term_string}\"},\"query-input\":{\"@type\":\"PropertyValueSpecification\",\"valueRequired\":true,\"valueName\":\"search_term_string\"}}],\"inLanguage\":\"va-VA\"},{\"@type\":\"Person\",\"@id\":\"https:\\\/\\\/confecomerc.es\\\/#\\\/schema\\\/person\\\/23aa6211544dad9fa6ee269977b0a823\",\"name\":\"CONFECOMER\u00c7 CV\",\"url\":\"https:\\\/\\\/confecomerc.es\\\/va\\\/author\\\/confe-admin-cv\\\/\"}]}<\/script>\n<!-- \/ Yoast SEO plugin. -->","yoast_head_json":{"title":"Intel\u00b7lig\u00e8ncia artificial al servici del xicotet comer\u00e7 en RETAIL future - Confecomer\u00e7","robots":{"index":"index","follow":"follow","max-snippet":"max-snippet:-1","max-image-preview":"max-image-preview:large","max-video-preview":"max-video-preview:-1"},"canonical":"https:\/\/confecomerc.es\/va\/inteligencia-artificial-al-servicio-del-pequeno-comercio-en-retail-future\/","og_locale":"en_US","og_type":"article","og_title":"Intel\u00b7lig\u00e8ncia artificial al servici del xicotet comer\u00e7 en RETAIL future - Confecomer\u00e7","og_description":"Jos\u00e9 Luis Nueno i Pedro Ba\u00f1os, analitzaran com responen consumidors i xicotets comer\u00e7os davant l&#8217;actual situaci\u00f3 d&#8217;incertesa global. En el transcurs de la jornada es presentar\u00e0 la plataforma del Ministeri d&#8217;Economia, Comer\u00e7 i Empresa: \u2018Comer\u00e7 Connectat\u2019. Val\u00e8ncia, 25 &#8211; 07 &#8211; 24.-\u00a0 La s\u00e8ptima edici\u00f3 de RETAIL future ja va confeccionant un ampli i intens [&hellip;]","og_url":"https:\/\/confecomerc.es\/va\/inteligencia-artificial-al-servicio-del-pequeno-comercio-en-retail-future\/","og_site_name":"Confecomer\u00e7","article_published_time":"2024-07-26T12:17:58+00:00","article_modified_time":"2024-07-29T06:38:08+00:00","og_image":[{"width":1200,"height":800,"url":"https:\/\/confecomerc.es\/wp-content\/uploads\/2024\/07\/Enrique-Dans.jpg","type":"image\/jpeg"}],"author":"CONFECOMER\u00c7 CV","twitter_card":"summary_large_image","twitter_misc":{"Written by":"CONFECOMER\u00c7 CV","Est. reading time":"3 minutes"},"schema":{"@context":"https:\/\/schema.org","@graph":[{"@type":"Article","@id":"https:\/\/confecomerc.es\/va\/inteligencia-artificial-al-servicio-del-pequeno-comercio-en-retail-future\/#article","isPartOf":{"@id":"https:\/\/confecomerc.es\/va\/inteligencia-artificial-al-servicio-del-pequeno-comercio-en-retail-future\/"},"author":{"name":"CONFECOMER\u00c7 CV","@id":"https:\/\/confecomerc.es\/#\/schema\/person\/23aa6211544dad9fa6ee269977b0a823"},"headline":"Intel\u00b7lig\u00e8ncia artificial al servici del xicotet comer\u00e7 en RETAIL future","datePublished":"2024-07-26T12:17:58+00:00","dateModified":"2024-07-29T06:38:08+00:00","mainEntityOfPage":{"@id":"https:\/\/confecomerc.es\/va\/inteligencia-artificial-al-servicio-del-pequeno-comercio-en-retail-future\/"},"wordCount":558,"image":{"@id":"https:\/\/confecomerc.es\/va\/inteligencia-artificial-al-servicio-del-pequeno-comercio-en-retail-future\/#primaryimage"},"thumbnailUrl":"https:\/\/confecomerc.es\/wp-content\/uploads\/2024\/07\/Enrique-Dans.jpg","articleSection":["Notes de premsa"],"inLanguage":"va-VA"},{"@type":"WebPage","@id":"https:\/\/confecomerc.es\/va\/inteligencia-artificial-al-servicio-del-pequeno-comercio-en-retail-future\/","url":"https:\/\/confecomerc.es\/va\/inteligencia-artificial-al-servicio-del-pequeno-comercio-en-retail-future\/","name":"Intel\u00b7lig\u00e8ncia artificial al servici del xicotet comer\u00e7 en RETAIL future - Confecomer\u00e7","isPartOf":{"@id":"https:\/\/confecomerc.es\/#website"},"primaryImageOfPage":{"@id":"https:\/\/confecomerc.es\/va\/inteligencia-artificial-al-servicio-del-pequeno-comercio-en-retail-future\/#primaryimage"},"image":{"@id":"https:\/\/confecomerc.es\/va\/inteligencia-artificial-al-servicio-del-pequeno-comercio-en-retail-future\/#primaryimage"},"thumbnailUrl":"https:\/\/confecomerc.es\/wp-content\/uploads\/2024\/07\/Enrique-Dans.jpg","datePublished":"2024-07-26T12:17:58+00:00","dateModified":"2024-07-29T06:38:08+00:00","author":{"@id":"https:\/\/confecomerc.es\/#\/schema\/person\/23aa6211544dad9fa6ee269977b0a823"},"breadcrumb":{"@id":"https:\/\/confecomerc.es\/va\/inteligencia-artificial-al-servicio-del-pequeno-comercio-en-retail-future\/#breadcrumb"},"inLanguage":"va-VA","potentialAction":[{"@type":"ReadAction","target":["https:\/\/confecomerc.es\/va\/inteligencia-artificial-al-servicio-del-pequeno-comercio-en-retail-future\/"]}]},{"@type":"ImageObject","inLanguage":"va-VA","@id":"https:\/\/confecomerc.es\/va\/inteligencia-artificial-al-servicio-del-pequeno-comercio-en-retail-future\/#primaryimage","url":"https:\/\/confecomerc.es\/wp-content\/uploads\/2024\/07\/Enrique-Dans.jpg","contentUrl":"https:\/\/confecomerc.es\/wp-content\/uploads\/2024\/07\/Enrique-Dans.jpg","width":1200,"height":800,"caption":"Enrique-Dans"},{"@type":"BreadcrumbList","@id":"https:\/\/confecomerc.es\/va\/inteligencia-artificial-al-servicio-del-pequeno-comercio-en-retail-future\/#breadcrumb","itemListElement":[{"@type":"ListItem","position":1,"name":"Home","item":"https:\/\/confecomerc.es\/va\/confecomerc-cv\/"},{"@type":"ListItem","position":2,"name":"Intel\u00b7lig\u00e8ncia artificial al servici del xicotet comer\u00e7 en RETAIL future"}]},{"@type":"WebSite","@id":"https:\/\/confecomerc.es\/#website","url":"https:\/\/confecomerc.es\/","name":"Confecomer\u00e7","description":"Confederaci\u00f3 de Comer\u00e7 d\u2019alacant, Castell\u00f3 i Val\u00e8ncia","potentialAction":[{"@type":"SearchAction","target":{"@type":"EntryPoint","urlTemplate":"https:\/\/confecomerc.es\/?s={search_term_string}"},"query-input":{"@type":"PropertyValueSpecification","valueRequired":true,"valueName":"search_term_string"}}],"inLanguage":"va-VA"},{"@type":"Person","@id":"https:\/\/confecomerc.es\/#\/schema\/person\/23aa6211544dad9fa6ee269977b0a823","name":"CONFECOMER\u00c7 CV","url":"https:\/\/confecomerc.es\/va\/author\/confe-admin-cv\/"}]}},"_links":{"self":[{"href":"https:\/\/confecomerc.es\/va\/wp-json\/wp\/v2\/posts\/264444","targetHints":{"allow":["GET"]}}],"collection":[{"href":"https:\/\/confecomerc.es\/va\/wp-json\/wp\/v2\/posts"}],"about":[{"href":"https:\/\/confecomerc.es\/va\/wp-json\/wp\/v2\/types\/post"}],"author":[{"embeddable":true,"href":"https:\/\/confecomerc.es\/va\/wp-json\/wp\/v2\/users\/1"}],"replies":[{"embeddable":true,"href":"https:\/\/confecomerc.es\/va\/wp-json\/wp\/v2\/comments?post=264444"}],"version-history":[{"count":0,"href":"https:\/\/confecomerc.es\/va\/wp-json\/wp\/v2\/posts\/264444\/revisions"}],"wp:featuredmedia":[{"embeddable":true,"href":"https:\/\/confecomerc.es\/va\/wp-json\/wp\/v2\/media\/264442"}],"wp:attachment":[{"href":"https:\/\/confecomerc.es\/va\/wp-json\/wp\/v2\/media?parent=264444"}],"wp:term":[{"taxonomy":"category","embeddable":true,"href":"https:\/\/confecomerc.es\/va\/wp-json\/wp\/v2\/categories?post=264444"},{"taxonomy":"post_tag","embeddable":true,"href":"https:\/\/confecomerc.es\/va\/wp-json\/wp\/v2\/tags?post=264444"}],"curies":[{"name":"wp","href":"https:\/\/api.w.org\/{rel}","templated":true}]}}