{"id":265700,"date":"2025-01-20T10:20:27","date_gmt":"2025-01-20T09:20:27","guid":{"rendered":"https:\/\/confecomerc.es\/el-mercat-central-se-suma-a-la-campanyael-comerc-salva-al-comerc-per-a-la-recuperacio-dels-8-000-comercos-danyats-per-la-dana\/"},"modified":"2025-01-20T10:20:27","modified_gmt":"2025-01-20T09:20:27","slug":"el-mercat-central-se-suma-a-la-campanyael-comerc-salva-al-comerc-per-a-la-recuperacio-dels-8-000-comercos-danyats-per-la-dana","status":"publish","type":"post","link":"https:\/\/confecomerc.es\/va\/el-mercat-central-se-suma-a-la-campanyael-comerc-salva-al-comerc-per-a-la-recuperacio-dels-8-000-comercos-danyats-per-la-dana\/","title":{"rendered":"El Mercat Central se suma a la campanya<br>\u2018El comer\u00e7 salva al comer\u00e7\u2019 per a la recuperaci\u00f3 dels 8.000 comer\u00e7os danyats per la DANA"},"content":{"rendered":"<ul>\n<li><strong>Los clientes podr\u00e1n apor\u00b7 Els clients podran aportar el seu granet d&#8217;arena sol\u00b7licitant per un euro \u2018la bossa de la DANA\u2019tar su granito de arena solicitando por un euro \u2018la bolsa de la DANA\u2019 <\/strong><\/li>\n<li><strong>El Mercat Central ha estat al costat dels afectats des dels primers dies aportant producte fresc a empreses de servei <em>d&#8217;\u00e0pats <\/em>i centres de distribuci\u00f3, facilitant als mercats eines de treball, oferint Servei a Domicili gratu\u00eft i impulsant la campanya de recollida de fons per a deshumidificadors<\/strong><\/li>\n<\/ul>\n<p><strong> <\/strong><\/p>\n<p><strong>Val\u00e8ncia, 17 de enero de 2025. <\/strong>El Mercat Central de Val\u00e8ncia s&#8217;ha sumat a la campanya solid\u00e0ria \u2018El comer\u00e7 salva al comer\u00e7\u2019 impulsada per Confecomer\u00e7, posant a l&#8217;abast dels seus clients la possibilitat d&#8217;ajudar en la seua recuperaci\u00f3 als comer\u00e7os afectats per la DANA.<\/p>\n<p>L&#8217;objectiu d&#8217;esta iniciativa \u00e9s articular la solidaritat del comer\u00e7 associat amb els companys de les localitats danyades per la riuada, a trav\u00e9s de la compra de les bosses solid\u00e0ries -una edici\u00f3 especial amb la imatge de la campanya- que s&#8217;oferiran als clients que desitgen col\u00b7laborar.<\/p>\n<p>Els consumidors podran adquirir \u2018la bossa de la DANA\u2019 en el punt de venda al preu d&#8217;1 euro, aportant el seu granet d&#8217;arena a l&#8217;obertura i recuperaci\u00f3 dels m\u00e9s de 8.000 xicotets comer\u00e7os afectats per la cat\u00e0strofe, als quals es destinar\u00e0 \u00edntegrament el benefici.<\/p>\n<p>&nbsp;<\/p>\n<p><strong>El Mercat Central, al costat de residents i comerciants afectats per la DANA<\/strong><\/p>\n<p>El Mercat Central de Val\u00e8ncia ha estat al costat dels ciutadans i els comer\u00e7os afectats per la DANA des dels primers dies, aportant producte fresc a les empreses de servei <em>d&#8217;\u00e0pats<\/em> que van servir menjars a Picanya, La Torre, Forn de Alcedo i Castellar-Oliveral i tamb\u00e9 als centres solidaris de distribuci\u00f3, com la parr\u00f2quia Santa Mar\u00eda de l&#8217;Esgl\u00e9sia de Catarroja.<\/p>\n<p>Aix\u00ed mateix, en col\u00b7laboraci\u00f3 amb Confecomer\u00e7, la Confederaci\u00f3 de Mercats Tradicionals d&#8217;Espanya (METRAE) i l&#8217;Ajuntament de Val\u00e8ncia, ha facilitat eines de treball, com a balances, talladors de carn i picadors de companatge als mercats de Paiporta, Benet\u00fasser, Aldaia i Catarroja.<\/p>\n<p>Des de comen\u00e7aments de desembre va posar, a m\u00e9s, a la disposici\u00f3 de tots els seus clients habituals que resideixen en les zones afectades per la DANA el seu Servei a Domicili de forma totalment gratu\u00efta, amb la finalitat de facilitar-los la volta a la normalitat, portant-los la compra ara que ells tenen problemes per a despla\u00e7ar-se, i ajudar-los al fet que puguen continuar gaudint dels seus productes preferits.<\/p>\n<p>I, de cara a Nadal, es va unir decorant el Mercat de Picanya, a la iniciativa \u2018Els nostres mercats tornen a brillar per Nadal\u2019, de Confemercats i METRAE, que recordava que \u201centre moltes altres coses, els mercats afectats per la DANA van perdre els seus adorns de Nadal\u201d i que va obrir la porta a altres mercats espanyols perqu\u00e8 els ajudaren mitjan\u00e7ant esta xicoteta acci\u00f3 a \u201cretornar-los la il\u00b7lusi\u00f3, tant a ells com als seus clients, especialment als m\u00e9s xicotets\u201d.<\/p>\n<p>L&#8217;\u00faltima iniciativa solid\u00e0ria posada en marxa per l&#8217;Associaci\u00f3 de Venedors del Mercat Central de Val\u00e8ncia per a ajudar a residents i comerciants de les localitats afectades per la DANA, ha sigut la campanya de recollida de fons per a la compra de deshumidificadors tan necessaris en este moment en les localitats afectades, amb la fi no sols d&#8217;eliminar la humitat d&#8217;habitatges, locals comercials i garatges inundats on ja s&#8217;ha retirat l&#8217;aigua i el fang, sin\u00f3 tamb\u00e9 per a millorar la qualitat de l&#8217;aire que respiren els qui viuen all\u00ed, especialment les persones m\u00e9s sensibles, com els xiquets i els ancians.<\/p>\n<p>Per a la recollida de fons s&#8217;ha col\u00b7locat una urna en Atenci\u00f3 al Client, a trav\u00e9s de la que s&#8217;estan arreplegant les aportacions de venedors, empleats i clients, que estan gestionant treballadors del Mercat Central que es van veure greument afectats. Ells van ser els qui van transmetre la necessitat de tots els seus ve\u00efns d&#8217;assecar b\u00e9 les cases i locals abans d&#8217;iniciar obres de reparaci\u00f3, amb la finalitat d&#8217;evitar problemes futurs.<\/p>\n<p>Esta campanya ha perm\u00e9s entregar ja diversos humidificadors, adquirits a les botigues d&#8217;electrodom\u00e8stics Euronics-Tien21 afectats per la DANA, a habitatges de Paiporta, Sedav\u00ed, Catarroja i Albal.<\/p>\n","protected":false},"excerpt":{"rendered":"<p>Los clientes podr\u00e1n apor\u00b7 Els clients podran aportar el seu granet d&#8217;arena sol\u00b7licitant per un euro \u2018la bossa de la DANA\u2019tar su granito de arena solicitando por un euro \u2018la bolsa de la DANA\u2019 El Mercat Central ha estat al costat dels afectats des dels primers dies aportant producte fresc a empreses de servei d&#8217;\u00e0pats [&hellip;]<\/p>\n","protected":false},"author":1,"featured_media":265699,"comment_status":"closed","ping_status":"open","sticky":false,"template":"","format":"standard","meta":{"_et_pb_use_builder":"","_et_pb_old_content":"","_et_gb_content_width":"","footnotes":""},"categories":[613],"tags":[],"class_list":["post-265700","post","type-post","status-publish","format-standard","has-post-thumbnail","hentry","category-associats-confecomerc-cv"],"yoast_head":"<!-- This site is optimized with the Yoast SEO plugin v27.3 - https:\/\/yoast.com\/product\/yoast-seo-wordpress\/ -->\n<title>El Mercat Central se suma a la campanya\u2018El comer\u00e7 salva al comer\u00e7\u2019 per a la recuperaci\u00f3 dels 8.000 comer\u00e7os danyats per la DANA - Confecomer\u00e7<\/title>\n<meta name=\"description\" content=\"El objetivo de esta iniciativa es articular la solidaridad del comercio asociado con los compa\u00f1eros de las localidades da\u00f1adas por la riada, a trav\u00e9s de la compra de las bolsas solidarias -una edici\u00f3n especial con la imagen de la campa\u00f1a- que se ofrecer\u00e1n a los clientes que deseen colaborar.\" \/>\n<meta name=\"robots\" content=\"index, follow, max-snippet:-1, max-image-preview:large, max-video-preview:-1\" \/>\n<link rel=\"canonical\" href=\"https:\/\/confecomerc.es\/va\/el-mercat-central-se-suma-a-la-campanyael-comerc-salva-al-comerc-per-a-la-recuperacio-dels-8-000-comercos-danyats-per-la-dana\/\" \/>\n<meta property=\"og:locale\" content=\"en_US\" \/>\n<meta property=\"og:type\" content=\"article\" \/>\n<meta property=\"og:title\" content=\"El Mercat Central se suma a la campanya\u2018El comer\u00e7 salva al comer\u00e7\u2019 per a la recuperaci\u00f3 dels 8.000 comer\u00e7os danyats per la DANA - Confecomer\u00e7\" \/>\n<meta property=\"og:description\" content=\"El objetivo de esta iniciativa es articular la solidaridad del comercio asociado con los compa\u00f1eros de las localidades da\u00f1adas por la riada, a trav\u00e9s de la compra de las bolsas solidarias -una edici\u00f3n especial con la imagen de la campa\u00f1a- que se ofrecer\u00e1n a los clientes que deseen colaborar.\" \/>\n<meta property=\"og:url\" content=\"https:\/\/confecomerc.es\/va\/el-mercat-central-se-suma-a-la-campanyael-comerc-salva-al-comerc-per-a-la-recuperacio-dels-8-000-comercos-danyats-per-la-dana\/\" \/>\n<meta property=\"og:site_name\" content=\"Confecomer\u00e7\" \/>\n<meta property=\"article:published_time\" content=\"2025-01-20T09:20:27+00:00\" \/>\n<meta property=\"og:image\" content=\"https:\/\/confecomerc.es\/wp-content\/uploads\/2025\/01\/Bolsa-DANA-2.jpeg\" \/>\n\t<meta property=\"og:image:width\" content=\"1600\" \/>\n\t<meta property=\"og:image:height\" content=\"1265\" \/>\n\t<meta property=\"og:image:type\" content=\"image\/jpeg\" \/>\n<meta name=\"author\" content=\"CONFECOMER\u00c7 CV\" \/>\n<meta name=\"twitter:card\" content=\"summary_large_image\" \/>\n<meta name=\"twitter:label1\" content=\"Written by\" \/>\n\t<meta name=\"twitter:data1\" content=\"CONFECOMER\u00c7 CV\" \/>\n\t<meta name=\"twitter:label2\" content=\"Est. reading time\" \/>\n\t<meta name=\"twitter:data2\" content=\"4 minutes\" \/>\n<script type=\"application\/ld+json\" class=\"yoast-schema-graph\">{\"@context\":\"https:\\\/\\\/schema.org\",\"@graph\":[{\"@type\":\"Article\",\"@id\":\"https:\\\/\\\/confecomerc.es\\\/va\\\/el-mercat-central-se-suma-a-la-campanyael-comerc-salva-al-comerc-per-a-la-recuperacio-dels-8-000-comercos-danyats-per-la-dana\\\/#article\",\"isPartOf\":{\"@id\":\"https:\\\/\\\/confecomerc.es\\\/va\\\/el-mercat-central-se-suma-a-la-campanyael-comerc-salva-al-comerc-per-a-la-recuperacio-dels-8-000-comercos-danyats-per-la-dana\\\/\"},\"author\":{\"name\":\"CONFECOMER\u00c7 CV\",\"@id\":\"https:\\\/\\\/confecomerc.es\\\/#\\\/schema\\\/person\\\/23aa6211544dad9fa6ee269977b0a823\"},\"headline\":\"El Mercat Central se suma a la campanya \u2018El comer\u00e7 salva al comer\u00e7\u2019 per a la recuperaci\u00f3 dels 8.000 comer\u00e7os danyats per la DANA\",\"datePublished\":\"2025-01-20T09:20:27+00:00\",\"mainEntityOfPage\":{\"@id\":\"https:\\\/\\\/confecomerc.es\\\/va\\\/el-mercat-central-se-suma-a-la-campanyael-comerc-salva-al-comerc-per-a-la-recuperacio-dels-8-000-comercos-danyats-per-la-dana\\\/\"},\"wordCount\":760,\"image\":{\"@id\":\"https:\\\/\\\/confecomerc.es\\\/va\\\/el-mercat-central-se-suma-a-la-campanyael-comerc-salva-al-comerc-per-a-la-recuperacio-dels-8-000-comercos-danyats-per-la-dana\\\/#primaryimage\"},\"thumbnailUrl\":\"https:\\\/\\\/confecomerc.es\\\/wp-content\\\/uploads\\\/2025\\\/01\\\/Bolsa-DANA-2.jpeg\",\"articleSection\":[\"Associats Confecomer\u00e7 Cv\"],\"inLanguage\":\"va-VA\"},{\"@type\":\"WebPage\",\"@id\":\"https:\\\/\\\/confecomerc.es\\\/va\\\/el-mercat-central-se-suma-a-la-campanyael-comerc-salva-al-comerc-per-a-la-recuperacio-dels-8-000-comercos-danyats-per-la-dana\\\/\",\"url\":\"https:\\\/\\\/confecomerc.es\\\/va\\\/el-mercat-central-se-suma-a-la-campanyael-comerc-salva-al-comerc-per-a-la-recuperacio-dels-8-000-comercos-danyats-per-la-dana\\\/\",\"name\":\"El Mercat Central se suma a la campanya \u2018El comer\u00e7 salva al comer\u00e7\u2019 per a la recuperaci\u00f3 dels 8.000 comer\u00e7os danyats per la DANA - Confecomer\u00e7\",\"isPartOf\":{\"@id\":\"https:\\\/\\\/confecomerc.es\\\/#website\"},\"primaryImageOfPage\":{\"@id\":\"https:\\\/\\\/confecomerc.es\\\/va\\\/el-mercat-central-se-suma-a-la-campanyael-comerc-salva-al-comerc-per-a-la-recuperacio-dels-8-000-comercos-danyats-per-la-dana\\\/#primaryimage\"},\"image\":{\"@id\":\"https:\\\/\\\/confecomerc.es\\\/va\\\/el-mercat-central-se-suma-a-la-campanyael-comerc-salva-al-comerc-per-a-la-recuperacio-dels-8-000-comercos-danyats-per-la-dana\\\/#primaryimage\"},\"thumbnailUrl\":\"https:\\\/\\\/confecomerc.es\\\/wp-content\\\/uploads\\\/2025\\\/01\\\/Bolsa-DANA-2.jpeg\",\"datePublished\":\"2025-01-20T09:20:27+00:00\",\"author\":{\"@id\":\"https:\\\/\\\/confecomerc.es\\\/#\\\/schema\\\/person\\\/23aa6211544dad9fa6ee269977b0a823\"},\"description\":\"El objetivo de esta iniciativa es articular la solidaridad del comercio asociado con los compa\u00f1eros de las localidades da\u00f1adas por la riada, a trav\u00e9s de la compra de las bolsas solidarias -una edici\u00f3n especial con la imagen de la campa\u00f1a- que se ofrecer\u00e1n a los clientes que deseen colaborar.\",\"breadcrumb\":{\"@id\":\"https:\\\/\\\/confecomerc.es\\\/va\\\/el-mercat-central-se-suma-a-la-campanyael-comerc-salva-al-comerc-per-a-la-recuperacio-dels-8-000-comercos-danyats-per-la-dana\\\/#breadcrumb\"},\"inLanguage\":\"va-VA\",\"potentialAction\":[{\"@type\":\"ReadAction\",\"target\":[\"https:\\\/\\\/confecomerc.es\\\/va\\\/el-mercat-central-se-suma-a-la-campanyael-comerc-salva-al-comerc-per-a-la-recuperacio-dels-8-000-comercos-danyats-per-la-dana\\\/\"]}]},{\"@type\":\"ImageObject\",\"inLanguage\":\"va-VA\",\"@id\":\"https:\\\/\\\/confecomerc.es\\\/va\\\/el-mercat-central-se-suma-a-la-campanyael-comerc-salva-al-comerc-per-a-la-recuperacio-dels-8-000-comercos-danyats-per-la-dana\\\/#primaryimage\",\"url\":\"https:\\\/\\\/confecomerc.es\\\/wp-content\\\/uploads\\\/2025\\\/01\\\/Bolsa-DANA-2.jpeg\",\"contentUrl\":\"https:\\\/\\\/confecomerc.es\\\/wp-content\\\/uploads\\\/2025\\\/01\\\/Bolsa-DANA-2.jpeg\",\"width\":1600,\"height\":1265,\"caption\":\"Bolsa DANA\"},{\"@type\":\"BreadcrumbList\",\"@id\":\"https:\\\/\\\/confecomerc.es\\\/va\\\/el-mercat-central-se-suma-a-la-campanyael-comerc-salva-al-comerc-per-a-la-recuperacio-dels-8-000-comercos-danyats-per-la-dana\\\/#breadcrumb\",\"itemListElement\":[{\"@type\":\"ListItem\",\"position\":1,\"name\":\"Home\",\"item\":\"https:\\\/\\\/confecomerc.es\\\/va\\\/confecomerc-cv\\\/\"},{\"@type\":\"ListItem\",\"position\":2,\"name\":\"El Mercat Central se suma a la campanya\u2018El comer\u00e7 salva al comer\u00e7\u2019 per a la recuperaci\u00f3 dels 8.000 comer\u00e7os danyats per la DANA\"}]},{\"@type\":\"WebSite\",\"@id\":\"https:\\\/\\\/confecomerc.es\\\/#website\",\"url\":\"https:\\\/\\\/confecomerc.es\\\/\",\"name\":\"Confecomer\u00e7\",\"description\":\"Confederaci\u00f3 de Comer\u00e7 d\u2019alacant, Castell\u00f3 i Val\u00e8ncia\",\"potentialAction\":[{\"@type\":\"SearchAction\",\"target\":{\"@type\":\"EntryPoint\",\"urlTemplate\":\"https:\\\/\\\/confecomerc.es\\\/?s={search_term_string}\"},\"query-input\":{\"@type\":\"PropertyValueSpecification\",\"valueRequired\":true,\"valueName\":\"search_term_string\"}}],\"inLanguage\":\"va-VA\"},{\"@type\":\"Person\",\"@id\":\"https:\\\/\\\/confecomerc.es\\\/#\\\/schema\\\/person\\\/23aa6211544dad9fa6ee269977b0a823\",\"name\":\"CONFECOMER\u00c7 CV\",\"url\":\"https:\\\/\\\/confecomerc.es\\\/va\\\/author\\\/confe-admin-cv\\\/\"}]}<\/script>\n<!-- \/ Yoast SEO plugin. -->","yoast_head_json":{"title":"El Mercat Central se suma a la campanya\u2018El comer\u00e7 salva al comer\u00e7\u2019 per a la recuperaci\u00f3 dels 8.000 comer\u00e7os danyats per la DANA - Confecomer\u00e7","description":"El objetivo de esta iniciativa es articular la solidaridad del comercio asociado con los compa\u00f1eros de las localidades da\u00f1adas por la riada, a trav\u00e9s de la compra de las bolsas solidarias -una edici\u00f3n especial con la imagen de la campa\u00f1a- que se ofrecer\u00e1n a los clientes que deseen colaborar.","robots":{"index":"index","follow":"follow","max-snippet":"max-snippet:-1","max-image-preview":"max-image-preview:large","max-video-preview":"max-video-preview:-1"},"canonical":"https:\/\/confecomerc.es\/va\/el-mercat-central-se-suma-a-la-campanyael-comerc-salva-al-comerc-per-a-la-recuperacio-dels-8-000-comercos-danyats-per-la-dana\/","og_locale":"en_US","og_type":"article","og_title":"El Mercat Central se suma a la campanya\u2018El comer\u00e7 salva al comer\u00e7\u2019 per a la recuperaci\u00f3 dels 8.000 comer\u00e7os danyats per la DANA - Confecomer\u00e7","og_description":"El objetivo de esta iniciativa es articular la solidaridad del comercio asociado con los compa\u00f1eros de las localidades da\u00f1adas por la riada, a trav\u00e9s de la compra de las bolsas solidarias -una edici\u00f3n especial con la imagen de la campa\u00f1a- que se ofrecer\u00e1n a los clientes que deseen colaborar.","og_url":"https:\/\/confecomerc.es\/va\/el-mercat-central-se-suma-a-la-campanyael-comerc-salva-al-comerc-per-a-la-recuperacio-dels-8-000-comercos-danyats-per-la-dana\/","og_site_name":"Confecomer\u00e7","article_published_time":"2025-01-20T09:20:27+00:00","og_image":[{"width":1600,"height":1265,"url":"https:\/\/confecomerc.es\/wp-content\/uploads\/2025\/01\/Bolsa-DANA-2.jpeg","type":"image\/jpeg"}],"author":"CONFECOMER\u00c7 CV","twitter_card":"summary_large_image","twitter_misc":{"Written by":"CONFECOMER\u00c7 CV","Est. reading time":"4 minutes"},"schema":{"@context":"https:\/\/schema.org","@graph":[{"@type":"Article","@id":"https:\/\/confecomerc.es\/va\/el-mercat-central-se-suma-a-la-campanyael-comerc-salva-al-comerc-per-a-la-recuperacio-dels-8-000-comercos-danyats-per-la-dana\/#article","isPartOf":{"@id":"https:\/\/confecomerc.es\/va\/el-mercat-central-se-suma-a-la-campanyael-comerc-salva-al-comerc-per-a-la-recuperacio-dels-8-000-comercos-danyats-per-la-dana\/"},"author":{"name":"CONFECOMER\u00c7 CV","@id":"https:\/\/confecomerc.es\/#\/schema\/person\/23aa6211544dad9fa6ee269977b0a823"},"headline":"El Mercat Central se suma a la campanya \u2018El comer\u00e7 salva al comer\u00e7\u2019 per a la recuperaci\u00f3 dels 8.000 comer\u00e7os danyats per la DANA","datePublished":"2025-01-20T09:20:27+00:00","mainEntityOfPage":{"@id":"https:\/\/confecomerc.es\/va\/el-mercat-central-se-suma-a-la-campanyael-comerc-salva-al-comerc-per-a-la-recuperacio-dels-8-000-comercos-danyats-per-la-dana\/"},"wordCount":760,"image":{"@id":"https:\/\/confecomerc.es\/va\/el-mercat-central-se-suma-a-la-campanyael-comerc-salva-al-comerc-per-a-la-recuperacio-dels-8-000-comercos-danyats-per-la-dana\/#primaryimage"},"thumbnailUrl":"https:\/\/confecomerc.es\/wp-content\/uploads\/2025\/01\/Bolsa-DANA-2.jpeg","articleSection":["Associats Confecomer\u00e7 Cv"],"inLanguage":"va-VA"},{"@type":"WebPage","@id":"https:\/\/confecomerc.es\/va\/el-mercat-central-se-suma-a-la-campanyael-comerc-salva-al-comerc-per-a-la-recuperacio-dels-8-000-comercos-danyats-per-la-dana\/","url":"https:\/\/confecomerc.es\/va\/el-mercat-central-se-suma-a-la-campanyael-comerc-salva-al-comerc-per-a-la-recuperacio-dels-8-000-comercos-danyats-per-la-dana\/","name":"El Mercat Central se suma a la campanya \u2018El comer\u00e7 salva al comer\u00e7\u2019 per a la recuperaci\u00f3 dels 8.000 comer\u00e7os danyats per la DANA - Confecomer\u00e7","isPartOf":{"@id":"https:\/\/confecomerc.es\/#website"},"primaryImageOfPage":{"@id":"https:\/\/confecomerc.es\/va\/el-mercat-central-se-suma-a-la-campanyael-comerc-salva-al-comerc-per-a-la-recuperacio-dels-8-000-comercos-danyats-per-la-dana\/#primaryimage"},"image":{"@id":"https:\/\/confecomerc.es\/va\/el-mercat-central-se-suma-a-la-campanyael-comerc-salva-al-comerc-per-a-la-recuperacio-dels-8-000-comercos-danyats-per-la-dana\/#primaryimage"},"thumbnailUrl":"https:\/\/confecomerc.es\/wp-content\/uploads\/2025\/01\/Bolsa-DANA-2.jpeg","datePublished":"2025-01-20T09:20:27+00:00","author":{"@id":"https:\/\/confecomerc.es\/#\/schema\/person\/23aa6211544dad9fa6ee269977b0a823"},"description":"El objetivo de esta iniciativa es articular la solidaridad del comercio asociado con los compa\u00f1eros de las localidades da\u00f1adas por la riada, a trav\u00e9s de la compra de las bolsas solidarias -una edici\u00f3n especial con la imagen de la campa\u00f1a- que se ofrecer\u00e1n a los clientes que deseen colaborar.","breadcrumb":{"@id":"https:\/\/confecomerc.es\/va\/el-mercat-central-se-suma-a-la-campanyael-comerc-salva-al-comerc-per-a-la-recuperacio-dels-8-000-comercos-danyats-per-la-dana\/#breadcrumb"},"inLanguage":"va-VA","potentialAction":[{"@type":"ReadAction","target":["https:\/\/confecomerc.es\/va\/el-mercat-central-se-suma-a-la-campanyael-comerc-salva-al-comerc-per-a-la-recuperacio-dels-8-000-comercos-danyats-per-la-dana\/"]}]},{"@type":"ImageObject","inLanguage":"va-VA","@id":"https:\/\/confecomerc.es\/va\/el-mercat-central-se-suma-a-la-campanyael-comerc-salva-al-comerc-per-a-la-recuperacio-dels-8-000-comercos-danyats-per-la-dana\/#primaryimage","url":"https:\/\/confecomerc.es\/wp-content\/uploads\/2025\/01\/Bolsa-DANA-2.jpeg","contentUrl":"https:\/\/confecomerc.es\/wp-content\/uploads\/2025\/01\/Bolsa-DANA-2.jpeg","width":1600,"height":1265,"caption":"Bolsa DANA"},{"@type":"BreadcrumbList","@id":"https:\/\/confecomerc.es\/va\/el-mercat-central-se-suma-a-la-campanyael-comerc-salva-al-comerc-per-a-la-recuperacio-dels-8-000-comercos-danyats-per-la-dana\/#breadcrumb","itemListElement":[{"@type":"ListItem","position":1,"name":"Home","item":"https:\/\/confecomerc.es\/va\/confecomerc-cv\/"},{"@type":"ListItem","position":2,"name":"El Mercat Central se suma a la campanya\u2018El comer\u00e7 salva al comer\u00e7\u2019 per a la recuperaci\u00f3 dels 8.000 comer\u00e7os danyats per la DANA"}]},{"@type":"WebSite","@id":"https:\/\/confecomerc.es\/#website","url":"https:\/\/confecomerc.es\/","name":"Confecomer\u00e7","description":"Confederaci\u00f3 de Comer\u00e7 d\u2019alacant, Castell\u00f3 i Val\u00e8ncia","potentialAction":[{"@type":"SearchAction","target":{"@type":"EntryPoint","urlTemplate":"https:\/\/confecomerc.es\/?s={search_term_string}"},"query-input":{"@type":"PropertyValueSpecification","valueRequired":true,"valueName":"search_term_string"}}],"inLanguage":"va-VA"},{"@type":"Person","@id":"https:\/\/confecomerc.es\/#\/schema\/person\/23aa6211544dad9fa6ee269977b0a823","name":"CONFECOMER\u00c7 CV","url":"https:\/\/confecomerc.es\/va\/author\/confe-admin-cv\/"}]}},"_links":{"self":[{"href":"https:\/\/confecomerc.es\/va\/wp-json\/wp\/v2\/posts\/265700","targetHints":{"allow":["GET"]}}],"collection":[{"href":"https:\/\/confecomerc.es\/va\/wp-json\/wp\/v2\/posts"}],"about":[{"href":"https:\/\/confecomerc.es\/va\/wp-json\/wp\/v2\/types\/post"}],"author":[{"embeddable":true,"href":"https:\/\/confecomerc.es\/va\/wp-json\/wp\/v2\/users\/1"}],"replies":[{"embeddable":true,"href":"https:\/\/confecomerc.es\/va\/wp-json\/wp\/v2\/comments?post=265700"}],"version-history":[{"count":0,"href":"https:\/\/confecomerc.es\/va\/wp-json\/wp\/v2\/posts\/265700\/revisions"}],"wp:featuredmedia":[{"embeddable":true,"href":"https:\/\/confecomerc.es\/va\/wp-json\/wp\/v2\/media\/265699"}],"wp:attachment":[{"href":"https:\/\/confecomerc.es\/va\/wp-json\/wp\/v2\/media?parent=265700"}],"wp:term":[{"taxonomy":"category","embeddable":true,"href":"https:\/\/confecomerc.es\/va\/wp-json\/wp\/v2\/categories?post=265700"},{"taxonomy":"post_tag","embeddable":true,"href":"https:\/\/confecomerc.es\/va\/wp-json\/wp\/v2\/tags?post=265700"}],"curies":[{"name":"wp","href":"https:\/\/api.w.org\/{rel}","templated":true}]}}