{"id":7495,"date":"2021-06-29T08:31:27","date_gmt":"2021-06-29T07:31:27","guid":{"rendered":"https:\/\/confecomerc.es\/el-mercat-central-reivindica-laccessibilitat-sostenible-amb-el-medi-ambient\/"},"modified":"2021-09-06T08:24:47","modified_gmt":"2021-09-06T07:24:47","slug":"el-mercat-central-reivindica-laccessibilitat-sostenible-amb-el-medi-ambient","status":"publish","type":"post","link":"https:\/\/confecomerc.es\/va\/el-mercat-central-reivindica-laccessibilitat-sostenible-amb-el-medi-ambient\/","title":{"rendered":"El Mercat Central reivindica l&#8217;accessibilitat sostenible amb el medi ambient"},"content":{"rendered":"<p>[et_pb_section fb_built=&#8221;1&#8243; _builder_version=&#8221;4.9.4&#8243; _module_preset=&#8221;default&#8221;][et_pb_row column_structure=&#8221;2_5,3_5&#8243; _builder_version=&#8221;4.9.4&#8243; _module_preset=&#8221;default&#8221;][et_pb_column type=&#8221;2_5&#8243; _builder_version=&#8221;4.9.4&#8243; _module_preset=&#8221;default&#8221;][et_pb_image src=&#8221;https:\/\/confecomerc.es\/wp-content\/uploads\/2021\/06\/mercado-central-valencia.jpg&#8221; alt=&#8221;mercado-central-valencia&#8221; title_text=&#8221;mercado-central-valencia&#8221; _builder_version=&#8221;4.9.4&#8243; _module_preset=&#8221;default&#8221;][\/et_pb_image][\/et_pb_column][et_pb_column type=&#8221;3_5&#8243; _builder_version=&#8221;4.9.4&#8243; _module_preset=&#8221;default&#8221;][et_pb_text _builder_version=&#8221;4.9.4&#8243; _module_preset=&#8221;default&#8221;]<\/p>\n<ul>\n<li><strong>\u2022 L&#8217;Associaci\u00f3 de Venedors considera que el bulevard de Guillem de Castro generar\u00e0 m\u00e9s contaminaci\u00f3 i dificultar\u00e0 encara m\u00e9s l&#8217;acc\u00e9s al centre<\/strong><\/li>\n<li><strong>\u2022 La Junta Directiva encarregar\u00e0 un estudi per a analitzar les necessitats actuals i futures de mobilitat dels valencians per a accedir al Mercat Central<\/strong><\/li>\n<\/ul>\n<p><strong> <\/strong><\/p>\n<p><strong>Val\u00e8ncia, 28 de juny de 2021. <\/strong>La Junta Directiva de l&#8217;Associaci\u00f3 de Venedors del Mercat Central de Val\u00e8ncia, despr\u00e9s de reunir-se aquesta vesprada, en la seua reivindicaci\u00f3 d&#8217;una accessibilitat sostenible amb el medi ambient, ha expressat la seua preocupaci\u00f3 per la reurbanitzaci\u00f3 de Guillem de Castro anunciada per l&#8217;Ajuntament, per considerar que el bulevard previst generar\u00e0 m\u00e9s contaminaci\u00f3, traslladar\u00e0 el tr\u00e0nsit a la Gran Via, provocant el seu col\u00b7lapse, i obligar\u00e0 als qui desitgen accedir al centre a circular m\u00e9s temps tant si decideixen fer-ho en el seu vehicle particular com si ho fan en transport p\u00fablic.<\/p>\n<p>&nbsp;<\/p>\n<p>En aquest sentit, l&#8217;Associaci\u00f3 de Venedors recorda la necessitat de garantir una accessibilitat sostenible a tots els ve\u00efns de la ciutat de Val\u00e8ncia, visquen en el barri que visquen, perqu\u00e8 cada vegada \u00e9s m\u00e9s limitat, complicat i lent arribar al centre degut a les mesures de mobilitat implantades en els \u00faltims anys que han fet que trajectes de 10 minuts ara siguen de m\u00e9s de 50.<\/p>\n<p>&nbsp;<\/p>\n<p>L&#8217;Associaci\u00f3 de Venedors aclareix que no est\u00e0 en contra del projecte de reurbanitzaci\u00f3 de Guillem de Castro en si mateix sin\u00f3 que no s&#8217;acompanye d&#8217;alternatives que asseguren l&#8217;accessibilitat dels ciutadans mitjan\u00e7ant un transport p\u00fablic adequat i places d&#8217;aparcament suficients.<\/p>\n<p>&nbsp;<\/p>\n<p>La Junta Directiva ha mostrat d&#8217;aquesta manera el seu malestar per aquesta mesura urban\u00edstica, que arriba despr\u00e9s d&#8217;altres actuacions que han anat limitant progressivament els accessos del Mercat, malgrat haver mostrat sempre la seua disponibilitat per al di\u00e0leg per a buscar solucions que no s&#8217;han oferit.<\/p>\n<p>&nbsp;<\/p>\n<p>Davant la preocupaci\u00f3 per la manera en qu\u00e8 aquesta actuaci\u00f3 afectar\u00e0 la mobilitat dels ve\u00efns, la Junta Directiva encarregar\u00e0 un estudi per a analitzar les necessitats actuals i futures de mobilitat dels valencians per a accedir al Mercat Central. L&#8217;Associaci\u00f3 de Venedors traslladar\u00e0 les conclusions d&#8217;aquest estudi tant a la Federaci\u00f3 de Ve\u00efns de Val\u00e8ncia com a les Associacions de Consumidors de la ciutat perqu\u00e8 indiquen les seues mancances i les seues inquietuds, ja que la fi d&#8217;aquest estudi \u00e9s escoltar els valencians i buscar solucions que garantisquen la seua accessibilitat.<\/p>\n<p>&nbsp;<\/p>\n<p>Aix\u00ed mateix, el Mercat Central crear\u00e0 una taula de treball oberta a tots els venedors, amb la finalitat de realitzar un seguiment d&#8217;aquesta nova proposta de l&#8217;Ajuntament, com de qualsevol altra que afecte l&#8217;accessibilitat del Mercat. Aquesta mateixa taula, tindr\u00e0 tamb\u00e9, com a eina de treball, els resultats obtinguts de l&#8217;estudi i, en breu, marcar\u00e0 un calendari de reivindicacions, perqu\u00e8 no es deixe de sentir la seua veu en cap moment.<\/p>\n<p>&nbsp;<\/p>\n<p>El Mercat Central ha mostrat aix\u00ed la seua voluntat de continuar treballant, com fins ara, no sols per a mantindre la seua consideraci\u00f3 com la Catedral del Producte Fresc sin\u00f3 tamb\u00e9 com a mercat que potencia els productes de proximitat dels agricultors, que cada dia es venen en els seus llocs, contribuint a disminuir la petjada de carboni.<\/p>\n<p>&nbsp;<\/p>\n<p>Per a m\u00e9s informaci\u00f3: <\/p>\n<p>&nbsp;<\/p>\n<p>Arantxa Mart\u00edn: 610 49 37 47<\/p>\n<p>[\/et_pb_text][\/et_pb_column][\/et_pb_row][\/et_pb_section]<\/p>\n","protected":false},"excerpt":{"rendered":"<p>\u2022 L&#8217;Associaci\u00f3 de Venedors considera que el bulevard de Guillem de Castro generar\u00e0 m\u00e9s contaminaci\u00f3 i dificultar\u00e0 encara m\u00e9s l&#8217;acc\u00e9s al centre \u2022 La Junta Directiva encarregar\u00e0 un estudi per a analitzar les necessitats actuals i futures de mobilitat dels valencians per a accedir al Mercat Central Val\u00e8ncia, 28 de juny de 2021. La Junta Directiva de l&#8217;Associaci\u00f3 de Venedors del Mercat Central de Val\u00e8ncia, despr\u00e9s de reunir-se aquesta vesprada, en la seua reivindicaci\u00f3 d&#8217;una accessibilitat sostenible amb el medi ambient, ha expressat la seua preocupaci\u00f3 per la reurbanitzaci\u00f3 de Guillem de Castro anunciada per l&#8217;Ajuntament, per considerar que el bulevard previst generar\u00e0 m\u00e9s contaminaci\u00f3, traslladar\u00e0 el tr\u00e0nsit a la Gran Via, provocant el seu col\u00b7lapse, i obligar\u00e0 als qui desitgen accedir al centre a circular m\u00e9s temps tant si decideixen fer-ho en el seu vehicle particular com si ho fan en transport p\u00fablic. &nbsp; En aquest sentit, l&#8217;Associaci\u00f3 de Venedors recorda la necessitat de garantir una accessibilitat sostenible a tots els ve\u00efns de la ciutat de Val\u00e8ncia, visquen en el barri que visquen, perqu\u00e8 cada vegada \u00e9s m\u00e9s limitat, complicat i lent arribar al centre degut a les mesures de mobilitat implantades en els \u00faltims anys que han fet [&hellip;]<\/p>\n","protected":false},"author":1,"featured_media":7493,"comment_status":"closed","ping_status":"open","sticky":false,"template":"","format":"standard","meta":{"_et_pb_use_builder":"on","_et_pb_old_content":"","_et_gb_content_width":"","footnotes":""},"categories":[613,616],"tags":[],"class_list":["post-7495","post","type-post","status-publish","format-standard","has-post-thumbnail","hentry","category-associats-confecomerc-cv","category-sector-va"],"yoast_head":"<!-- This site is optimized with the Yoast SEO plugin v27.3 - https:\/\/yoast.com\/product\/yoast-seo-wordpress\/ -->\n<title>El Mercat Central reivindica l&#039;accessibilitat sostenible amb el medi ambient - Confecomer\u00e7<\/title>\n<meta name=\"robots\" content=\"index, follow, max-snippet:-1, max-image-preview:large, max-video-preview:-1\" \/>\n<link rel=\"canonical\" href=\"https:\/\/confecomerc.es\/va\/el-mercat-central-reivindica-laccessibilitat-sostenible-amb-el-medi-ambient\/\" \/>\n<meta property=\"og:locale\" content=\"en_US\" \/>\n<meta property=\"og:type\" content=\"article\" \/>\n<meta property=\"og:title\" content=\"El Mercat Central reivindica l&#039;accessibilitat sostenible amb el medi ambient - Confecomer\u00e7\" \/>\n<meta property=\"og:description\" content=\"\u2022 L&#039;Associaci\u00f3 de Venedors considera que el bulevard de Guillem de Castro generar\u00e0 m\u00e9s contaminaci\u00f3 i dificultar\u00e0 encara m\u00e9s l&#039;acc\u00e9s al centre \u2022 La Junta Directiva encarregar\u00e0 un estudi per a analitzar les necessitats actuals i futures de mobilitat dels valencians per a accedir al Mercat Central Val\u00e8ncia, 28 de juny de 2021. La Junta Directiva de l&#039;Associaci\u00f3 de Venedors del Mercat Central de Val\u00e8ncia, despr\u00e9s de reunir-se aquesta vesprada, en la seua reivindicaci\u00f3 d&#039;una accessibilitat sostenible amb el medi ambient, ha expressat la seua preocupaci\u00f3 per la reurbanitzaci\u00f3 de Guillem de Castro anunciada per l&#039;Ajuntament, per considerar que el bulevard previst generar\u00e0 m\u00e9s contaminaci\u00f3, traslladar\u00e0 el tr\u00e0nsit a la Gran Via, provocant el seu col\u00b7lapse, i obligar\u00e0 als qui desitgen accedir al centre a circular m\u00e9s temps tant si decideixen fer-ho en el seu vehicle particular com si ho fan en transport p\u00fablic. &nbsp; En aquest sentit, l&#039;Associaci\u00f3 de Venedors recorda la necessitat de garantir una accessibilitat sostenible a tots els ve\u00efns de la ciutat de Val\u00e8ncia, visquen en el barri que visquen, perqu\u00e8 cada vegada \u00e9s m\u00e9s limitat, complicat i lent arribar al centre degut a les mesures de mobilitat implantades en els \u00faltims anys que han fet [&hellip;]\" \/>\n<meta property=\"og:url\" content=\"https:\/\/confecomerc.es\/va\/el-mercat-central-reivindica-laccessibilitat-sostenible-amb-el-medi-ambient\/\" \/>\n<meta property=\"og:site_name\" content=\"Confecomer\u00e7\" \/>\n<meta property=\"article:published_time\" content=\"2021-06-29T07:31:27+00:00\" \/>\n<meta property=\"article:modified_time\" content=\"2021-09-06T07:24:47+00:00\" \/>\n<meta property=\"og:image\" content=\"https:\/\/i0.wp.com\/confecomerc.es\/wp-content\/uploads\/2021\/06\/mercado-central-valencia.jpg?fit=1000%2C667&ssl=1\" \/>\n\t<meta property=\"og:image:width\" content=\"1000\" \/>\n\t<meta property=\"og:image:height\" content=\"667\" \/>\n\t<meta property=\"og:image:type\" content=\"image\/jpeg\" \/>\n<meta name=\"author\" content=\"CONFECOMER\u00c7 CV\" \/>\n<meta name=\"twitter:card\" content=\"summary_large_image\" \/>\n<meta name=\"twitter:label1\" content=\"Written by\" \/>\n\t<meta name=\"twitter:data1\" content=\"CONFECOMER\u00c7 CV\" \/>\n\t<meta name=\"twitter:label2\" content=\"Est. reading time\" \/>\n\t<meta name=\"twitter:data2\" content=\"3 minutes\" \/>\n<script type=\"application\/ld+json\" class=\"yoast-schema-graph\">{\"@context\":\"https:\\\/\\\/schema.org\",\"@graph\":[{\"@type\":\"Article\",\"@id\":\"https:\\\/\\\/confecomerc.es\\\/va\\\/el-mercat-central-reivindica-laccessibilitat-sostenible-amb-el-medi-ambient\\\/#article\",\"isPartOf\":{\"@id\":\"https:\\\/\\\/confecomerc.es\\\/va\\\/el-mercat-central-reivindica-laccessibilitat-sostenible-amb-el-medi-ambient\\\/\"},\"author\":{\"name\":\"CONFECOMER\u00c7 CV\",\"@id\":\"https:\\\/\\\/confecomerc.es\\\/#\\\/schema\\\/person\\\/23aa6211544dad9fa6ee269977b0a823\"},\"headline\":\"El Mercat Central reivindica l&#8217;accessibilitat sostenible amb el medi ambient\",\"datePublished\":\"2021-06-29T07:31:27+00:00\",\"dateModified\":\"2021-09-06T07:24:47+00:00\",\"mainEntityOfPage\":{\"@id\":\"https:\\\/\\\/confecomerc.es\\\/va\\\/el-mercat-central-reivindica-laccessibilitat-sostenible-amb-el-medi-ambient\\\/\"},\"wordCount\":665,\"image\":{\"@id\":\"https:\\\/\\\/confecomerc.es\\\/va\\\/el-mercat-central-reivindica-laccessibilitat-sostenible-amb-el-medi-ambient\\\/#primaryimage\"},\"thumbnailUrl\":\"https:\\\/\\\/confecomerc.es\\\/wp-content\\\/uploads\\\/2021\\\/06\\\/mercado-central-valencia.jpg\",\"articleSection\":[\"Associats Confecomer\u00e7 Cv\",\"Sector\"],\"inLanguage\":\"va-VA\"},{\"@type\":\"WebPage\",\"@id\":\"https:\\\/\\\/confecomerc.es\\\/va\\\/el-mercat-central-reivindica-laccessibilitat-sostenible-amb-el-medi-ambient\\\/\",\"url\":\"https:\\\/\\\/confecomerc.es\\\/va\\\/el-mercat-central-reivindica-laccessibilitat-sostenible-amb-el-medi-ambient\\\/\",\"name\":\"El Mercat Central reivindica l'accessibilitat sostenible amb el medi ambient - Confecomer\u00e7\",\"isPartOf\":{\"@id\":\"https:\\\/\\\/confecomerc.es\\\/#website\"},\"primaryImageOfPage\":{\"@id\":\"https:\\\/\\\/confecomerc.es\\\/va\\\/el-mercat-central-reivindica-laccessibilitat-sostenible-amb-el-medi-ambient\\\/#primaryimage\"},\"image\":{\"@id\":\"https:\\\/\\\/confecomerc.es\\\/va\\\/el-mercat-central-reivindica-laccessibilitat-sostenible-amb-el-medi-ambient\\\/#primaryimage\"},\"thumbnailUrl\":\"https:\\\/\\\/confecomerc.es\\\/wp-content\\\/uploads\\\/2021\\\/06\\\/mercado-central-valencia.jpg\",\"datePublished\":\"2021-06-29T07:31:27+00:00\",\"dateModified\":\"2021-09-06T07:24:47+00:00\",\"author\":{\"@id\":\"https:\\\/\\\/confecomerc.es\\\/#\\\/schema\\\/person\\\/23aa6211544dad9fa6ee269977b0a823\"},\"breadcrumb\":{\"@id\":\"https:\\\/\\\/confecomerc.es\\\/va\\\/el-mercat-central-reivindica-laccessibilitat-sostenible-amb-el-medi-ambient\\\/#breadcrumb\"},\"inLanguage\":\"va-VA\",\"potentialAction\":[{\"@type\":\"ReadAction\",\"target\":[\"https:\\\/\\\/confecomerc.es\\\/va\\\/el-mercat-central-reivindica-laccessibilitat-sostenible-amb-el-medi-ambient\\\/\"]}]},{\"@type\":\"ImageObject\",\"inLanguage\":\"va-VA\",\"@id\":\"https:\\\/\\\/confecomerc.es\\\/va\\\/el-mercat-central-reivindica-laccessibilitat-sostenible-amb-el-medi-ambient\\\/#primaryimage\",\"url\":\"https:\\\/\\\/confecomerc.es\\\/wp-content\\\/uploads\\\/2021\\\/06\\\/mercado-central-valencia.jpg\",\"contentUrl\":\"https:\\\/\\\/confecomerc.es\\\/wp-content\\\/uploads\\\/2021\\\/06\\\/mercado-central-valencia.jpg\",\"width\":1000,\"height\":667,\"caption\":\"mercado-central-valencia\"},{\"@type\":\"BreadcrumbList\",\"@id\":\"https:\\\/\\\/confecomerc.es\\\/va\\\/el-mercat-central-reivindica-laccessibilitat-sostenible-amb-el-medi-ambient\\\/#breadcrumb\",\"itemListElement\":[{\"@type\":\"ListItem\",\"position\":1,\"name\":\"Home\",\"item\":\"https:\\\/\\\/confecomerc.es\\\/va\\\/confecomerc-cv\\\/\"},{\"@type\":\"ListItem\",\"position\":2,\"name\":\"El Mercat Central reivindica l&#8217;accessibilitat sostenible amb el medi ambient\"}]},{\"@type\":\"WebSite\",\"@id\":\"https:\\\/\\\/confecomerc.es\\\/#website\",\"url\":\"https:\\\/\\\/confecomerc.es\\\/\",\"name\":\"Confecomer\u00e7\",\"description\":\"Confederaci\u00f3 de Comer\u00e7 d\u2019alacant, Castell\u00f3 i Val\u00e8ncia\",\"potentialAction\":[{\"@type\":\"SearchAction\",\"target\":{\"@type\":\"EntryPoint\",\"urlTemplate\":\"https:\\\/\\\/confecomerc.es\\\/?s={search_term_string}\"},\"query-input\":{\"@type\":\"PropertyValueSpecification\",\"valueRequired\":true,\"valueName\":\"search_term_string\"}}],\"inLanguage\":\"va-VA\"},{\"@type\":\"Person\",\"@id\":\"https:\\\/\\\/confecomerc.es\\\/#\\\/schema\\\/person\\\/23aa6211544dad9fa6ee269977b0a823\",\"name\":\"CONFECOMER\u00c7 CV\",\"url\":\"https:\\\/\\\/confecomerc.es\\\/va\\\/author\\\/confe-admin-cv\\\/\"}]}<\/script>\n<!-- \/ Yoast SEO plugin. -->","yoast_head_json":{"title":"El Mercat Central reivindica l'accessibilitat sostenible amb el medi ambient - Confecomer\u00e7","robots":{"index":"index","follow":"follow","max-snippet":"max-snippet:-1","max-image-preview":"max-image-preview:large","max-video-preview":"max-video-preview:-1"},"canonical":"https:\/\/confecomerc.es\/va\/el-mercat-central-reivindica-laccessibilitat-sostenible-amb-el-medi-ambient\/","og_locale":"en_US","og_type":"article","og_title":"El Mercat Central reivindica l'accessibilitat sostenible amb el medi ambient - Confecomer\u00e7","og_description":"\u2022 L'Associaci\u00f3 de Venedors considera que el bulevard de Guillem de Castro generar\u00e0 m\u00e9s contaminaci\u00f3 i dificultar\u00e0 encara m\u00e9s l'acc\u00e9s al centre \u2022 La Junta Directiva encarregar\u00e0 un estudi per a analitzar les necessitats actuals i futures de mobilitat dels valencians per a accedir al Mercat Central Val\u00e8ncia, 28 de juny de 2021. La Junta Directiva de l'Associaci\u00f3 de Venedors del Mercat Central de Val\u00e8ncia, despr\u00e9s de reunir-se aquesta vesprada, en la seua reivindicaci\u00f3 d'una accessibilitat sostenible amb el medi ambient, ha expressat la seua preocupaci\u00f3 per la reurbanitzaci\u00f3 de Guillem de Castro anunciada per l'Ajuntament, per considerar que el bulevard previst generar\u00e0 m\u00e9s contaminaci\u00f3, traslladar\u00e0 el tr\u00e0nsit a la Gran Via, provocant el seu col\u00b7lapse, i obligar\u00e0 als qui desitgen accedir al centre a circular m\u00e9s temps tant si decideixen fer-ho en el seu vehicle particular com si ho fan en transport p\u00fablic. &nbsp; En aquest sentit, l'Associaci\u00f3 de Venedors recorda la necessitat de garantir una accessibilitat sostenible a tots els ve\u00efns de la ciutat de Val\u00e8ncia, visquen en el barri que visquen, perqu\u00e8 cada vegada \u00e9s m\u00e9s limitat, complicat i lent arribar al centre degut a les mesures de mobilitat implantades en els \u00faltims anys que han fet [&hellip;]","og_url":"https:\/\/confecomerc.es\/va\/el-mercat-central-reivindica-laccessibilitat-sostenible-amb-el-medi-ambient\/","og_site_name":"Confecomer\u00e7","article_published_time":"2021-06-29T07:31:27+00:00","article_modified_time":"2021-09-06T07:24:47+00:00","og_image":[{"width":1000,"height":667,"url":"https:\/\/i0.wp.com\/confecomerc.es\/wp-content\/uploads\/2021\/06\/mercado-central-valencia.jpg?fit=1000%2C667&ssl=1","type":"image\/jpeg"}],"author":"CONFECOMER\u00c7 CV","twitter_card":"summary_large_image","twitter_misc":{"Written by":"CONFECOMER\u00c7 CV","Est. reading time":"3 minutes"},"schema":{"@context":"https:\/\/schema.org","@graph":[{"@type":"Article","@id":"https:\/\/confecomerc.es\/va\/el-mercat-central-reivindica-laccessibilitat-sostenible-amb-el-medi-ambient\/#article","isPartOf":{"@id":"https:\/\/confecomerc.es\/va\/el-mercat-central-reivindica-laccessibilitat-sostenible-amb-el-medi-ambient\/"},"author":{"name":"CONFECOMER\u00c7 CV","@id":"https:\/\/confecomerc.es\/#\/schema\/person\/23aa6211544dad9fa6ee269977b0a823"},"headline":"El Mercat Central reivindica l&#8217;accessibilitat sostenible amb el medi ambient","datePublished":"2021-06-29T07:31:27+00:00","dateModified":"2021-09-06T07:24:47+00:00","mainEntityOfPage":{"@id":"https:\/\/confecomerc.es\/va\/el-mercat-central-reivindica-laccessibilitat-sostenible-amb-el-medi-ambient\/"},"wordCount":665,"image":{"@id":"https:\/\/confecomerc.es\/va\/el-mercat-central-reivindica-laccessibilitat-sostenible-amb-el-medi-ambient\/#primaryimage"},"thumbnailUrl":"https:\/\/confecomerc.es\/wp-content\/uploads\/2021\/06\/mercado-central-valencia.jpg","articleSection":["Associats Confecomer\u00e7 Cv","Sector"],"inLanguage":"va-VA"},{"@type":"WebPage","@id":"https:\/\/confecomerc.es\/va\/el-mercat-central-reivindica-laccessibilitat-sostenible-amb-el-medi-ambient\/","url":"https:\/\/confecomerc.es\/va\/el-mercat-central-reivindica-laccessibilitat-sostenible-amb-el-medi-ambient\/","name":"El Mercat Central reivindica l'accessibilitat sostenible amb el medi ambient - Confecomer\u00e7","isPartOf":{"@id":"https:\/\/confecomerc.es\/#website"},"primaryImageOfPage":{"@id":"https:\/\/confecomerc.es\/va\/el-mercat-central-reivindica-laccessibilitat-sostenible-amb-el-medi-ambient\/#primaryimage"},"image":{"@id":"https:\/\/confecomerc.es\/va\/el-mercat-central-reivindica-laccessibilitat-sostenible-amb-el-medi-ambient\/#primaryimage"},"thumbnailUrl":"https:\/\/confecomerc.es\/wp-content\/uploads\/2021\/06\/mercado-central-valencia.jpg","datePublished":"2021-06-29T07:31:27+00:00","dateModified":"2021-09-06T07:24:47+00:00","author":{"@id":"https:\/\/confecomerc.es\/#\/schema\/person\/23aa6211544dad9fa6ee269977b0a823"},"breadcrumb":{"@id":"https:\/\/confecomerc.es\/va\/el-mercat-central-reivindica-laccessibilitat-sostenible-amb-el-medi-ambient\/#breadcrumb"},"inLanguage":"va-VA","potentialAction":[{"@type":"ReadAction","target":["https:\/\/confecomerc.es\/va\/el-mercat-central-reivindica-laccessibilitat-sostenible-amb-el-medi-ambient\/"]}]},{"@type":"ImageObject","inLanguage":"va-VA","@id":"https:\/\/confecomerc.es\/va\/el-mercat-central-reivindica-laccessibilitat-sostenible-amb-el-medi-ambient\/#primaryimage","url":"https:\/\/confecomerc.es\/wp-content\/uploads\/2021\/06\/mercado-central-valencia.jpg","contentUrl":"https:\/\/confecomerc.es\/wp-content\/uploads\/2021\/06\/mercado-central-valencia.jpg","width":1000,"height":667,"caption":"mercado-central-valencia"},{"@type":"BreadcrumbList","@id":"https:\/\/confecomerc.es\/va\/el-mercat-central-reivindica-laccessibilitat-sostenible-amb-el-medi-ambient\/#breadcrumb","itemListElement":[{"@type":"ListItem","position":1,"name":"Home","item":"https:\/\/confecomerc.es\/va\/confecomerc-cv\/"},{"@type":"ListItem","position":2,"name":"El Mercat Central reivindica l&#8217;accessibilitat sostenible amb el medi ambient"}]},{"@type":"WebSite","@id":"https:\/\/confecomerc.es\/#website","url":"https:\/\/confecomerc.es\/","name":"Confecomer\u00e7","description":"Confederaci\u00f3 de Comer\u00e7 d\u2019alacant, Castell\u00f3 i Val\u00e8ncia","potentialAction":[{"@type":"SearchAction","target":{"@type":"EntryPoint","urlTemplate":"https:\/\/confecomerc.es\/?s={search_term_string}"},"query-input":{"@type":"PropertyValueSpecification","valueRequired":true,"valueName":"search_term_string"}}],"inLanguage":"va-VA"},{"@type":"Person","@id":"https:\/\/confecomerc.es\/#\/schema\/person\/23aa6211544dad9fa6ee269977b0a823","name":"CONFECOMER\u00c7 CV","url":"https:\/\/confecomerc.es\/va\/author\/confe-admin-cv\/"}]}},"_links":{"self":[{"href":"https:\/\/confecomerc.es\/va\/wp-json\/wp\/v2\/posts\/7495","targetHints":{"allow":["GET"]}}],"collection":[{"href":"https:\/\/confecomerc.es\/va\/wp-json\/wp\/v2\/posts"}],"about":[{"href":"https:\/\/confecomerc.es\/va\/wp-json\/wp\/v2\/types\/post"}],"author":[{"embeddable":true,"href":"https:\/\/confecomerc.es\/va\/wp-json\/wp\/v2\/users\/1"}],"replies":[{"embeddable":true,"href":"https:\/\/confecomerc.es\/va\/wp-json\/wp\/v2\/comments?post=7495"}],"version-history":[{"count":0,"href":"https:\/\/confecomerc.es\/va\/wp-json\/wp\/v2\/posts\/7495\/revisions"}],"wp:featuredmedia":[{"embeddable":true,"href":"https:\/\/confecomerc.es\/va\/wp-json\/wp\/v2\/media\/7493"}],"wp:attachment":[{"href":"https:\/\/confecomerc.es\/va\/wp-json\/wp\/v2\/media?parent=7495"}],"wp:term":[{"taxonomy":"category","embeddable":true,"href":"https:\/\/confecomerc.es\/va\/wp-json\/wp\/v2\/categories?post=7495"},{"taxonomy":"post_tag","embeddable":true,"href":"https:\/\/confecomerc.es\/va\/wp-json\/wp\/v2\/tags?post=7495"}],"curies":[{"name":"wp","href":"https:\/\/api.w.org\/{rel}","templated":true}]}}