{"id":7814,"date":"2021-07-01T13:28:33","date_gmt":"2021-07-01T12:28:33","guid":{"rendered":"https:\/\/confecomerc.es\/angeles-valiente-navarro-se-lleva-la-paga-extra-de-2-000-euros-de-la-campana-villenear\/"},"modified":"2021-07-19T11:07:00","modified_gmt":"2021-07-19T10:07:00","slug":"angeles-valiente-navarro-se-lleva-la-paga-extra-de-2-000-euros-de-la-campana-villenear","status":"publish","type":"post","link":"https:\/\/confecomerc.es\/va\/angeles-valiente-navarro-se-lleva-la-paga-extra-de-2-000-euros-de-la-campana-villenear\/","title":{"rendered":"\u00c1ngeles Valiente Navarro se lleva la paga extra de 2.000 euros de la campa\u00f1a Villenear"},"content":{"rendered":"<p>Comercios y Servicios Vi ha cerrado la campa\u00f1a Villenear 2021 con el sorteo de una paga extra de 2.000 euros, un premio que por primera vez eligi\u00f3 la clientela. \u00c1ngeles Valiente Navarro \u2013 con su ticket de compra de Riesma Electrodom\u00e9sticos &#8211; es la ganadora de una acci\u00f3n comercial en la que se han repartido 58.671 participaciones a trav\u00e9s de la aplicaci\u00f3n de telefon\u00eda m\u00f3vil 03400 Villena.<\/p>\n<p>Antes de realizar el sorteo, la presidenta de Comercios y Servicios Vi, M\u00aa Teresa Soriano, ha explicado que &#8220;del 12 de mayo al 26 de junio hemos disfrutado de la 3\u00aa edici\u00f3n de la Campa\u00f1a Villenear, que ha contado con la participaci\u00f3n de 119 establecimientos asociados. En ella invitamos a la ciudadan\u00eda a recorrer nuestras calles, descubrir nuevas tendencias, productos y servicios\u2026 a disfrutar de la hosteler\u00eda, comercio y servicios a trav\u00e9s de cuatro rutas, moda y complementos, belleza y salud, hogar y servicios y gastronom\u00eda y ocio\u201d. \u201cNuestro objetivo con Villenear es dinamizar Villena e impulsar las compras en los comercios Vi\u201d, ha concluido la presidenta.<\/p>\n<p>En esta edici\u00f3n, Comercios y Servicios Vi ha podido seguir la campa\u00f1a minuto a minuto con los datos que ha aportado la aplicaci\u00f3n m\u00f3vil. As\u00ed, en la plataforma se han validado los tickets y se ha controlado el estado de las participaciones de forma casi inmediata.<\/p>\n<p>La plataforma ha arrojado una gran cantidad de datos que servir\u00e1n para perfeccionar nuevas acciones comerciales. En este sentido, en Villenear han concursado de forma activa el 10% de la poblaci\u00f3n de entre 14 a 74 a\u00f1os. Se han recibido 15.066 tickets de compra, de los que se han adjudicado 58.671participaciones, por cada 10 euros se otorgaba una.<\/p>\n<p>El ticket medio de compra es de 40,09 \u20ac. El ticket m\u00e1s peque\u00f1o que se ha subido a la aplicaci\u00f3n es de 0,10 euros y el m\u00e1s alto de 8.175,24 euros. Y, en total, 2523 personas se han descargado la APP.<\/p>\n<p><strong>Premios<\/strong><\/p>\n<p>En Villenear, adem\u00e1s de la paga extra de 2.000 euros se han entregado peque\u00f1os obsequios para mantener la ilusi\u00f3n viva. A las 100 primeras personas que subieron tickets se les regal\u00f3 un trocito de Villena \u201cel libro de los autores Vi son un premio para ti\u201d, ha informado la presidenta. Asimismo, los 10 primeros que consiguieron 150 participaciones se llevaron una experiencia gastron\u00f3mica valorada en 100 euros.<\/p>\n<p>Al finalizar el sorteo, Soriano agradeci\u00f3 la colaboraci\u00f3n del Ayuntamiento de Villena; de la Conselleria de Econom\u00eda, Sectores Productivos, Comercio y Empleo y la C\u00e1mara de Comercio de Alicante\u00a0 dentro del Programa de Apoyo al Comercio Minorista 2021 de la Uni\u00f3n Europea y del Ministerio de Industria, Comercio y Turismo y C\u00e1mara Espa\u00f1a \u2013 Dinamizaci\u00f3n zonas comerciales.<\/p>\n<p><img decoding=\"async\" class=\"aligncenter wp-image-7504 size-large\" src=\"https:\/\/confecomerc.es\/wp-content\/uploads\/2021\/07\/campana-villenear-1024x461.jpeg\" alt=\"campa\u00f1a villenear\" width=\"1024\" height=\"461\" srcset=\"https:\/\/confecomerc.es\/wp-content\/uploads\/2021\/07\/campana-villenear-980x441.jpeg 980w, https:\/\/confecomerc.es\/wp-content\/uploads\/2021\/07\/campana-villenear-480x216.jpeg 480w\" sizes=\"(min-width: 0px) and (max-width: 480px) 480px, (min-width: 481px) and (max-width: 980px) 980px, (min-width: 981px) 1024px, 100vw\" \/><\/p>\n","protected":false},"excerpt":{"rendered":"<p>Comercios y Servicios Vi ha cerrado la campa\u00f1a Villenear 2021 con el sorteo de una paga extra de 2.000 euros, un premio que por primera vez eligi\u00f3 la clientela. \u00c1ngeles Valiente Navarro \u2013 con su ticket de compra de Riesma Electrodom\u00e9sticos &#8211; es la ganadora de una acci\u00f3n comercial en la que se han repartido 58.671 participaciones a trav\u00e9s de la aplicaci\u00f3n de telefon\u00eda m\u00f3vil 03400 Villena.<\/p>\n","protected":false},"author":1,"featured_media":7505,"comment_status":"closed","ping_status":"open","sticky":false,"template":"","format":"standard","meta":{"_et_pb_use_builder":"","_et_pb_old_content":"","_et_gb_content_width":"","footnotes":""},"categories":[613],"tags":[3011,3012,3013],"class_list":["post-7814","post","type-post","status-publish","format-standard","has-post-thumbnail","hentry","category-associats-confecomerc-cv","tag-campana-villenear-va","tag-comercios-y-servicios-vi-va","tag-villenear-va"],"yoast_head":"<!-- This site is optimized with the Yoast SEO plugin v27.3 - https:\/\/yoast.com\/product\/yoast-seo-wordpress\/ -->\n<title>\u00c1ngeles Valiente Navarro se lleva la paga extra de 2.000 euros de la campa\u00f1a Villenear - Confecomer\u00e7<\/title>\n<meta name=\"description\" content=\"Comercios y Servicios Vi ha cerrado la campa\u00f1a Villenear 2021 con el sorteo de una paga extra de 2.000 euros, un premio que por primera vez eligi\u00f3 la clientela. \u00c1ngeles Valiente Navarro \u2013 con su ticket de compra de Riesma Electrodom\u00e9sticos - es la ganadora de una acci\u00f3n comercial en la que se han repartido 58.671 participaciones a trav\u00e9s de la aplicaci\u00f3n de telefon\u00eda m\u00f3vil 03400 Villena.\" \/>\n<meta name=\"robots\" content=\"index, follow, max-snippet:-1, max-image-preview:large, max-video-preview:-1\" \/>\n<link rel=\"canonical\" href=\"https:\/\/confecomerc.es\/va\/angeles-valiente-navarro-se-lleva-la-paga-extra-de-2-000-euros-de-la-campana-villenear\/\" \/>\n<meta property=\"og:locale\" content=\"en_US\" \/>\n<meta property=\"og:type\" content=\"article\" \/>\n<meta property=\"og:title\" content=\"\u00c1ngeles Valiente Navarro se lleva la paga extra de 2.000 euros de la campa\u00f1a Villenear - Confecomer\u00e7\" \/>\n<meta property=\"og:description\" content=\"Comercios y Servicios Vi ha cerrado la campa\u00f1a Villenear 2021 con el sorteo de una paga extra de 2.000 euros, un premio que por primera vez eligi\u00f3 la clientela. \u00c1ngeles Valiente Navarro \u2013 con su ticket de compra de Riesma Electrodom\u00e9sticos - es la ganadora de una acci\u00f3n comercial en la que se han repartido 58.671 participaciones a trav\u00e9s de la aplicaci\u00f3n de telefon\u00eda m\u00f3vil 03400 Villena.\" \/>\n<meta property=\"og:url\" content=\"https:\/\/confecomerc.es\/va\/angeles-valiente-navarro-se-lleva-la-paga-extra-de-2-000-euros-de-la-campana-villenear\/\" \/>\n<meta property=\"og:site_name\" content=\"Confecomer\u00e7\" \/>\n<meta property=\"article:published_time\" content=\"2021-07-01T12:28:33+00:00\" \/>\n<meta property=\"article:modified_time\" content=\"2021-07-19T10:07:00+00:00\" \/>\n<meta property=\"og:image\" content=\"https:\/\/i0.wp.com\/confecomerc.es\/wp-content\/uploads\/2021\/07\/campana-villenear.jpeg?fit=1600%2C720&ssl=1\" \/>\n\t<meta property=\"og:image:width\" content=\"1600\" \/>\n\t<meta property=\"og:image:height\" content=\"720\" \/>\n\t<meta property=\"og:image:type\" content=\"image\/jpeg\" \/>\n<meta name=\"author\" content=\"CONFECOMER\u00c7 CV\" \/>\n<meta name=\"twitter:card\" content=\"summary_large_image\" \/>\n<meta name=\"twitter:label1\" content=\"Written by\" \/>\n\t<meta name=\"twitter:data1\" content=\"CONFECOMER\u00c7 CV\" \/>\n\t<meta name=\"twitter:label2\" content=\"Est. reading time\" \/>\n\t<meta name=\"twitter:data2\" content=\"2 minutes\" \/>\n<script type=\"application\/ld+json\" class=\"yoast-schema-graph\">{\"@context\":\"https:\\\/\\\/schema.org\",\"@graph\":[{\"@type\":\"Article\",\"@id\":\"https:\\\/\\\/confecomerc.es\\\/va\\\/angeles-valiente-navarro-se-lleva-la-paga-extra-de-2-000-euros-de-la-campana-villenear\\\/#article\",\"isPartOf\":{\"@id\":\"https:\\\/\\\/confecomerc.es\\\/va\\\/angeles-valiente-navarro-se-lleva-la-paga-extra-de-2-000-euros-de-la-campana-villenear\\\/\"},\"author\":{\"name\":\"CONFECOMER\u00c7 CV\",\"@id\":\"https:\\\/\\\/confecomerc.es\\\/#\\\/schema\\\/person\\\/23aa6211544dad9fa6ee269977b0a823\"},\"headline\":\"\u00c1ngeles Valiente Navarro se lleva la paga extra de 2.000 euros de la campa\u00f1a Villenear\",\"datePublished\":\"2021-07-01T12:28:33+00:00\",\"dateModified\":\"2021-07-19T10:07:00+00:00\",\"mainEntityOfPage\":{\"@id\":\"https:\\\/\\\/confecomerc.es\\\/va\\\/angeles-valiente-navarro-se-lleva-la-paga-extra-de-2-000-euros-de-la-campana-villenear\\\/\"},\"wordCount\":469,\"image\":{\"@id\":\"https:\\\/\\\/confecomerc.es\\\/va\\\/angeles-valiente-navarro-se-lleva-la-paga-extra-de-2-000-euros-de-la-campana-villenear\\\/#primaryimage\"},\"thumbnailUrl\":\"https:\\\/\\\/confecomerc.es\\\/wp-content\\\/uploads\\\/2021\\\/07\\\/campana-villenear.jpeg\",\"keywords\":[\"campa\u00f1a Villenear\",\"Comercios y Servicios Vi\",\"Villenear\"],\"articleSection\":[\"Associats Confecomer\u00e7 Cv\"],\"inLanguage\":\"va-VA\"},{\"@type\":\"WebPage\",\"@id\":\"https:\\\/\\\/confecomerc.es\\\/va\\\/angeles-valiente-navarro-se-lleva-la-paga-extra-de-2-000-euros-de-la-campana-villenear\\\/\",\"url\":\"https:\\\/\\\/confecomerc.es\\\/va\\\/angeles-valiente-navarro-se-lleva-la-paga-extra-de-2-000-euros-de-la-campana-villenear\\\/\",\"name\":\"\u00c1ngeles Valiente Navarro se lleva la paga extra de 2.000 euros de la campa\u00f1a Villenear - Confecomer\u00e7\",\"isPartOf\":{\"@id\":\"https:\\\/\\\/confecomerc.es\\\/#website\"},\"primaryImageOfPage\":{\"@id\":\"https:\\\/\\\/confecomerc.es\\\/va\\\/angeles-valiente-navarro-se-lleva-la-paga-extra-de-2-000-euros-de-la-campana-villenear\\\/#primaryimage\"},\"image\":{\"@id\":\"https:\\\/\\\/confecomerc.es\\\/va\\\/angeles-valiente-navarro-se-lleva-la-paga-extra-de-2-000-euros-de-la-campana-villenear\\\/#primaryimage\"},\"thumbnailUrl\":\"https:\\\/\\\/confecomerc.es\\\/wp-content\\\/uploads\\\/2021\\\/07\\\/campana-villenear.jpeg\",\"datePublished\":\"2021-07-01T12:28:33+00:00\",\"dateModified\":\"2021-07-19T10:07:00+00:00\",\"author\":{\"@id\":\"https:\\\/\\\/confecomerc.es\\\/#\\\/schema\\\/person\\\/23aa6211544dad9fa6ee269977b0a823\"},\"description\":\"Comercios y Servicios Vi ha cerrado la campa\u00f1a Villenear 2021 con el sorteo de una paga extra de 2.000 euros, un premio que por primera vez eligi\u00f3 la clientela. \u00c1ngeles Valiente Navarro \u2013 con su ticket de compra de Riesma Electrodom\u00e9sticos - es la ganadora de una acci\u00f3n comercial en la que se han repartido 58.671 participaciones a trav\u00e9s de la aplicaci\u00f3n de telefon\u00eda m\u00f3vil 03400 Villena.\",\"breadcrumb\":{\"@id\":\"https:\\\/\\\/confecomerc.es\\\/va\\\/angeles-valiente-navarro-se-lleva-la-paga-extra-de-2-000-euros-de-la-campana-villenear\\\/#breadcrumb\"},\"inLanguage\":\"va-VA\",\"potentialAction\":[{\"@type\":\"ReadAction\",\"target\":[\"https:\\\/\\\/confecomerc.es\\\/va\\\/angeles-valiente-navarro-se-lleva-la-paga-extra-de-2-000-euros-de-la-campana-villenear\\\/\"]}]},{\"@type\":\"ImageObject\",\"inLanguage\":\"va-VA\",\"@id\":\"https:\\\/\\\/confecomerc.es\\\/va\\\/angeles-valiente-navarro-se-lleva-la-paga-extra-de-2-000-euros-de-la-campana-villenear\\\/#primaryimage\",\"url\":\"https:\\\/\\\/confecomerc.es\\\/wp-content\\\/uploads\\\/2021\\\/07\\\/campana-villenear.jpeg\",\"contentUrl\":\"https:\\\/\\\/confecomerc.es\\\/wp-content\\\/uploads\\\/2021\\\/07\\\/campana-villenear.jpeg\",\"width\":1600,\"height\":720,\"caption\":\"campa\u00f1a villenear\"},{\"@type\":\"BreadcrumbList\",\"@id\":\"https:\\\/\\\/confecomerc.es\\\/va\\\/angeles-valiente-navarro-se-lleva-la-paga-extra-de-2-000-euros-de-la-campana-villenear\\\/#breadcrumb\",\"itemListElement\":[{\"@type\":\"ListItem\",\"position\":1,\"name\":\"Home\",\"item\":\"https:\\\/\\\/confecomerc.es\\\/va\\\/confecomerc-cv\\\/\"},{\"@type\":\"ListItem\",\"position\":2,\"name\":\"\u00c1ngeles Valiente Navarro se lleva la paga extra de 2.000 euros de la campa\u00f1a Villenear\"}]},{\"@type\":\"WebSite\",\"@id\":\"https:\\\/\\\/confecomerc.es\\\/#website\",\"url\":\"https:\\\/\\\/confecomerc.es\\\/\",\"name\":\"Confecomer\u00e7\",\"description\":\"Confederaci\u00f3 de Comer\u00e7 d\u2019alacant, Castell\u00f3 i Val\u00e8ncia\",\"potentialAction\":[{\"@type\":\"SearchAction\",\"target\":{\"@type\":\"EntryPoint\",\"urlTemplate\":\"https:\\\/\\\/confecomerc.es\\\/?s={search_term_string}\"},\"query-input\":{\"@type\":\"PropertyValueSpecification\",\"valueRequired\":true,\"valueName\":\"search_term_string\"}}],\"inLanguage\":\"va-VA\"},{\"@type\":\"Person\",\"@id\":\"https:\\\/\\\/confecomerc.es\\\/#\\\/schema\\\/person\\\/23aa6211544dad9fa6ee269977b0a823\",\"name\":\"CONFECOMER\u00c7 CV\",\"url\":\"https:\\\/\\\/confecomerc.es\\\/va\\\/author\\\/confe-admin-cv\\\/\"}]}<\/script>\n<!-- \/ Yoast SEO plugin. -->","yoast_head_json":{"title":"\u00c1ngeles Valiente Navarro se lleva la paga extra de 2.000 euros de la campa\u00f1a Villenear - Confecomer\u00e7","description":"Comercios y Servicios Vi ha cerrado la campa\u00f1a Villenear 2021 con el sorteo de una paga extra de 2.000 euros, un premio que por primera vez eligi\u00f3 la clientela. \u00c1ngeles Valiente Navarro \u2013 con su ticket de compra de Riesma Electrodom\u00e9sticos - es la ganadora de una acci\u00f3n comercial en la que se han repartido 58.671 participaciones a trav\u00e9s de la aplicaci\u00f3n de telefon\u00eda m\u00f3vil 03400 Villena.","robots":{"index":"index","follow":"follow","max-snippet":"max-snippet:-1","max-image-preview":"max-image-preview:large","max-video-preview":"max-video-preview:-1"},"canonical":"https:\/\/confecomerc.es\/va\/angeles-valiente-navarro-se-lleva-la-paga-extra-de-2-000-euros-de-la-campana-villenear\/","og_locale":"en_US","og_type":"article","og_title":"\u00c1ngeles Valiente Navarro se lleva la paga extra de 2.000 euros de la campa\u00f1a Villenear - Confecomer\u00e7","og_description":"Comercios y Servicios Vi ha cerrado la campa\u00f1a Villenear 2021 con el sorteo de una paga extra de 2.000 euros, un premio que por primera vez eligi\u00f3 la clientela. \u00c1ngeles Valiente Navarro \u2013 con su ticket de compra de Riesma Electrodom\u00e9sticos - es la ganadora de una acci\u00f3n comercial en la que se han repartido 58.671 participaciones a trav\u00e9s de la aplicaci\u00f3n de telefon\u00eda m\u00f3vil 03400 Villena.","og_url":"https:\/\/confecomerc.es\/va\/angeles-valiente-navarro-se-lleva-la-paga-extra-de-2-000-euros-de-la-campana-villenear\/","og_site_name":"Confecomer\u00e7","article_published_time":"2021-07-01T12:28:33+00:00","article_modified_time":"2021-07-19T10:07:00+00:00","og_image":[{"width":1600,"height":720,"url":"https:\/\/i0.wp.com\/confecomerc.es\/wp-content\/uploads\/2021\/07\/campana-villenear.jpeg?fit=1600%2C720&ssl=1","type":"image\/jpeg"}],"author":"CONFECOMER\u00c7 CV","twitter_card":"summary_large_image","twitter_misc":{"Written by":"CONFECOMER\u00c7 CV","Est. reading time":"2 minutes"},"schema":{"@context":"https:\/\/schema.org","@graph":[{"@type":"Article","@id":"https:\/\/confecomerc.es\/va\/angeles-valiente-navarro-se-lleva-la-paga-extra-de-2-000-euros-de-la-campana-villenear\/#article","isPartOf":{"@id":"https:\/\/confecomerc.es\/va\/angeles-valiente-navarro-se-lleva-la-paga-extra-de-2-000-euros-de-la-campana-villenear\/"},"author":{"name":"CONFECOMER\u00c7 CV","@id":"https:\/\/confecomerc.es\/#\/schema\/person\/23aa6211544dad9fa6ee269977b0a823"},"headline":"\u00c1ngeles Valiente Navarro se lleva la paga extra de 2.000 euros de la campa\u00f1a Villenear","datePublished":"2021-07-01T12:28:33+00:00","dateModified":"2021-07-19T10:07:00+00:00","mainEntityOfPage":{"@id":"https:\/\/confecomerc.es\/va\/angeles-valiente-navarro-se-lleva-la-paga-extra-de-2-000-euros-de-la-campana-villenear\/"},"wordCount":469,"image":{"@id":"https:\/\/confecomerc.es\/va\/angeles-valiente-navarro-se-lleva-la-paga-extra-de-2-000-euros-de-la-campana-villenear\/#primaryimage"},"thumbnailUrl":"https:\/\/confecomerc.es\/wp-content\/uploads\/2021\/07\/campana-villenear.jpeg","keywords":["campa\u00f1a Villenear","Comercios y Servicios Vi","Villenear"],"articleSection":["Associats Confecomer\u00e7 Cv"],"inLanguage":"va-VA"},{"@type":"WebPage","@id":"https:\/\/confecomerc.es\/va\/angeles-valiente-navarro-se-lleva-la-paga-extra-de-2-000-euros-de-la-campana-villenear\/","url":"https:\/\/confecomerc.es\/va\/angeles-valiente-navarro-se-lleva-la-paga-extra-de-2-000-euros-de-la-campana-villenear\/","name":"\u00c1ngeles Valiente Navarro se lleva la paga extra de 2.000 euros de la campa\u00f1a Villenear - Confecomer\u00e7","isPartOf":{"@id":"https:\/\/confecomerc.es\/#website"},"primaryImageOfPage":{"@id":"https:\/\/confecomerc.es\/va\/angeles-valiente-navarro-se-lleva-la-paga-extra-de-2-000-euros-de-la-campana-villenear\/#primaryimage"},"image":{"@id":"https:\/\/confecomerc.es\/va\/angeles-valiente-navarro-se-lleva-la-paga-extra-de-2-000-euros-de-la-campana-villenear\/#primaryimage"},"thumbnailUrl":"https:\/\/confecomerc.es\/wp-content\/uploads\/2021\/07\/campana-villenear.jpeg","datePublished":"2021-07-01T12:28:33+00:00","dateModified":"2021-07-19T10:07:00+00:00","author":{"@id":"https:\/\/confecomerc.es\/#\/schema\/person\/23aa6211544dad9fa6ee269977b0a823"},"description":"Comercios y Servicios Vi ha cerrado la campa\u00f1a Villenear 2021 con el sorteo de una paga extra de 2.000 euros, un premio que por primera vez eligi\u00f3 la clientela. \u00c1ngeles Valiente Navarro \u2013 con su ticket de compra de Riesma Electrodom\u00e9sticos - es la ganadora de una acci\u00f3n comercial en la que se han repartido 58.671 participaciones a trav\u00e9s de la aplicaci\u00f3n de telefon\u00eda m\u00f3vil 03400 Villena.","breadcrumb":{"@id":"https:\/\/confecomerc.es\/va\/angeles-valiente-navarro-se-lleva-la-paga-extra-de-2-000-euros-de-la-campana-villenear\/#breadcrumb"},"inLanguage":"va-VA","potentialAction":[{"@type":"ReadAction","target":["https:\/\/confecomerc.es\/va\/angeles-valiente-navarro-se-lleva-la-paga-extra-de-2-000-euros-de-la-campana-villenear\/"]}]},{"@type":"ImageObject","inLanguage":"va-VA","@id":"https:\/\/confecomerc.es\/va\/angeles-valiente-navarro-se-lleva-la-paga-extra-de-2-000-euros-de-la-campana-villenear\/#primaryimage","url":"https:\/\/confecomerc.es\/wp-content\/uploads\/2021\/07\/campana-villenear.jpeg","contentUrl":"https:\/\/confecomerc.es\/wp-content\/uploads\/2021\/07\/campana-villenear.jpeg","width":1600,"height":720,"caption":"campa\u00f1a villenear"},{"@type":"BreadcrumbList","@id":"https:\/\/confecomerc.es\/va\/angeles-valiente-navarro-se-lleva-la-paga-extra-de-2-000-euros-de-la-campana-villenear\/#breadcrumb","itemListElement":[{"@type":"ListItem","position":1,"name":"Home","item":"https:\/\/confecomerc.es\/va\/confecomerc-cv\/"},{"@type":"ListItem","position":2,"name":"\u00c1ngeles Valiente Navarro se lleva la paga extra de 2.000 euros de la campa\u00f1a Villenear"}]},{"@type":"WebSite","@id":"https:\/\/confecomerc.es\/#website","url":"https:\/\/confecomerc.es\/","name":"Confecomer\u00e7","description":"Confederaci\u00f3 de Comer\u00e7 d\u2019alacant, Castell\u00f3 i Val\u00e8ncia","potentialAction":[{"@type":"SearchAction","target":{"@type":"EntryPoint","urlTemplate":"https:\/\/confecomerc.es\/?s={search_term_string}"},"query-input":{"@type":"PropertyValueSpecification","valueRequired":true,"valueName":"search_term_string"}}],"inLanguage":"va-VA"},{"@type":"Person","@id":"https:\/\/confecomerc.es\/#\/schema\/person\/23aa6211544dad9fa6ee269977b0a823","name":"CONFECOMER\u00c7 CV","url":"https:\/\/confecomerc.es\/va\/author\/confe-admin-cv\/"}]}},"_links":{"self":[{"href":"https:\/\/confecomerc.es\/va\/wp-json\/wp\/v2\/posts\/7814","targetHints":{"allow":["GET"]}}],"collection":[{"href":"https:\/\/confecomerc.es\/va\/wp-json\/wp\/v2\/posts"}],"about":[{"href":"https:\/\/confecomerc.es\/va\/wp-json\/wp\/v2\/types\/post"}],"author":[{"embeddable":true,"href":"https:\/\/confecomerc.es\/va\/wp-json\/wp\/v2\/users\/1"}],"replies":[{"embeddable":true,"href":"https:\/\/confecomerc.es\/va\/wp-json\/wp\/v2\/comments?post=7814"}],"version-history":[{"count":0,"href":"https:\/\/confecomerc.es\/va\/wp-json\/wp\/v2\/posts\/7814\/revisions"}],"wp:featuredmedia":[{"embeddable":true,"href":"https:\/\/confecomerc.es\/va\/wp-json\/wp\/v2\/media\/7505"}],"wp:attachment":[{"href":"https:\/\/confecomerc.es\/va\/wp-json\/wp\/v2\/media?parent=7814"}],"wp:term":[{"taxonomy":"category","embeddable":true,"href":"https:\/\/confecomerc.es\/va\/wp-json\/wp\/v2\/categories?post=7814"},{"taxonomy":"post_tag","embeddable":true,"href":"https:\/\/confecomerc.es\/va\/wp-json\/wp\/v2\/tags?post=7814"}],"curies":[{"name":"wp","href":"https:\/\/api.w.org\/{rel}","templated":true}]}}