{"id":7817,"date":"2021-06-18T11:17:31","date_gmt":"2021-06-18T10:17:31","guid":{"rendered":"https:\/\/confecomerc.es\/confemercats-participa-en-el-congreso-nacional-de-tenerife-que-reune-a-los-mercados-municipales-de-espana\/"},"modified":"2021-07-19T11:07:08","modified_gmt":"2021-07-19T10:07:08","slug":"confemercats-participa-en-el-congreso-nacional-de-tenerife-que-reune-a-los-mercados-municipales-de-espana","status":"publish","type":"post","link":"https:\/\/confecomerc.es\/va\/confemercats-participa-en-el-congreso-nacional-de-tenerife-que-reune-a-los-mercados-municipales-de-espana\/","title":{"rendered":"Confemercats participa en el Congreso Nacional de Tenerife que re\u00fane a los Mercados Municipales de Espa\u00f1a"},"content":{"rendered":"<p><strong>Confemercats, la organizaci\u00f3n que une a los<\/strong><strong> Mercados de Alicante, Castell\u00f3n y Valencia integrada en Confecomer\u00e7 <\/strong>participa los <strong>d\u00edas 16, 17 y 18 de junio en el Congreso, <\/strong>que re\u00fane en <strong>Santa Cruz de Tenerife a los mercados municipales de Espa\u00f1a. <\/strong><\/p>\n<p>Asimismo, el <strong>mi\u00e9rcoles 16 de junio tuvo lugar la Junta Directiva de la Confederaci\u00f3n de Mercados Tradicionales de Espa\u00f1a<\/strong>, que cuenta con representaci\u00f3n de <strong>Confemercats<\/strong> en su ejecutiva, <strong>siendo Francisco Das\u00ed tesorero y Cristina Oliete secretaria general. \u00a0<\/strong><\/p>\n<p>Tras la reuni\u00f3n, <strong>ayer jueves 17 y hoy viernes 18 de junio en el Auditorium<\/strong> se celebra el <strong>Congreso,<\/strong> inaugurado por <strong>representantes institucionales como el alcalde de Santa Cruz de Tenerife, el director general de Comercio, el concejal delegado de Comercio del Ayuntamiento y la presidenta del Mercado Nuestra Se\u00f1ora de \u00c1frica.<\/strong><\/p>\n<p>El Congreso ha contado con <strong>ponencias <\/strong>sobre temas como <strong><em>\u201cMercados y Turismo. El aprovechamiento comercial del p\u00fablico turista en los Mercados<\/em><\/strong>\u201d, por \u00d3scar Ubide (Gerente del Mercado de la Boquer\u00eda Barcelona); \u201c<strong><em>Las reformas de los Mercados: su funci\u00f3n como dinamizadores del entorno urbano\u201d<\/em><\/strong>, por Raimond Blasi (anteriormente responsable del Instituto Municipal de Mercados de Barcelona); <strong>\u201c<em>Mix comercial en los mercados. Oferta comercial complementaria: supermercados, degustaci\u00f3n y nuevos comercios<\/em><\/strong>\u201d, por Miguel Luis (Gerente de marketing del Mercado Nuestra Se\u00f1ora de \u00c1frica); <strong><em>Los Mercados de Abastos como exponente de generaci\u00f3n de productos tur\u00edsticos<\/em><\/strong>, por Alfonso Cabello, consejero delegado de la Sociedad de Desarrollo de Santa Cruz de Tenerife; \u201c<strong><em>Iniciativas promocionales de \u00e9xito<\/em><\/strong>\u201d, por <strong>Cristina Oliete (Gerente del Mercado Central de Valencia y secretaria general de Confemercats);<\/strong> \u201c<strong><em>La gesti\u00f3n de los mercados y la econom\u00eda social<\/em><\/strong>\u201d, por Antonio Gil (Gerente financiero del Mercado Nuestra Se\u00f1ora de \u00c1frica); \u201c<strong><em>Venta online y digitalizaci\u00f3n<\/em><\/strong>\u201d, por Miguel Hern\u00e1ndez (Gerente de Itop Tecnolog\u00eda); \u201c<strong><em>Mercados y reciclaje, iniciativas ecol\u00f3gicas<\/em><\/strong>\u201d, por Alberto Gonz\u00e1lez (Gerente del Mercado de Orense); <strong><em>Plan de Mercados Tradicionales de Canarias<\/em><\/strong>, por C\u00e1ndido Santana, Jefe de Servicio de Estudios y Planificaci\u00f3n Econ\u00f3mica. Direcci\u00f3n General de Comercio y Consumo del Gobierno de Canarias.<\/p>\n<p>En la <strong>mesa de debate<\/strong> sobre asociacionismo, celebrada ayer tarde cont\u00f3 con <strong>Estefan\u00eda Hern\u00e1ndez, Presidenta de la Confederaci\u00f3n de Mercados Tradicionales y de Abastos de Espa\u00f1a, Mercedes Gayet, Vicepresidenta de Confemercats y Eduard Escofet, Presidente de la Confederaci\u00f3n de Mercados de Barcelona.<\/strong><\/p>\n<p><strong>La Vicepresidenta de Confemercats puso de relieve las l\u00edneas de trabajo de la organizaci\u00f3n de la Comunitat Valenciana, que nace en el seno de Confecomer\u00e7 y cuya<\/strong> finalidad es <strong>preservar y defender la identidad de los mercados municipales de la autonom\u00eda, <\/strong>destacando su valor esencial y estrat\u00e9gico para la econom\u00eda local. Los mercados son un referente del comercio, que favorece un consumo responsable, una econom\u00eda sostenible, que vela por el medio ambiente, y cuya actividad es vital para el desarrollo del resto de sectores productivos.<\/p>\n<p><img decoding=\"async\" class=\"aligncenter wp-image-7442 size-large\" src=\"https:\/\/confecomerc.es\/wp-content\/uploads\/2021\/06\/Congreso-Mercados-Municipales-de-Espana_-Tenerife-2021-1024x768.jpg\" alt=\"Congreso Mercados Municipales de Espa\u00f1a_ Tenerife 2021\" width=\"1024\" height=\"768\" srcset=\"https:\/\/confecomerc.es\/wp-content\/uploads\/2021\/06\/Congreso-Mercados-Municipales-de-Espana_-Tenerife-2021-980x735.jpg 980w, https:\/\/confecomerc.es\/wp-content\/uploads\/2021\/06\/Congreso-Mercados-Municipales-de-Espana_-Tenerife-2021-480x360.jpg 480w\" sizes=\"(min-width: 0px) and (max-width: 480px) 480px, (min-width: 481px) and (max-width: 980px) 980px, (min-width: 981px) 1024px, 100vw\" \/><\/p>\n","protected":false},"excerpt":{"rendered":"<p>Confemercats, la organizaci\u00f3n que une a los Mercados de Alicante, Castell\u00f3n y Valencia integrada en Confecomer\u00e7 participa los d\u00edas 16, 17 y 18 de junio en el Congreso, que re\u00fane en Santa Cruz de Tenerife a los mercados municipales de Espa\u00f1a.<\/p>\n","protected":false},"author":1,"featured_media":7443,"comment_status":"closed","ping_status":"open","sticky":false,"template":"","format":"standard","meta":{"_et_pb_use_builder":"","_et_pb_old_content":"","_et_gb_content_width":"","footnotes":""},"categories":[613],"tags":[3020,3021],"class_list":["post-7817","post","type-post","status-publish","format-standard","has-post-thumbnail","hentry","category-associats-confecomerc-cv","tag-confemercats-va","tag-congreso-mercados-municipales-va"],"yoast_head":"<!-- This site is optimized with the Yoast SEO plugin v27.3 - https:\/\/yoast.com\/product\/yoast-seo-wordpress\/ -->\n<title>Confemercats participa en el Congreso Nacional de Tenerife que re\u00fane a los Mercados Municipales de Espa\u00f1a - Confecomer\u00e7<\/title>\n<meta name=\"robots\" content=\"index, follow, max-snippet:-1, max-image-preview:large, max-video-preview:-1\" \/>\n<link rel=\"canonical\" href=\"https:\/\/confecomerc.es\/va\/confemercats-participa-en-el-congreso-nacional-de-tenerife-que-reune-a-los-mercados-municipales-de-espana\/\" \/>\n<meta property=\"og:locale\" content=\"en_US\" \/>\n<meta property=\"og:type\" content=\"article\" \/>\n<meta property=\"og:title\" content=\"Confemercats participa en el Congreso Nacional de Tenerife que re\u00fane a los Mercados Municipales de Espa\u00f1a - Confecomer\u00e7\" \/>\n<meta property=\"og:description\" content=\"Confemercats, la organizaci\u00f3n que une a los Mercados de Alicante, Castell\u00f3n y Valencia integrada en Confecomer\u00e7 participa los d\u00edas 16, 17 y 18 de junio en el Congreso, que re\u00fane en Santa Cruz de Tenerife a los mercados municipales de Espa\u00f1a.\" \/>\n<meta property=\"og:url\" content=\"https:\/\/confecomerc.es\/va\/confemercats-participa-en-el-congreso-nacional-de-tenerife-que-reune-a-los-mercados-municipales-de-espana\/\" \/>\n<meta property=\"og:site_name\" content=\"Confecomer\u00e7\" \/>\n<meta property=\"article:published_time\" content=\"2021-06-18T10:17:31+00:00\" \/>\n<meta property=\"article:modified_time\" content=\"2021-07-19T10:07:08+00:00\" \/>\n<meta property=\"og:image\" content=\"https:\/\/i0.wp.com\/confecomerc.es\/wp-content\/uploads\/2021\/06\/Congreso-Mercados-Municipales-de-Espana_-Tenerife-2021.jpg?fit=2048%2C1536&ssl=1\" \/>\n\t<meta property=\"og:image:width\" content=\"2048\" \/>\n\t<meta property=\"og:image:height\" content=\"1536\" \/>\n\t<meta property=\"og:image:type\" content=\"image\/jpeg\" \/>\n<meta name=\"author\" content=\"CONFECOMER\u00c7 CV\" \/>\n<meta name=\"twitter:card\" content=\"summary_large_image\" \/>\n<meta name=\"twitter:label1\" content=\"Written by\" \/>\n\t<meta name=\"twitter:data1\" content=\"CONFECOMER\u00c7 CV\" \/>\n\t<meta name=\"twitter:label2\" content=\"Est. reading time\" \/>\n\t<meta name=\"twitter:data2\" content=\"2 minutes\" \/>\n<script type=\"application\/ld+json\" class=\"yoast-schema-graph\">{\"@context\":\"https:\\\/\\\/schema.org\",\"@graph\":[{\"@type\":\"Article\",\"@id\":\"https:\\\/\\\/confecomerc.es\\\/va\\\/confemercats-participa-en-el-congreso-nacional-de-tenerife-que-reune-a-los-mercados-municipales-de-espana\\\/#article\",\"isPartOf\":{\"@id\":\"https:\\\/\\\/confecomerc.es\\\/va\\\/confemercats-participa-en-el-congreso-nacional-de-tenerife-que-reune-a-los-mercados-municipales-de-espana\\\/\"},\"author\":{\"name\":\"CONFECOMER\u00c7 CV\",\"@id\":\"https:\\\/\\\/confecomerc.es\\\/#\\\/schema\\\/person\\\/23aa6211544dad9fa6ee269977b0a823\"},\"headline\":\"Confemercats participa en el Congreso Nacional de Tenerife que re\u00fane a los Mercados Municipales de Espa\u00f1a\",\"datePublished\":\"2021-06-18T10:17:31+00:00\",\"dateModified\":\"2021-07-19T10:07:08+00:00\",\"mainEntityOfPage\":{\"@id\":\"https:\\\/\\\/confecomerc.es\\\/va\\\/confemercats-participa-en-el-congreso-nacional-de-tenerife-que-reune-a-los-mercados-municipales-de-espana\\\/\"},\"wordCount\":505,\"image\":{\"@id\":\"https:\\\/\\\/confecomerc.es\\\/va\\\/confemercats-participa-en-el-congreso-nacional-de-tenerife-que-reune-a-los-mercados-municipales-de-espana\\\/#primaryimage\"},\"thumbnailUrl\":\"https:\\\/\\\/confecomerc.es\\\/wp-content\\\/uploads\\\/2021\\\/06\\\/Congreso-Mercados-Municipales-de-Espana_-Tenerife-2021.jpg\",\"keywords\":[\"confemercats\",\"congreso mercados municipales\"],\"articleSection\":[\"Associats Confecomer\u00e7 Cv\"],\"inLanguage\":\"va-VA\"},{\"@type\":\"WebPage\",\"@id\":\"https:\\\/\\\/confecomerc.es\\\/va\\\/confemercats-participa-en-el-congreso-nacional-de-tenerife-que-reune-a-los-mercados-municipales-de-espana\\\/\",\"url\":\"https:\\\/\\\/confecomerc.es\\\/va\\\/confemercats-participa-en-el-congreso-nacional-de-tenerife-que-reune-a-los-mercados-municipales-de-espana\\\/\",\"name\":\"Confemercats participa en el Congreso Nacional de Tenerife que re\u00fane a los Mercados Municipales de Espa\u00f1a - Confecomer\u00e7\",\"isPartOf\":{\"@id\":\"https:\\\/\\\/confecomerc.es\\\/#website\"},\"primaryImageOfPage\":{\"@id\":\"https:\\\/\\\/confecomerc.es\\\/va\\\/confemercats-participa-en-el-congreso-nacional-de-tenerife-que-reune-a-los-mercados-municipales-de-espana\\\/#primaryimage\"},\"image\":{\"@id\":\"https:\\\/\\\/confecomerc.es\\\/va\\\/confemercats-participa-en-el-congreso-nacional-de-tenerife-que-reune-a-los-mercados-municipales-de-espana\\\/#primaryimage\"},\"thumbnailUrl\":\"https:\\\/\\\/confecomerc.es\\\/wp-content\\\/uploads\\\/2021\\\/06\\\/Congreso-Mercados-Municipales-de-Espana_-Tenerife-2021.jpg\",\"datePublished\":\"2021-06-18T10:17:31+00:00\",\"dateModified\":\"2021-07-19T10:07:08+00:00\",\"author\":{\"@id\":\"https:\\\/\\\/confecomerc.es\\\/#\\\/schema\\\/person\\\/23aa6211544dad9fa6ee269977b0a823\"},\"breadcrumb\":{\"@id\":\"https:\\\/\\\/confecomerc.es\\\/va\\\/confemercats-participa-en-el-congreso-nacional-de-tenerife-que-reune-a-los-mercados-municipales-de-espana\\\/#breadcrumb\"},\"inLanguage\":\"va-VA\",\"potentialAction\":[{\"@type\":\"ReadAction\",\"target\":[\"https:\\\/\\\/confecomerc.es\\\/va\\\/confemercats-participa-en-el-congreso-nacional-de-tenerife-que-reune-a-los-mercados-municipales-de-espana\\\/\"]}]},{\"@type\":\"ImageObject\",\"inLanguage\":\"va-VA\",\"@id\":\"https:\\\/\\\/confecomerc.es\\\/va\\\/confemercats-participa-en-el-congreso-nacional-de-tenerife-que-reune-a-los-mercados-municipales-de-espana\\\/#primaryimage\",\"url\":\"https:\\\/\\\/confecomerc.es\\\/wp-content\\\/uploads\\\/2021\\\/06\\\/Congreso-Mercados-Municipales-de-Espana_-Tenerife-2021.jpg\",\"contentUrl\":\"https:\\\/\\\/confecomerc.es\\\/wp-content\\\/uploads\\\/2021\\\/06\\\/Congreso-Mercados-Municipales-de-Espana_-Tenerife-2021.jpg\",\"width\":2048,\"height\":1536,\"caption\":\"Congreso Mercados Municipales de Espa\u00f1a_ Tenerife 2021\"},{\"@type\":\"BreadcrumbList\",\"@id\":\"https:\\\/\\\/confecomerc.es\\\/va\\\/confemercats-participa-en-el-congreso-nacional-de-tenerife-que-reune-a-los-mercados-municipales-de-espana\\\/#breadcrumb\",\"itemListElement\":[{\"@type\":\"ListItem\",\"position\":1,\"name\":\"Home\",\"item\":\"https:\\\/\\\/confecomerc.es\\\/va\\\/confecomerc-cv\\\/\"},{\"@type\":\"ListItem\",\"position\":2,\"name\":\"Confemercats participa en el Congreso Nacional de Tenerife que re\u00fane a los Mercados Municipales de Espa\u00f1a\"}]},{\"@type\":\"WebSite\",\"@id\":\"https:\\\/\\\/confecomerc.es\\\/#website\",\"url\":\"https:\\\/\\\/confecomerc.es\\\/\",\"name\":\"Confecomer\u00e7\",\"description\":\"Confederaci\u00f3 de Comer\u00e7 d\u2019alacant, Castell\u00f3 i Val\u00e8ncia\",\"potentialAction\":[{\"@type\":\"SearchAction\",\"target\":{\"@type\":\"EntryPoint\",\"urlTemplate\":\"https:\\\/\\\/confecomerc.es\\\/?s={search_term_string}\"},\"query-input\":{\"@type\":\"PropertyValueSpecification\",\"valueRequired\":true,\"valueName\":\"search_term_string\"}}],\"inLanguage\":\"va-VA\"},{\"@type\":\"Person\",\"@id\":\"https:\\\/\\\/confecomerc.es\\\/#\\\/schema\\\/person\\\/23aa6211544dad9fa6ee269977b0a823\",\"name\":\"CONFECOMER\u00c7 CV\",\"url\":\"https:\\\/\\\/confecomerc.es\\\/va\\\/author\\\/confe-admin-cv\\\/\"}]}<\/script>\n<!-- \/ Yoast SEO plugin. -->","yoast_head_json":{"title":"Confemercats participa en el Congreso Nacional de Tenerife que re\u00fane a los Mercados Municipales de Espa\u00f1a - Confecomer\u00e7","robots":{"index":"index","follow":"follow","max-snippet":"max-snippet:-1","max-image-preview":"max-image-preview:large","max-video-preview":"max-video-preview:-1"},"canonical":"https:\/\/confecomerc.es\/va\/confemercats-participa-en-el-congreso-nacional-de-tenerife-que-reune-a-los-mercados-municipales-de-espana\/","og_locale":"en_US","og_type":"article","og_title":"Confemercats participa en el Congreso Nacional de Tenerife que re\u00fane a los Mercados Municipales de Espa\u00f1a - Confecomer\u00e7","og_description":"Confemercats, la organizaci\u00f3n que une a los Mercados de Alicante, Castell\u00f3n y Valencia integrada en Confecomer\u00e7 participa los d\u00edas 16, 17 y 18 de junio en el Congreso, que re\u00fane en Santa Cruz de Tenerife a los mercados municipales de Espa\u00f1a.","og_url":"https:\/\/confecomerc.es\/va\/confemercats-participa-en-el-congreso-nacional-de-tenerife-que-reune-a-los-mercados-municipales-de-espana\/","og_site_name":"Confecomer\u00e7","article_published_time":"2021-06-18T10:17:31+00:00","article_modified_time":"2021-07-19T10:07:08+00:00","og_image":[{"width":2048,"height":1536,"url":"https:\/\/i0.wp.com\/confecomerc.es\/wp-content\/uploads\/2021\/06\/Congreso-Mercados-Municipales-de-Espana_-Tenerife-2021.jpg?fit=2048%2C1536&ssl=1","type":"image\/jpeg"}],"author":"CONFECOMER\u00c7 CV","twitter_card":"summary_large_image","twitter_misc":{"Written by":"CONFECOMER\u00c7 CV","Est. reading time":"2 minutes"},"schema":{"@context":"https:\/\/schema.org","@graph":[{"@type":"Article","@id":"https:\/\/confecomerc.es\/va\/confemercats-participa-en-el-congreso-nacional-de-tenerife-que-reune-a-los-mercados-municipales-de-espana\/#article","isPartOf":{"@id":"https:\/\/confecomerc.es\/va\/confemercats-participa-en-el-congreso-nacional-de-tenerife-que-reune-a-los-mercados-municipales-de-espana\/"},"author":{"name":"CONFECOMER\u00c7 CV","@id":"https:\/\/confecomerc.es\/#\/schema\/person\/23aa6211544dad9fa6ee269977b0a823"},"headline":"Confemercats participa en el Congreso Nacional de Tenerife que re\u00fane a los Mercados Municipales de Espa\u00f1a","datePublished":"2021-06-18T10:17:31+00:00","dateModified":"2021-07-19T10:07:08+00:00","mainEntityOfPage":{"@id":"https:\/\/confecomerc.es\/va\/confemercats-participa-en-el-congreso-nacional-de-tenerife-que-reune-a-los-mercados-municipales-de-espana\/"},"wordCount":505,"image":{"@id":"https:\/\/confecomerc.es\/va\/confemercats-participa-en-el-congreso-nacional-de-tenerife-que-reune-a-los-mercados-municipales-de-espana\/#primaryimage"},"thumbnailUrl":"https:\/\/confecomerc.es\/wp-content\/uploads\/2021\/06\/Congreso-Mercados-Municipales-de-Espana_-Tenerife-2021.jpg","keywords":["confemercats","congreso mercados municipales"],"articleSection":["Associats Confecomer\u00e7 Cv"],"inLanguage":"va-VA"},{"@type":"WebPage","@id":"https:\/\/confecomerc.es\/va\/confemercats-participa-en-el-congreso-nacional-de-tenerife-que-reune-a-los-mercados-municipales-de-espana\/","url":"https:\/\/confecomerc.es\/va\/confemercats-participa-en-el-congreso-nacional-de-tenerife-que-reune-a-los-mercados-municipales-de-espana\/","name":"Confemercats participa en el Congreso Nacional de Tenerife que re\u00fane a los Mercados Municipales de Espa\u00f1a - Confecomer\u00e7","isPartOf":{"@id":"https:\/\/confecomerc.es\/#website"},"primaryImageOfPage":{"@id":"https:\/\/confecomerc.es\/va\/confemercats-participa-en-el-congreso-nacional-de-tenerife-que-reune-a-los-mercados-municipales-de-espana\/#primaryimage"},"image":{"@id":"https:\/\/confecomerc.es\/va\/confemercats-participa-en-el-congreso-nacional-de-tenerife-que-reune-a-los-mercados-municipales-de-espana\/#primaryimage"},"thumbnailUrl":"https:\/\/confecomerc.es\/wp-content\/uploads\/2021\/06\/Congreso-Mercados-Municipales-de-Espana_-Tenerife-2021.jpg","datePublished":"2021-06-18T10:17:31+00:00","dateModified":"2021-07-19T10:07:08+00:00","author":{"@id":"https:\/\/confecomerc.es\/#\/schema\/person\/23aa6211544dad9fa6ee269977b0a823"},"breadcrumb":{"@id":"https:\/\/confecomerc.es\/va\/confemercats-participa-en-el-congreso-nacional-de-tenerife-que-reune-a-los-mercados-municipales-de-espana\/#breadcrumb"},"inLanguage":"va-VA","potentialAction":[{"@type":"ReadAction","target":["https:\/\/confecomerc.es\/va\/confemercats-participa-en-el-congreso-nacional-de-tenerife-que-reune-a-los-mercados-municipales-de-espana\/"]}]},{"@type":"ImageObject","inLanguage":"va-VA","@id":"https:\/\/confecomerc.es\/va\/confemercats-participa-en-el-congreso-nacional-de-tenerife-que-reune-a-los-mercados-municipales-de-espana\/#primaryimage","url":"https:\/\/confecomerc.es\/wp-content\/uploads\/2021\/06\/Congreso-Mercados-Municipales-de-Espana_-Tenerife-2021.jpg","contentUrl":"https:\/\/confecomerc.es\/wp-content\/uploads\/2021\/06\/Congreso-Mercados-Municipales-de-Espana_-Tenerife-2021.jpg","width":2048,"height":1536,"caption":"Congreso Mercados Municipales de Espa\u00f1a_ Tenerife 2021"},{"@type":"BreadcrumbList","@id":"https:\/\/confecomerc.es\/va\/confemercats-participa-en-el-congreso-nacional-de-tenerife-que-reune-a-los-mercados-municipales-de-espana\/#breadcrumb","itemListElement":[{"@type":"ListItem","position":1,"name":"Home","item":"https:\/\/confecomerc.es\/va\/confecomerc-cv\/"},{"@type":"ListItem","position":2,"name":"Confemercats participa en el Congreso Nacional de Tenerife que re\u00fane a los Mercados Municipales de Espa\u00f1a"}]},{"@type":"WebSite","@id":"https:\/\/confecomerc.es\/#website","url":"https:\/\/confecomerc.es\/","name":"Confecomer\u00e7","description":"Confederaci\u00f3 de Comer\u00e7 d\u2019alacant, Castell\u00f3 i Val\u00e8ncia","potentialAction":[{"@type":"SearchAction","target":{"@type":"EntryPoint","urlTemplate":"https:\/\/confecomerc.es\/?s={search_term_string}"},"query-input":{"@type":"PropertyValueSpecification","valueRequired":true,"valueName":"search_term_string"}}],"inLanguage":"va-VA"},{"@type":"Person","@id":"https:\/\/confecomerc.es\/#\/schema\/person\/23aa6211544dad9fa6ee269977b0a823","name":"CONFECOMER\u00c7 CV","url":"https:\/\/confecomerc.es\/va\/author\/confe-admin-cv\/"}]}},"_links":{"self":[{"href":"https:\/\/confecomerc.es\/va\/wp-json\/wp\/v2\/posts\/7817","targetHints":{"allow":["GET"]}}],"collection":[{"href":"https:\/\/confecomerc.es\/va\/wp-json\/wp\/v2\/posts"}],"about":[{"href":"https:\/\/confecomerc.es\/va\/wp-json\/wp\/v2\/types\/post"}],"author":[{"embeddable":true,"href":"https:\/\/confecomerc.es\/va\/wp-json\/wp\/v2\/users\/1"}],"replies":[{"embeddable":true,"href":"https:\/\/confecomerc.es\/va\/wp-json\/wp\/v2\/comments?post=7817"}],"version-history":[{"count":0,"href":"https:\/\/confecomerc.es\/va\/wp-json\/wp\/v2\/posts\/7817\/revisions"}],"wp:featuredmedia":[{"embeddable":true,"href":"https:\/\/confecomerc.es\/va\/wp-json\/wp\/v2\/media\/7443"}],"wp:attachment":[{"href":"https:\/\/confecomerc.es\/va\/wp-json\/wp\/v2\/media?parent=7817"}],"wp:term":[{"taxonomy":"category","embeddable":true,"href":"https:\/\/confecomerc.es\/va\/wp-json\/wp\/v2\/categories?post=7817"},{"taxonomy":"post_tag","embeddable":true,"href":"https:\/\/confecomerc.es\/va\/wp-json\/wp\/v2\/tags?post=7817"}],"curies":[{"name":"wp","href":"https:\/\/api.w.org\/{rel}","templated":true}]}}