{"id":7883,"date":"2021-05-06T11:52:47","date_gmt":"2021-05-06T10:52:47","guid":{"rendered":"https:\/\/confecomerc.es\/valencia-la-mare-de-deu-del-mercat-este-ano-en-los-santos-juanes\/"},"modified":"2021-07-19T11:34:21","modified_gmt":"2021-07-19T10:34:21","slug":"valencia-la-mare-de-deu-del-mercat-este-ano-en-los-santos-juanes","status":"publish","type":"post","link":"https:\/\/confecomerc.es\/va\/valencia-la-mare-de-deu-del-mercat-este-ano-en-los-santos-juanes\/","title":{"rendered":"Val\u00e8ncia: La Mare de D\u00e9u del Mercat, este a\u00f1o en los Santos Juanes"},"content":{"rendered":"<p>La imagen de la Mare de D\u00e9u del Mercat estar\u00e1 expuesta este a\u00f1o en la parroquia de los Santos Juanes hasta el pr\u00f3ximo martes, 11 de mayo, para que tanto los clientes como los vendedores del Mercado Central devotos de esta virgen puedan venerarla con motivo de la festividad de la Mare de D\u00e9u dels Desamparats, garantizando las medidas establecidas por la pandemia en cuanto a control del aforo y mantenimiento de las distancias de seguridad.<\/p>\n<p>Se mantiene as\u00ed la tradici\u00f3n de venerar a la Mare de D\u00e9u del Mercat, que habitualmente tiene lugar en el propio Mercado Central, aunque este a\u00f1o excepcionalmente se celebrar\u00e1 en los Santos Juanes.<\/p>\n<p>La ofrenda a la Mare de D\u00e9u del Mercat se celebrar\u00e1 en esta parroquia la tarde del s\u00e1bado, 8 de mayo, antes de la solemne misa, a las 19:00 h.<\/p>\n<p>Las Camareras de la Virgen de los Desamparados del Mercado Central se ocupan desde el a\u00f1o 1993 del cuidado de la imagen de esta virgen, regalo de la entonces alcaldesa Clementina Rodenas, y de su exposici\u00f3n al p\u00fablico bajo la gran c\u00fapula con motivo de la festividad de la patrona de los valencianos, que concluye con una ofrenda floral de los vendedores.<\/p>\n<p>&nbsp;<\/p>\n<p><img decoding=\"async\" class=\"aligncenter wp-image-7063 size-large\" src=\"https:\/\/confecomerc.es\/wp-content\/uploads\/2021\/05\/Mare-de-Deu-del-Mercat_valencia-768x1024.jpeg\" alt=\"Mare de D\u00e9u del Mercat_valencia\" width=\"768\" height=\"1024\" \/><\/p>\n<p>&nbsp;<\/p>\n","protected":false},"excerpt":{"rendered":"<p>Se mantiene as\u00ed la tradici\u00f3n de venerar a la Mare de D\u00e9u del Mercat, que habitualmente tiene lugar en el propio Mercado Central, aunque este a\u00f1o excepcionalmente se celebrar\u00e1 en los Santos Juanes.<\/p>\n","protected":false},"author":1,"featured_media":7064,"comment_status":"closed","ping_status":"open","sticky":false,"template":"","format":"standard","meta":{"_et_pb_use_builder":"","_et_pb_old_content":"","_et_gb_content_width":"","footnotes":""},"categories":[613],"tags":[3053,3054],"class_list":["post-7883","post","type-post","status-publish","format-standard","has-post-thumbnail","hentry","category-associats-confecomerc-cv","tag-mare-de-deu-del-mercat-va","tag-mercat-central-valencia-va"],"yoast_head":"<!-- This site is optimized with the Yoast SEO plugin v27.3 - https:\/\/yoast.com\/product\/yoast-seo-wordpress\/ -->\n<title>Val\u00e8ncia: La Mare de D\u00e9u del Mercat, este a\u00f1o en los Santos Juanes - Confecomer\u00e7<\/title>\n<meta name=\"robots\" content=\"index, follow, max-snippet:-1, max-image-preview:large, max-video-preview:-1\" \/>\n<link rel=\"canonical\" href=\"https:\/\/confecomerc.es\/va\/valencia-la-mare-de-deu-del-mercat-este-ano-en-los-santos-juanes\/\" \/>\n<meta property=\"og:locale\" content=\"en_US\" \/>\n<meta property=\"og:type\" content=\"article\" \/>\n<meta property=\"og:title\" content=\"Val\u00e8ncia: La Mare de D\u00e9u del Mercat, este a\u00f1o en los Santos Juanes - Confecomer\u00e7\" \/>\n<meta property=\"og:description\" content=\"Se mantiene as\u00ed la tradici\u00f3n de venerar a la Mare de D\u00e9u del Mercat, que habitualmente tiene lugar en el propio Mercado Central, aunque este a\u00f1o excepcionalmente se celebrar\u00e1 en los Santos Juanes.\" \/>\n<meta property=\"og:url\" content=\"https:\/\/confecomerc.es\/va\/valencia-la-mare-de-deu-del-mercat-este-ano-en-los-santos-juanes\/\" \/>\n<meta property=\"og:site_name\" content=\"Confecomer\u00e7\" \/>\n<meta property=\"article:published_time\" content=\"2021-05-06T10:52:47+00:00\" \/>\n<meta property=\"article:modified_time\" content=\"2021-07-19T10:34:21+00:00\" \/>\n<meta property=\"og:image\" content=\"https:\/\/i0.wp.com\/confecomerc.es\/wp-content\/uploads\/2021\/05\/Mare-de-Deu-del-Mercat_valencia.jpeg?fit=1536%2C2048&ssl=1\" \/>\n\t<meta property=\"og:image:width\" content=\"1536\" \/>\n\t<meta property=\"og:image:height\" content=\"2048\" \/>\n\t<meta property=\"og:image:type\" content=\"image\/jpeg\" \/>\n<meta name=\"author\" content=\"CONFECOMER\u00c7 CV\" \/>\n<meta name=\"twitter:card\" content=\"summary_large_image\" \/>\n<meta name=\"twitter:label1\" content=\"Written by\" \/>\n\t<meta name=\"twitter:data1\" content=\"CONFECOMER\u00c7 CV\" \/>\n\t<meta name=\"twitter:label2\" content=\"Est. reading time\" \/>\n\t<meta name=\"twitter:data2\" content=\"1 minute\" \/>\n<script type=\"application\/ld+json\" class=\"yoast-schema-graph\">{\"@context\":\"https:\\\/\\\/schema.org\",\"@graph\":[{\"@type\":\"Article\",\"@id\":\"https:\\\/\\\/confecomerc.es\\\/va\\\/valencia-la-mare-de-deu-del-mercat-este-ano-en-los-santos-juanes\\\/#article\",\"isPartOf\":{\"@id\":\"https:\\\/\\\/confecomerc.es\\\/va\\\/valencia-la-mare-de-deu-del-mercat-este-ano-en-los-santos-juanes\\\/\"},\"author\":{\"name\":\"CONFECOMER\u00c7 CV\",\"@id\":\"https:\\\/\\\/confecomerc.es\\\/#\\\/schema\\\/person\\\/23aa6211544dad9fa6ee269977b0a823\"},\"headline\":\"Val\u00e8ncia: La Mare de D\u00e9u del Mercat, este a\u00f1o en los Santos Juanes\",\"datePublished\":\"2021-05-06T10:52:47+00:00\",\"dateModified\":\"2021-07-19T10:34:21+00:00\",\"mainEntityOfPage\":{\"@id\":\"https:\\\/\\\/confecomerc.es\\\/va\\\/valencia-la-mare-de-deu-del-mercat-este-ano-en-los-santos-juanes\\\/\"},\"wordCount\":228,\"image\":{\"@id\":\"https:\\\/\\\/confecomerc.es\\\/va\\\/valencia-la-mare-de-deu-del-mercat-este-ano-en-los-santos-juanes\\\/#primaryimage\"},\"thumbnailUrl\":\"https:\\\/\\\/confecomerc.es\\\/wp-content\\\/uploads\\\/2021\\\/05\\\/Mare-de-Deu-del-Mercat_valencia.jpeg\",\"keywords\":[\"Mare de D\u00e9u del Mercat\",\"mercat central valencia\"],\"articleSection\":[\"Associats Confecomer\u00e7 Cv\"],\"inLanguage\":\"va-VA\"},{\"@type\":\"WebPage\",\"@id\":\"https:\\\/\\\/confecomerc.es\\\/va\\\/valencia-la-mare-de-deu-del-mercat-este-ano-en-los-santos-juanes\\\/\",\"url\":\"https:\\\/\\\/confecomerc.es\\\/va\\\/valencia-la-mare-de-deu-del-mercat-este-ano-en-los-santos-juanes\\\/\",\"name\":\"Val\u00e8ncia: La Mare de D\u00e9u del Mercat, este a\u00f1o en los Santos Juanes - Confecomer\u00e7\",\"isPartOf\":{\"@id\":\"https:\\\/\\\/confecomerc.es\\\/#website\"},\"primaryImageOfPage\":{\"@id\":\"https:\\\/\\\/confecomerc.es\\\/va\\\/valencia-la-mare-de-deu-del-mercat-este-ano-en-los-santos-juanes\\\/#primaryimage\"},\"image\":{\"@id\":\"https:\\\/\\\/confecomerc.es\\\/va\\\/valencia-la-mare-de-deu-del-mercat-este-ano-en-los-santos-juanes\\\/#primaryimage\"},\"thumbnailUrl\":\"https:\\\/\\\/confecomerc.es\\\/wp-content\\\/uploads\\\/2021\\\/05\\\/Mare-de-Deu-del-Mercat_valencia.jpeg\",\"datePublished\":\"2021-05-06T10:52:47+00:00\",\"dateModified\":\"2021-07-19T10:34:21+00:00\",\"author\":{\"@id\":\"https:\\\/\\\/confecomerc.es\\\/#\\\/schema\\\/person\\\/23aa6211544dad9fa6ee269977b0a823\"},\"breadcrumb\":{\"@id\":\"https:\\\/\\\/confecomerc.es\\\/va\\\/valencia-la-mare-de-deu-del-mercat-este-ano-en-los-santos-juanes\\\/#breadcrumb\"},\"inLanguage\":\"va-VA\",\"potentialAction\":[{\"@type\":\"ReadAction\",\"target\":[\"https:\\\/\\\/confecomerc.es\\\/va\\\/valencia-la-mare-de-deu-del-mercat-este-ano-en-los-santos-juanes\\\/\"]}]},{\"@type\":\"ImageObject\",\"inLanguage\":\"va-VA\",\"@id\":\"https:\\\/\\\/confecomerc.es\\\/va\\\/valencia-la-mare-de-deu-del-mercat-este-ano-en-los-santos-juanes\\\/#primaryimage\",\"url\":\"https:\\\/\\\/confecomerc.es\\\/wp-content\\\/uploads\\\/2021\\\/05\\\/Mare-de-Deu-del-Mercat_valencia.jpeg\",\"contentUrl\":\"https:\\\/\\\/confecomerc.es\\\/wp-content\\\/uploads\\\/2021\\\/05\\\/Mare-de-Deu-del-Mercat_valencia.jpeg\",\"width\":1536,\"height\":2048,\"caption\":\"Mare de D\u00e9u del Mercat_valencia\"},{\"@type\":\"BreadcrumbList\",\"@id\":\"https:\\\/\\\/confecomerc.es\\\/va\\\/valencia-la-mare-de-deu-del-mercat-este-ano-en-los-santos-juanes\\\/#breadcrumb\",\"itemListElement\":[{\"@type\":\"ListItem\",\"position\":1,\"name\":\"Home\",\"item\":\"https:\\\/\\\/confecomerc.es\\\/va\\\/confecomerc-cv\\\/\"},{\"@type\":\"ListItem\",\"position\":2,\"name\":\"Val\u00e8ncia: La Mare de D\u00e9u del Mercat, este a\u00f1o en los Santos Juanes\"}]},{\"@type\":\"WebSite\",\"@id\":\"https:\\\/\\\/confecomerc.es\\\/#website\",\"url\":\"https:\\\/\\\/confecomerc.es\\\/\",\"name\":\"Confecomer\u00e7\",\"description\":\"Confederaci\u00f3 de Comer\u00e7 d\u2019alacant, Castell\u00f3 i Val\u00e8ncia\",\"potentialAction\":[{\"@type\":\"SearchAction\",\"target\":{\"@type\":\"EntryPoint\",\"urlTemplate\":\"https:\\\/\\\/confecomerc.es\\\/?s={search_term_string}\"},\"query-input\":{\"@type\":\"PropertyValueSpecification\",\"valueRequired\":true,\"valueName\":\"search_term_string\"}}],\"inLanguage\":\"va-VA\"},{\"@type\":\"Person\",\"@id\":\"https:\\\/\\\/confecomerc.es\\\/#\\\/schema\\\/person\\\/23aa6211544dad9fa6ee269977b0a823\",\"name\":\"CONFECOMER\u00c7 CV\",\"url\":\"https:\\\/\\\/confecomerc.es\\\/va\\\/author\\\/confe-admin-cv\\\/\"}]}<\/script>\n<!-- \/ Yoast SEO plugin. -->","yoast_head_json":{"title":"Val\u00e8ncia: La Mare de D\u00e9u del Mercat, este a\u00f1o en los Santos Juanes - Confecomer\u00e7","robots":{"index":"index","follow":"follow","max-snippet":"max-snippet:-1","max-image-preview":"max-image-preview:large","max-video-preview":"max-video-preview:-1"},"canonical":"https:\/\/confecomerc.es\/va\/valencia-la-mare-de-deu-del-mercat-este-ano-en-los-santos-juanes\/","og_locale":"en_US","og_type":"article","og_title":"Val\u00e8ncia: La Mare de D\u00e9u del Mercat, este a\u00f1o en los Santos Juanes - Confecomer\u00e7","og_description":"Se mantiene as\u00ed la tradici\u00f3n de venerar a la Mare de D\u00e9u del Mercat, que habitualmente tiene lugar en el propio Mercado Central, aunque este a\u00f1o excepcionalmente se celebrar\u00e1 en los Santos Juanes.","og_url":"https:\/\/confecomerc.es\/va\/valencia-la-mare-de-deu-del-mercat-este-ano-en-los-santos-juanes\/","og_site_name":"Confecomer\u00e7","article_published_time":"2021-05-06T10:52:47+00:00","article_modified_time":"2021-07-19T10:34:21+00:00","og_image":[{"width":1536,"height":2048,"url":"https:\/\/i0.wp.com\/confecomerc.es\/wp-content\/uploads\/2021\/05\/Mare-de-Deu-del-Mercat_valencia.jpeg?fit=1536%2C2048&ssl=1","type":"image\/jpeg"}],"author":"CONFECOMER\u00c7 CV","twitter_card":"summary_large_image","twitter_misc":{"Written by":"CONFECOMER\u00c7 CV","Est. reading time":"1 minute"},"schema":{"@context":"https:\/\/schema.org","@graph":[{"@type":"Article","@id":"https:\/\/confecomerc.es\/va\/valencia-la-mare-de-deu-del-mercat-este-ano-en-los-santos-juanes\/#article","isPartOf":{"@id":"https:\/\/confecomerc.es\/va\/valencia-la-mare-de-deu-del-mercat-este-ano-en-los-santos-juanes\/"},"author":{"name":"CONFECOMER\u00c7 CV","@id":"https:\/\/confecomerc.es\/#\/schema\/person\/23aa6211544dad9fa6ee269977b0a823"},"headline":"Val\u00e8ncia: La Mare de D\u00e9u del Mercat, este a\u00f1o en los Santos Juanes","datePublished":"2021-05-06T10:52:47+00:00","dateModified":"2021-07-19T10:34:21+00:00","mainEntityOfPage":{"@id":"https:\/\/confecomerc.es\/va\/valencia-la-mare-de-deu-del-mercat-este-ano-en-los-santos-juanes\/"},"wordCount":228,"image":{"@id":"https:\/\/confecomerc.es\/va\/valencia-la-mare-de-deu-del-mercat-este-ano-en-los-santos-juanes\/#primaryimage"},"thumbnailUrl":"https:\/\/confecomerc.es\/wp-content\/uploads\/2021\/05\/Mare-de-Deu-del-Mercat_valencia.jpeg","keywords":["Mare de D\u00e9u del Mercat","mercat central valencia"],"articleSection":["Associats Confecomer\u00e7 Cv"],"inLanguage":"va-VA"},{"@type":"WebPage","@id":"https:\/\/confecomerc.es\/va\/valencia-la-mare-de-deu-del-mercat-este-ano-en-los-santos-juanes\/","url":"https:\/\/confecomerc.es\/va\/valencia-la-mare-de-deu-del-mercat-este-ano-en-los-santos-juanes\/","name":"Val\u00e8ncia: La Mare de D\u00e9u del Mercat, este a\u00f1o en los Santos Juanes - Confecomer\u00e7","isPartOf":{"@id":"https:\/\/confecomerc.es\/#website"},"primaryImageOfPage":{"@id":"https:\/\/confecomerc.es\/va\/valencia-la-mare-de-deu-del-mercat-este-ano-en-los-santos-juanes\/#primaryimage"},"image":{"@id":"https:\/\/confecomerc.es\/va\/valencia-la-mare-de-deu-del-mercat-este-ano-en-los-santos-juanes\/#primaryimage"},"thumbnailUrl":"https:\/\/confecomerc.es\/wp-content\/uploads\/2021\/05\/Mare-de-Deu-del-Mercat_valencia.jpeg","datePublished":"2021-05-06T10:52:47+00:00","dateModified":"2021-07-19T10:34:21+00:00","author":{"@id":"https:\/\/confecomerc.es\/#\/schema\/person\/23aa6211544dad9fa6ee269977b0a823"},"breadcrumb":{"@id":"https:\/\/confecomerc.es\/va\/valencia-la-mare-de-deu-del-mercat-este-ano-en-los-santos-juanes\/#breadcrumb"},"inLanguage":"va-VA","potentialAction":[{"@type":"ReadAction","target":["https:\/\/confecomerc.es\/va\/valencia-la-mare-de-deu-del-mercat-este-ano-en-los-santos-juanes\/"]}]},{"@type":"ImageObject","inLanguage":"va-VA","@id":"https:\/\/confecomerc.es\/va\/valencia-la-mare-de-deu-del-mercat-este-ano-en-los-santos-juanes\/#primaryimage","url":"https:\/\/confecomerc.es\/wp-content\/uploads\/2021\/05\/Mare-de-Deu-del-Mercat_valencia.jpeg","contentUrl":"https:\/\/confecomerc.es\/wp-content\/uploads\/2021\/05\/Mare-de-Deu-del-Mercat_valencia.jpeg","width":1536,"height":2048,"caption":"Mare de D\u00e9u del Mercat_valencia"},{"@type":"BreadcrumbList","@id":"https:\/\/confecomerc.es\/va\/valencia-la-mare-de-deu-del-mercat-este-ano-en-los-santos-juanes\/#breadcrumb","itemListElement":[{"@type":"ListItem","position":1,"name":"Home","item":"https:\/\/confecomerc.es\/va\/confecomerc-cv\/"},{"@type":"ListItem","position":2,"name":"Val\u00e8ncia: La Mare de D\u00e9u del Mercat, este a\u00f1o en los Santos Juanes"}]},{"@type":"WebSite","@id":"https:\/\/confecomerc.es\/#website","url":"https:\/\/confecomerc.es\/","name":"Confecomer\u00e7","description":"Confederaci\u00f3 de Comer\u00e7 d\u2019alacant, Castell\u00f3 i Val\u00e8ncia","potentialAction":[{"@type":"SearchAction","target":{"@type":"EntryPoint","urlTemplate":"https:\/\/confecomerc.es\/?s={search_term_string}"},"query-input":{"@type":"PropertyValueSpecification","valueRequired":true,"valueName":"search_term_string"}}],"inLanguage":"va-VA"},{"@type":"Person","@id":"https:\/\/confecomerc.es\/#\/schema\/person\/23aa6211544dad9fa6ee269977b0a823","name":"CONFECOMER\u00c7 CV","url":"https:\/\/confecomerc.es\/va\/author\/confe-admin-cv\/"}]}},"_links":{"self":[{"href":"https:\/\/confecomerc.es\/va\/wp-json\/wp\/v2\/posts\/7883","targetHints":{"allow":["GET"]}}],"collection":[{"href":"https:\/\/confecomerc.es\/va\/wp-json\/wp\/v2\/posts"}],"about":[{"href":"https:\/\/confecomerc.es\/va\/wp-json\/wp\/v2\/types\/post"}],"author":[{"embeddable":true,"href":"https:\/\/confecomerc.es\/va\/wp-json\/wp\/v2\/users\/1"}],"replies":[{"embeddable":true,"href":"https:\/\/confecomerc.es\/va\/wp-json\/wp\/v2\/comments?post=7883"}],"version-history":[{"count":0,"href":"https:\/\/confecomerc.es\/va\/wp-json\/wp\/v2\/posts\/7883\/revisions"}],"wp:featuredmedia":[{"embeddable":true,"href":"https:\/\/confecomerc.es\/va\/wp-json\/wp\/v2\/media\/7064"}],"wp:attachment":[{"href":"https:\/\/confecomerc.es\/va\/wp-json\/wp\/v2\/media?parent=7883"}],"wp:term":[{"taxonomy":"category","embeddable":true,"href":"https:\/\/confecomerc.es\/va\/wp-json\/wp\/v2\/categories?post=7883"},{"taxonomy":"post_tag","embeddable":true,"href":"https:\/\/confecomerc.es\/va\/wp-json\/wp\/v2\/tags?post=7883"}],"curies":[{"name":"wp","href":"https:\/\/api.w.org\/{rel}","templated":true}]}}