{"id":7885,"date":"2021-04-28T16:06:49","date_gmt":"2021-04-28T15:06:49","guid":{"rendered":"https:\/\/confecomerc.es\/el-mercado-central-de-valencia-hace-un-balance-muy-positivo-de-la-primera-semana-de-obras\/"},"modified":"2021-07-19T11:34:27","modified_gmt":"2021-07-19T10:34:27","slug":"el-mercado-central-de-valencia-hace-un-balance-muy-positivo-de-la-primera-semana-de-obras","status":"publish","type":"post","link":"https:\/\/confecomerc.es\/va\/el-mercado-central-de-valencia-hace-un-balance-muy-positivo-de-la-primera-semana-de-obras\/","title":{"rendered":"El Mercado Central de Val\u00e8ncia hace un balance muy positivo de la primera semana de obras"},"content":{"rendered":"<p>La Asociaci\u00f3n de Vendedores del Mercado Central ha hecho un balance muy positivo de la primera semana de las necesarias obras de reurbanizaci\u00f3n del entorno. En este sentido, ha resaltado la buena coordinaci\u00f3n tanto con las diferentes concejal\u00edas que intervienen en estas actuaciones \u2013Urbanismo, Comercio, Movilidad y Polic\u00eda Local-, a trav\u00e9s de los t\u00e9cnicos responsables, como con Pavasal, la empresa encargada de su ejecuci\u00f3n.<\/p>\n<p>Los clientes han tenido garantizada la accesibilidad desde el primer d\u00eda, pudiendo acceder con plena normalidad mediante los diferentes medios de transporte y entrando por cualquiera de las puertas del Mercado, que permanecer\u00e1n abiertas durante el periodo en que se desarrollen las obras.<\/p>\n<p>La entrada a los aparcamientos de la Avenida del Oeste est\u00e1 garantizada, puesto que el corte de tr\u00e1fico se limita a la Plaza Ciudad de Brujas y se puede circular sin problemas por la Avenida del Oeste y por el acceso al aparcamiento del Mercat Central, por la Calle Guillem Sorolla.<\/p>\n<p>La parada de taxis de esta plaza se ha trasladado unos metros para situarse temporalmente a la altura de la Avenida del Oeste n\u00famero 17, a muy pocos metros de la entrada al Mercado Central por la Avenida del Oeste en el cruce con la Calle Calabazas, justo a la salida del aparcamiento. Para ello, se han eliminado las plazas de moto y la zona de carga y descarga en esta zona.<\/p>\n<p>Las l\u00edneas de la EMT que han tenido que modificar parte de su recorrido son la 7, la 27 y la 73 con desv\u00edos y paradas alternativas, que se pueden consultar a trav\u00e9s del enlace <a href=\"http:\/\/bit.ly\/EMT_Pla\u00e7aBruges\">http:\/\/bit.ly\/EMT_Pla\u00e7aBruges<\/a>. Informadores de la EMT resolver\u00e1n las dudas de los ciudadanos al respecto, durante los primeros d\u00edas, en las paradas suprimidas.<\/p>\n<p>Asimismo, los clientes podr\u00e1n seguir accediendo en bicicleta, si lo desean, pudi\u00e9ndola aparcar en la planta -1 del aparcamiento de Centro Hist\u00f3rico- Mercado Central, ya que se han eliminado los enganches de bicicletas en la Plaza Ciudad de Brujas.<\/p>\n<p>Gracias a la fluidez de las relaciones est\u00e1 siendo posible, adem\u00e1s, compatibilizar el avance de las actuaciones con la actividad habitual de venta de este recinto, garantizando su desarrollo con normalidad. En este sentido, la Asociaci\u00f3n de Vendedores ha destacado que, como consecuencia de la imposibilidad de realizar las tareas de carga y descarga en la Plaza de Ciudad de Brujas, el Ayuntamiento, desde inicio de las obras, ha facilitado que estas se realicen en el s\u00f3tano del propio Mercado, al que se puede acceder directamente desde el aparcamiento de Centro Hist\u00f3rico- Mercado Central y de un modo gratuito, mediante identificaci\u00f3n de la matr\u00edcula de los vendedores.<\/p>\n<p>&nbsp;<\/p>\n<p><img decoding=\"async\" class=\"aligncenter wp-image-7013 size-full\" src=\"https:\/\/confecomerc.es\/wp-content\/uploads\/2021\/04\/obras-Mercado-Central-de-Valencia.jpeg\" alt=\"obras Mercado Central de Val\u00e8ncia\" width=\"1024\" height=\"942\" srcset=\"https:\/\/confecomerc.es\/wp-content\/uploads\/2021\/04\/obras-Mercado-Central-de-Valencia.jpeg 1024w, https:\/\/confecomerc.es\/wp-content\/uploads\/2021\/04\/obras-Mercado-Central-de-Valencia-980x902.jpeg 980w, https:\/\/confecomerc.es\/wp-content\/uploads\/2021\/04\/obras-Mercado-Central-de-Valencia-480x442.jpeg 480w\" sizes=\"(min-width: 0px) and (max-width: 480px) 480px, (min-width: 481px) and (max-width: 980px) 980px, (min-width: 981px) 1024px, 100vw\" \/><\/p>\n","protected":false},"excerpt":{"rendered":"<p>La Asociaci\u00f3n de Vendedores del Mercado Central ha hecho un balance muy positivo de la primera semana de las necesarias obras de reurbanizaci\u00f3n del entorno. En este sentido, ha resaltado la buena coordinaci\u00f3n tanto con las diferentes concejal\u00edas que intervienen en estas actuaciones \u2013Urbanismo, Comercio, Movilidad y Polic\u00eda Local-, a trav\u00e9s de los t\u00e9cnicos responsables, como con Pavasal, la empresa encargada de su ejecuci\u00f3n.<\/p>\n","protected":false},"author":1,"featured_media":7014,"comment_status":"closed","ping_status":"open","sticky":false,"template":"","format":"standard","meta":{"_et_pb_use_builder":"","_et_pb_old_content":"","_et_gb_content_width":"","footnotes":""},"categories":[613],"tags":[3023,3059],"class_list":["post-7885","post","type-post","status-publish","format-standard","has-post-thumbnail","hentry","category-associats-confecomerc-cv","tag-mercado-central-de-valencia-va","tag-obras-mercado-central-de-valencia-va"],"yoast_head":"<!-- This site is optimized with the Yoast SEO plugin v27.3 - https:\/\/yoast.com\/product\/yoast-seo-wordpress\/ -->\n<title>El Mercado Central de Val\u00e8ncia hace un balance muy positivo de la primera semana de obras - Confecomer\u00e7<\/title>\n<meta name=\"description\" content=\"La Asociaci\u00f3n de Vendedores del Mercado Central ha hecho un balance muy positivo de la primera semana de las necesarias obras de reurbanizaci\u00f3n del entorno. En este sentido, ha resaltado la buena coordinaci\u00f3n tanto con las diferentes concejal\u00edas que intervienen en estas actuaciones \u2013Urbanismo, Comercio, Movilidad y Polic\u00eda Local-, a trav\u00e9s de los t\u00e9cnicos responsables, como con Pavasal, la empresa encargada de su ejecuci\u00f3n.\" \/>\n<meta name=\"robots\" content=\"index, follow, max-snippet:-1, max-image-preview:large, max-video-preview:-1\" \/>\n<link rel=\"canonical\" href=\"https:\/\/confecomerc.es\/va\/el-mercado-central-de-valencia-hace-un-balance-muy-positivo-de-la-primera-semana-de-obras\/\" \/>\n<meta property=\"og:locale\" content=\"en_US\" \/>\n<meta property=\"og:type\" content=\"article\" \/>\n<meta property=\"og:title\" content=\"El Mercado Central de Val\u00e8ncia hace un balance muy positivo de la primera semana de obras - Confecomer\u00e7\" \/>\n<meta property=\"og:description\" content=\"La Asociaci\u00f3n de Vendedores del Mercado Central ha hecho un balance muy positivo de la primera semana de las necesarias obras de reurbanizaci\u00f3n del entorno. En este sentido, ha resaltado la buena coordinaci\u00f3n tanto con las diferentes concejal\u00edas que intervienen en estas actuaciones \u2013Urbanismo, Comercio, Movilidad y Polic\u00eda Local-, a trav\u00e9s de los t\u00e9cnicos responsables, como con Pavasal, la empresa encargada de su ejecuci\u00f3n.\" \/>\n<meta property=\"og:url\" content=\"https:\/\/confecomerc.es\/va\/el-mercado-central-de-valencia-hace-un-balance-muy-positivo-de-la-primera-semana-de-obras\/\" \/>\n<meta property=\"og:site_name\" content=\"Confecomer\u00e7\" \/>\n<meta property=\"article:published_time\" content=\"2021-04-28T15:06:49+00:00\" \/>\n<meta property=\"article:modified_time\" content=\"2021-07-19T10:34:27+00:00\" \/>\n<meta property=\"og:image\" content=\"https:\/\/i0.wp.com\/confecomerc.es\/wp-content\/uploads\/2021\/04\/obras-Mercado-Central-de-Valencia.jpeg?fit=1024%2C942&ssl=1\" \/>\n\t<meta property=\"og:image:width\" content=\"1024\" \/>\n\t<meta property=\"og:image:height\" content=\"942\" \/>\n\t<meta property=\"og:image:type\" content=\"image\/jpeg\" \/>\n<meta name=\"author\" content=\"CONFECOMER\u00c7 CV\" \/>\n<meta name=\"twitter:card\" content=\"summary_large_image\" \/>\n<meta name=\"twitter:label1\" content=\"Written by\" \/>\n\t<meta name=\"twitter:data1\" content=\"CONFECOMER\u00c7 CV\" \/>\n\t<meta name=\"twitter:label2\" content=\"Est. reading time\" \/>\n\t<meta name=\"twitter:data2\" content=\"2 minutes\" \/>\n<script type=\"application\/ld+json\" class=\"yoast-schema-graph\">{\"@context\":\"https:\\\/\\\/schema.org\",\"@graph\":[{\"@type\":\"Article\",\"@id\":\"https:\\\/\\\/confecomerc.es\\\/va\\\/el-mercado-central-de-valencia-hace-un-balance-muy-positivo-de-la-primera-semana-de-obras\\\/#article\",\"isPartOf\":{\"@id\":\"https:\\\/\\\/confecomerc.es\\\/va\\\/el-mercado-central-de-valencia-hace-un-balance-muy-positivo-de-la-primera-semana-de-obras\\\/\"},\"author\":{\"name\":\"CONFECOMER\u00c7 CV\",\"@id\":\"https:\\\/\\\/confecomerc.es\\\/#\\\/schema\\\/person\\\/23aa6211544dad9fa6ee269977b0a823\"},\"headline\":\"El Mercado Central de Val\u00e8ncia hace un balance muy positivo de la primera semana de obras\",\"datePublished\":\"2021-04-28T15:06:49+00:00\",\"dateModified\":\"2021-07-19T10:34:27+00:00\",\"mainEntityOfPage\":{\"@id\":\"https:\\\/\\\/confecomerc.es\\\/va\\\/el-mercado-central-de-valencia-hace-un-balance-muy-positivo-de-la-primera-semana-de-obras\\\/\"},\"wordCount\":477,\"image\":{\"@id\":\"https:\\\/\\\/confecomerc.es\\\/va\\\/el-mercado-central-de-valencia-hace-un-balance-muy-positivo-de-la-primera-semana-de-obras\\\/#primaryimage\"},\"thumbnailUrl\":\"https:\\\/\\\/confecomerc.es\\\/wp-content\\\/uploads\\\/2021\\\/04\\\/obras-Mercado-Central-de-Valencia.jpeg\",\"keywords\":[\"Mercado Central de Val\u00e8ncia\",\"obras Mercado Central de Val\u00e8ncia\"],\"articleSection\":[\"Associats Confecomer\u00e7 Cv\"],\"inLanguage\":\"va-VA\"},{\"@type\":\"WebPage\",\"@id\":\"https:\\\/\\\/confecomerc.es\\\/va\\\/el-mercado-central-de-valencia-hace-un-balance-muy-positivo-de-la-primera-semana-de-obras\\\/\",\"url\":\"https:\\\/\\\/confecomerc.es\\\/va\\\/el-mercado-central-de-valencia-hace-un-balance-muy-positivo-de-la-primera-semana-de-obras\\\/\",\"name\":\"El Mercado Central de Val\u00e8ncia hace un balance muy positivo de la primera semana de obras - Confecomer\u00e7\",\"isPartOf\":{\"@id\":\"https:\\\/\\\/confecomerc.es\\\/#website\"},\"primaryImageOfPage\":{\"@id\":\"https:\\\/\\\/confecomerc.es\\\/va\\\/el-mercado-central-de-valencia-hace-un-balance-muy-positivo-de-la-primera-semana-de-obras\\\/#primaryimage\"},\"image\":{\"@id\":\"https:\\\/\\\/confecomerc.es\\\/va\\\/el-mercado-central-de-valencia-hace-un-balance-muy-positivo-de-la-primera-semana-de-obras\\\/#primaryimage\"},\"thumbnailUrl\":\"https:\\\/\\\/confecomerc.es\\\/wp-content\\\/uploads\\\/2021\\\/04\\\/obras-Mercado-Central-de-Valencia.jpeg\",\"datePublished\":\"2021-04-28T15:06:49+00:00\",\"dateModified\":\"2021-07-19T10:34:27+00:00\",\"author\":{\"@id\":\"https:\\\/\\\/confecomerc.es\\\/#\\\/schema\\\/person\\\/23aa6211544dad9fa6ee269977b0a823\"},\"description\":\"La Asociaci\u00f3n de Vendedores del Mercado Central ha hecho un balance muy positivo de la primera semana de las necesarias obras de reurbanizaci\u00f3n del entorno. En este sentido, ha resaltado la buena coordinaci\u00f3n tanto con las diferentes concejal\u00edas que intervienen en estas actuaciones \u2013Urbanismo, Comercio, Movilidad y Polic\u00eda Local-, a trav\u00e9s de los t\u00e9cnicos responsables, como con Pavasal, la empresa encargada de su ejecuci\u00f3n.\",\"breadcrumb\":{\"@id\":\"https:\\\/\\\/confecomerc.es\\\/va\\\/el-mercado-central-de-valencia-hace-un-balance-muy-positivo-de-la-primera-semana-de-obras\\\/#breadcrumb\"},\"inLanguage\":\"va-VA\",\"potentialAction\":[{\"@type\":\"ReadAction\",\"target\":[\"https:\\\/\\\/confecomerc.es\\\/va\\\/el-mercado-central-de-valencia-hace-un-balance-muy-positivo-de-la-primera-semana-de-obras\\\/\"]}]},{\"@type\":\"ImageObject\",\"inLanguage\":\"va-VA\",\"@id\":\"https:\\\/\\\/confecomerc.es\\\/va\\\/el-mercado-central-de-valencia-hace-un-balance-muy-positivo-de-la-primera-semana-de-obras\\\/#primaryimage\",\"url\":\"https:\\\/\\\/confecomerc.es\\\/wp-content\\\/uploads\\\/2021\\\/04\\\/obras-Mercado-Central-de-Valencia.jpeg\",\"contentUrl\":\"https:\\\/\\\/confecomerc.es\\\/wp-content\\\/uploads\\\/2021\\\/04\\\/obras-Mercado-Central-de-Valencia.jpeg\",\"width\":1024,\"height\":942,\"caption\":\"obras Mercado Central de Val\u00e8ncia\"},{\"@type\":\"BreadcrumbList\",\"@id\":\"https:\\\/\\\/confecomerc.es\\\/va\\\/el-mercado-central-de-valencia-hace-un-balance-muy-positivo-de-la-primera-semana-de-obras\\\/#breadcrumb\",\"itemListElement\":[{\"@type\":\"ListItem\",\"position\":1,\"name\":\"Home\",\"item\":\"https:\\\/\\\/confecomerc.es\\\/va\\\/confecomerc-cv\\\/\"},{\"@type\":\"ListItem\",\"position\":2,\"name\":\"El Mercado Central de Val\u00e8ncia hace un balance muy positivo de la primera semana de obras\"}]},{\"@type\":\"WebSite\",\"@id\":\"https:\\\/\\\/confecomerc.es\\\/#website\",\"url\":\"https:\\\/\\\/confecomerc.es\\\/\",\"name\":\"Confecomer\u00e7\",\"description\":\"Confederaci\u00f3 de Comer\u00e7 d\u2019alacant, Castell\u00f3 i Val\u00e8ncia\",\"potentialAction\":[{\"@type\":\"SearchAction\",\"target\":{\"@type\":\"EntryPoint\",\"urlTemplate\":\"https:\\\/\\\/confecomerc.es\\\/?s={search_term_string}\"},\"query-input\":{\"@type\":\"PropertyValueSpecification\",\"valueRequired\":true,\"valueName\":\"search_term_string\"}}],\"inLanguage\":\"va-VA\"},{\"@type\":\"Person\",\"@id\":\"https:\\\/\\\/confecomerc.es\\\/#\\\/schema\\\/person\\\/23aa6211544dad9fa6ee269977b0a823\",\"name\":\"CONFECOMER\u00c7 CV\",\"url\":\"https:\\\/\\\/confecomerc.es\\\/va\\\/author\\\/confe-admin-cv\\\/\"}]}<\/script>\n<!-- \/ Yoast SEO plugin. -->","yoast_head_json":{"title":"El Mercado Central de Val\u00e8ncia hace un balance muy positivo de la primera semana de obras - Confecomer\u00e7","description":"La Asociaci\u00f3n de Vendedores del Mercado Central ha hecho un balance muy positivo de la primera semana de las necesarias obras de reurbanizaci\u00f3n del entorno. En este sentido, ha resaltado la buena coordinaci\u00f3n tanto con las diferentes concejal\u00edas que intervienen en estas actuaciones \u2013Urbanismo, Comercio, Movilidad y Polic\u00eda Local-, a trav\u00e9s de los t\u00e9cnicos responsables, como con Pavasal, la empresa encargada de su ejecuci\u00f3n.","robots":{"index":"index","follow":"follow","max-snippet":"max-snippet:-1","max-image-preview":"max-image-preview:large","max-video-preview":"max-video-preview:-1"},"canonical":"https:\/\/confecomerc.es\/va\/el-mercado-central-de-valencia-hace-un-balance-muy-positivo-de-la-primera-semana-de-obras\/","og_locale":"en_US","og_type":"article","og_title":"El Mercado Central de Val\u00e8ncia hace un balance muy positivo de la primera semana de obras - Confecomer\u00e7","og_description":"La Asociaci\u00f3n de Vendedores del Mercado Central ha hecho un balance muy positivo de la primera semana de las necesarias obras de reurbanizaci\u00f3n del entorno. En este sentido, ha resaltado la buena coordinaci\u00f3n tanto con las diferentes concejal\u00edas que intervienen en estas actuaciones \u2013Urbanismo, Comercio, Movilidad y Polic\u00eda Local-, a trav\u00e9s de los t\u00e9cnicos responsables, como con Pavasal, la empresa encargada de su ejecuci\u00f3n.","og_url":"https:\/\/confecomerc.es\/va\/el-mercado-central-de-valencia-hace-un-balance-muy-positivo-de-la-primera-semana-de-obras\/","og_site_name":"Confecomer\u00e7","article_published_time":"2021-04-28T15:06:49+00:00","article_modified_time":"2021-07-19T10:34:27+00:00","og_image":[{"width":1024,"height":942,"url":"https:\/\/i0.wp.com\/confecomerc.es\/wp-content\/uploads\/2021\/04\/obras-Mercado-Central-de-Valencia.jpeg?fit=1024%2C942&ssl=1","type":"image\/jpeg"}],"author":"CONFECOMER\u00c7 CV","twitter_card":"summary_large_image","twitter_misc":{"Written by":"CONFECOMER\u00c7 CV","Est. reading time":"2 minutes"},"schema":{"@context":"https:\/\/schema.org","@graph":[{"@type":"Article","@id":"https:\/\/confecomerc.es\/va\/el-mercado-central-de-valencia-hace-un-balance-muy-positivo-de-la-primera-semana-de-obras\/#article","isPartOf":{"@id":"https:\/\/confecomerc.es\/va\/el-mercado-central-de-valencia-hace-un-balance-muy-positivo-de-la-primera-semana-de-obras\/"},"author":{"name":"CONFECOMER\u00c7 CV","@id":"https:\/\/confecomerc.es\/#\/schema\/person\/23aa6211544dad9fa6ee269977b0a823"},"headline":"El Mercado Central de Val\u00e8ncia hace un balance muy positivo de la primera semana de obras","datePublished":"2021-04-28T15:06:49+00:00","dateModified":"2021-07-19T10:34:27+00:00","mainEntityOfPage":{"@id":"https:\/\/confecomerc.es\/va\/el-mercado-central-de-valencia-hace-un-balance-muy-positivo-de-la-primera-semana-de-obras\/"},"wordCount":477,"image":{"@id":"https:\/\/confecomerc.es\/va\/el-mercado-central-de-valencia-hace-un-balance-muy-positivo-de-la-primera-semana-de-obras\/#primaryimage"},"thumbnailUrl":"https:\/\/confecomerc.es\/wp-content\/uploads\/2021\/04\/obras-Mercado-Central-de-Valencia.jpeg","keywords":["Mercado Central de Val\u00e8ncia","obras Mercado Central de Val\u00e8ncia"],"articleSection":["Associats Confecomer\u00e7 Cv"],"inLanguage":"va-VA"},{"@type":"WebPage","@id":"https:\/\/confecomerc.es\/va\/el-mercado-central-de-valencia-hace-un-balance-muy-positivo-de-la-primera-semana-de-obras\/","url":"https:\/\/confecomerc.es\/va\/el-mercado-central-de-valencia-hace-un-balance-muy-positivo-de-la-primera-semana-de-obras\/","name":"El Mercado Central de Val\u00e8ncia hace un balance muy positivo de la primera semana de obras - Confecomer\u00e7","isPartOf":{"@id":"https:\/\/confecomerc.es\/#website"},"primaryImageOfPage":{"@id":"https:\/\/confecomerc.es\/va\/el-mercado-central-de-valencia-hace-un-balance-muy-positivo-de-la-primera-semana-de-obras\/#primaryimage"},"image":{"@id":"https:\/\/confecomerc.es\/va\/el-mercado-central-de-valencia-hace-un-balance-muy-positivo-de-la-primera-semana-de-obras\/#primaryimage"},"thumbnailUrl":"https:\/\/confecomerc.es\/wp-content\/uploads\/2021\/04\/obras-Mercado-Central-de-Valencia.jpeg","datePublished":"2021-04-28T15:06:49+00:00","dateModified":"2021-07-19T10:34:27+00:00","author":{"@id":"https:\/\/confecomerc.es\/#\/schema\/person\/23aa6211544dad9fa6ee269977b0a823"},"description":"La Asociaci\u00f3n de Vendedores del Mercado Central ha hecho un balance muy positivo de la primera semana de las necesarias obras de reurbanizaci\u00f3n del entorno. En este sentido, ha resaltado la buena coordinaci\u00f3n tanto con las diferentes concejal\u00edas que intervienen en estas actuaciones \u2013Urbanismo, Comercio, Movilidad y Polic\u00eda Local-, a trav\u00e9s de los t\u00e9cnicos responsables, como con Pavasal, la empresa encargada de su ejecuci\u00f3n.","breadcrumb":{"@id":"https:\/\/confecomerc.es\/va\/el-mercado-central-de-valencia-hace-un-balance-muy-positivo-de-la-primera-semana-de-obras\/#breadcrumb"},"inLanguage":"va-VA","potentialAction":[{"@type":"ReadAction","target":["https:\/\/confecomerc.es\/va\/el-mercado-central-de-valencia-hace-un-balance-muy-positivo-de-la-primera-semana-de-obras\/"]}]},{"@type":"ImageObject","inLanguage":"va-VA","@id":"https:\/\/confecomerc.es\/va\/el-mercado-central-de-valencia-hace-un-balance-muy-positivo-de-la-primera-semana-de-obras\/#primaryimage","url":"https:\/\/confecomerc.es\/wp-content\/uploads\/2021\/04\/obras-Mercado-Central-de-Valencia.jpeg","contentUrl":"https:\/\/confecomerc.es\/wp-content\/uploads\/2021\/04\/obras-Mercado-Central-de-Valencia.jpeg","width":1024,"height":942,"caption":"obras Mercado Central de Val\u00e8ncia"},{"@type":"BreadcrumbList","@id":"https:\/\/confecomerc.es\/va\/el-mercado-central-de-valencia-hace-un-balance-muy-positivo-de-la-primera-semana-de-obras\/#breadcrumb","itemListElement":[{"@type":"ListItem","position":1,"name":"Home","item":"https:\/\/confecomerc.es\/va\/confecomerc-cv\/"},{"@type":"ListItem","position":2,"name":"El Mercado Central de Val\u00e8ncia hace un balance muy positivo de la primera semana de obras"}]},{"@type":"WebSite","@id":"https:\/\/confecomerc.es\/#website","url":"https:\/\/confecomerc.es\/","name":"Confecomer\u00e7","description":"Confederaci\u00f3 de Comer\u00e7 d\u2019alacant, Castell\u00f3 i Val\u00e8ncia","potentialAction":[{"@type":"SearchAction","target":{"@type":"EntryPoint","urlTemplate":"https:\/\/confecomerc.es\/?s={search_term_string}"},"query-input":{"@type":"PropertyValueSpecification","valueRequired":true,"valueName":"search_term_string"}}],"inLanguage":"va-VA"},{"@type":"Person","@id":"https:\/\/confecomerc.es\/#\/schema\/person\/23aa6211544dad9fa6ee269977b0a823","name":"CONFECOMER\u00c7 CV","url":"https:\/\/confecomerc.es\/va\/author\/confe-admin-cv\/"}]}},"_links":{"self":[{"href":"https:\/\/confecomerc.es\/va\/wp-json\/wp\/v2\/posts\/7885","targetHints":{"allow":["GET"]}}],"collection":[{"href":"https:\/\/confecomerc.es\/va\/wp-json\/wp\/v2\/posts"}],"about":[{"href":"https:\/\/confecomerc.es\/va\/wp-json\/wp\/v2\/types\/post"}],"author":[{"embeddable":true,"href":"https:\/\/confecomerc.es\/va\/wp-json\/wp\/v2\/users\/1"}],"replies":[{"embeddable":true,"href":"https:\/\/confecomerc.es\/va\/wp-json\/wp\/v2\/comments?post=7885"}],"version-history":[{"count":0,"href":"https:\/\/confecomerc.es\/va\/wp-json\/wp\/v2\/posts\/7885\/revisions"}],"wp:featuredmedia":[{"embeddable":true,"href":"https:\/\/confecomerc.es\/va\/wp-json\/wp\/v2\/media\/7014"}],"wp:attachment":[{"href":"https:\/\/confecomerc.es\/va\/wp-json\/wp\/v2\/media?parent=7885"}],"wp:term":[{"taxonomy":"category","embeddable":true,"href":"https:\/\/confecomerc.es\/va\/wp-json\/wp\/v2\/categories?post=7885"},{"taxonomy":"post_tag","embeddable":true,"href":"https:\/\/confecomerc.es\/va\/wp-json\/wp\/v2\/tags?post=7885"}],"curies":[{"name":"wp","href":"https:\/\/api.w.org\/{rel}","templated":true}]}}