{"id":7924,"date":"2021-02-22T10:39:37","date_gmt":"2021-02-22T09:39:37","guid":{"rendered":"https:\/\/confecomerc.es\/valencia-el-comercio-del-centro-exige-al-concejal-que-cumpla-con-las-reclamaciones-de-los-comerciantes-en-materia-de-movilidad\/"},"modified":"2021-07-19T11:39:13","modified_gmt":"2021-07-19T10:39:13","slug":"valencia-el-comercio-del-centro-exige-al-concejal-que-cumpla-con-las-reclamaciones-de-los-comerciantes-en-materia-de-movilidad","status":"publish","type":"post","link":"https:\/\/confecomerc.es\/va\/valencia-el-comercio-del-centro-exige-al-concejal-que-cumpla-con-las-reclamaciones-de-los-comerciantes-en-materia-de-movilidad\/","title":{"rendered":"Val\u00e8ncia: El comercio del centro exige al concejal que cumpla con las reclamaciones de los comerciantes en materia de movilidad"},"content":{"rendered":"<p>Los <strong>Comerciantes del Centro Hist\u00f3rico<\/strong> se reunieron ayer a mediod\u00eda con el <strong>Concejal de Movilidad, Giuseppe Grezzi y con la gerente de la EMT, Marta Serrano,<\/strong> con el fin de trabajar conjuntamente para que se adopten decisiones ante las reclamaciones elevadas por los comerciantes desde hace meses en <strong>el \u00e1rea de movilidad y se agilicen los tr\u00e1mites para la rehabilitaci\u00f3n del parking Juan de Vilarrasa. <\/strong><\/p>\n<p>Respecto a <strong>las l\u00edneas de la EMT, <\/strong><strong>la Asociaci\u00f3n de Comerciantes del Centro Hist\u00f3rico<\/strong> ha manifestado a la Concejal\u00eda <strong>su \u201cmalestar\u201d tras el an\u00e1lisis de las cifras, ya que\u00a0 en los meses de mayor afluencia de usuarios, se experimenta una grave disminuci\u00f3n de media del 50% con respecto a los del ejercicio anterior,<\/strong> \u201c<strong>descenso acusado\u201d que no se atribuye exclusivamente a la pandemia, ya que en los meses m\u00e1s activos ya arrojaban estos resultados. <\/strong>Estas cifras han sido evaluadas por la asociaci\u00f3n tras haberlas consultado de los datos derivados de los usuarios extra\u00eddos a trav\u00e9s del Portal de Transparencia.<\/p>\n<p>En esta l\u00ednea, <strong>la Asociaci\u00f3n constata que 2 millones de usuarios han dejado de desplazarse al centro en el transporte p\u00fablico urbano<\/strong>, principalmente debido a los <strong>cambios efectuados por<\/strong> el <strong>desv\u00edo de ocho l\u00edneas a la calle Col\u00f3n<\/strong>, que ahora <strong>necesitan de la C1 para llegar al Centro Hist\u00f3rico<\/strong>. La organizaci\u00f3n por tanto se\u00f1ala que este hecho ha demostrado que el acceso al centro de la ciudad <strong>no es \u201cf\u00e1cil y c\u00f3modo para los usuarios\u201d,<\/strong> incidiendo esta causa notablemente en el <strong>\u00edndice de ventas de los comercios que se han visto gravemente afectados<\/strong>.<\/p>\n<p>Los comerciantes han insistido en <strong>repetidas ocasiones en dar una soluci\u00f3n a este tema<\/strong>, aportando alternativas, y as\u00ed lo han trasladado p\u00fablicamente al Concejal, incluso en el <strong>Debate de la ciudad, <\/strong>predominando el di\u00e1logo, si bien hasta la fecha no se han adoptado decisiones al respecto. La Asociaci\u00f3n plantea <strong>la modificaci\u00f3n de<\/strong> <strong>los itinerarios<\/strong> de las <strong>l\u00edneas 11, 32, 70, 71<\/strong>, para que lleguen hasta <strong>Poeta Querol, cambios que deber\u00edan realizarse preferentemente y sin m\u00e1s dilaci\u00f3n antes de que se inicien las obras de la Plaza de la Reina. <\/strong><\/p>\n<p><strong>El presidente de la Asociaci\u00f3n de Comerciantes del Centro Hist\u00f3rico de Val\u00e8ncia, Rafael Torres ha manifestado que \u201c<\/strong>ahora m\u00e1s que nunca se deben de promover pol\u00edticas activas que fomenten una mejor comunicaci\u00f3n, fortaleciendo y mejorando la vinculaci\u00f3n del centro con los barrios, potenciando as\u00ed el acceso a los ciudadanos a los diferentes entornos urbanos comerciales. Queremos hechos m\u00e1s que palabras, dado que el tiempo apremia y debemos velar por proteger un valor estrat\u00e9gico de la ciudad como son los comercios de proximidad, defendiendo un modelo de cercan\u00eda que siempre ha estado en la l\u00ednea de defensa de este Ayuntamiento\u201d.<\/p>\n<p>La Asociaci\u00f3n tambi\u00e9n le ha trasladado al Concejal <strong>su inquietud ante el inicio en este ejercicio de las obras del entorno de la Lonja y del Mercado Central<\/strong> <strong>y de la Plaza de la Reina<\/strong>, cuya duraci\u00f3n se ver\u00e1 prolongada <strong>hasta casi final de la legislatura<\/strong>, lo que afectar\u00e1 a la accesibilidad de usuarios de cerca de <strong>70 calles<\/strong> y un total de <strong>1.737 negocios. <\/strong><\/p>\n<p>Las obras de la Plaza de la Reina repercutir\u00e1n en el <strong>cierre del aparcamiento, que sumado al cierre del parking de Juan de Vilarrasa<\/strong> provocar\u00e1n una merma considerable en <strong>el n\u00famero de \u00a0plazas de aparcamiento<\/strong>. En esta l\u00ednea, en la reuni\u00f3n se ha hecho hincapi\u00e9 en la necesidad \u00a0de que la <strong>Concejal\u00eda fije los plazos pertinentes para la rehabilitaci\u00f3n de este \u00faltimo parking, procedi\u00e9ndose a la mayor brevedad a la redacci\u00f3n del pliego de condiciones de dicha rehabilitaci\u00f3n y su correspondiente licitaci\u00f3n, <\/strong>con el fin de que su apertura no se prolongue por m\u00e1s tiempo.<\/p>\n<p>En esta l\u00ednea, los comerciantes han manifestado su gran preocupaci\u00f3n, dado que a lo largo de toda esta legislatura <strong>los ciudadanos no podr\u00e1n utilizar los dos aparcamientos del centro que permanecer\u00e1n cerrados<\/strong>. Ello sumado al descenso de viajeros en los servicios de la EMT hace necesario <strong>agilizar las cuatro l\u00edneas de la EMT<\/strong>, propuestas desde que se conoci\u00f3 el desv\u00edo a la calle Col\u00f3n, y <strong>dotar de celeridad a la reapertura cuanto antes del parking de Juan de Vilarrasa<\/strong>, puesto que el <strong>aparcamiento de Centro Hist\u00f3rico solo ofrece 148 plazas en rotaci\u00f3n de lunes a viernes y 235 los fines de semana<\/strong>, cuando se liberan las alquiladas por aquellos que trabajan en los principales enclaves de la ciudad.<\/p>\n<p>\u201cEs necesario <strong>dotar de un mayor n\u00famero de plazas de aparcamiento,<\/strong> y para ello se debe <strong>proceder cuanto antes a acelerar la tramitaci\u00f3n y ejecuci\u00f3n del parking de Juan de Vilarrasa<\/strong>, m\u00e1xime cuando el parking de la Plaza de la Reina va a sufrir un <strong>cierre por obras y va a quedar inoperativo<\/strong>. Debemos velar por ofrecer un servicio adecuado a los ciudadanos que se desplacen al centro, si no queremos perder ese flujo de tr\u00e1nsito en las calles, lo que supondr\u00eda <strong>dejar morir a un comercio de proximidad<\/strong>, base principal de la econom\u00eda local, que contribuye con sus impuestos al desarrollo de impulso de la ciudad\u201d, ha se\u00f1alado Torres.<\/p>\n<p>Los <strong>comerciantes han reclamado que se atienda a las peticiones de manera urgente, ya que el sector pasa por una situaci\u00f3n extrema, coincidiendo adem\u00e1s con la emergencia sanitaria<\/strong>, en la que el <strong>peque\u00f1o comercio est\u00e1 siendo afectado por el impacto de la pandemia<\/strong> y adem\u00e1s sigue sufriendo las restricciones en materia de limitaciones de aforo, de horario y de cierre perimetral. \u201cNecesitamos ahora m\u00e1s que\u00a0 nunca que el Ayuntamiento y que la Concejal\u00eda nos escuche, sea \u00e1gil y tome decisiones firmes, encaminadas a solucionar los problemas que afectan directamente a los comerciantes y a los ciudadanos apostando por ofrecer un mejor servicio\u201d.<\/p>\n","protected":false},"excerpt":{"rendered":"<p>Val\u00e8ncia: Los Comerciantes del Centro Hist\u00f3rico se reunieron ayer a mediod\u00eda con el Concejal de Movilidad, Giuseppe Grezzi y con la gerente de la EMT, Marta Serrano, con el fin de trabajar conjuntamente para que se adopten decisiones ante las reclamaciones elevadas por los comerciantes desde hace meses en el \u00e1rea de movilidad y se agilicen los tr\u00e1mites para la rehabilitaci\u00f3n del parking Juan de Vilarrasa.<\/p>\n","protected":false},"author":1,"featured_media":6753,"comment_status":"closed","ping_status":"open","sticky":false,"template":"","format":"standard","meta":{"_et_pb_use_builder":"","_et_pb_old_content":"","_et_gb_content_width":"","footnotes":""},"categories":[613],"tags":[3056,3092,3093,3094],"class_list":["post-7924","post","type-post","status-publish","format-standard","has-post-thumbnail","hentry","category-associats-confecomerc-cv","tag-asociacion-de-comerciantes-del-centro-historico-de-valencia-va","tag-giuseppe-grezzi-va","tag-movilidad-valencia-va","tag-reclamaciones-de-los-comerciantes-en-materia-de-movilidad-va"],"yoast_head":"<!-- This site is optimized with the Yoast SEO plugin v27.3 - https:\/\/yoast.com\/product\/yoast-seo-wordpress\/ -->\n<title>Val\u00e8ncia: El comercio del centro exige al concejal que cumpla con las reclamaciones de los comerciantes en materia de movilidad - Confecomer\u00e7<\/title>\n<meta name=\"description\" content=\"Val\u00e8ncia: Los Comerciantes del Centro Hist\u00f3rico se reunieron ayer a mediod\u00eda con el Concejal de Movilidad, Giuseppe Grezzi y con la gerente de la EMT, Marta Serrano, con el fin de trabajar conjuntamente para que se adopten decisiones ante las reclamaciones elevadas por los comerciantes desde hace meses en el \u00e1rea de movilidad y se agilicen los tr\u00e1mites para la rehabilitaci\u00f3n del parking Juan de Vilarrasa.\" \/>\n<meta name=\"robots\" content=\"index, follow, max-snippet:-1, max-image-preview:large, max-video-preview:-1\" \/>\n<link rel=\"canonical\" href=\"https:\/\/confecomerc.es\/va\/valencia-el-comercio-del-centro-exige-al-concejal-que-cumpla-con-las-reclamaciones-de-los-comerciantes-en-materia-de-movilidad\/\" \/>\n<meta property=\"og:locale\" content=\"en_US\" \/>\n<meta property=\"og:type\" content=\"article\" \/>\n<meta property=\"og:title\" content=\"Val\u00e8ncia: El comercio del centro exige al concejal que cumpla con las reclamaciones de los comerciantes en materia de movilidad - Confecomer\u00e7\" \/>\n<meta property=\"og:description\" content=\"Val\u00e8ncia: Los Comerciantes del Centro Hist\u00f3rico se reunieron ayer a mediod\u00eda con el Concejal de Movilidad, Giuseppe Grezzi y con la gerente de la EMT, Marta Serrano, con el fin de trabajar conjuntamente para que se adopten decisiones ante las reclamaciones elevadas por los comerciantes desde hace meses en el \u00e1rea de movilidad y se agilicen los tr\u00e1mites para la rehabilitaci\u00f3n del parking Juan de Vilarrasa.\" \/>\n<meta property=\"og:url\" content=\"https:\/\/confecomerc.es\/va\/valencia-el-comercio-del-centro-exige-al-concejal-que-cumpla-con-las-reclamaciones-de-los-comerciantes-en-materia-de-movilidad\/\" \/>\n<meta property=\"og:site_name\" content=\"Confecomer\u00e7\" \/>\n<meta property=\"article:published_time\" content=\"2021-02-22T09:39:37+00:00\" \/>\n<meta property=\"article:modified_time\" content=\"2021-07-19T10:39:13+00:00\" \/>\n<meta property=\"og:image\" content=\"https:\/\/i1.wp.com\/confecomerc.es\/wp-content\/uploads\/2021\/02\/reclamaciones-de-los-comerciantes-en-materia-de-movilidad.jpg?fit=300%2C300&ssl=1\" \/>\n\t<meta property=\"og:image:width\" content=\"300\" \/>\n\t<meta property=\"og:image:height\" content=\"300\" \/>\n\t<meta property=\"og:image:type\" content=\"image\/jpeg\" \/>\n<meta name=\"author\" content=\"CONFECOMER\u00c7 CV\" \/>\n<meta name=\"twitter:card\" content=\"summary_large_image\" \/>\n<meta name=\"twitter:label1\" content=\"Written by\" \/>\n\t<meta name=\"twitter:data1\" content=\"CONFECOMER\u00c7 CV\" \/>\n\t<meta name=\"twitter:label2\" content=\"Est. reading time\" \/>\n\t<meta name=\"twitter:data2\" content=\"5 minutes\" \/>\n<script type=\"application\/ld+json\" class=\"yoast-schema-graph\">{\"@context\":\"https:\\\/\\\/schema.org\",\"@graph\":[{\"@type\":\"Article\",\"@id\":\"https:\\\/\\\/confecomerc.es\\\/va\\\/valencia-el-comercio-del-centro-exige-al-concejal-que-cumpla-con-las-reclamaciones-de-los-comerciantes-en-materia-de-movilidad\\\/#article\",\"isPartOf\":{\"@id\":\"https:\\\/\\\/confecomerc.es\\\/va\\\/valencia-el-comercio-del-centro-exige-al-concejal-que-cumpla-con-las-reclamaciones-de-los-comerciantes-en-materia-de-movilidad\\\/\"},\"author\":{\"name\":\"CONFECOMER\u00c7 CV\",\"@id\":\"https:\\\/\\\/confecomerc.es\\\/#\\\/schema\\\/person\\\/23aa6211544dad9fa6ee269977b0a823\"},\"headline\":\"Val\u00e8ncia: El comercio del centro exige al concejal que cumpla con las reclamaciones de los comerciantes en materia de movilidad\",\"datePublished\":\"2021-02-22T09:39:37+00:00\",\"dateModified\":\"2021-07-19T10:39:13+00:00\",\"mainEntityOfPage\":{\"@id\":\"https:\\\/\\\/confecomerc.es\\\/va\\\/valencia-el-comercio-del-centro-exige-al-concejal-que-cumpla-con-las-reclamaciones-de-los-comerciantes-en-materia-de-movilidad\\\/\"},\"wordCount\":1029,\"image\":{\"@id\":\"https:\\\/\\\/confecomerc.es\\\/va\\\/valencia-el-comercio-del-centro-exige-al-concejal-que-cumpla-con-las-reclamaciones-de-los-comerciantes-en-materia-de-movilidad\\\/#primaryimage\"},\"thumbnailUrl\":\"https:\\\/\\\/confecomerc.es\\\/wp-content\\\/uploads\\\/2021\\\/02\\\/reclamaciones-de-los-comerciantes-en-materia-de-movilidad.jpg\",\"keywords\":[\"Asociaci\u00f3n de Comerciantes del Centro Hist\u00f3rico de Val\u00e8ncia\",\"Giuseppe Grezzi\",\"movilidad valencia\",\"reclamaciones de los comerciantes en materia de movilidad\"],\"articleSection\":[\"Associats Confecomer\u00e7 Cv\"],\"inLanguage\":\"va-VA\"},{\"@type\":\"WebPage\",\"@id\":\"https:\\\/\\\/confecomerc.es\\\/va\\\/valencia-el-comercio-del-centro-exige-al-concejal-que-cumpla-con-las-reclamaciones-de-los-comerciantes-en-materia-de-movilidad\\\/\",\"url\":\"https:\\\/\\\/confecomerc.es\\\/va\\\/valencia-el-comercio-del-centro-exige-al-concejal-que-cumpla-con-las-reclamaciones-de-los-comerciantes-en-materia-de-movilidad\\\/\",\"name\":\"Val\u00e8ncia: El comercio del centro exige al concejal que cumpla con las reclamaciones de los comerciantes en materia de movilidad - Confecomer\u00e7\",\"isPartOf\":{\"@id\":\"https:\\\/\\\/confecomerc.es\\\/#website\"},\"primaryImageOfPage\":{\"@id\":\"https:\\\/\\\/confecomerc.es\\\/va\\\/valencia-el-comercio-del-centro-exige-al-concejal-que-cumpla-con-las-reclamaciones-de-los-comerciantes-en-materia-de-movilidad\\\/#primaryimage\"},\"image\":{\"@id\":\"https:\\\/\\\/confecomerc.es\\\/va\\\/valencia-el-comercio-del-centro-exige-al-concejal-que-cumpla-con-las-reclamaciones-de-los-comerciantes-en-materia-de-movilidad\\\/#primaryimage\"},\"thumbnailUrl\":\"https:\\\/\\\/confecomerc.es\\\/wp-content\\\/uploads\\\/2021\\\/02\\\/reclamaciones-de-los-comerciantes-en-materia-de-movilidad.jpg\",\"datePublished\":\"2021-02-22T09:39:37+00:00\",\"dateModified\":\"2021-07-19T10:39:13+00:00\",\"author\":{\"@id\":\"https:\\\/\\\/confecomerc.es\\\/#\\\/schema\\\/person\\\/23aa6211544dad9fa6ee269977b0a823\"},\"description\":\"Val\u00e8ncia: Los Comerciantes del Centro Hist\u00f3rico se reunieron ayer a mediod\u00eda con el Concejal de Movilidad, Giuseppe Grezzi y con la gerente de la EMT, Marta Serrano, con el fin de trabajar conjuntamente para que se adopten decisiones ante las reclamaciones elevadas por los comerciantes desde hace meses en el \u00e1rea de movilidad y se agilicen los tr\u00e1mites para la rehabilitaci\u00f3n del parking Juan de Vilarrasa.\",\"breadcrumb\":{\"@id\":\"https:\\\/\\\/confecomerc.es\\\/va\\\/valencia-el-comercio-del-centro-exige-al-concejal-que-cumpla-con-las-reclamaciones-de-los-comerciantes-en-materia-de-movilidad\\\/#breadcrumb\"},\"inLanguage\":\"va-VA\",\"potentialAction\":[{\"@type\":\"ReadAction\",\"target\":[\"https:\\\/\\\/confecomerc.es\\\/va\\\/valencia-el-comercio-del-centro-exige-al-concejal-que-cumpla-con-las-reclamaciones-de-los-comerciantes-en-materia-de-movilidad\\\/\"]}]},{\"@type\":\"ImageObject\",\"inLanguage\":\"va-VA\",\"@id\":\"https:\\\/\\\/confecomerc.es\\\/va\\\/valencia-el-comercio-del-centro-exige-al-concejal-que-cumpla-con-las-reclamaciones-de-los-comerciantes-en-materia-de-movilidad\\\/#primaryimage\",\"url\":\"https:\\\/\\\/confecomerc.es\\\/wp-content\\\/uploads\\\/2021\\\/02\\\/reclamaciones-de-los-comerciantes-en-materia-de-movilidad.jpg\",\"contentUrl\":\"https:\\\/\\\/confecomerc.es\\\/wp-content\\\/uploads\\\/2021\\\/02\\\/reclamaciones-de-los-comerciantes-en-materia-de-movilidad.jpg\",\"width\":300,\"height\":300,\"caption\":\"reclamaciones de los comerciantes en materia de movilidad\"},{\"@type\":\"BreadcrumbList\",\"@id\":\"https:\\\/\\\/confecomerc.es\\\/va\\\/valencia-el-comercio-del-centro-exige-al-concejal-que-cumpla-con-las-reclamaciones-de-los-comerciantes-en-materia-de-movilidad\\\/#breadcrumb\",\"itemListElement\":[{\"@type\":\"ListItem\",\"position\":1,\"name\":\"Home\",\"item\":\"https:\\\/\\\/confecomerc.es\\\/va\\\/confecomerc-cv\\\/\"},{\"@type\":\"ListItem\",\"position\":2,\"name\":\"Val\u00e8ncia: El comercio del centro exige al concejal que cumpla con las reclamaciones de los comerciantes en materia de movilidad\"}]},{\"@type\":\"WebSite\",\"@id\":\"https:\\\/\\\/confecomerc.es\\\/#website\",\"url\":\"https:\\\/\\\/confecomerc.es\\\/\",\"name\":\"Confecomer\u00e7\",\"description\":\"Confederaci\u00f3 de Comer\u00e7 d\u2019alacant, Castell\u00f3 i Val\u00e8ncia\",\"potentialAction\":[{\"@type\":\"SearchAction\",\"target\":{\"@type\":\"EntryPoint\",\"urlTemplate\":\"https:\\\/\\\/confecomerc.es\\\/?s={search_term_string}\"},\"query-input\":{\"@type\":\"PropertyValueSpecification\",\"valueRequired\":true,\"valueName\":\"search_term_string\"}}],\"inLanguage\":\"va-VA\"},{\"@type\":\"Person\",\"@id\":\"https:\\\/\\\/confecomerc.es\\\/#\\\/schema\\\/person\\\/23aa6211544dad9fa6ee269977b0a823\",\"name\":\"CONFECOMER\u00c7 CV\",\"url\":\"https:\\\/\\\/confecomerc.es\\\/va\\\/author\\\/confe-admin-cv\\\/\"}]}<\/script>\n<!-- \/ Yoast SEO plugin. -->","yoast_head_json":{"title":"Val\u00e8ncia: El comercio del centro exige al concejal que cumpla con las reclamaciones de los comerciantes en materia de movilidad - Confecomer\u00e7","description":"Val\u00e8ncia: Los Comerciantes del Centro Hist\u00f3rico se reunieron ayer a mediod\u00eda con el Concejal de Movilidad, Giuseppe Grezzi y con la gerente de la EMT, Marta Serrano, con el fin de trabajar conjuntamente para que se adopten decisiones ante las reclamaciones elevadas por los comerciantes desde hace meses en el \u00e1rea de movilidad y se agilicen los tr\u00e1mites para la rehabilitaci\u00f3n del parking Juan de Vilarrasa.","robots":{"index":"index","follow":"follow","max-snippet":"max-snippet:-1","max-image-preview":"max-image-preview:large","max-video-preview":"max-video-preview:-1"},"canonical":"https:\/\/confecomerc.es\/va\/valencia-el-comercio-del-centro-exige-al-concejal-que-cumpla-con-las-reclamaciones-de-los-comerciantes-en-materia-de-movilidad\/","og_locale":"en_US","og_type":"article","og_title":"Val\u00e8ncia: El comercio del centro exige al concejal que cumpla con las reclamaciones de los comerciantes en materia de movilidad - Confecomer\u00e7","og_description":"Val\u00e8ncia: Los Comerciantes del Centro Hist\u00f3rico se reunieron ayer a mediod\u00eda con el Concejal de Movilidad, Giuseppe Grezzi y con la gerente de la EMT, Marta Serrano, con el fin de trabajar conjuntamente para que se adopten decisiones ante las reclamaciones elevadas por los comerciantes desde hace meses en el \u00e1rea de movilidad y se agilicen los tr\u00e1mites para la rehabilitaci\u00f3n del parking Juan de Vilarrasa.","og_url":"https:\/\/confecomerc.es\/va\/valencia-el-comercio-del-centro-exige-al-concejal-que-cumpla-con-las-reclamaciones-de-los-comerciantes-en-materia-de-movilidad\/","og_site_name":"Confecomer\u00e7","article_published_time":"2021-02-22T09:39:37+00:00","article_modified_time":"2021-07-19T10:39:13+00:00","og_image":[{"width":300,"height":300,"url":"https:\/\/i1.wp.com\/confecomerc.es\/wp-content\/uploads\/2021\/02\/reclamaciones-de-los-comerciantes-en-materia-de-movilidad.jpg?fit=300%2C300&ssl=1","type":"image\/jpeg"}],"author":"CONFECOMER\u00c7 CV","twitter_card":"summary_large_image","twitter_misc":{"Written by":"CONFECOMER\u00c7 CV","Est. reading time":"5 minutes"},"schema":{"@context":"https:\/\/schema.org","@graph":[{"@type":"Article","@id":"https:\/\/confecomerc.es\/va\/valencia-el-comercio-del-centro-exige-al-concejal-que-cumpla-con-las-reclamaciones-de-los-comerciantes-en-materia-de-movilidad\/#article","isPartOf":{"@id":"https:\/\/confecomerc.es\/va\/valencia-el-comercio-del-centro-exige-al-concejal-que-cumpla-con-las-reclamaciones-de-los-comerciantes-en-materia-de-movilidad\/"},"author":{"name":"CONFECOMER\u00c7 CV","@id":"https:\/\/confecomerc.es\/#\/schema\/person\/23aa6211544dad9fa6ee269977b0a823"},"headline":"Val\u00e8ncia: El comercio del centro exige al concejal que cumpla con las reclamaciones de los comerciantes en materia de movilidad","datePublished":"2021-02-22T09:39:37+00:00","dateModified":"2021-07-19T10:39:13+00:00","mainEntityOfPage":{"@id":"https:\/\/confecomerc.es\/va\/valencia-el-comercio-del-centro-exige-al-concejal-que-cumpla-con-las-reclamaciones-de-los-comerciantes-en-materia-de-movilidad\/"},"wordCount":1029,"image":{"@id":"https:\/\/confecomerc.es\/va\/valencia-el-comercio-del-centro-exige-al-concejal-que-cumpla-con-las-reclamaciones-de-los-comerciantes-en-materia-de-movilidad\/#primaryimage"},"thumbnailUrl":"https:\/\/confecomerc.es\/wp-content\/uploads\/2021\/02\/reclamaciones-de-los-comerciantes-en-materia-de-movilidad.jpg","keywords":["Asociaci\u00f3n de Comerciantes del Centro Hist\u00f3rico de Val\u00e8ncia","Giuseppe Grezzi","movilidad valencia","reclamaciones de los comerciantes en materia de movilidad"],"articleSection":["Associats Confecomer\u00e7 Cv"],"inLanguage":"va-VA"},{"@type":"WebPage","@id":"https:\/\/confecomerc.es\/va\/valencia-el-comercio-del-centro-exige-al-concejal-que-cumpla-con-las-reclamaciones-de-los-comerciantes-en-materia-de-movilidad\/","url":"https:\/\/confecomerc.es\/va\/valencia-el-comercio-del-centro-exige-al-concejal-que-cumpla-con-las-reclamaciones-de-los-comerciantes-en-materia-de-movilidad\/","name":"Val\u00e8ncia: El comercio del centro exige al concejal que cumpla con las reclamaciones de los comerciantes en materia de movilidad - Confecomer\u00e7","isPartOf":{"@id":"https:\/\/confecomerc.es\/#website"},"primaryImageOfPage":{"@id":"https:\/\/confecomerc.es\/va\/valencia-el-comercio-del-centro-exige-al-concejal-que-cumpla-con-las-reclamaciones-de-los-comerciantes-en-materia-de-movilidad\/#primaryimage"},"image":{"@id":"https:\/\/confecomerc.es\/va\/valencia-el-comercio-del-centro-exige-al-concejal-que-cumpla-con-las-reclamaciones-de-los-comerciantes-en-materia-de-movilidad\/#primaryimage"},"thumbnailUrl":"https:\/\/confecomerc.es\/wp-content\/uploads\/2021\/02\/reclamaciones-de-los-comerciantes-en-materia-de-movilidad.jpg","datePublished":"2021-02-22T09:39:37+00:00","dateModified":"2021-07-19T10:39:13+00:00","author":{"@id":"https:\/\/confecomerc.es\/#\/schema\/person\/23aa6211544dad9fa6ee269977b0a823"},"description":"Val\u00e8ncia: Los Comerciantes del Centro Hist\u00f3rico se reunieron ayer a mediod\u00eda con el Concejal de Movilidad, Giuseppe Grezzi y con la gerente de la EMT, Marta Serrano, con el fin de trabajar conjuntamente para que se adopten decisiones ante las reclamaciones elevadas por los comerciantes desde hace meses en el \u00e1rea de movilidad y se agilicen los tr\u00e1mites para la rehabilitaci\u00f3n del parking Juan de Vilarrasa.","breadcrumb":{"@id":"https:\/\/confecomerc.es\/va\/valencia-el-comercio-del-centro-exige-al-concejal-que-cumpla-con-las-reclamaciones-de-los-comerciantes-en-materia-de-movilidad\/#breadcrumb"},"inLanguage":"va-VA","potentialAction":[{"@type":"ReadAction","target":["https:\/\/confecomerc.es\/va\/valencia-el-comercio-del-centro-exige-al-concejal-que-cumpla-con-las-reclamaciones-de-los-comerciantes-en-materia-de-movilidad\/"]}]},{"@type":"ImageObject","inLanguage":"va-VA","@id":"https:\/\/confecomerc.es\/va\/valencia-el-comercio-del-centro-exige-al-concejal-que-cumpla-con-las-reclamaciones-de-los-comerciantes-en-materia-de-movilidad\/#primaryimage","url":"https:\/\/confecomerc.es\/wp-content\/uploads\/2021\/02\/reclamaciones-de-los-comerciantes-en-materia-de-movilidad.jpg","contentUrl":"https:\/\/confecomerc.es\/wp-content\/uploads\/2021\/02\/reclamaciones-de-los-comerciantes-en-materia-de-movilidad.jpg","width":300,"height":300,"caption":"reclamaciones de los comerciantes en materia de movilidad"},{"@type":"BreadcrumbList","@id":"https:\/\/confecomerc.es\/va\/valencia-el-comercio-del-centro-exige-al-concejal-que-cumpla-con-las-reclamaciones-de-los-comerciantes-en-materia-de-movilidad\/#breadcrumb","itemListElement":[{"@type":"ListItem","position":1,"name":"Home","item":"https:\/\/confecomerc.es\/va\/confecomerc-cv\/"},{"@type":"ListItem","position":2,"name":"Val\u00e8ncia: El comercio del centro exige al concejal que cumpla con las reclamaciones de los comerciantes en materia de movilidad"}]},{"@type":"WebSite","@id":"https:\/\/confecomerc.es\/#website","url":"https:\/\/confecomerc.es\/","name":"Confecomer\u00e7","description":"Confederaci\u00f3 de Comer\u00e7 d\u2019alacant, Castell\u00f3 i Val\u00e8ncia","potentialAction":[{"@type":"SearchAction","target":{"@type":"EntryPoint","urlTemplate":"https:\/\/confecomerc.es\/?s={search_term_string}"},"query-input":{"@type":"PropertyValueSpecification","valueRequired":true,"valueName":"search_term_string"}}],"inLanguage":"va-VA"},{"@type":"Person","@id":"https:\/\/confecomerc.es\/#\/schema\/person\/23aa6211544dad9fa6ee269977b0a823","name":"CONFECOMER\u00c7 CV","url":"https:\/\/confecomerc.es\/va\/author\/confe-admin-cv\/"}]}},"_links":{"self":[{"href":"https:\/\/confecomerc.es\/va\/wp-json\/wp\/v2\/posts\/7924","targetHints":{"allow":["GET"]}}],"collection":[{"href":"https:\/\/confecomerc.es\/va\/wp-json\/wp\/v2\/posts"}],"about":[{"href":"https:\/\/confecomerc.es\/va\/wp-json\/wp\/v2\/types\/post"}],"author":[{"embeddable":true,"href":"https:\/\/confecomerc.es\/va\/wp-json\/wp\/v2\/users\/1"}],"replies":[{"embeddable":true,"href":"https:\/\/confecomerc.es\/va\/wp-json\/wp\/v2\/comments?post=7924"}],"version-history":[{"count":0,"href":"https:\/\/confecomerc.es\/va\/wp-json\/wp\/v2\/posts\/7924\/revisions"}],"wp:featuredmedia":[{"embeddable":true,"href":"https:\/\/confecomerc.es\/va\/wp-json\/wp\/v2\/media\/6753"}],"wp:attachment":[{"href":"https:\/\/confecomerc.es\/va\/wp-json\/wp\/v2\/media?parent=7924"}],"wp:term":[{"taxonomy":"category","embeddable":true,"href":"https:\/\/confecomerc.es\/va\/wp-json\/wp\/v2\/categories?post=7924"},{"taxonomy":"post_tag","embeddable":true,"href":"https:\/\/confecomerc.es\/va\/wp-json\/wp\/v2\/tags?post=7924"}],"curies":[{"name":"wp","href":"https:\/\/api.w.org\/{rel}","templated":true}]}}