{"id":7930,"date":"2021-01-25T11:57:24","date_gmt":"2021-01-25T10:57:24","guid":{"rendered":"https:\/\/confecomerc.es\/tiendas-de-muebles-en-la-tercera-ola-del-coronavirus\/"},"modified":"2021-07-19T11:39:32","modified_gmt":"2021-07-19T10:39:32","slug":"tiendas-de-muebles-en-la-tercera-ola-del-coronavirus","status":"publish","type":"post","link":"https:\/\/confecomerc.es\/va\/tiendas-de-muebles-en-la-tercera-ola-del-coronavirus\/","title":{"rendered":"Tiendas de muebles en la tercera ola del coronavirus"},"content":{"rendered":"<p>El comercio y la hosteler\u00eda, son ejes fundamentales en el tejido empresarial de la Comunitat. El comercio supone al 12% del PIB y una gran fuente de empleo y riqueza.<\/p>\n<p>En toda la Comunitat, somos alrededor de unas 1300 tiendas, con m\u00e1s de 8000 empleos directos, a los que hay que a\u00f1adir fabricantes, montadores y transportistas agentes comerciales. Y en nuestras tiendas comercializamos muebles en general y que son, colchones, armarios, tapicer\u00eda, complementos, textil hogar, etc\u2026COMER\u00c7MOBLE-Asociaci\u00f3n de comercios del h\u00e1bitat de la CV, representa u defiende al sector, reivindicando aquello que necesitamos.<\/p>\n<p>Las cifras del a\u00f1o pasado no han sido mejores que las del 2019, en general, ha sido un a\u00f1o muy dif\u00edcil. Aunque nuestro sector no ha sido tan perjudicado como la<br \/>\nhosteler\u00eda, el textil y otros, hemos tenido que lidiar con problemas muy graves, que aun arrastramos. Despu\u00e9s del confinamiento, sin vender nada, al tener cerradas las tiendas, vimos con sorpresa que los clientes necesitaban muebles para sus casas y se concentraron las ventas de los meses cerrados en dos o tres meses. Eso trajo retrasos de la producci\u00f3n y demoras en las entregas, que a\u00fan hoy contin\u00faan en algunos productos.<\/p>\n<p>En el 2020 y con el avance de las fases del confinamiento, demostramos que somos cuidadosos con el servicio que damos a los clientes y adem\u00e1s, <strong>\u201cesenciales\u201d<\/strong>. Gloria Vaquer, Presidenta de COME\u00c7MOBLE, ya dio traslad\u00f3 en la reuni\u00f3n que se mantuvo con con la Conselleria de Economia,<strong> \u201ces una necesidad que se nos reconozca la esencialidad, pues cambiar un colch\u00f3n, un canap\u00e9 roto, un sill\u00f3n motorizado para una persona con movilidad reducida, o la mesa y las sillas para comer, sabemos que son imprescindibles para una vida normal. M\u00e1xime, si no es aconsejable salir de casa.\u201d<\/strong><\/p>\n<p>Es por ello que COMER\u00c7MOBLE solicit\u00f3 formalmente el pasado a\u00f1o, al Ministerio y a la Conselleria de Sanidad, que se nos incluyera dentro de los establecimientos denominados<strong> \u201cesenciales\u201d<\/strong>, y nos quedamos a la espera de la resoluci\u00f3n al respecto. Pero no nos han escuchado, ha llegado la tercera ola con restricciones muy duras y todav\u00eda no se nos ha reconocido esta necesidad.<\/p>\n<p>Es un deseo un\u00e1nime que la situaci\u00f3n sanitaria mejore, y que dejen de subir los contagios, pues eso es lo primero, la salud de los valencianos y valencianas. Si eso ocurre lo m\u00e1s pronto posible, la econom\u00eda de la Comunitat mejorar\u00e1 para bien de todos los sectores productivos, incluido el nuestro.<\/p>\n<p><img decoding=\"async\" class=\"aligncenter wp-image-6175 size-large\" src=\"https:\/\/confecomerc.es\/wp-content\/uploads\/2021\/01\/Tiendas-de-muebles-en-la-tercera-ola-del-coronavirus-1024x682.jpg\" alt=\"\" width=\"1024\" height=\"682\" srcset=\"https:\/\/confecomerc.es\/wp-content\/uploads\/2021\/01\/Tiendas-de-muebles-en-la-tercera-ola-del-coronavirus-1024x682.jpg 1024w, https:\/\/confecomerc.es\/wp-content\/uploads\/2021\/01\/Tiendas-de-muebles-en-la-tercera-ola-del-coronavirus-980x653.jpg 980w, https:\/\/confecomerc.es\/wp-content\/uploads\/2021\/01\/Tiendas-de-muebles-en-la-tercera-ola-del-coronavirus-480x320.jpg 480w\" sizes=\"(min-width: 0px) and (max-width: 480px) 480px, (min-width: 481px) and (max-width: 980px) 980px, (min-width: 981px) 1024px, 100vw\" \/><\/p>\n","protected":false},"excerpt":{"rendered":"<p>Tiendas de muebles en la tercera ola del coronavirus. COMER\u00c7MOBLE solicit\u00f3 formalmente el pasado a\u00f1o, al Ministerio y a la Conselleria de Sanidad, que se nos incluyera dentro de los establecimientos denominados \u201cesenciales\u201d, y nos quedamos a la espera de la resoluci\u00f3n al respecto. Pero no nos han escuchado, ha llegado la tercera ola con restricciones muy duras y todav\u00eda no se nos ha reconocido esta necesidad.<\/p>\n","protected":false},"author":1,"featured_media":6176,"comment_status":"closed","ping_status":"open","sticky":false,"template":"","format":"standard","meta":{"_et_pb_use_builder":"","_et_pb_old_content":"","_et_gb_content_width":"","footnotes":""},"categories":[613],"tags":[3103,3104,3105],"class_list":["post-7930","post","type-post","status-publish","format-standard","has-post-thumbnail","hentry","category-associats-confecomerc-cv","tag-comerc-moble-va","tag-tiendas-de-mueble-esenciales-va","tag-tiendas-de-muebles-en-la-tercera-ola-del-coronavirus-va"],"yoast_head":"<!-- This site is optimized with the Yoast SEO plugin v27.3 - https:\/\/yoast.com\/product\/yoast-seo-wordpress\/ -->\n<title>Tiendas de muebles en la tercera ola del coronavirus - Confecomer\u00e7<\/title>\n<meta name=\"description\" content=\"Tiendas de muebles en la tercera ola del coronavirus. COMER\u00c7MOBLE solicit\u00f3 formalmente el pasado a\u00f1o, al Ministerio y a la Conselleria de Sanidad, que se nos incluyera dentro de los establecimientos denominados \u201cesenciales\u201d, y nos quedamos a la espera de la resoluci\u00f3n al respecto. Pero no nos han escuchado, ha llegado la tercera ola con restricciones muy duras y todav\u00eda no se nos ha reconocido esta necesidad.\" \/>\n<meta name=\"robots\" content=\"index, follow, max-snippet:-1, max-image-preview:large, max-video-preview:-1\" \/>\n<link rel=\"canonical\" href=\"https:\/\/confecomerc.es\/va\/tiendas-de-muebles-en-la-tercera-ola-del-coronavirus\/\" \/>\n<meta property=\"og:locale\" content=\"en_US\" \/>\n<meta property=\"og:type\" content=\"article\" \/>\n<meta property=\"og:title\" content=\"Tiendas de muebles en la tercera ola del coronavirus - Confecomer\u00e7\" \/>\n<meta property=\"og:description\" content=\"Tiendas de muebles en la tercera ola del coronavirus. COMER\u00c7MOBLE solicit\u00f3 formalmente el pasado a\u00f1o, al Ministerio y a la Conselleria de Sanidad, que se nos incluyera dentro de los establecimientos denominados \u201cesenciales\u201d, y nos quedamos a la espera de la resoluci\u00f3n al respecto. Pero no nos han escuchado, ha llegado la tercera ola con restricciones muy duras y todav\u00eda no se nos ha reconocido esta necesidad.\" \/>\n<meta property=\"og:url\" content=\"https:\/\/confecomerc.es\/va\/tiendas-de-muebles-en-la-tercera-ola-del-coronavirus\/\" \/>\n<meta property=\"og:site_name\" content=\"Confecomer\u00e7\" \/>\n<meta property=\"article:published_time\" content=\"2021-01-25T10:57:24+00:00\" \/>\n<meta property=\"article:modified_time\" content=\"2021-07-19T10:39:32+00:00\" \/>\n<meta property=\"og:image\" content=\"https:\/\/i0.wp.com\/confecomerc.es\/wp-content\/uploads\/2021\/01\/Tiendas-de-muebles-en-la-tercera-ola-del-coronavirus.jpg?fit=1280%2C853&ssl=1\" \/>\n\t<meta property=\"og:image:width\" content=\"1280\" \/>\n\t<meta property=\"og:image:height\" content=\"853\" \/>\n\t<meta property=\"og:image:type\" content=\"image\/jpeg\" \/>\n<meta name=\"author\" content=\"CONFECOMER\u00c7 CV\" \/>\n<meta name=\"twitter:card\" content=\"summary_large_image\" \/>\n<meta name=\"twitter:label1\" content=\"Written by\" \/>\n\t<meta name=\"twitter:data1\" content=\"CONFECOMER\u00c7 CV\" \/>\n\t<meta name=\"twitter:label2\" content=\"Est. reading time\" \/>\n\t<meta name=\"twitter:data2\" content=\"2 minutes\" \/>\n<script type=\"application\/ld+json\" class=\"yoast-schema-graph\">{\"@context\":\"https:\\\/\\\/schema.org\",\"@graph\":[{\"@type\":\"Article\",\"@id\":\"https:\\\/\\\/confecomerc.es\\\/va\\\/tiendas-de-muebles-en-la-tercera-ola-del-coronavirus\\\/#article\",\"isPartOf\":{\"@id\":\"https:\\\/\\\/confecomerc.es\\\/va\\\/tiendas-de-muebles-en-la-tercera-ola-del-coronavirus\\\/\"},\"author\":{\"name\":\"CONFECOMER\u00c7 CV\",\"@id\":\"https:\\\/\\\/confecomerc.es\\\/#\\\/schema\\\/person\\\/23aa6211544dad9fa6ee269977b0a823\"},\"headline\":\"Tiendas de muebles en la tercera ola del coronavirus\",\"datePublished\":\"2021-01-25T10:57:24+00:00\",\"dateModified\":\"2021-07-19T10:39:32+00:00\",\"mainEntityOfPage\":{\"@id\":\"https:\\\/\\\/confecomerc.es\\\/va\\\/tiendas-de-muebles-en-la-tercera-ola-del-coronavirus\\\/\"},\"wordCount\":436,\"image\":{\"@id\":\"https:\\\/\\\/confecomerc.es\\\/va\\\/tiendas-de-muebles-en-la-tercera-ola-del-coronavirus\\\/#primaryimage\"},\"thumbnailUrl\":\"https:\\\/\\\/confecomerc.es\\\/wp-content\\\/uploads\\\/2021\\\/01\\\/Tiendas-de-muebles-en-la-tercera-ola-del-coronavirus.jpg\",\"keywords\":[\"comer\u00e7 moble\",\"tiendas de mueble esenciales\",\"Tiendas de muebles en la tercera ola del coronavirus\"],\"articleSection\":[\"Associats Confecomer\u00e7 Cv\"],\"inLanguage\":\"va-VA\"},{\"@type\":\"WebPage\",\"@id\":\"https:\\\/\\\/confecomerc.es\\\/va\\\/tiendas-de-muebles-en-la-tercera-ola-del-coronavirus\\\/\",\"url\":\"https:\\\/\\\/confecomerc.es\\\/va\\\/tiendas-de-muebles-en-la-tercera-ola-del-coronavirus\\\/\",\"name\":\"Tiendas de muebles en la tercera ola del coronavirus - Confecomer\u00e7\",\"isPartOf\":{\"@id\":\"https:\\\/\\\/confecomerc.es\\\/#website\"},\"primaryImageOfPage\":{\"@id\":\"https:\\\/\\\/confecomerc.es\\\/va\\\/tiendas-de-muebles-en-la-tercera-ola-del-coronavirus\\\/#primaryimage\"},\"image\":{\"@id\":\"https:\\\/\\\/confecomerc.es\\\/va\\\/tiendas-de-muebles-en-la-tercera-ola-del-coronavirus\\\/#primaryimage\"},\"thumbnailUrl\":\"https:\\\/\\\/confecomerc.es\\\/wp-content\\\/uploads\\\/2021\\\/01\\\/Tiendas-de-muebles-en-la-tercera-ola-del-coronavirus.jpg\",\"datePublished\":\"2021-01-25T10:57:24+00:00\",\"dateModified\":\"2021-07-19T10:39:32+00:00\",\"author\":{\"@id\":\"https:\\\/\\\/confecomerc.es\\\/#\\\/schema\\\/person\\\/23aa6211544dad9fa6ee269977b0a823\"},\"description\":\"Tiendas de muebles en la tercera ola del coronavirus. COMER\u00c7MOBLE solicit\u00f3 formalmente el pasado a\u00f1o, al Ministerio y a la Conselleria de Sanidad, que se nos incluyera dentro de los establecimientos denominados \u201cesenciales\u201d, y nos quedamos a la espera de la resoluci\u00f3n al respecto. Pero no nos han escuchado, ha llegado la tercera ola con restricciones muy duras y todav\u00eda no se nos ha reconocido esta necesidad.\",\"breadcrumb\":{\"@id\":\"https:\\\/\\\/confecomerc.es\\\/va\\\/tiendas-de-muebles-en-la-tercera-ola-del-coronavirus\\\/#breadcrumb\"},\"inLanguage\":\"va-VA\",\"potentialAction\":[{\"@type\":\"ReadAction\",\"target\":[\"https:\\\/\\\/confecomerc.es\\\/va\\\/tiendas-de-muebles-en-la-tercera-ola-del-coronavirus\\\/\"]}]},{\"@type\":\"ImageObject\",\"inLanguage\":\"va-VA\",\"@id\":\"https:\\\/\\\/confecomerc.es\\\/va\\\/tiendas-de-muebles-en-la-tercera-ola-del-coronavirus\\\/#primaryimage\",\"url\":\"https:\\\/\\\/confecomerc.es\\\/wp-content\\\/uploads\\\/2021\\\/01\\\/Tiendas-de-muebles-en-la-tercera-ola-del-coronavirus.jpg\",\"contentUrl\":\"https:\\\/\\\/confecomerc.es\\\/wp-content\\\/uploads\\\/2021\\\/01\\\/Tiendas-de-muebles-en-la-tercera-ola-del-coronavirus.jpg\",\"width\":1280,\"height\":853},{\"@type\":\"BreadcrumbList\",\"@id\":\"https:\\\/\\\/confecomerc.es\\\/va\\\/tiendas-de-muebles-en-la-tercera-ola-del-coronavirus\\\/#breadcrumb\",\"itemListElement\":[{\"@type\":\"ListItem\",\"position\":1,\"name\":\"Home\",\"item\":\"https:\\\/\\\/confecomerc.es\\\/va\\\/confecomerc-cv\\\/\"},{\"@type\":\"ListItem\",\"position\":2,\"name\":\"Tiendas de muebles en la tercera ola del coronavirus\"}]},{\"@type\":\"WebSite\",\"@id\":\"https:\\\/\\\/confecomerc.es\\\/#website\",\"url\":\"https:\\\/\\\/confecomerc.es\\\/\",\"name\":\"Confecomer\u00e7\",\"description\":\"Confederaci\u00f3 de Comer\u00e7 d\u2019alacant, Castell\u00f3 i Val\u00e8ncia\",\"potentialAction\":[{\"@type\":\"SearchAction\",\"target\":{\"@type\":\"EntryPoint\",\"urlTemplate\":\"https:\\\/\\\/confecomerc.es\\\/?s={search_term_string}\"},\"query-input\":{\"@type\":\"PropertyValueSpecification\",\"valueRequired\":true,\"valueName\":\"search_term_string\"}}],\"inLanguage\":\"va-VA\"},{\"@type\":\"Person\",\"@id\":\"https:\\\/\\\/confecomerc.es\\\/#\\\/schema\\\/person\\\/23aa6211544dad9fa6ee269977b0a823\",\"name\":\"CONFECOMER\u00c7 CV\",\"url\":\"https:\\\/\\\/confecomerc.es\\\/va\\\/author\\\/confe-admin-cv\\\/\"}]}<\/script>\n<!-- \/ Yoast SEO plugin. -->","yoast_head_json":{"title":"Tiendas de muebles en la tercera ola del coronavirus - Confecomer\u00e7","description":"Tiendas de muebles en la tercera ola del coronavirus. COMER\u00c7MOBLE solicit\u00f3 formalmente el pasado a\u00f1o, al Ministerio y a la Conselleria de Sanidad, que se nos incluyera dentro de los establecimientos denominados \u201cesenciales\u201d, y nos quedamos a la espera de la resoluci\u00f3n al respecto. Pero no nos han escuchado, ha llegado la tercera ola con restricciones muy duras y todav\u00eda no se nos ha reconocido esta necesidad.","robots":{"index":"index","follow":"follow","max-snippet":"max-snippet:-1","max-image-preview":"max-image-preview:large","max-video-preview":"max-video-preview:-1"},"canonical":"https:\/\/confecomerc.es\/va\/tiendas-de-muebles-en-la-tercera-ola-del-coronavirus\/","og_locale":"en_US","og_type":"article","og_title":"Tiendas de muebles en la tercera ola del coronavirus - Confecomer\u00e7","og_description":"Tiendas de muebles en la tercera ola del coronavirus. COMER\u00c7MOBLE solicit\u00f3 formalmente el pasado a\u00f1o, al Ministerio y a la Conselleria de Sanidad, que se nos incluyera dentro de los establecimientos denominados \u201cesenciales\u201d, y nos quedamos a la espera de la resoluci\u00f3n al respecto. Pero no nos han escuchado, ha llegado la tercera ola con restricciones muy duras y todav\u00eda no se nos ha reconocido esta necesidad.","og_url":"https:\/\/confecomerc.es\/va\/tiendas-de-muebles-en-la-tercera-ola-del-coronavirus\/","og_site_name":"Confecomer\u00e7","article_published_time":"2021-01-25T10:57:24+00:00","article_modified_time":"2021-07-19T10:39:32+00:00","og_image":[{"width":1280,"height":853,"url":"https:\/\/i0.wp.com\/confecomerc.es\/wp-content\/uploads\/2021\/01\/Tiendas-de-muebles-en-la-tercera-ola-del-coronavirus.jpg?fit=1280%2C853&ssl=1","type":"image\/jpeg"}],"author":"CONFECOMER\u00c7 CV","twitter_card":"summary_large_image","twitter_misc":{"Written by":"CONFECOMER\u00c7 CV","Est. reading time":"2 minutes"},"schema":{"@context":"https:\/\/schema.org","@graph":[{"@type":"Article","@id":"https:\/\/confecomerc.es\/va\/tiendas-de-muebles-en-la-tercera-ola-del-coronavirus\/#article","isPartOf":{"@id":"https:\/\/confecomerc.es\/va\/tiendas-de-muebles-en-la-tercera-ola-del-coronavirus\/"},"author":{"name":"CONFECOMER\u00c7 CV","@id":"https:\/\/confecomerc.es\/#\/schema\/person\/23aa6211544dad9fa6ee269977b0a823"},"headline":"Tiendas de muebles en la tercera ola del coronavirus","datePublished":"2021-01-25T10:57:24+00:00","dateModified":"2021-07-19T10:39:32+00:00","mainEntityOfPage":{"@id":"https:\/\/confecomerc.es\/va\/tiendas-de-muebles-en-la-tercera-ola-del-coronavirus\/"},"wordCount":436,"image":{"@id":"https:\/\/confecomerc.es\/va\/tiendas-de-muebles-en-la-tercera-ola-del-coronavirus\/#primaryimage"},"thumbnailUrl":"https:\/\/confecomerc.es\/wp-content\/uploads\/2021\/01\/Tiendas-de-muebles-en-la-tercera-ola-del-coronavirus.jpg","keywords":["comer\u00e7 moble","tiendas de mueble esenciales","Tiendas de muebles en la tercera ola del coronavirus"],"articleSection":["Associats Confecomer\u00e7 Cv"],"inLanguage":"va-VA"},{"@type":"WebPage","@id":"https:\/\/confecomerc.es\/va\/tiendas-de-muebles-en-la-tercera-ola-del-coronavirus\/","url":"https:\/\/confecomerc.es\/va\/tiendas-de-muebles-en-la-tercera-ola-del-coronavirus\/","name":"Tiendas de muebles en la tercera ola del coronavirus - Confecomer\u00e7","isPartOf":{"@id":"https:\/\/confecomerc.es\/#website"},"primaryImageOfPage":{"@id":"https:\/\/confecomerc.es\/va\/tiendas-de-muebles-en-la-tercera-ola-del-coronavirus\/#primaryimage"},"image":{"@id":"https:\/\/confecomerc.es\/va\/tiendas-de-muebles-en-la-tercera-ola-del-coronavirus\/#primaryimage"},"thumbnailUrl":"https:\/\/confecomerc.es\/wp-content\/uploads\/2021\/01\/Tiendas-de-muebles-en-la-tercera-ola-del-coronavirus.jpg","datePublished":"2021-01-25T10:57:24+00:00","dateModified":"2021-07-19T10:39:32+00:00","author":{"@id":"https:\/\/confecomerc.es\/#\/schema\/person\/23aa6211544dad9fa6ee269977b0a823"},"description":"Tiendas de muebles en la tercera ola del coronavirus. COMER\u00c7MOBLE solicit\u00f3 formalmente el pasado a\u00f1o, al Ministerio y a la Conselleria de Sanidad, que se nos incluyera dentro de los establecimientos denominados \u201cesenciales\u201d, y nos quedamos a la espera de la resoluci\u00f3n al respecto. Pero no nos han escuchado, ha llegado la tercera ola con restricciones muy duras y todav\u00eda no se nos ha reconocido esta necesidad.","breadcrumb":{"@id":"https:\/\/confecomerc.es\/va\/tiendas-de-muebles-en-la-tercera-ola-del-coronavirus\/#breadcrumb"},"inLanguage":"va-VA","potentialAction":[{"@type":"ReadAction","target":["https:\/\/confecomerc.es\/va\/tiendas-de-muebles-en-la-tercera-ola-del-coronavirus\/"]}]},{"@type":"ImageObject","inLanguage":"va-VA","@id":"https:\/\/confecomerc.es\/va\/tiendas-de-muebles-en-la-tercera-ola-del-coronavirus\/#primaryimage","url":"https:\/\/confecomerc.es\/wp-content\/uploads\/2021\/01\/Tiendas-de-muebles-en-la-tercera-ola-del-coronavirus.jpg","contentUrl":"https:\/\/confecomerc.es\/wp-content\/uploads\/2021\/01\/Tiendas-de-muebles-en-la-tercera-ola-del-coronavirus.jpg","width":1280,"height":853},{"@type":"BreadcrumbList","@id":"https:\/\/confecomerc.es\/va\/tiendas-de-muebles-en-la-tercera-ola-del-coronavirus\/#breadcrumb","itemListElement":[{"@type":"ListItem","position":1,"name":"Home","item":"https:\/\/confecomerc.es\/va\/confecomerc-cv\/"},{"@type":"ListItem","position":2,"name":"Tiendas de muebles en la tercera ola del coronavirus"}]},{"@type":"WebSite","@id":"https:\/\/confecomerc.es\/#website","url":"https:\/\/confecomerc.es\/","name":"Confecomer\u00e7","description":"Confederaci\u00f3 de Comer\u00e7 d\u2019alacant, Castell\u00f3 i Val\u00e8ncia","potentialAction":[{"@type":"SearchAction","target":{"@type":"EntryPoint","urlTemplate":"https:\/\/confecomerc.es\/?s={search_term_string}"},"query-input":{"@type":"PropertyValueSpecification","valueRequired":true,"valueName":"search_term_string"}}],"inLanguage":"va-VA"},{"@type":"Person","@id":"https:\/\/confecomerc.es\/#\/schema\/person\/23aa6211544dad9fa6ee269977b0a823","name":"CONFECOMER\u00c7 CV","url":"https:\/\/confecomerc.es\/va\/author\/confe-admin-cv\/"}]}},"_links":{"self":[{"href":"https:\/\/confecomerc.es\/va\/wp-json\/wp\/v2\/posts\/7930","targetHints":{"allow":["GET"]}}],"collection":[{"href":"https:\/\/confecomerc.es\/va\/wp-json\/wp\/v2\/posts"}],"about":[{"href":"https:\/\/confecomerc.es\/va\/wp-json\/wp\/v2\/types\/post"}],"author":[{"embeddable":true,"href":"https:\/\/confecomerc.es\/va\/wp-json\/wp\/v2\/users\/1"}],"replies":[{"embeddable":true,"href":"https:\/\/confecomerc.es\/va\/wp-json\/wp\/v2\/comments?post=7930"}],"version-history":[{"count":0,"href":"https:\/\/confecomerc.es\/va\/wp-json\/wp\/v2\/posts\/7930\/revisions"}],"wp:featuredmedia":[{"embeddable":true,"href":"https:\/\/confecomerc.es\/va\/wp-json\/wp\/v2\/media\/6176"}],"wp:attachment":[{"href":"https:\/\/confecomerc.es\/va\/wp-json\/wp\/v2\/media?parent=7930"}],"wp:term":[{"taxonomy":"category","embeddable":true,"href":"https:\/\/confecomerc.es\/va\/wp-json\/wp\/v2\/categories?post=7930"},{"taxonomy":"post_tag","embeddable":true,"href":"https:\/\/confecomerc.es\/va\/wp-json\/wp\/v2\/tags?post=7930"}],"curies":[{"name":"wp","href":"https:\/\/api.w.org\/{rel}","templated":true}]}}