{"id":7961,"date":"2020-11-25T13:49:58","date_gmt":"2020-11-25T12:49:58","guid":{"rendered":"https:\/\/confecomerc.es\/el-foro-del-pequeno-comercio-y-la-artesania-sube-manana-la-persiana-virtual\/"},"modified":"2021-07-19T11:42:32","modified_gmt":"2021-07-19T10:42:32","slug":"el-foro-del-pequeno-comercio-y-la-artesania-sube-manana-la-persiana-virtual","status":"publish","type":"post","link":"https:\/\/confecomerc.es\/va\/el-foro-del-pequeno-comercio-y-la-artesania-sube-manana-la-persiana-virtual\/","title":{"rendered":"El foro del peque\u00f1o comercio y la artesan\u00eda \u2018sube ma\u00f1ana la persiana virtual\u2019"},"content":{"rendered":"<p><strong>El foro del peque\u00f1o comercio y la artesan\u00eda \u2018sube ma\u00f1ana la persiana virtual\u2019 <\/strong><\/p>\n<ul>\n<li><strong>Los d\u00edas 26 y 27 de noviembre se celebra RETAIL future, el foro pionero de la digitalizaci\u00f3n y la tecnolog\u00eda para el peque\u00f1o comercio y la artesan\u00eda.<\/strong><\/li>\n<\/ul>\n<ul>\n<li><strong>El peque\u00f1o comercio da muestras de adaptarse a los nuevos tiempos: el 80% recogen pedidos por tel\u00e9fono; el 71% ha revisado sus horarios de forma m\u00e1s flexible y un 54,3% ofrece el servicio a domicilio.<\/strong><\/li>\n<\/ul>\n<p><em>Val\u00e8ncia, 25 de noviembre de 2020.-<\/em> <strong>RETAIL future<\/strong>, el foro de la digitalizaci\u00f3n para el peque\u00f1o comercio y la artesan\u00eda \u2018sube ma\u00f1ana la persiana virtual\u2019 desde el edificio Veles e Vents en La Marina de Val\u00e8ncia.<\/p>\n<p>Durante los d\u00edas <strong>26 y 27 de noviembre<\/strong>, RETAIL future, en su tercera edici\u00f3n, propone un intenso programa, para seguir online, entre ponencias y mesas de debate con m\u00e1s de 30 conferenciantes y a d\u00eda de hoy, <strong>el foro ya ha superado las 500 inscripciones<\/strong>, que a\u00fan se pueden seguir realizando a trav\u00e9s de <a href=\"http:\/\/www.retailfuture.es\">www.retailfuture.es<\/a>.<\/p>\n<p>El conseller de Econom\u00eda Sostenible, Sectores Productivos, Comercio y Trabajo, <strong>Rafael Climent<\/strong> y el presidente de C\u00e1mara Valencia, <strong>Jos\u00e9 Vicente Morata<\/strong>, presidir\u00e1n la sesi\u00f3n inaugural, antes de dar inicio a las diferentes ponencias y mesas de debate.<\/p>\n<p>\u2018El programa de esta edici\u00f3n est\u00e1 m\u00e1s ajustado que nunca a la realidad que viven el peque\u00f1o comercio y la artesan\u00eda\u2019, se\u00f1ala Agust\u00edn Rovira, director T\u00e9cnico de la Oficina PATECO, \u2018en un momento en que la pandemia nos ha obligado a acelerar la transformaci\u00f3n digital tanto de negocios como de consumidores\u2019.<\/p>\n<p>La Oficina PATECO del Consejo de C\u00e1maras de Comercio de la Comunitat Valenciana coordina y promueve este foro y en un reciente estudio realizado a partir de encuestas a comerciantes de toda la Comunitat Valenciana se\u00f1alan que en l\u00edneas generales el sector se ha mostrado proactivo y ha impulsado iniciativas para adaptarse a la actual coyuntura, de entre las quye destacan que el 80% han comenzado a recoger pedidos por tel\u00e9fono o a trav\u00e9s de whatsapp; el 71% han adaptado horarios en esta \u2018nueva normalidad\u2019 y el 54,3% han impulsado la entrega a domicilio.<\/p>\n<p>Por eso RETAIL future se presenta como un foro para ofrecer herramientas, recursos, un punto de informaci\u00f3n, asesoramiento y apoyo para que el peque\u00f1o comercio y la artesan\u00eda se adapten a los cambios inevitables que tienen que emprender.<\/p>\n<p><strong>RETAIL future<\/strong> se enmarca en del Plan de Impulso a la transformaci\u00f3n digital del comercio y la artesan\u00eda de la Comunitat Valenciana 2021-2023 y es una iniciativa de la <strong>Conselleria de Econom\u00eda Sostenible, Sectores Productivos, Comercio y Trabajo de la Generalitat Valenciana, la Oficina Comercio y Territorio \u2013 PATECO del Consejo de C\u00e1maras de Comercio de la Comunitat Valenciana y SIF \u2013 Sal\u00f3n Internacional de la Franquicia.<\/strong><\/p>\n<p><img decoding=\"async\" class=\"aligncenter wp-image-5636 size-large\" src=\"https:\/\/confecomerc.es\/wp-content\/uploads\/2020\/11\/El-foro-del-pequeno-comercio-y-la-artesania-\u2018sube-manana-la-persiana-virtual-1024x558.jpeg\" alt=\"El foro del peque\u00f1o comercio y la artesan\u00eda \u2018sube ma\u00f1ana la persiana virtual\u2019\" width=\"1024\" height=\"558\" srcset=\"https:\/\/confecomerc.es\/wp-content\/uploads\/2020\/11\/El-foro-del-pequeno-comercio-y-la-artesania-\u2018sube-manana-la-persiana-virtual-1024x558.jpeg 1024w, https:\/\/confecomerc.es\/wp-content\/uploads\/2020\/11\/El-foro-del-pequeno-comercio-y-la-artesania-\u2018sube-manana-la-persiana-virtual-300x163.jpeg 300w, https:\/\/confecomerc.es\/wp-content\/uploads\/2020\/11\/El-foro-del-pequeno-comercio-y-la-artesania-\u2018sube-manana-la-persiana-virtual-768x418.jpeg 768w, https:\/\/confecomerc.es\/wp-content\/uploads\/2020\/11\/El-foro-del-pequeno-comercio-y-la-artesania-\u2018sube-manana-la-persiana-virtual-1536x836.jpeg 1536w, https:\/\/confecomerc.es\/wp-content\/uploads\/2020\/11\/El-foro-del-pequeno-comercio-y-la-artesania-\u2018sube-manana-la-persiana-virtual-1080x588.jpeg 1080w, https:\/\/confecomerc.es\/wp-content\/uploads\/2020\/11\/El-foro-del-pequeno-comercio-y-la-artesania-\u2018sube-manana-la-persiana-virtual-1280x697.jpeg 1280w, https:\/\/confecomerc.es\/wp-content\/uploads\/2020\/11\/El-foro-del-pequeno-comercio-y-la-artesania-\u2018sube-manana-la-persiana-virtual-980x534.jpeg 980w, https:\/\/confecomerc.es\/wp-content\/uploads\/2020\/11\/El-foro-del-pequeno-comercio-y-la-artesania-\u2018sube-manana-la-persiana-virtual-480x261.jpeg 480w, https:\/\/confecomerc.es\/wp-content\/uploads\/2020\/11\/El-foro-del-pequeno-comercio-y-la-artesania-\u2018sube-manana-la-persiana-virtual.jpeg 1583w\" sizes=\"(max-width: 1024px) 100vw, 1024px\" \/><\/p>\n","protected":false},"excerpt":{"rendered":"<p>RETAIL future, el foro de la digitalizaci\u00f3n para el peque\u00f1o comercio y la artesan\u00eda \u2018sube ma\u00f1ana la persiana virtual\u2019 desde el edificio Veles e Vents en La Marina de Val\u00e8ncia.<\/p>\n","protected":false},"author":1,"featured_media":5637,"comment_status":"closed","ping_status":"open","sticky":false,"template":"","format":"standard","meta":{"_et_pb_use_builder":"","_et_pb_old_content":"","_et_gb_content_width":"","footnotes":""},"categories":[616],"tags":[3120,3121,3122],"class_list":["post-7961","post","type-post","status-publish","format-standard","has-post-thumbnail","hentry","category-sector-va","tag-foro-del-pequeno-comercio-va","tag-foro-del-pequeno-comercio-y-la-artesania-va","tag-retail-future-va"],"yoast_head":"<!-- This site is optimized with the Yoast SEO plugin v27.3 - https:\/\/yoast.com\/product\/yoast-seo-wordpress\/ -->\n<title>El foro del peque\u00f1o comercio y la artesan\u00eda \u2018sube ma\u00f1ana la persiana virtual\u2019<\/title>\n<meta name=\"description\" content=\"RETAIL future, el foro de la digitalizaci\u00f3n para el peque\u00f1o comercio y la artesan\u00eda \u2018sube ma\u00f1ana la persiana virtual\u2019 desde el edificio Veles e Vents en La Marina de Val\u00e8ncia.\" \/>\n<meta name=\"robots\" content=\"index, follow, max-snippet:-1, max-image-preview:large, max-video-preview:-1\" \/>\n<link rel=\"canonical\" href=\"https:\/\/confecomerc.es\/va\/el-foro-del-pequeno-comercio-y-la-artesania-sube-manana-la-persiana-virtual\/\" \/>\n<meta property=\"og:locale\" content=\"en_US\" \/>\n<meta property=\"og:type\" content=\"article\" \/>\n<meta property=\"og:title\" content=\"El foro del peque\u00f1o comercio y la artesan\u00eda \u2018sube ma\u00f1ana la persiana virtual\u2019\" \/>\n<meta property=\"og:description\" content=\"RETAIL future, el foro de la digitalizaci\u00f3n para el peque\u00f1o comercio y la artesan\u00eda \u2018sube ma\u00f1ana la persiana virtual\u2019 desde el edificio Veles e Vents en La Marina de Val\u00e8ncia.\" \/>\n<meta property=\"og:url\" content=\"https:\/\/confecomerc.es\/va\/el-foro-del-pequeno-comercio-y-la-artesania-sube-manana-la-persiana-virtual\/\" \/>\n<meta property=\"og:site_name\" content=\"Confecomer\u00e7\" \/>\n<meta property=\"article:published_time\" content=\"2020-11-25T12:49:58+00:00\" \/>\n<meta property=\"article:modified_time\" content=\"2021-07-19T10:42:32+00:00\" \/>\n<meta property=\"og:image\" content=\"https:\/\/i2.wp.com\/confecomerc.es\/wp-content\/uploads\/2020\/11\/El-foro-del-pequeno-comercio-y-la-artesania-\u2018sube-manana-la-persiana-virtual.jpeg?fit=1583%2C862&ssl=1\" \/>\n\t<meta property=\"og:image:width\" content=\"1583\" \/>\n\t<meta property=\"og:image:height\" content=\"862\" \/>\n\t<meta property=\"og:image:type\" content=\"image\/jpeg\" \/>\n<meta name=\"author\" content=\"CONFECOMER\u00c7 CV\" \/>\n<meta name=\"twitter:card\" content=\"summary_large_image\" \/>\n<meta name=\"twitter:label1\" content=\"Written by\" \/>\n\t<meta name=\"twitter:data1\" content=\"CONFECOMER\u00c7 CV\" \/>\n\t<meta name=\"twitter:label2\" content=\"Est. reading time\" \/>\n\t<meta name=\"twitter:data2\" content=\"2 minutes\" \/>\n<script type=\"application\/ld+json\" class=\"yoast-schema-graph\">{\"@context\":\"https:\\\/\\\/schema.org\",\"@graph\":[{\"@type\":\"Article\",\"@id\":\"https:\\\/\\\/confecomerc.es\\\/va\\\/el-foro-del-pequeno-comercio-y-la-artesania-sube-manana-la-persiana-virtual\\\/#article\",\"isPartOf\":{\"@id\":\"https:\\\/\\\/confecomerc.es\\\/va\\\/el-foro-del-pequeno-comercio-y-la-artesania-sube-manana-la-persiana-virtual\\\/\"},\"author\":{\"name\":\"CONFECOMER\u00c7 CV\",\"@id\":\"https:\\\/\\\/confecomerc.es\\\/#\\\/schema\\\/person\\\/23aa6211544dad9fa6ee269977b0a823\"},\"headline\":\"El foro del peque\u00f1o comercio y la artesan\u00eda \u2018sube ma\u00f1ana la persiana virtual\u2019\",\"datePublished\":\"2020-11-25T12:49:58+00:00\",\"dateModified\":\"2021-07-19T10:42:32+00:00\",\"mainEntityOfPage\":{\"@id\":\"https:\\\/\\\/confecomerc.es\\\/va\\\/el-foro-del-pequeno-comercio-y-la-artesania-sube-manana-la-persiana-virtual\\\/\"},\"wordCount\":504,\"image\":{\"@id\":\"https:\\\/\\\/confecomerc.es\\\/va\\\/el-foro-del-pequeno-comercio-y-la-artesania-sube-manana-la-persiana-virtual\\\/#primaryimage\"},\"thumbnailUrl\":\"https:\\\/\\\/confecomerc.es\\\/wp-content\\\/uploads\\\/2020\\\/11\\\/El-foro-del-pequeno-comercio-y-la-artesania-\u2018sube-manana-la-persiana-virtual.jpeg\",\"keywords\":[\"foro del peque\u00f1o comercio\",\"foro del peque\u00f1o comercio y la artesan\u00eda\",\"retail future\"],\"articleSection\":[\"Sector\"],\"inLanguage\":\"va-VA\"},{\"@type\":\"WebPage\",\"@id\":\"https:\\\/\\\/confecomerc.es\\\/va\\\/el-foro-del-pequeno-comercio-y-la-artesania-sube-manana-la-persiana-virtual\\\/\",\"url\":\"https:\\\/\\\/confecomerc.es\\\/va\\\/el-foro-del-pequeno-comercio-y-la-artesania-sube-manana-la-persiana-virtual\\\/\",\"name\":\"El foro del peque\u00f1o comercio y la artesan\u00eda \u2018sube ma\u00f1ana la persiana virtual\u2019\",\"isPartOf\":{\"@id\":\"https:\\\/\\\/confecomerc.es\\\/#website\"},\"primaryImageOfPage\":{\"@id\":\"https:\\\/\\\/confecomerc.es\\\/va\\\/el-foro-del-pequeno-comercio-y-la-artesania-sube-manana-la-persiana-virtual\\\/#primaryimage\"},\"image\":{\"@id\":\"https:\\\/\\\/confecomerc.es\\\/va\\\/el-foro-del-pequeno-comercio-y-la-artesania-sube-manana-la-persiana-virtual\\\/#primaryimage\"},\"thumbnailUrl\":\"https:\\\/\\\/confecomerc.es\\\/wp-content\\\/uploads\\\/2020\\\/11\\\/El-foro-del-pequeno-comercio-y-la-artesania-\u2018sube-manana-la-persiana-virtual.jpeg\",\"datePublished\":\"2020-11-25T12:49:58+00:00\",\"dateModified\":\"2021-07-19T10:42:32+00:00\",\"author\":{\"@id\":\"https:\\\/\\\/confecomerc.es\\\/#\\\/schema\\\/person\\\/23aa6211544dad9fa6ee269977b0a823\"},\"description\":\"RETAIL future, el foro de la digitalizaci\u00f3n para el peque\u00f1o comercio y la artesan\u00eda \u2018sube ma\u00f1ana la persiana virtual\u2019 desde el edificio Veles e Vents en La Marina de Val\u00e8ncia.\",\"breadcrumb\":{\"@id\":\"https:\\\/\\\/confecomerc.es\\\/va\\\/el-foro-del-pequeno-comercio-y-la-artesania-sube-manana-la-persiana-virtual\\\/#breadcrumb\"},\"inLanguage\":\"va-VA\",\"potentialAction\":[{\"@type\":\"ReadAction\",\"target\":[\"https:\\\/\\\/confecomerc.es\\\/va\\\/el-foro-del-pequeno-comercio-y-la-artesania-sube-manana-la-persiana-virtual\\\/\"]}]},{\"@type\":\"ImageObject\",\"inLanguage\":\"va-VA\",\"@id\":\"https:\\\/\\\/confecomerc.es\\\/va\\\/el-foro-del-pequeno-comercio-y-la-artesania-sube-manana-la-persiana-virtual\\\/#primaryimage\",\"url\":\"https:\\\/\\\/confecomerc.es\\\/wp-content\\\/uploads\\\/2020\\\/11\\\/El-foro-del-pequeno-comercio-y-la-artesania-\u2018sube-manana-la-persiana-virtual.jpeg\",\"contentUrl\":\"https:\\\/\\\/confecomerc.es\\\/wp-content\\\/uploads\\\/2020\\\/11\\\/El-foro-del-pequeno-comercio-y-la-artesania-\u2018sube-manana-la-persiana-virtual.jpeg\",\"width\":1583,\"height\":862,\"caption\":\"El foro del peque\u00f1o comercio y la artesan\u00eda \u2018sube ma\u00f1ana la persiana virtual\u2019\"},{\"@type\":\"BreadcrumbList\",\"@id\":\"https:\\\/\\\/confecomerc.es\\\/va\\\/el-foro-del-pequeno-comercio-y-la-artesania-sube-manana-la-persiana-virtual\\\/#breadcrumb\",\"itemListElement\":[{\"@type\":\"ListItem\",\"position\":1,\"name\":\"Home\",\"item\":\"https:\\\/\\\/confecomerc.es\\\/va\\\/confecomerc-cv\\\/\"},{\"@type\":\"ListItem\",\"position\":2,\"name\":\"El foro del peque\u00f1o comercio y la artesan\u00eda \u2018sube ma\u00f1ana la persiana virtual\u2019\"}]},{\"@type\":\"WebSite\",\"@id\":\"https:\\\/\\\/confecomerc.es\\\/#website\",\"url\":\"https:\\\/\\\/confecomerc.es\\\/\",\"name\":\"Confecomer\u00e7\",\"description\":\"Confederaci\u00f3 de Comer\u00e7 d\u2019alacant, Castell\u00f3 i Val\u00e8ncia\",\"potentialAction\":[{\"@type\":\"SearchAction\",\"target\":{\"@type\":\"EntryPoint\",\"urlTemplate\":\"https:\\\/\\\/confecomerc.es\\\/?s={search_term_string}\"},\"query-input\":{\"@type\":\"PropertyValueSpecification\",\"valueRequired\":true,\"valueName\":\"search_term_string\"}}],\"inLanguage\":\"va-VA\"},{\"@type\":\"Person\",\"@id\":\"https:\\\/\\\/confecomerc.es\\\/#\\\/schema\\\/person\\\/23aa6211544dad9fa6ee269977b0a823\",\"name\":\"CONFECOMER\u00c7 CV\",\"url\":\"https:\\\/\\\/confecomerc.es\\\/va\\\/author\\\/confe-admin-cv\\\/\"}]}<\/script>\n<!-- \/ Yoast SEO plugin. -->","yoast_head_json":{"title":"El foro del peque\u00f1o comercio y la artesan\u00eda \u2018sube ma\u00f1ana la persiana virtual\u2019","description":"RETAIL future, el foro de la digitalizaci\u00f3n para el peque\u00f1o comercio y la artesan\u00eda \u2018sube ma\u00f1ana la persiana virtual\u2019 desde el edificio Veles e Vents en La Marina de Val\u00e8ncia.","robots":{"index":"index","follow":"follow","max-snippet":"max-snippet:-1","max-image-preview":"max-image-preview:large","max-video-preview":"max-video-preview:-1"},"canonical":"https:\/\/confecomerc.es\/va\/el-foro-del-pequeno-comercio-y-la-artesania-sube-manana-la-persiana-virtual\/","og_locale":"en_US","og_type":"article","og_title":"El foro del peque\u00f1o comercio y la artesan\u00eda \u2018sube ma\u00f1ana la persiana virtual\u2019","og_description":"RETAIL future, el foro de la digitalizaci\u00f3n para el peque\u00f1o comercio y la artesan\u00eda \u2018sube ma\u00f1ana la persiana virtual\u2019 desde el edificio Veles e Vents en La Marina de Val\u00e8ncia.","og_url":"https:\/\/confecomerc.es\/va\/el-foro-del-pequeno-comercio-y-la-artesania-sube-manana-la-persiana-virtual\/","og_site_name":"Confecomer\u00e7","article_published_time":"2020-11-25T12:49:58+00:00","article_modified_time":"2021-07-19T10:42:32+00:00","og_image":[{"width":1583,"height":862,"url":"https:\/\/i2.wp.com\/confecomerc.es\/wp-content\/uploads\/2020\/11\/El-foro-del-pequeno-comercio-y-la-artesania-\u2018sube-manana-la-persiana-virtual.jpeg?fit=1583%2C862&ssl=1","type":"image\/jpeg"}],"author":"CONFECOMER\u00c7 CV","twitter_card":"summary_large_image","twitter_misc":{"Written by":"CONFECOMER\u00c7 CV","Est. reading time":"2 minutes"},"schema":{"@context":"https:\/\/schema.org","@graph":[{"@type":"Article","@id":"https:\/\/confecomerc.es\/va\/el-foro-del-pequeno-comercio-y-la-artesania-sube-manana-la-persiana-virtual\/#article","isPartOf":{"@id":"https:\/\/confecomerc.es\/va\/el-foro-del-pequeno-comercio-y-la-artesania-sube-manana-la-persiana-virtual\/"},"author":{"name":"CONFECOMER\u00c7 CV","@id":"https:\/\/confecomerc.es\/#\/schema\/person\/23aa6211544dad9fa6ee269977b0a823"},"headline":"El foro del peque\u00f1o comercio y la artesan\u00eda \u2018sube ma\u00f1ana la persiana virtual\u2019","datePublished":"2020-11-25T12:49:58+00:00","dateModified":"2021-07-19T10:42:32+00:00","mainEntityOfPage":{"@id":"https:\/\/confecomerc.es\/va\/el-foro-del-pequeno-comercio-y-la-artesania-sube-manana-la-persiana-virtual\/"},"wordCount":504,"image":{"@id":"https:\/\/confecomerc.es\/va\/el-foro-del-pequeno-comercio-y-la-artesania-sube-manana-la-persiana-virtual\/#primaryimage"},"thumbnailUrl":"https:\/\/confecomerc.es\/wp-content\/uploads\/2020\/11\/El-foro-del-pequeno-comercio-y-la-artesania-\u2018sube-manana-la-persiana-virtual.jpeg","keywords":["foro del peque\u00f1o comercio","foro del peque\u00f1o comercio y la artesan\u00eda","retail future"],"articleSection":["Sector"],"inLanguage":"va-VA"},{"@type":"WebPage","@id":"https:\/\/confecomerc.es\/va\/el-foro-del-pequeno-comercio-y-la-artesania-sube-manana-la-persiana-virtual\/","url":"https:\/\/confecomerc.es\/va\/el-foro-del-pequeno-comercio-y-la-artesania-sube-manana-la-persiana-virtual\/","name":"El foro del peque\u00f1o comercio y la artesan\u00eda \u2018sube ma\u00f1ana la persiana virtual\u2019","isPartOf":{"@id":"https:\/\/confecomerc.es\/#website"},"primaryImageOfPage":{"@id":"https:\/\/confecomerc.es\/va\/el-foro-del-pequeno-comercio-y-la-artesania-sube-manana-la-persiana-virtual\/#primaryimage"},"image":{"@id":"https:\/\/confecomerc.es\/va\/el-foro-del-pequeno-comercio-y-la-artesania-sube-manana-la-persiana-virtual\/#primaryimage"},"thumbnailUrl":"https:\/\/confecomerc.es\/wp-content\/uploads\/2020\/11\/El-foro-del-pequeno-comercio-y-la-artesania-\u2018sube-manana-la-persiana-virtual.jpeg","datePublished":"2020-11-25T12:49:58+00:00","dateModified":"2021-07-19T10:42:32+00:00","author":{"@id":"https:\/\/confecomerc.es\/#\/schema\/person\/23aa6211544dad9fa6ee269977b0a823"},"description":"RETAIL future, el foro de la digitalizaci\u00f3n para el peque\u00f1o comercio y la artesan\u00eda \u2018sube ma\u00f1ana la persiana virtual\u2019 desde el edificio Veles e Vents en La Marina de Val\u00e8ncia.","breadcrumb":{"@id":"https:\/\/confecomerc.es\/va\/el-foro-del-pequeno-comercio-y-la-artesania-sube-manana-la-persiana-virtual\/#breadcrumb"},"inLanguage":"va-VA","potentialAction":[{"@type":"ReadAction","target":["https:\/\/confecomerc.es\/va\/el-foro-del-pequeno-comercio-y-la-artesania-sube-manana-la-persiana-virtual\/"]}]},{"@type":"ImageObject","inLanguage":"va-VA","@id":"https:\/\/confecomerc.es\/va\/el-foro-del-pequeno-comercio-y-la-artesania-sube-manana-la-persiana-virtual\/#primaryimage","url":"https:\/\/confecomerc.es\/wp-content\/uploads\/2020\/11\/El-foro-del-pequeno-comercio-y-la-artesania-\u2018sube-manana-la-persiana-virtual.jpeg","contentUrl":"https:\/\/confecomerc.es\/wp-content\/uploads\/2020\/11\/El-foro-del-pequeno-comercio-y-la-artesania-\u2018sube-manana-la-persiana-virtual.jpeg","width":1583,"height":862,"caption":"El foro del peque\u00f1o comercio y la artesan\u00eda \u2018sube ma\u00f1ana la persiana virtual\u2019"},{"@type":"BreadcrumbList","@id":"https:\/\/confecomerc.es\/va\/el-foro-del-pequeno-comercio-y-la-artesania-sube-manana-la-persiana-virtual\/#breadcrumb","itemListElement":[{"@type":"ListItem","position":1,"name":"Home","item":"https:\/\/confecomerc.es\/va\/confecomerc-cv\/"},{"@type":"ListItem","position":2,"name":"El foro del peque\u00f1o comercio y la artesan\u00eda \u2018sube ma\u00f1ana la persiana virtual\u2019"}]},{"@type":"WebSite","@id":"https:\/\/confecomerc.es\/#website","url":"https:\/\/confecomerc.es\/","name":"Confecomer\u00e7","description":"Confederaci\u00f3 de Comer\u00e7 d\u2019alacant, Castell\u00f3 i Val\u00e8ncia","potentialAction":[{"@type":"SearchAction","target":{"@type":"EntryPoint","urlTemplate":"https:\/\/confecomerc.es\/?s={search_term_string}"},"query-input":{"@type":"PropertyValueSpecification","valueRequired":true,"valueName":"search_term_string"}}],"inLanguage":"va-VA"},{"@type":"Person","@id":"https:\/\/confecomerc.es\/#\/schema\/person\/23aa6211544dad9fa6ee269977b0a823","name":"CONFECOMER\u00c7 CV","url":"https:\/\/confecomerc.es\/va\/author\/confe-admin-cv\/"}]}},"_links":{"self":[{"href":"https:\/\/confecomerc.es\/va\/wp-json\/wp\/v2\/posts\/7961","targetHints":{"allow":["GET"]}}],"collection":[{"href":"https:\/\/confecomerc.es\/va\/wp-json\/wp\/v2\/posts"}],"about":[{"href":"https:\/\/confecomerc.es\/va\/wp-json\/wp\/v2\/types\/post"}],"author":[{"embeddable":true,"href":"https:\/\/confecomerc.es\/va\/wp-json\/wp\/v2\/users\/1"}],"replies":[{"embeddable":true,"href":"https:\/\/confecomerc.es\/va\/wp-json\/wp\/v2\/comments?post=7961"}],"version-history":[{"count":0,"href":"https:\/\/confecomerc.es\/va\/wp-json\/wp\/v2\/posts\/7961\/revisions"}],"wp:featuredmedia":[{"embeddable":true,"href":"https:\/\/confecomerc.es\/va\/wp-json\/wp\/v2\/media\/5637"}],"wp:attachment":[{"href":"https:\/\/confecomerc.es\/va\/wp-json\/wp\/v2\/media?parent=7961"}],"wp:term":[{"taxonomy":"category","embeddable":true,"href":"https:\/\/confecomerc.es\/va\/wp-json\/wp\/v2\/categories?post=7961"},{"taxonomy":"post_tag","embeddable":true,"href":"https:\/\/confecomerc.es\/va\/wp-json\/wp\/v2\/tags?post=7961"}],"curies":[{"name":"wp","href":"https:\/\/api.w.org\/{rel}","templated":true}]}}