{"id":8005,"date":"2020-10-28T18:02:16","date_gmt":"2020-10-28T17:02:16","guid":{"rendered":"https:\/\/confecomerc.es\/yocomproenmislata-la-nueva-campana-de-acem-que-ofrece-sabrosos-premios\/"},"modified":"2021-07-19T11:47:56","modified_gmt":"2021-07-19T10:47:56","slug":"yocomproenmislata-la-nueva-campana-de-acem-que-ofrece-sabrosos-premios","status":"publish","type":"post","link":"https:\/\/confecomerc.es\/va\/yocomproenmislata-la-nueva-campana-de-acem-que-ofrece-sabrosos-premios\/","title":{"rendered":"#YoComproEnMislata, la nueva campa\u00f1a de ACEM que ofrece \u2018sabrosos\u2019 premios"},"content":{"rendered":"<p>Con el fin de dinamizar la actividad del peque\u00f1o comercio de Mislata durante este \u00faltimo trimestre del a\u00f1o, la <a href=\"https:\/\/www.acemmislata.com\/\">Asociaci\u00f3n de Comerciantes, Empresarios y Profesionales de Mislata<\/a> (ACEM) ha programado una campa\u00f1a que quiere premiar la fidelidad de los vecinos de la localidad mediante el <strong>sorteo de 7 comidas o cenas<\/strong> en establecimientos de restauraci\u00f3n miembros de la asociaci\u00f3n.<\/p>\n<p><strong>Del 2 al 20 de noviembre<\/strong>, todos aquellos que se acerquen a comprar a los comercios miembros de ACEM podr\u00e1n rellenar los boletos que les dar\u00e1n acceso a participar en el sorteo, cuya realizaci\u00f3n est\u00e1 programada para el pr\u00f3ximo 27 de noviembre en la sede de la asociaci\u00f3n.<\/p>\n<p>La campa\u00f1a mantiene como eslogan principal el mismo <em>hashtag<\/em> que ya fue protagonista en su acci\u00f3n anterior: <strong>#YoComproEnMislata<\/strong>, un concepto que engloba el objetivo final de estas iniciativas que quieren reactivar al peque\u00f1o comercio de proximidad, a la vez que premian la fidelidad del cliente local.<\/p>\n<p>Los bares y restaurantes que colaboran para materializar los \u2018sabrosos\u2019 premios son:<\/p>\n<ul>\n<li>Bar Cafeter\u00eda La Churrer\u00eda<\/li>\n<li>Bar Jazm\u00edn<\/li>\n<li>Bar Knopfler<\/li>\n<li>Cafeter\u00eda Roma<\/li>\n<li>Pizzer\u00eda Verdi Bianco<\/li>\n<li>Restaurante Fondill\u00f3n<\/li>\n<li>Restaurante Las Brasas<\/li>\n<\/ul>\n<p>La campa\u00f1a organizada por ACEM, en la que intervienen todos sus comercios asociados, cuenta con la colaboraci\u00f3n del Ayuntamiento de Mislata, la Generalitat Valenciana, Mislata Ciutat Comercial y Caixa Popular.<\/p>\n<p><img decoding=\"async\" class=\"aligncenter wp-image-5512 size-large\" src=\"https:\/\/confecomerc.es\/wp-content\/uploads\/2020\/10\/CARTEL-CAMPANA-YoComproEnMislata-727x1024.jpg\" alt=\"#YoComproEnMislata\" width=\"727\" height=\"1024\" \/><\/p>\n","protected":false},"excerpt":{"rendered":"<p>La campa\u00f1a mantiene como eslogan principal el mismo hashtag que ya fue protagonista en su acci\u00f3n anterior: #YoComproEnMislata, un concepto que engloba el objetivo final de estas iniciativas que quieren reactivar al peque\u00f1o comercio de proximidad, a la vez que premian la fidelidad del cliente local<\/p>\n","protected":false},"author":1,"featured_media":5513,"comment_status":"closed","ping_status":"open","sticky":false,"template":"","format":"standard","meta":{"_et_pb_use_builder":"","_et_pb_old_content":"","_et_gb_content_width":"","footnotes":""},"categories":[613],"tags":[3144,3145,3146,3147],"class_list":["post-8005","post","type-post","status-publish","format-standard","has-post-thumbnail","hentry","category-associats-confecomerc-cv","tag-yocomproenmislata-va","tag-asem-mislata-va","tag-asociacion-de-comerciantes-va","tag-empresarios-y-profesionales-de-mislat-va"],"yoast_head":"<!-- This site is optimized with the Yoast SEO plugin v27.3 - https:\/\/yoast.com\/product\/yoast-seo-wordpress\/ -->\n<title>#YoComproEnMislata, la nueva campa\u00f1a de ACEM que ofrece \u2018sabrosos\u2019 premios<\/title>\n<meta name=\"description\" content=\"La campa\u00f1a mantiene como eslogan principal el mismo hashtag que ya fue protagonista en su acci\u00f3n anterior: #YoComproEnMislata, un concepto que engloba el objetivo final de estas iniciativas que quieren reactivar al peque\u00f1o comercio de proximidad, a la vez que premian la fidelidad del cliente local\" \/>\n<meta name=\"robots\" content=\"index, follow, max-snippet:-1, max-image-preview:large, max-video-preview:-1\" \/>\n<link rel=\"canonical\" href=\"https:\/\/confecomerc.es\/va\/yocomproenmislata-la-nueva-campana-de-acem-que-ofrece-sabrosos-premios\/\" \/>\n<meta property=\"og:locale\" content=\"en_US\" \/>\n<meta property=\"og:type\" content=\"article\" \/>\n<meta property=\"og:title\" content=\"#YoComproEnMislata, la nueva campa\u00f1a de ACEM que ofrece \u2018sabrosos\u2019 premios\" \/>\n<meta property=\"og:description\" content=\"La campa\u00f1a mantiene como eslogan principal el mismo hashtag que ya fue protagonista en su acci\u00f3n anterior: #YoComproEnMislata, un concepto que engloba el objetivo final de estas iniciativas que quieren reactivar al peque\u00f1o comercio de proximidad, a la vez que premian la fidelidad del cliente local\" \/>\n<meta property=\"og:url\" content=\"https:\/\/confecomerc.es\/va\/yocomproenmislata-la-nueva-campana-de-acem-que-ofrece-sabrosos-premios\/\" \/>\n<meta property=\"og:site_name\" content=\"Confecomer\u00e7\" \/>\n<meta property=\"article:published_time\" content=\"2020-10-28T17:02:16+00:00\" \/>\n<meta property=\"article:modified_time\" content=\"2021-07-19T10:47:56+00:00\" \/>\n<meta property=\"og:image\" content=\"https:\/\/confecomerc.es\/wp-content\/uploads\/2020\/10\/CARTEL-CAMPANA-YoComproEnMislata-727x1024.jpg\" \/>\n\t<meta property=\"og:image:width\" content=\"727\" \/>\n\t<meta property=\"og:image:height\" content=\"1024\" \/>\n\t<meta property=\"og:image:type\" content=\"image\/jpeg\" \/>\n<meta name=\"author\" content=\"CONFECOMER\u00c7 CV\" \/>\n<meta name=\"twitter:card\" content=\"summary_large_image\" \/>\n<meta name=\"twitter:label1\" content=\"Written by\" \/>\n\t<meta name=\"twitter:data1\" content=\"CONFECOMER\u00c7 CV\" \/>\n\t<meta name=\"twitter:label2\" content=\"Est. reading time\" \/>\n\t<meta name=\"twitter:data2\" content=\"1 minute\" \/>\n<script type=\"application\/ld+json\" class=\"yoast-schema-graph\">{\"@context\":\"https:\\\/\\\/schema.org\",\"@graph\":[{\"@type\":\"Article\",\"@id\":\"https:\\\/\\\/confecomerc.es\\\/va\\\/yocomproenmislata-la-nueva-campana-de-acem-que-ofrece-sabrosos-premios\\\/#article\",\"isPartOf\":{\"@id\":\"https:\\\/\\\/confecomerc.es\\\/va\\\/yocomproenmislata-la-nueva-campana-de-acem-que-ofrece-sabrosos-premios\\\/\"},\"author\":{\"name\":\"CONFECOMER\u00c7 CV\",\"@id\":\"https:\\\/\\\/confecomerc.es\\\/#\\\/schema\\\/person\\\/23aa6211544dad9fa6ee269977b0a823\"},\"headline\":\"#YoComproEnMislata, la nueva campa\u00f1a de ACEM que ofrece \u2018sabrosos\u2019 premios\",\"datePublished\":\"2020-10-28T17:02:16+00:00\",\"dateModified\":\"2021-07-19T10:47:56+00:00\",\"mainEntityOfPage\":{\"@id\":\"https:\\\/\\\/confecomerc.es\\\/va\\\/yocomproenmislata-la-nueva-campana-de-acem-que-ofrece-sabrosos-premios\\\/\"},\"wordCount\":242,\"image\":{\"@id\":\"https:\\\/\\\/confecomerc.es\\\/va\\\/yocomproenmislata-la-nueva-campana-de-acem-que-ofrece-sabrosos-premios\\\/#primaryimage\"},\"thumbnailUrl\":\"https:\\\/\\\/confecomerc.es\\\/wp-content\\\/uploads\\\/2020\\\/10\\\/CARTEL-CAMPANA-YoComproEnMislata.jpg\",\"keywords\":[\"#YoComproEnMislata\",\"ASEM Mislata\",\"Asociaci\u00f3n de Comerciantes\",\"Empresarios y Profesionales de Mislat\"],\"articleSection\":[\"Associats Confecomer\u00e7 Cv\"],\"inLanguage\":\"va-VA\"},{\"@type\":\"WebPage\",\"@id\":\"https:\\\/\\\/confecomerc.es\\\/va\\\/yocomproenmislata-la-nueva-campana-de-acem-que-ofrece-sabrosos-premios\\\/\",\"url\":\"https:\\\/\\\/confecomerc.es\\\/va\\\/yocomproenmislata-la-nueva-campana-de-acem-que-ofrece-sabrosos-premios\\\/\",\"name\":\"#YoComproEnMislata, la nueva campa\u00f1a de ACEM que ofrece \u2018sabrosos\u2019 premios\",\"isPartOf\":{\"@id\":\"https:\\\/\\\/confecomerc.es\\\/#website\"},\"primaryImageOfPage\":{\"@id\":\"https:\\\/\\\/confecomerc.es\\\/va\\\/yocomproenmislata-la-nueva-campana-de-acem-que-ofrece-sabrosos-premios\\\/#primaryimage\"},\"image\":{\"@id\":\"https:\\\/\\\/confecomerc.es\\\/va\\\/yocomproenmislata-la-nueva-campana-de-acem-que-ofrece-sabrosos-premios\\\/#primaryimage\"},\"thumbnailUrl\":\"https:\\\/\\\/confecomerc.es\\\/wp-content\\\/uploads\\\/2020\\\/10\\\/CARTEL-CAMPANA-YoComproEnMislata.jpg\",\"datePublished\":\"2020-10-28T17:02:16+00:00\",\"dateModified\":\"2021-07-19T10:47:56+00:00\",\"author\":{\"@id\":\"https:\\\/\\\/confecomerc.es\\\/#\\\/schema\\\/person\\\/23aa6211544dad9fa6ee269977b0a823\"},\"description\":\"La campa\u00f1a mantiene como eslogan principal el mismo hashtag que ya fue protagonista en su acci\u00f3n anterior: #YoComproEnMislata, un concepto que engloba el objetivo final de estas iniciativas que quieren reactivar al peque\u00f1o comercio de proximidad, a la vez que premian la fidelidad del cliente local\",\"breadcrumb\":{\"@id\":\"https:\\\/\\\/confecomerc.es\\\/va\\\/yocomproenmislata-la-nueva-campana-de-acem-que-ofrece-sabrosos-premios\\\/#breadcrumb\"},\"inLanguage\":\"va-VA\",\"potentialAction\":[{\"@type\":\"ReadAction\",\"target\":[\"https:\\\/\\\/confecomerc.es\\\/va\\\/yocomproenmislata-la-nueva-campana-de-acem-que-ofrece-sabrosos-premios\\\/\"]}]},{\"@type\":\"ImageObject\",\"inLanguage\":\"va-VA\",\"@id\":\"https:\\\/\\\/confecomerc.es\\\/va\\\/yocomproenmislata-la-nueva-campana-de-acem-que-ofrece-sabrosos-premios\\\/#primaryimage\",\"url\":\"https:\\\/\\\/confecomerc.es\\\/wp-content\\\/uploads\\\/2020\\\/10\\\/CARTEL-CAMPANA-YoComproEnMislata.jpg\",\"contentUrl\":\"https:\\\/\\\/confecomerc.es\\\/wp-content\\\/uploads\\\/2020\\\/10\\\/CARTEL-CAMPANA-YoComproEnMislata.jpg\",\"width\":1819,\"height\":2560,\"caption\":\"La campa\u00f1a mantiene como eslogan principal el mismo hashtag que ya fue protagonista en su acci\u00f3n anterior: #YoComproEnMislata, un concepto que engloba el objetivo final de estas iniciativas que quieren reactivar al peque\u00f1o comercio de proximidad, a la vez que premian la fidelidad del cliente local\"},{\"@type\":\"BreadcrumbList\",\"@id\":\"https:\\\/\\\/confecomerc.es\\\/va\\\/yocomproenmislata-la-nueva-campana-de-acem-que-ofrece-sabrosos-premios\\\/#breadcrumb\",\"itemListElement\":[{\"@type\":\"ListItem\",\"position\":1,\"name\":\"Home\",\"item\":\"https:\\\/\\\/confecomerc.es\\\/va\\\/confecomerc-cv\\\/\"},{\"@type\":\"ListItem\",\"position\":2,\"name\":\"#YoComproEnMislata, la nueva campa\u00f1a de ACEM que ofrece \u2018sabrosos\u2019 premios\"}]},{\"@type\":\"WebSite\",\"@id\":\"https:\\\/\\\/confecomerc.es\\\/#website\",\"url\":\"https:\\\/\\\/confecomerc.es\\\/\",\"name\":\"Confecomer\u00e7\",\"description\":\"Confederaci\u00f3 de Comer\u00e7 d\u2019alacant, Castell\u00f3 i Val\u00e8ncia\",\"potentialAction\":[{\"@type\":\"SearchAction\",\"target\":{\"@type\":\"EntryPoint\",\"urlTemplate\":\"https:\\\/\\\/confecomerc.es\\\/?s={search_term_string}\"},\"query-input\":{\"@type\":\"PropertyValueSpecification\",\"valueRequired\":true,\"valueName\":\"search_term_string\"}}],\"inLanguage\":\"va-VA\"},{\"@type\":\"Person\",\"@id\":\"https:\\\/\\\/confecomerc.es\\\/#\\\/schema\\\/person\\\/23aa6211544dad9fa6ee269977b0a823\",\"name\":\"CONFECOMER\u00c7 CV\",\"url\":\"https:\\\/\\\/confecomerc.es\\\/va\\\/author\\\/confe-admin-cv\\\/\"}]}<\/script>\n<!-- \/ Yoast SEO plugin. -->","yoast_head_json":{"title":"#YoComproEnMislata, la nueva campa\u00f1a de ACEM que ofrece \u2018sabrosos\u2019 premios","description":"La campa\u00f1a mantiene como eslogan principal el mismo hashtag que ya fue protagonista en su acci\u00f3n anterior: #YoComproEnMislata, un concepto que engloba el objetivo final de estas iniciativas que quieren reactivar al peque\u00f1o comercio de proximidad, a la vez que premian la fidelidad del cliente local","robots":{"index":"index","follow":"follow","max-snippet":"max-snippet:-1","max-image-preview":"max-image-preview:large","max-video-preview":"max-video-preview:-1"},"canonical":"https:\/\/confecomerc.es\/va\/yocomproenmislata-la-nueva-campana-de-acem-que-ofrece-sabrosos-premios\/","og_locale":"en_US","og_type":"article","og_title":"#YoComproEnMislata, la nueva campa\u00f1a de ACEM que ofrece \u2018sabrosos\u2019 premios","og_description":"La campa\u00f1a mantiene como eslogan principal el mismo hashtag que ya fue protagonista en su acci\u00f3n anterior: #YoComproEnMislata, un concepto que engloba el objetivo final de estas iniciativas que quieren reactivar al peque\u00f1o comercio de proximidad, a la vez que premian la fidelidad del cliente local","og_url":"https:\/\/confecomerc.es\/va\/yocomproenmislata-la-nueva-campana-de-acem-que-ofrece-sabrosos-premios\/","og_site_name":"Confecomer\u00e7","article_published_time":"2020-10-28T17:02:16+00:00","article_modified_time":"2021-07-19T10:47:56+00:00","og_image":[{"width":727,"height":1024,"url":"https:\/\/confecomerc.es\/wp-content\/uploads\/2020\/10\/CARTEL-CAMPANA-YoComproEnMislata-727x1024.jpg","type":"image\/jpeg"}],"author":"CONFECOMER\u00c7 CV","twitter_card":"summary_large_image","twitter_misc":{"Written by":"CONFECOMER\u00c7 CV","Est. reading time":"1 minute"},"schema":{"@context":"https:\/\/schema.org","@graph":[{"@type":"Article","@id":"https:\/\/confecomerc.es\/va\/yocomproenmislata-la-nueva-campana-de-acem-que-ofrece-sabrosos-premios\/#article","isPartOf":{"@id":"https:\/\/confecomerc.es\/va\/yocomproenmislata-la-nueva-campana-de-acem-que-ofrece-sabrosos-premios\/"},"author":{"name":"CONFECOMER\u00c7 CV","@id":"https:\/\/confecomerc.es\/#\/schema\/person\/23aa6211544dad9fa6ee269977b0a823"},"headline":"#YoComproEnMislata, la nueva campa\u00f1a de ACEM que ofrece \u2018sabrosos\u2019 premios","datePublished":"2020-10-28T17:02:16+00:00","dateModified":"2021-07-19T10:47:56+00:00","mainEntityOfPage":{"@id":"https:\/\/confecomerc.es\/va\/yocomproenmislata-la-nueva-campana-de-acem-que-ofrece-sabrosos-premios\/"},"wordCount":242,"image":{"@id":"https:\/\/confecomerc.es\/va\/yocomproenmislata-la-nueva-campana-de-acem-que-ofrece-sabrosos-premios\/#primaryimage"},"thumbnailUrl":"https:\/\/confecomerc.es\/wp-content\/uploads\/2020\/10\/CARTEL-CAMPANA-YoComproEnMislata.jpg","keywords":["#YoComproEnMislata","ASEM Mislata","Asociaci\u00f3n de Comerciantes","Empresarios y Profesionales de Mislat"],"articleSection":["Associats Confecomer\u00e7 Cv"],"inLanguage":"va-VA"},{"@type":"WebPage","@id":"https:\/\/confecomerc.es\/va\/yocomproenmislata-la-nueva-campana-de-acem-que-ofrece-sabrosos-premios\/","url":"https:\/\/confecomerc.es\/va\/yocomproenmislata-la-nueva-campana-de-acem-que-ofrece-sabrosos-premios\/","name":"#YoComproEnMislata, la nueva campa\u00f1a de ACEM que ofrece \u2018sabrosos\u2019 premios","isPartOf":{"@id":"https:\/\/confecomerc.es\/#website"},"primaryImageOfPage":{"@id":"https:\/\/confecomerc.es\/va\/yocomproenmislata-la-nueva-campana-de-acem-que-ofrece-sabrosos-premios\/#primaryimage"},"image":{"@id":"https:\/\/confecomerc.es\/va\/yocomproenmislata-la-nueva-campana-de-acem-que-ofrece-sabrosos-premios\/#primaryimage"},"thumbnailUrl":"https:\/\/confecomerc.es\/wp-content\/uploads\/2020\/10\/CARTEL-CAMPANA-YoComproEnMislata.jpg","datePublished":"2020-10-28T17:02:16+00:00","dateModified":"2021-07-19T10:47:56+00:00","author":{"@id":"https:\/\/confecomerc.es\/#\/schema\/person\/23aa6211544dad9fa6ee269977b0a823"},"description":"La campa\u00f1a mantiene como eslogan principal el mismo hashtag que ya fue protagonista en su acci\u00f3n anterior: #YoComproEnMislata, un concepto que engloba el objetivo final de estas iniciativas que quieren reactivar al peque\u00f1o comercio de proximidad, a la vez que premian la fidelidad del cliente local","breadcrumb":{"@id":"https:\/\/confecomerc.es\/va\/yocomproenmislata-la-nueva-campana-de-acem-que-ofrece-sabrosos-premios\/#breadcrumb"},"inLanguage":"va-VA","potentialAction":[{"@type":"ReadAction","target":["https:\/\/confecomerc.es\/va\/yocomproenmislata-la-nueva-campana-de-acem-que-ofrece-sabrosos-premios\/"]}]},{"@type":"ImageObject","inLanguage":"va-VA","@id":"https:\/\/confecomerc.es\/va\/yocomproenmislata-la-nueva-campana-de-acem-que-ofrece-sabrosos-premios\/#primaryimage","url":"https:\/\/confecomerc.es\/wp-content\/uploads\/2020\/10\/CARTEL-CAMPANA-YoComproEnMislata.jpg","contentUrl":"https:\/\/confecomerc.es\/wp-content\/uploads\/2020\/10\/CARTEL-CAMPANA-YoComproEnMislata.jpg","width":1819,"height":2560,"caption":"La campa\u00f1a mantiene como eslogan principal el mismo hashtag que ya fue protagonista en su acci\u00f3n anterior: #YoComproEnMislata, un concepto que engloba el objetivo final de estas iniciativas que quieren reactivar al peque\u00f1o comercio de proximidad, a la vez que premian la fidelidad del cliente local"},{"@type":"BreadcrumbList","@id":"https:\/\/confecomerc.es\/va\/yocomproenmislata-la-nueva-campana-de-acem-que-ofrece-sabrosos-premios\/#breadcrumb","itemListElement":[{"@type":"ListItem","position":1,"name":"Home","item":"https:\/\/confecomerc.es\/va\/confecomerc-cv\/"},{"@type":"ListItem","position":2,"name":"#YoComproEnMislata, la nueva campa\u00f1a de ACEM que ofrece \u2018sabrosos\u2019 premios"}]},{"@type":"WebSite","@id":"https:\/\/confecomerc.es\/#website","url":"https:\/\/confecomerc.es\/","name":"Confecomer\u00e7","description":"Confederaci\u00f3 de Comer\u00e7 d\u2019alacant, Castell\u00f3 i Val\u00e8ncia","potentialAction":[{"@type":"SearchAction","target":{"@type":"EntryPoint","urlTemplate":"https:\/\/confecomerc.es\/?s={search_term_string}"},"query-input":{"@type":"PropertyValueSpecification","valueRequired":true,"valueName":"search_term_string"}}],"inLanguage":"va-VA"},{"@type":"Person","@id":"https:\/\/confecomerc.es\/#\/schema\/person\/23aa6211544dad9fa6ee269977b0a823","name":"CONFECOMER\u00c7 CV","url":"https:\/\/confecomerc.es\/va\/author\/confe-admin-cv\/"}]}},"_links":{"self":[{"href":"https:\/\/confecomerc.es\/va\/wp-json\/wp\/v2\/posts\/8005","targetHints":{"allow":["GET"]}}],"collection":[{"href":"https:\/\/confecomerc.es\/va\/wp-json\/wp\/v2\/posts"}],"about":[{"href":"https:\/\/confecomerc.es\/va\/wp-json\/wp\/v2\/types\/post"}],"author":[{"embeddable":true,"href":"https:\/\/confecomerc.es\/va\/wp-json\/wp\/v2\/users\/1"}],"replies":[{"embeddable":true,"href":"https:\/\/confecomerc.es\/va\/wp-json\/wp\/v2\/comments?post=8005"}],"version-history":[{"count":0,"href":"https:\/\/confecomerc.es\/va\/wp-json\/wp\/v2\/posts\/8005\/revisions"}],"wp:featuredmedia":[{"embeddable":true,"href":"https:\/\/confecomerc.es\/va\/wp-json\/wp\/v2\/media\/5513"}],"wp:attachment":[{"href":"https:\/\/confecomerc.es\/va\/wp-json\/wp\/v2\/media?parent=8005"}],"wp:term":[{"taxonomy":"category","embeddable":true,"href":"https:\/\/confecomerc.es\/va\/wp-json\/wp\/v2\/categories?post=8005"},{"taxonomy":"post_tag","embeddable":true,"href":"https:\/\/confecomerc.es\/va\/wp-json\/wp\/v2\/tags?post=8005"}],"curies":[{"name":"wp","href":"https:\/\/api.w.org\/{rel}","templated":true}]}}