{"id":8007,"date":"2020-10-23T11:06:47","date_gmt":"2020-10-23T10:06:47","guid":{"rendered":"https:\/\/confecomerc.es\/villena-se-suma-a-la-moda-de-las-pasarelas-virtuales\/"},"modified":"2021-07-19T11:48:05","modified_gmt":"2021-07-19T10:48:05","slug":"villena-se-suma-a-la-moda-de-las-pasarelas-virtuales","status":"publish","type":"post","link":"https:\/\/confecomerc.es\/va\/villena-se-suma-a-la-moda-de-las-pasarelas-virtuales\/","title":{"rendered":"Villena se suma a la moda de las pasarelas virtuales"},"content":{"rendered":"<p><a href=\"https:\/\/www.comerciovillena.com\/\">Comercios y Servicio Vi de Villena<\/a> se apunta a la moda de las pasarelas virtuales y lanza la campa\u00f1a \u201cEl Look del Oto\u00f1o\u201d. Con el objetivo de impulsar las ventas en las tiendas de ropa, zapatos y complementos, que en esta pandemia viven momentos muy complicados y son uno de los sectores m\u00e1s afectados por la contracci\u00f3n del consumo.<\/p>\n<p>Cerca de 20 establecimientos de ropa, calzado y complementos se han sumado a la iniciativa. A trav\u00e9s de la APP 03400 Villena y las redes sociales de Comercios y Servicios Vi se van a mostrar los distintos looks con prendas de la temporada oto\u00f1o-invierno, que los clientes pueden comprar en cada una de las tiendas participantes.<\/p>\n<p><img decoding=\"async\" class=\"wp-image-5489 size-medium alignleft\" src=\"https:\/\/confecomerc.es\/wp-content\/uploads\/2020\/10\/pasarelas-virtuales-vi-de-villena-300x225.jpeg\" alt=\"pasarelas virtuales vi de villena\" width=\"300\" height=\"225\" \/><\/p>\n<p>El escenario de la pasarela de moda es el Teatro Chap\u00ed, uno de los grandes monumentos de la ciudad. En distintos espacios del emblem\u00e1tico\u00a0 edificio, se han grabado los videos con looks, tanto masculinos como femeninos, que se proyectar\u00e1n en las redes sociales y la aplicaci\u00f3n\u00a0 m\u00f3vil, con el objetivo de mostrar la amplia y diferenciada oferta que se puede encontrar en el comercio villenense.<\/p>\n<p>Adem\u00e1s, se ha creado un sorteo para premiar a las personas que compartan desde la APP 03400 Villena sus looks favoritos. El premio consiste en un cheque de 250 euros para gastar en\u00a0 los comercios que participan en la campa\u00f1a.<\/p>\n<p>En este sentido, el presidente de la asociaci\u00f3n de comerciantes, Jorge Garc\u00eda, ha indicado que \u201cla acci\u00f3n pretende fomentar el consumo en Villena\u201d. Asimismo, ha se\u00f1alado que \u201cdesde que finaliz\u00f3 el confinamiento, hemos realizado distintas campa\u00f1as para impulsar\u00a0 el sector comercial y el de la hosteler\u00eda, que tan importantes son en el tejido productivo de la ciudad\u201d. Al mismo tiempo ha a\u00f1adido \u201cla campa\u00f1a El Look de Oto\u00f1o va destinada a las tiendas de moda y complementos, que es el sector que m\u00e1s est\u00e1 sufriendo los estragos del coronavirus\u201d.<\/p>\n<p>Asimismo, el alcalde Fulgencio Cerd\u00e1n se\u00f1ala que desde el ayuntamiento se apoya esta iniciativa para el sector de moda y complementos, que viene a completar las medidas de apoyo que se est\u00e1n llevando a cabo como el Plan Reactiva Villena y la campa\u00f1a Telempat\u00eda para el fomento del consumo en Villena\u201d.<\/p>\n<p><strong>V\u00eddeo de la campa\u00f1a:<\/strong><\/p>\n<p><iframe src=\"https:\/\/www.youtube.com\/embed\/LgPtAbj_e98\" width=\"560\" height=\"315\" frameborder=\"0\" allowfullscreen=\"allowfullscreen\"><\/iframe><\/p>\n","protected":false},"excerpt":{"rendered":"<p>Comercios y Servicio Vi de Villena se apunta a la moda de las pasarelas virtuales y lanza la campa\u00f1a \u201cEl Look del Oto\u00f1o\u201d. Con el objetivo de impulsar las ventas en las tiendas de ropa, zapatos y complementos, que en esta pandemia viven momentos muy complicados y son uno de los sectores m\u00e1s afectados por la contracci\u00f3n del consumo.<\/p>\n","protected":false},"author":1,"featured_media":5490,"comment_status":"closed","ping_status":"open","sticky":false,"template":"","format":"standard","meta":{"_et_pb_use_builder":"","_et_pb_old_content":"","_et_gb_content_width":"","footnotes":""},"categories":[613],"tags":[3150,3151,3152],"class_list":["post-8007","post","type-post","status-publish","format-standard","has-post-thumbnail","hentry","category-associats-confecomerc-cv","tag-app-03400-villena-va","tag-campana-el-look-del-otono-va","tag-pasarelas-virtuales-va"],"yoast_head":"<!-- This site is optimized with the Yoast SEO plugin v27.3 - https:\/\/yoast.com\/product\/yoast-seo-wordpress\/ -->\n<title>Villena se suma a la moda de las pasarelas virtuales - Confecomer\u00e7<\/title>\n<meta name=\"description\" content=\"Comercios y Servicio Vi de Villena se apunta a la moda de las pasarelas virtuales y lanza la campa\u00f1a \u201cEl Look del Oto\u00f1o\u201d. Con el objetivo de impulsar las ventas en las tiendas de ropa, zapatos y complementos, que en esta pandemia viven momentos muy complicados y son uno de los sectores m\u00e1s afectados por la contracci\u00f3n del consumo.\" \/>\n<meta name=\"robots\" content=\"index, follow, max-snippet:-1, max-image-preview:large, max-video-preview:-1\" \/>\n<link rel=\"canonical\" href=\"https:\/\/confecomerc.es\/va\/villena-se-suma-a-la-moda-de-las-pasarelas-virtuales\/\" \/>\n<meta property=\"og:locale\" content=\"en_US\" \/>\n<meta property=\"og:type\" content=\"article\" \/>\n<meta property=\"og:title\" content=\"Villena se suma a la moda de las pasarelas virtuales - Confecomer\u00e7\" \/>\n<meta property=\"og:description\" content=\"Comercios y Servicio Vi de Villena se apunta a la moda de las pasarelas virtuales y lanza la campa\u00f1a \u201cEl Look del Oto\u00f1o\u201d. Con el objetivo de impulsar las ventas en las tiendas de ropa, zapatos y complementos, que en esta pandemia viven momentos muy complicados y son uno de los sectores m\u00e1s afectados por la contracci\u00f3n del consumo.\" \/>\n<meta property=\"og:url\" content=\"https:\/\/confecomerc.es\/va\/villena-se-suma-a-la-moda-de-las-pasarelas-virtuales\/\" \/>\n<meta property=\"og:site_name\" content=\"Confecomer\u00e7\" \/>\n<meta property=\"article:published_time\" content=\"2020-10-23T10:06:47+00:00\" \/>\n<meta property=\"article:modified_time\" content=\"2021-07-19T10:48:05+00:00\" \/>\n<meta property=\"og:image\" content=\"https:\/\/i1.wp.com\/confecomerc.es\/wp-content\/uploads\/2020\/10\/pasarelas-virtuales-vi-de-villena.jpeg?fit=1600%2C1200&ssl=1\" \/>\n\t<meta property=\"og:image:width\" content=\"1600\" \/>\n\t<meta property=\"og:image:height\" content=\"1200\" \/>\n\t<meta property=\"og:image:type\" content=\"image\/jpeg\" \/>\n<meta name=\"author\" content=\"CONFECOMER\u00c7 CV\" \/>\n<meta name=\"twitter:card\" content=\"summary_large_image\" \/>\n<meta name=\"twitter:label1\" content=\"Written by\" \/>\n\t<meta name=\"twitter:data1\" content=\"CONFECOMER\u00c7 CV\" \/>\n\t<meta name=\"twitter:label2\" content=\"Est. reading time\" \/>\n\t<meta name=\"twitter:data2\" content=\"2 minutes\" \/>\n<script type=\"application\/ld+json\" class=\"yoast-schema-graph\">{\"@context\":\"https:\\\/\\\/schema.org\",\"@graph\":[{\"@type\":\"Article\",\"@id\":\"https:\\\/\\\/confecomerc.es\\\/va\\\/villena-se-suma-a-la-moda-de-las-pasarelas-virtuales\\\/#article\",\"isPartOf\":{\"@id\":\"https:\\\/\\\/confecomerc.es\\\/va\\\/villena-se-suma-a-la-moda-de-las-pasarelas-virtuales\\\/\"},\"author\":{\"name\":\"CONFECOMER\u00c7 CV\",\"@id\":\"https:\\\/\\\/confecomerc.es\\\/#\\\/schema\\\/person\\\/23aa6211544dad9fa6ee269977b0a823\"},\"headline\":\"Villena se suma a la moda de las pasarelas virtuales\",\"datePublished\":\"2020-10-23T10:06:47+00:00\",\"dateModified\":\"2021-07-19T10:48:05+00:00\",\"mainEntityOfPage\":{\"@id\":\"https:\\\/\\\/confecomerc.es\\\/va\\\/villena-se-suma-a-la-moda-de-las-pasarelas-virtuales\\\/\"},\"wordCount\":399,\"image\":{\"@id\":\"https:\\\/\\\/confecomerc.es\\\/va\\\/villena-se-suma-a-la-moda-de-las-pasarelas-virtuales\\\/#primaryimage\"},\"thumbnailUrl\":\"https:\\\/\\\/confecomerc.es\\\/wp-content\\\/uploads\\\/2020\\\/10\\\/pasarelas-virtuales-vi-de-villena.jpeg\",\"keywords\":[\"APP 03400 Villena\",\"campa\u00f1a \u201cEl Look del Oto\u00f1o\u201d.\",\"pasarelas virtuales\"],\"articleSection\":[\"Associats Confecomer\u00e7 Cv\"],\"inLanguage\":\"va-VA\"},{\"@type\":\"WebPage\",\"@id\":\"https:\\\/\\\/confecomerc.es\\\/va\\\/villena-se-suma-a-la-moda-de-las-pasarelas-virtuales\\\/\",\"url\":\"https:\\\/\\\/confecomerc.es\\\/va\\\/villena-se-suma-a-la-moda-de-las-pasarelas-virtuales\\\/\",\"name\":\"Villena se suma a la moda de las pasarelas virtuales - Confecomer\u00e7\",\"isPartOf\":{\"@id\":\"https:\\\/\\\/confecomerc.es\\\/#website\"},\"primaryImageOfPage\":{\"@id\":\"https:\\\/\\\/confecomerc.es\\\/va\\\/villena-se-suma-a-la-moda-de-las-pasarelas-virtuales\\\/#primaryimage\"},\"image\":{\"@id\":\"https:\\\/\\\/confecomerc.es\\\/va\\\/villena-se-suma-a-la-moda-de-las-pasarelas-virtuales\\\/#primaryimage\"},\"thumbnailUrl\":\"https:\\\/\\\/confecomerc.es\\\/wp-content\\\/uploads\\\/2020\\\/10\\\/pasarelas-virtuales-vi-de-villena.jpeg\",\"datePublished\":\"2020-10-23T10:06:47+00:00\",\"dateModified\":\"2021-07-19T10:48:05+00:00\",\"author\":{\"@id\":\"https:\\\/\\\/confecomerc.es\\\/#\\\/schema\\\/person\\\/23aa6211544dad9fa6ee269977b0a823\"},\"description\":\"Comercios y Servicio Vi de Villena se apunta a la moda de las pasarelas virtuales y lanza la campa\u00f1a \u201cEl Look del Oto\u00f1o\u201d. Con el objetivo de impulsar las ventas en las tiendas de ropa, zapatos y complementos, que en esta pandemia viven momentos muy complicados y son uno de los sectores m\u00e1s afectados por la contracci\u00f3n del consumo.\",\"breadcrumb\":{\"@id\":\"https:\\\/\\\/confecomerc.es\\\/va\\\/villena-se-suma-a-la-moda-de-las-pasarelas-virtuales\\\/#breadcrumb\"},\"inLanguage\":\"va-VA\",\"potentialAction\":[{\"@type\":\"ReadAction\",\"target\":[\"https:\\\/\\\/confecomerc.es\\\/va\\\/villena-se-suma-a-la-moda-de-las-pasarelas-virtuales\\\/\"]}]},{\"@type\":\"ImageObject\",\"inLanguage\":\"va-VA\",\"@id\":\"https:\\\/\\\/confecomerc.es\\\/va\\\/villena-se-suma-a-la-moda-de-las-pasarelas-virtuales\\\/#primaryimage\",\"url\":\"https:\\\/\\\/confecomerc.es\\\/wp-content\\\/uploads\\\/2020\\\/10\\\/pasarelas-virtuales-vi-de-villena.jpeg\",\"contentUrl\":\"https:\\\/\\\/confecomerc.es\\\/wp-content\\\/uploads\\\/2020\\\/10\\\/pasarelas-virtuales-vi-de-villena.jpeg\",\"width\":1600,\"height\":1200,\"caption\":\"pasarelas virtuales vi de villena\"},{\"@type\":\"BreadcrumbList\",\"@id\":\"https:\\\/\\\/confecomerc.es\\\/va\\\/villena-se-suma-a-la-moda-de-las-pasarelas-virtuales\\\/#breadcrumb\",\"itemListElement\":[{\"@type\":\"ListItem\",\"position\":1,\"name\":\"Home\",\"item\":\"https:\\\/\\\/confecomerc.es\\\/va\\\/confecomerc-cv\\\/\"},{\"@type\":\"ListItem\",\"position\":2,\"name\":\"Villena se suma a la moda de las pasarelas virtuales\"}]},{\"@type\":\"WebSite\",\"@id\":\"https:\\\/\\\/confecomerc.es\\\/#website\",\"url\":\"https:\\\/\\\/confecomerc.es\\\/\",\"name\":\"Confecomer\u00e7\",\"description\":\"Confederaci\u00f3 de Comer\u00e7 d\u2019alacant, Castell\u00f3 i Val\u00e8ncia\",\"potentialAction\":[{\"@type\":\"SearchAction\",\"target\":{\"@type\":\"EntryPoint\",\"urlTemplate\":\"https:\\\/\\\/confecomerc.es\\\/?s={search_term_string}\"},\"query-input\":{\"@type\":\"PropertyValueSpecification\",\"valueRequired\":true,\"valueName\":\"search_term_string\"}}],\"inLanguage\":\"va-VA\"},{\"@type\":\"Person\",\"@id\":\"https:\\\/\\\/confecomerc.es\\\/#\\\/schema\\\/person\\\/23aa6211544dad9fa6ee269977b0a823\",\"name\":\"CONFECOMER\u00c7 CV\",\"url\":\"https:\\\/\\\/confecomerc.es\\\/va\\\/author\\\/confe-admin-cv\\\/\"}]}<\/script>\n<!-- \/ Yoast SEO plugin. -->","yoast_head_json":{"title":"Villena se suma a la moda de las pasarelas virtuales - Confecomer\u00e7","description":"Comercios y Servicio Vi de Villena se apunta a la moda de las pasarelas virtuales y lanza la campa\u00f1a \u201cEl Look del Oto\u00f1o\u201d. Con el objetivo de impulsar las ventas en las tiendas de ropa, zapatos y complementos, que en esta pandemia viven momentos muy complicados y son uno de los sectores m\u00e1s afectados por la contracci\u00f3n del consumo.","robots":{"index":"index","follow":"follow","max-snippet":"max-snippet:-1","max-image-preview":"max-image-preview:large","max-video-preview":"max-video-preview:-1"},"canonical":"https:\/\/confecomerc.es\/va\/villena-se-suma-a-la-moda-de-las-pasarelas-virtuales\/","og_locale":"en_US","og_type":"article","og_title":"Villena se suma a la moda de las pasarelas virtuales - Confecomer\u00e7","og_description":"Comercios y Servicio Vi de Villena se apunta a la moda de las pasarelas virtuales y lanza la campa\u00f1a \u201cEl Look del Oto\u00f1o\u201d. Con el objetivo de impulsar las ventas en las tiendas de ropa, zapatos y complementos, que en esta pandemia viven momentos muy complicados y son uno de los sectores m\u00e1s afectados por la contracci\u00f3n del consumo.","og_url":"https:\/\/confecomerc.es\/va\/villena-se-suma-a-la-moda-de-las-pasarelas-virtuales\/","og_site_name":"Confecomer\u00e7","article_published_time":"2020-10-23T10:06:47+00:00","article_modified_time":"2021-07-19T10:48:05+00:00","og_image":[{"width":1600,"height":1200,"url":"https:\/\/i1.wp.com\/confecomerc.es\/wp-content\/uploads\/2020\/10\/pasarelas-virtuales-vi-de-villena.jpeg?fit=1600%2C1200&ssl=1","type":"image\/jpeg"}],"author":"CONFECOMER\u00c7 CV","twitter_card":"summary_large_image","twitter_misc":{"Written by":"CONFECOMER\u00c7 CV","Est. reading time":"2 minutes"},"schema":{"@context":"https:\/\/schema.org","@graph":[{"@type":"Article","@id":"https:\/\/confecomerc.es\/va\/villena-se-suma-a-la-moda-de-las-pasarelas-virtuales\/#article","isPartOf":{"@id":"https:\/\/confecomerc.es\/va\/villena-se-suma-a-la-moda-de-las-pasarelas-virtuales\/"},"author":{"name":"CONFECOMER\u00c7 CV","@id":"https:\/\/confecomerc.es\/#\/schema\/person\/23aa6211544dad9fa6ee269977b0a823"},"headline":"Villena se suma a la moda de las pasarelas virtuales","datePublished":"2020-10-23T10:06:47+00:00","dateModified":"2021-07-19T10:48:05+00:00","mainEntityOfPage":{"@id":"https:\/\/confecomerc.es\/va\/villena-se-suma-a-la-moda-de-las-pasarelas-virtuales\/"},"wordCount":399,"image":{"@id":"https:\/\/confecomerc.es\/va\/villena-se-suma-a-la-moda-de-las-pasarelas-virtuales\/#primaryimage"},"thumbnailUrl":"https:\/\/confecomerc.es\/wp-content\/uploads\/2020\/10\/pasarelas-virtuales-vi-de-villena.jpeg","keywords":["APP 03400 Villena","campa\u00f1a \u201cEl Look del Oto\u00f1o\u201d.","pasarelas virtuales"],"articleSection":["Associats Confecomer\u00e7 Cv"],"inLanguage":"va-VA"},{"@type":"WebPage","@id":"https:\/\/confecomerc.es\/va\/villena-se-suma-a-la-moda-de-las-pasarelas-virtuales\/","url":"https:\/\/confecomerc.es\/va\/villena-se-suma-a-la-moda-de-las-pasarelas-virtuales\/","name":"Villena se suma a la moda de las pasarelas virtuales - Confecomer\u00e7","isPartOf":{"@id":"https:\/\/confecomerc.es\/#website"},"primaryImageOfPage":{"@id":"https:\/\/confecomerc.es\/va\/villena-se-suma-a-la-moda-de-las-pasarelas-virtuales\/#primaryimage"},"image":{"@id":"https:\/\/confecomerc.es\/va\/villena-se-suma-a-la-moda-de-las-pasarelas-virtuales\/#primaryimage"},"thumbnailUrl":"https:\/\/confecomerc.es\/wp-content\/uploads\/2020\/10\/pasarelas-virtuales-vi-de-villena.jpeg","datePublished":"2020-10-23T10:06:47+00:00","dateModified":"2021-07-19T10:48:05+00:00","author":{"@id":"https:\/\/confecomerc.es\/#\/schema\/person\/23aa6211544dad9fa6ee269977b0a823"},"description":"Comercios y Servicio Vi de Villena se apunta a la moda de las pasarelas virtuales y lanza la campa\u00f1a \u201cEl Look del Oto\u00f1o\u201d. Con el objetivo de impulsar las ventas en las tiendas de ropa, zapatos y complementos, que en esta pandemia viven momentos muy complicados y son uno de los sectores m\u00e1s afectados por la contracci\u00f3n del consumo.","breadcrumb":{"@id":"https:\/\/confecomerc.es\/va\/villena-se-suma-a-la-moda-de-las-pasarelas-virtuales\/#breadcrumb"},"inLanguage":"va-VA","potentialAction":[{"@type":"ReadAction","target":["https:\/\/confecomerc.es\/va\/villena-se-suma-a-la-moda-de-las-pasarelas-virtuales\/"]}]},{"@type":"ImageObject","inLanguage":"va-VA","@id":"https:\/\/confecomerc.es\/va\/villena-se-suma-a-la-moda-de-las-pasarelas-virtuales\/#primaryimage","url":"https:\/\/confecomerc.es\/wp-content\/uploads\/2020\/10\/pasarelas-virtuales-vi-de-villena.jpeg","contentUrl":"https:\/\/confecomerc.es\/wp-content\/uploads\/2020\/10\/pasarelas-virtuales-vi-de-villena.jpeg","width":1600,"height":1200,"caption":"pasarelas virtuales vi de villena"},{"@type":"BreadcrumbList","@id":"https:\/\/confecomerc.es\/va\/villena-se-suma-a-la-moda-de-las-pasarelas-virtuales\/#breadcrumb","itemListElement":[{"@type":"ListItem","position":1,"name":"Home","item":"https:\/\/confecomerc.es\/va\/confecomerc-cv\/"},{"@type":"ListItem","position":2,"name":"Villena se suma a la moda de las pasarelas virtuales"}]},{"@type":"WebSite","@id":"https:\/\/confecomerc.es\/#website","url":"https:\/\/confecomerc.es\/","name":"Confecomer\u00e7","description":"Confederaci\u00f3 de Comer\u00e7 d\u2019alacant, Castell\u00f3 i Val\u00e8ncia","potentialAction":[{"@type":"SearchAction","target":{"@type":"EntryPoint","urlTemplate":"https:\/\/confecomerc.es\/?s={search_term_string}"},"query-input":{"@type":"PropertyValueSpecification","valueRequired":true,"valueName":"search_term_string"}}],"inLanguage":"va-VA"},{"@type":"Person","@id":"https:\/\/confecomerc.es\/#\/schema\/person\/23aa6211544dad9fa6ee269977b0a823","name":"CONFECOMER\u00c7 CV","url":"https:\/\/confecomerc.es\/va\/author\/confe-admin-cv\/"}]}},"_links":{"self":[{"href":"https:\/\/confecomerc.es\/va\/wp-json\/wp\/v2\/posts\/8007","targetHints":{"allow":["GET"]}}],"collection":[{"href":"https:\/\/confecomerc.es\/va\/wp-json\/wp\/v2\/posts"}],"about":[{"href":"https:\/\/confecomerc.es\/va\/wp-json\/wp\/v2\/types\/post"}],"author":[{"embeddable":true,"href":"https:\/\/confecomerc.es\/va\/wp-json\/wp\/v2\/users\/1"}],"replies":[{"embeddable":true,"href":"https:\/\/confecomerc.es\/va\/wp-json\/wp\/v2\/comments?post=8007"}],"version-history":[{"count":0,"href":"https:\/\/confecomerc.es\/va\/wp-json\/wp\/v2\/posts\/8007\/revisions"}],"wp:featuredmedia":[{"embeddable":true,"href":"https:\/\/confecomerc.es\/va\/wp-json\/wp\/v2\/media\/5490"}],"wp:attachment":[{"href":"https:\/\/confecomerc.es\/va\/wp-json\/wp\/v2\/media?parent=8007"}],"wp:term":[{"taxonomy":"category","embeddable":true,"href":"https:\/\/confecomerc.es\/va\/wp-json\/wp\/v2\/categories?post=8007"},{"taxonomy":"post_tag","embeddable":true,"href":"https:\/\/confecomerc.es\/va\/wp-json\/wp\/v2\/tags?post=8007"}],"curies":[{"name":"wp","href":"https:\/\/api.w.org\/{rel}","templated":true}]}}