{"id":8064,"date":"2020-07-22T08:52:43","date_gmt":"2020-07-22T07:52:43","guid":{"rendered":"https:\/\/confecomerc.es\/ucovi-se-suma-a-la-campana-de-confecomerc-cv\/"},"modified":"2021-07-19T11:51:41","modified_gmt":"2021-07-19T10:51:41","slug":"ucovi-se-suma-a-la-campana-de-confecomerc-cv","status":"publish","type":"post","link":"https:\/\/confecomerc.es\/va\/ucovi-se-suma-a-la-campana-de-confecomerc-cv\/","title":{"rendered":"UCOVI se suma a la campa\u00f1a de Confecomer\u00e7 CV para concienciar al consumidor sobre la importancia de la decisi\u00f3n de compra en nuestro futuro m\u00e1s pr\u00f3ximo"},"content":{"rendered":"<p><em><u>Vila-real, 20 de julio de 2020<\/u><\/em><u>.<\/u>&#8211; la Uni\u00f3 de Comer\u00e7 de Vila-real UCOVI se suma a la Campa\u00f1a <strong><em>\u201cPeque\u00f1o comercio. El futuro que compras\u201d <\/em><\/strong>promovida por la Confederaci\u00f3 d\u00b4Empresaris del Comer\u00e7, Servicis i Aut\u00f2noms de la Comunitat<strong> Valenciana (Confecomer\u00e7 CV). <\/strong><\/p>\n<p>Con el lema #<strong><em>ElFuturoQueCompras<\/em><\/strong>\u201d queremos resaltar el valor de las cosas importantes para el comercio en un momento tan delicado como el actual.<\/p>\n<p>La presentaci\u00f3n ha contado con la participaci\u00f3n <strong>del Concejal de Economia, <\/strong>Xus Madrigal y con la<strong> presidenta de la Uni\u00f3 de Comer\u00e7 de Vila-real, <\/strong>Carmen Gil<strong>.<\/strong><\/p>\n<p>Esta campa\u00f1a tiene por objetivo destacar lo mucho que nos jugamos en nuestra decisi\u00f3n de compra. Tras los efectos que nos ha dejado la pandemia mundial y despu\u00e9s de muchas reflexiones debemos tomar conciencia sobre el futuro que queremos, lo que nos llevar\u00e1 a preguntarnos sobre cu\u00e1l es la mejor forma de comprar, de preservar nuestro territorio, de mantener su equilibrio, de ser \u00a0m\u00e1s sostenibles, de generar riqueza local, de poner a las personas y a la salud por delante. Si lo analizamos detenidamente estos son los valores propios del comercio de proximidad, de nuestro comercio.<\/p>\n<p>Por lo tanto esta iniciativa trata \u00a0de destacar la importancia del lugar donde se realiza la compra y c\u00f3mo esta decisi\u00f3n abre la oportunidad de poder cambiar y mejorar el entorno en el que vivimos.<\/p>\n<p>El material de la campa\u00f1a consta de vinilos de suelo y de escaparate, bolsas de papel, lonas y delantales para comercios de alimentaci\u00f3n, campa\u00f1a en redes sociales, un v\u00eddeo realizado expresamente para esta iniciativa, adem\u00e1s de acciones de impacto en la calle.<\/p>\n<p>Nuestra asociaci\u00f3n ha ido m\u00e1s all\u00e1, y con la ayuda de Covaco Castell\u00f3n ha querido que todas estas reflexiones sean los propios comerciantes de Vila-real quien las transmita a sus clientes a trav\u00e9s de carteles y videos.<\/p>\n<p>La campa\u00f1a \u201c<strong><em>Peque\u00f1o comercio. El futuro que compras<\/em><\/strong>\u201d invita a reflexionar con mensajes como este:<\/p>\n<p>\u201c<em>S\u00ed, el futuro se compra, aunque nadie pueda ponerle precio. Porque cada una de tus compras construye el ma\u00f1ana que tendremos. Si lo haces en el peque\u00f1o comercio, ese futuro ser\u00e1 m\u00e1s justo y equitativo, la riqueza se quedar\u00e1 en tu entorno y no en cuentas lejanas, las personas y la salud estar\u00e1n por delante y nuestra manera de vivir ser\u00e1 m\u00e1s sostenible<strong>\u201d<\/strong><\/em>.<\/p>\n<p><a href=\"https:\/\/www.youtube.com\/watch?v=hFE2Y202POo\">ENLACE V\u00cdDEO CAMPA\u00d1A (CASTELLANO)<\/a><\/p>\n<p><a href=\"https:\/\/www.youtube.com\/watch?v=3nfajrt1bbQ\">ENLACE V\u00cdDEO CAMPA\u00d1A (VALENCIANO)<\/a><\/p>\n<p>Por otra parte, desde Ucovi estamos promoviendo <strong>ViMarket Place<\/strong>, una plataforma online del comercio de Vila-real. Es un escaparate virtual (Facebook- Instagram) donde los comercios mostraran sus productos. Ser\u00e1 una exposici\u00f3n viva donde los art\u00edculos expuestos cambiaran semanalmente. Ser\u00e1n productos con unos precios muy competitivos. El consumidor podr\u00e1 contactar con el comercio por whatsapp o tel\u00e9fono y hacer su reserva o compra directamente. \u00a0Nuestro objetivo es ofrecer al comercio una herramienta m\u00e1s de venta.<\/p>\n<p>La presidenta de UCOVI, \u00a0ha se\u00f1alado que \u201cestamos en un momento para reflexionar, para preguntarnos por el modelo de ciudad que queremos, que depende de muchos factores, siendo uno de ellos la forma de\u00a0 consumo. Por ello defendemos un modelo de consumo que apueste por la sostenibilidad, el medio ambiente, la proximidad y el fomento de nuestro tejido empresarial, en definitiva, por nuestra econom\u00eda local. Hemos pasado por una crisis sanitaria, que ha originado una crisis econ\u00f3mica y social, y que esperemos nos haga recapacitar sobre la forma m\u00e1s adecuada de comprar, m\u00e1s respetuosa, m\u00e1s saludable, que vele por valores sociales, que genere un futuro para nuestras generaciones, que apueste por un entorno m\u00e1s justo, equilibrado, siendo esencial el cuidado de nuestra producci\u00f3n local, as\u00ed como del peque\u00f1o comercio como\u00a0 pieza esencial\u201d.<\/p>\n<p>\u201cAdem\u00e1s, en un momento decisivo como este, debemos engrandecer el papel del comercio minorista, de nuestra ciudad que a diferencia de otros formatos favorece la conciliaci\u00f3n familiar, evita la contaminaci\u00f3n, largas colas y aglomeraciones, no deja huella de carbono, en definitiva puesta por una econom\u00eda m\u00e1s justa y m\u00e1s sostenible\u201d<\/p>\n<p>\u201cEl comercio de proximidad es una tecla fundamental en estos momentos para salir de la crisis, por su gran contribuci\u00f3n al empleo, siendo ahora mismo esa cuesti\u00f3n prioritaria para la recuperaci\u00f3n, y por ello reclamamos que un sector, vital para nuestra actividad cotidiana como es el peque\u00f1o comercio, que es uno de los sectores l\u00edderes de nuestra Comunitat en creaci\u00f3n depuestos de trabajo y que ha contribuido activamente en la \u00faltima crisis a potenciar la econom\u00eda, sea considerado estrat\u00e9gico, y que en virtud de ello se impulse un plan sectorial con pol\u00edticas encaminadas a reactivar la actividad comercial del peque\u00f1o comercio y a promover acciones acordes con las necesidades m\u00e1s inmediatas para el sector\u201d.<\/p>\n<p>&nbsp;<\/p>\n<p><img decoding=\"async\" class=\"aligncenter size-full wp-image-5236\" src=\"https:\/\/confecomerc.es\/wp-content\/uploads\/2020\/07\/UCOVI-se-suma-a-la-campa\u00f1a-de-Confecomer\u00e7-CV.jpg\" alt=\"UCOVI se suma a la campa\u00f1a de Confecomer\u00e7 CV\" width=\"1200\" height=\"800\" srcset=\"https:\/\/confecomerc.es\/wp-content\/uploads\/2020\/07\/UCOVI-se-suma-a-la-campa\u00f1a-de-Confecomer\u00e7-CV.jpg 1200w, https:\/\/confecomerc.es\/wp-content\/uploads\/2020\/07\/UCOVI-se-suma-a-la-campa\u00f1a-de-Confecomer\u00e7-CV-300x200.jpg 300w, https:\/\/confecomerc.es\/wp-content\/uploads\/2020\/07\/UCOVI-se-suma-a-la-campa\u00f1a-de-Confecomer\u00e7-CV-1024x683.jpg 1024w, https:\/\/confecomerc.es\/wp-content\/uploads\/2020\/07\/UCOVI-se-suma-a-la-campa\u00f1a-de-Confecomer\u00e7-CV-768x512.jpg 768w, https:\/\/confecomerc.es\/wp-content\/uploads\/2020\/07\/UCOVI-se-suma-a-la-campa\u00f1a-de-Confecomer\u00e7-CV-1080x720.jpg 1080w, https:\/\/confecomerc.es\/wp-content\/uploads\/2020\/07\/UCOVI-se-suma-a-la-campa\u00f1a-de-Confecomer\u00e7-CV-980x653.jpg 980w, https:\/\/confecomerc.es\/wp-content\/uploads\/2020\/07\/UCOVI-se-suma-a-la-campa\u00f1a-de-Confecomer\u00e7-CV-480x320.jpg 480w\" sizes=\"(max-width: 1200px) 100vw, 1200px\" \/><\/p>\n","protected":false},"excerpt":{"rendered":"<p>La Uni\u00f3 de Comer\u00e7 de Vila-real UCOVI se suma a la Campa\u00f1a \u201cPeque\u00f1o comercio. El futuro que compras\u201d promovida por la Confederaci\u00f3 d\u00b4Empresaris del Comer\u00e7, Servicis i Aut\u00f2noms de la Comunitat Valenciana (Confecomer\u00e7 CV).<\/p>\n","protected":false},"author":1,"featured_media":5237,"comment_status":"open","ping_status":"open","sticky":false,"template":"","format":"standard","meta":{"_et_pb_use_builder":"","_et_pb_old_content":"","_et_gb_content_width":"","footnotes":""},"categories":[613],"tags":[2845,3185,3186,3187,3188,3189],"class_list":["post-8064","post","type-post","status-publish","format-standard","has-post-thumbnail","hentry","category-associats-confecomerc-cv","tag-elfuturoquecompras-va","tag-campana-confecomerc-va","tag-el-futuro-que-compras-va","tag-pequeno-comercio-va","tag-ucovi-va","tag-unio-de-comerc-de-vila-real-va"],"yoast_head":"<!-- This site is optimized with the Yoast SEO plugin v27.3 - https:\/\/yoast.com\/product\/yoast-seo-wordpress\/ -->\n<title>UCOVI se suma a la campa\u00f1a de Confecomer\u00e7 CV<\/title>\n<meta name=\"description\" content=\"La Uni\u00f3 de Comer\u00e7 de Vila-real UCOVI se suma a la Campa\u00f1a \u201cPeque\u00f1o comercio. El futuro que compras\u201d promovida por la Confederaci\u00f3 d\u00b4Empresaris del Comer\u00e7, Servicis i Aut\u00f2noms de la Comunitat Valenciana (Confecomer\u00e7 CV).\" \/>\n<meta name=\"robots\" content=\"index, follow, max-snippet:-1, max-image-preview:large, max-video-preview:-1\" \/>\n<link rel=\"canonical\" href=\"https:\/\/confecomerc.es\/va\/ucovi-se-suma-a-la-campana-de-confecomerc-cv\/\" \/>\n<meta property=\"og:locale\" content=\"en_US\" \/>\n<meta property=\"og:type\" content=\"article\" \/>\n<meta property=\"og:title\" content=\"UCOVI se suma a la campa\u00f1a de Confecomer\u00e7 CV\" \/>\n<meta property=\"og:description\" content=\"La Uni\u00f3 de Comer\u00e7 de Vila-real UCOVI se suma a la Campa\u00f1a \u201cPeque\u00f1o comercio. El futuro que compras\u201d promovida por la Confederaci\u00f3 d\u00b4Empresaris del Comer\u00e7, Servicis i Aut\u00f2noms de la Comunitat Valenciana (Confecomer\u00e7 CV).\" \/>\n<meta property=\"og:url\" content=\"https:\/\/confecomerc.es\/va\/ucovi-se-suma-a-la-campana-de-confecomerc-cv\/\" \/>\n<meta property=\"og:site_name\" content=\"Confecomer\u00e7\" \/>\n<meta property=\"article:published_time\" content=\"2020-07-22T07:52:43+00:00\" \/>\n<meta property=\"article:modified_time\" content=\"2021-07-19T10:51:41+00:00\" \/>\n<meta property=\"og:image\" content=\"https:\/\/i0.wp.com\/confecomerc.es\/wp-content\/uploads\/2020\/07\/UCOVI-se-suma-a-la-campa\u00f1a-de-Confecomer\u00e7-CV.jpg?fit=1200%2C800&ssl=1\" \/>\n\t<meta property=\"og:image:width\" content=\"1200\" \/>\n\t<meta property=\"og:image:height\" content=\"800\" \/>\n\t<meta property=\"og:image:type\" content=\"image\/jpeg\" \/>\n<meta name=\"author\" content=\"CONFECOMER\u00c7 CV\" \/>\n<meta name=\"twitter:card\" content=\"summary_large_image\" \/>\n<meta name=\"twitter:label1\" content=\"Written by\" \/>\n\t<meta name=\"twitter:data1\" content=\"CONFECOMER\u00c7 CV\" \/>\n\t<meta name=\"twitter:label2\" content=\"Est. reading time\" \/>\n\t<meta name=\"twitter:data2\" content=\"4 minutes\" \/>\n<script type=\"application\/ld+json\" class=\"yoast-schema-graph\">{\"@context\":\"https:\\\/\\\/schema.org\",\"@graph\":[{\"@type\":\"Article\",\"@id\":\"https:\\\/\\\/confecomerc.es\\\/va\\\/ucovi-se-suma-a-la-campana-de-confecomerc-cv\\\/#article\",\"isPartOf\":{\"@id\":\"https:\\\/\\\/confecomerc.es\\\/va\\\/ucovi-se-suma-a-la-campana-de-confecomerc-cv\\\/\"},\"author\":{\"name\":\"CONFECOMER\u00c7 CV\",\"@id\":\"https:\\\/\\\/confecomerc.es\\\/#\\\/schema\\\/person\\\/23aa6211544dad9fa6ee269977b0a823\"},\"headline\":\"UCOVI se suma a la campa\u00f1a de Confecomer\u00e7 CV para concienciar al consumidor sobre la importancia de la decisi\u00f3n de compra en nuestro futuro m\u00e1s pr\u00f3ximo\",\"datePublished\":\"2020-07-22T07:52:43+00:00\",\"dateModified\":\"2021-07-19T10:51:41+00:00\",\"mainEntityOfPage\":{\"@id\":\"https:\\\/\\\/confecomerc.es\\\/va\\\/ucovi-se-suma-a-la-campana-de-confecomerc-cv\\\/\"},\"wordCount\":849,\"commentCount\":0,\"image\":{\"@id\":\"https:\\\/\\\/confecomerc.es\\\/va\\\/ucovi-se-suma-a-la-campana-de-confecomerc-cv\\\/#primaryimage\"},\"thumbnailUrl\":\"https:\\\/\\\/confecomerc.es\\\/wp-content\\\/uploads\\\/2020\\\/07\\\/UCOVI-se-suma-a-la-campa\u00f1a-de-Confecomer\u00e7-CV.jpg\",\"keywords\":[\"#ElFuturoQueCompras\",\"campa\u00f1a confecomer\u00e7\",\"el futuro que compras\",\"peque\u00f1o comercio\",\"ucovi\",\"Uni\u00f3 de Comer\u00e7 de Vila-real\"],\"articleSection\":[\"Associats Confecomer\u00e7 Cv\"],\"inLanguage\":\"va-VA\",\"potentialAction\":[{\"@type\":\"CommentAction\",\"name\":\"Comment\",\"target\":[\"https:\\\/\\\/confecomerc.es\\\/va\\\/ucovi-se-suma-a-la-campana-de-confecomerc-cv\\\/#respond\"]}]},{\"@type\":\"WebPage\",\"@id\":\"https:\\\/\\\/confecomerc.es\\\/va\\\/ucovi-se-suma-a-la-campana-de-confecomerc-cv\\\/\",\"url\":\"https:\\\/\\\/confecomerc.es\\\/va\\\/ucovi-se-suma-a-la-campana-de-confecomerc-cv\\\/\",\"name\":\"UCOVI se suma a la campa\u00f1a de Confecomer\u00e7 CV\",\"isPartOf\":{\"@id\":\"https:\\\/\\\/confecomerc.es\\\/#website\"},\"primaryImageOfPage\":{\"@id\":\"https:\\\/\\\/confecomerc.es\\\/va\\\/ucovi-se-suma-a-la-campana-de-confecomerc-cv\\\/#primaryimage\"},\"image\":{\"@id\":\"https:\\\/\\\/confecomerc.es\\\/va\\\/ucovi-se-suma-a-la-campana-de-confecomerc-cv\\\/#primaryimage\"},\"thumbnailUrl\":\"https:\\\/\\\/confecomerc.es\\\/wp-content\\\/uploads\\\/2020\\\/07\\\/UCOVI-se-suma-a-la-campa\u00f1a-de-Confecomer\u00e7-CV.jpg\",\"datePublished\":\"2020-07-22T07:52:43+00:00\",\"dateModified\":\"2021-07-19T10:51:41+00:00\",\"author\":{\"@id\":\"https:\\\/\\\/confecomerc.es\\\/#\\\/schema\\\/person\\\/23aa6211544dad9fa6ee269977b0a823\"},\"description\":\"La Uni\u00f3 de Comer\u00e7 de Vila-real UCOVI se suma a la Campa\u00f1a \u201cPeque\u00f1o comercio. El futuro que compras\u201d promovida por la Confederaci\u00f3 d\u00b4Empresaris del Comer\u00e7, Servicis i Aut\u00f2noms de la Comunitat Valenciana (Confecomer\u00e7 CV).\",\"breadcrumb\":{\"@id\":\"https:\\\/\\\/confecomerc.es\\\/va\\\/ucovi-se-suma-a-la-campana-de-confecomerc-cv\\\/#breadcrumb\"},\"inLanguage\":\"va-VA\",\"potentialAction\":[{\"@type\":\"ReadAction\",\"target\":[\"https:\\\/\\\/confecomerc.es\\\/va\\\/ucovi-se-suma-a-la-campana-de-confecomerc-cv\\\/\"]}]},{\"@type\":\"ImageObject\",\"inLanguage\":\"va-VA\",\"@id\":\"https:\\\/\\\/confecomerc.es\\\/va\\\/ucovi-se-suma-a-la-campana-de-confecomerc-cv\\\/#primaryimage\",\"url\":\"https:\\\/\\\/confecomerc.es\\\/wp-content\\\/uploads\\\/2020\\\/07\\\/UCOVI-se-suma-a-la-campa\u00f1a-de-Confecomer\u00e7-CV.jpg\",\"contentUrl\":\"https:\\\/\\\/confecomerc.es\\\/wp-content\\\/uploads\\\/2020\\\/07\\\/UCOVI-se-suma-a-la-campa\u00f1a-de-Confecomer\u00e7-CV.jpg\",\"width\":1200,\"height\":800,\"caption\":\"UCOVI se suma a la campa\u00f1a de Confecomer\u00e7 CV\"},{\"@type\":\"BreadcrumbList\",\"@id\":\"https:\\\/\\\/confecomerc.es\\\/va\\\/ucovi-se-suma-a-la-campana-de-confecomerc-cv\\\/#breadcrumb\",\"itemListElement\":[{\"@type\":\"ListItem\",\"position\":1,\"name\":\"Home\",\"item\":\"https:\\\/\\\/confecomerc.es\\\/va\\\/confecomerc-cv\\\/\"},{\"@type\":\"ListItem\",\"position\":2,\"name\":\"UCOVI se suma a la campa\u00f1a de Confecomer\u00e7 CV para concienciar al consumidor sobre la importancia de la decisi\u00f3n de compra en nuestro futuro m\u00e1s pr\u00f3ximo\"}]},{\"@type\":\"WebSite\",\"@id\":\"https:\\\/\\\/confecomerc.es\\\/#website\",\"url\":\"https:\\\/\\\/confecomerc.es\\\/\",\"name\":\"Confecomer\u00e7\",\"description\":\"Confederaci\u00f3 de Comer\u00e7 d\u2019alacant, Castell\u00f3 i Val\u00e8ncia\",\"potentialAction\":[{\"@type\":\"SearchAction\",\"target\":{\"@type\":\"EntryPoint\",\"urlTemplate\":\"https:\\\/\\\/confecomerc.es\\\/?s={search_term_string}\"},\"query-input\":{\"@type\":\"PropertyValueSpecification\",\"valueRequired\":true,\"valueName\":\"search_term_string\"}}],\"inLanguage\":\"va-VA\"},{\"@type\":\"Person\",\"@id\":\"https:\\\/\\\/confecomerc.es\\\/#\\\/schema\\\/person\\\/23aa6211544dad9fa6ee269977b0a823\",\"name\":\"CONFECOMER\u00c7 CV\",\"url\":\"https:\\\/\\\/confecomerc.es\\\/va\\\/author\\\/confe-admin-cv\\\/\"}]}<\/script>\n<!-- \/ Yoast SEO plugin. -->","yoast_head_json":{"title":"UCOVI se suma a la campa\u00f1a de Confecomer\u00e7 CV","description":"La Uni\u00f3 de Comer\u00e7 de Vila-real UCOVI se suma a la Campa\u00f1a \u201cPeque\u00f1o comercio. El futuro que compras\u201d promovida por la Confederaci\u00f3 d\u00b4Empresaris del Comer\u00e7, Servicis i Aut\u00f2noms de la Comunitat Valenciana (Confecomer\u00e7 CV).","robots":{"index":"index","follow":"follow","max-snippet":"max-snippet:-1","max-image-preview":"max-image-preview:large","max-video-preview":"max-video-preview:-1"},"canonical":"https:\/\/confecomerc.es\/va\/ucovi-se-suma-a-la-campana-de-confecomerc-cv\/","og_locale":"en_US","og_type":"article","og_title":"UCOVI se suma a la campa\u00f1a de Confecomer\u00e7 CV","og_description":"La Uni\u00f3 de Comer\u00e7 de Vila-real UCOVI se suma a la Campa\u00f1a \u201cPeque\u00f1o comercio. El futuro que compras\u201d promovida por la Confederaci\u00f3 d\u00b4Empresaris del Comer\u00e7, Servicis i Aut\u00f2noms de la Comunitat Valenciana (Confecomer\u00e7 CV).","og_url":"https:\/\/confecomerc.es\/va\/ucovi-se-suma-a-la-campana-de-confecomerc-cv\/","og_site_name":"Confecomer\u00e7","article_published_time":"2020-07-22T07:52:43+00:00","article_modified_time":"2021-07-19T10:51:41+00:00","og_image":[{"width":1200,"height":800,"url":"https:\/\/i0.wp.com\/confecomerc.es\/wp-content\/uploads\/2020\/07\/UCOVI-se-suma-a-la-campa\u00f1a-de-Confecomer\u00e7-CV.jpg?fit=1200%2C800&ssl=1","type":"image\/jpeg"}],"author":"CONFECOMER\u00c7 CV","twitter_card":"summary_large_image","twitter_misc":{"Written by":"CONFECOMER\u00c7 CV","Est. reading time":"4 minutes"},"schema":{"@context":"https:\/\/schema.org","@graph":[{"@type":"Article","@id":"https:\/\/confecomerc.es\/va\/ucovi-se-suma-a-la-campana-de-confecomerc-cv\/#article","isPartOf":{"@id":"https:\/\/confecomerc.es\/va\/ucovi-se-suma-a-la-campana-de-confecomerc-cv\/"},"author":{"name":"CONFECOMER\u00c7 CV","@id":"https:\/\/confecomerc.es\/#\/schema\/person\/23aa6211544dad9fa6ee269977b0a823"},"headline":"UCOVI se suma a la campa\u00f1a de Confecomer\u00e7 CV para concienciar al consumidor sobre la importancia de la decisi\u00f3n de compra en nuestro futuro m\u00e1s pr\u00f3ximo","datePublished":"2020-07-22T07:52:43+00:00","dateModified":"2021-07-19T10:51:41+00:00","mainEntityOfPage":{"@id":"https:\/\/confecomerc.es\/va\/ucovi-se-suma-a-la-campana-de-confecomerc-cv\/"},"wordCount":849,"commentCount":0,"image":{"@id":"https:\/\/confecomerc.es\/va\/ucovi-se-suma-a-la-campana-de-confecomerc-cv\/#primaryimage"},"thumbnailUrl":"https:\/\/confecomerc.es\/wp-content\/uploads\/2020\/07\/UCOVI-se-suma-a-la-campa\u00f1a-de-Confecomer\u00e7-CV.jpg","keywords":["#ElFuturoQueCompras","campa\u00f1a confecomer\u00e7","el futuro que compras","peque\u00f1o comercio","ucovi","Uni\u00f3 de Comer\u00e7 de Vila-real"],"articleSection":["Associats Confecomer\u00e7 Cv"],"inLanguage":"va-VA","potentialAction":[{"@type":"CommentAction","name":"Comment","target":["https:\/\/confecomerc.es\/va\/ucovi-se-suma-a-la-campana-de-confecomerc-cv\/#respond"]}]},{"@type":"WebPage","@id":"https:\/\/confecomerc.es\/va\/ucovi-se-suma-a-la-campana-de-confecomerc-cv\/","url":"https:\/\/confecomerc.es\/va\/ucovi-se-suma-a-la-campana-de-confecomerc-cv\/","name":"UCOVI se suma a la campa\u00f1a de Confecomer\u00e7 CV","isPartOf":{"@id":"https:\/\/confecomerc.es\/#website"},"primaryImageOfPage":{"@id":"https:\/\/confecomerc.es\/va\/ucovi-se-suma-a-la-campana-de-confecomerc-cv\/#primaryimage"},"image":{"@id":"https:\/\/confecomerc.es\/va\/ucovi-se-suma-a-la-campana-de-confecomerc-cv\/#primaryimage"},"thumbnailUrl":"https:\/\/confecomerc.es\/wp-content\/uploads\/2020\/07\/UCOVI-se-suma-a-la-campa\u00f1a-de-Confecomer\u00e7-CV.jpg","datePublished":"2020-07-22T07:52:43+00:00","dateModified":"2021-07-19T10:51:41+00:00","author":{"@id":"https:\/\/confecomerc.es\/#\/schema\/person\/23aa6211544dad9fa6ee269977b0a823"},"description":"La Uni\u00f3 de Comer\u00e7 de Vila-real UCOVI se suma a la Campa\u00f1a \u201cPeque\u00f1o comercio. El futuro que compras\u201d promovida por la Confederaci\u00f3 d\u00b4Empresaris del Comer\u00e7, Servicis i Aut\u00f2noms de la Comunitat Valenciana (Confecomer\u00e7 CV).","breadcrumb":{"@id":"https:\/\/confecomerc.es\/va\/ucovi-se-suma-a-la-campana-de-confecomerc-cv\/#breadcrumb"},"inLanguage":"va-VA","potentialAction":[{"@type":"ReadAction","target":["https:\/\/confecomerc.es\/va\/ucovi-se-suma-a-la-campana-de-confecomerc-cv\/"]}]},{"@type":"ImageObject","inLanguage":"va-VA","@id":"https:\/\/confecomerc.es\/va\/ucovi-se-suma-a-la-campana-de-confecomerc-cv\/#primaryimage","url":"https:\/\/confecomerc.es\/wp-content\/uploads\/2020\/07\/UCOVI-se-suma-a-la-campa\u00f1a-de-Confecomer\u00e7-CV.jpg","contentUrl":"https:\/\/confecomerc.es\/wp-content\/uploads\/2020\/07\/UCOVI-se-suma-a-la-campa\u00f1a-de-Confecomer\u00e7-CV.jpg","width":1200,"height":800,"caption":"UCOVI se suma a la campa\u00f1a de Confecomer\u00e7 CV"},{"@type":"BreadcrumbList","@id":"https:\/\/confecomerc.es\/va\/ucovi-se-suma-a-la-campana-de-confecomerc-cv\/#breadcrumb","itemListElement":[{"@type":"ListItem","position":1,"name":"Home","item":"https:\/\/confecomerc.es\/va\/confecomerc-cv\/"},{"@type":"ListItem","position":2,"name":"UCOVI se suma a la campa\u00f1a de Confecomer\u00e7 CV para concienciar al consumidor sobre la importancia de la decisi\u00f3n de compra en nuestro futuro m\u00e1s pr\u00f3ximo"}]},{"@type":"WebSite","@id":"https:\/\/confecomerc.es\/#website","url":"https:\/\/confecomerc.es\/","name":"Confecomer\u00e7","description":"Confederaci\u00f3 de Comer\u00e7 d\u2019alacant, Castell\u00f3 i Val\u00e8ncia","potentialAction":[{"@type":"SearchAction","target":{"@type":"EntryPoint","urlTemplate":"https:\/\/confecomerc.es\/?s={search_term_string}"},"query-input":{"@type":"PropertyValueSpecification","valueRequired":true,"valueName":"search_term_string"}}],"inLanguage":"va-VA"},{"@type":"Person","@id":"https:\/\/confecomerc.es\/#\/schema\/person\/23aa6211544dad9fa6ee269977b0a823","name":"CONFECOMER\u00c7 CV","url":"https:\/\/confecomerc.es\/va\/author\/confe-admin-cv\/"}]}},"_links":{"self":[{"href":"https:\/\/confecomerc.es\/va\/wp-json\/wp\/v2\/posts\/8064","targetHints":{"allow":["GET"]}}],"collection":[{"href":"https:\/\/confecomerc.es\/va\/wp-json\/wp\/v2\/posts"}],"about":[{"href":"https:\/\/confecomerc.es\/va\/wp-json\/wp\/v2\/types\/post"}],"author":[{"embeddable":true,"href":"https:\/\/confecomerc.es\/va\/wp-json\/wp\/v2\/users\/1"}],"replies":[{"embeddable":true,"href":"https:\/\/confecomerc.es\/va\/wp-json\/wp\/v2\/comments?post=8064"}],"version-history":[{"count":0,"href":"https:\/\/confecomerc.es\/va\/wp-json\/wp\/v2\/posts\/8064\/revisions"}],"wp:featuredmedia":[{"embeddable":true,"href":"https:\/\/confecomerc.es\/va\/wp-json\/wp\/v2\/media\/5237"}],"wp:attachment":[{"href":"https:\/\/confecomerc.es\/va\/wp-json\/wp\/v2\/media?parent=8064"}],"wp:term":[{"taxonomy":"category","embeddable":true,"href":"https:\/\/confecomerc.es\/va\/wp-json\/wp\/v2\/categories?post=8064"},{"taxonomy":"post_tag","embeddable":true,"href":"https:\/\/confecomerc.es\/va\/wp-json\/wp\/v2\/tags?post=8064"}],"curies":[{"name":"wp","href":"https:\/\/api.w.org\/{rel}","templated":true}]}}