{"id":8066,"date":"2020-07-15T12:24:26","date_gmt":"2020-07-15T11:24:26","guid":{"rendered":"https:\/\/confecomerc.es\/adhesion-mercado-central-de-valencia-a-la-campana-pequeno-comercio-el-futuro-que-compras\/"},"modified":"2021-07-19T11:51:46","modified_gmt":"2021-07-19T10:51:46","slug":"adhesion-mercado-central-de-valencia-a-la-campana-pequeno-comercio-el-futuro-que-compras","status":"publish","type":"post","link":"https:\/\/confecomerc.es\/va\/adhesion-mercado-central-de-valencia-a-la-campana-pequeno-comercio-el-futuro-que-compras\/","title":{"rendered":"Adhesi\u00f3n Mercado Central de Val\u00e8ncia a la campa\u00f1a \u2018Peque\u00f1o comercio. El futuro que compras\u2019"},"content":{"rendered":"<p>El Mercado Central de Valencia se ha adherido a la campa\u00f1a de la Confederaci\u00f3 d\u00b4Empresaris del Comer\u00e7, Servicis i Aut\u00f2noms de la Comunitat Valenciana (Confecomer\u00e7 CV) \u2018Peque\u00f1o comercio. El futuro que compras\u2019, que pone en valor la compra de productos frescos y de proximidad.<\/p>\n<p>La campa\u00f1a tiene como fin concienciar a los ciudadanos sobre el futuro del comercio local, que propone como la opci\u00f3n de compra m\u00e1s sostenible, m\u00e1s cercana y con mayor capacidad de generar riqueza local.<\/p>\n<p>Para visualizar su apoyo, el Mercado Central ha colgado de sus balcones unas lonas con el eslogan principal de la campa\u00f1a, y ha distribuido esta ma\u00f1ana, entre sus vendedores, unos delantales que invitan a realizar las compras en el peque\u00f1o comercio, adem\u00e1s de regalar a sus clientes unas bolsas de papel con el lema \u2018Aqu\u00ed cabe un futuro mejor\u2019.<\/p>\n<p>El Mercado Central ha sido un extraordinario ejemplo, en el estado de alarma, de la importante contribuci\u00f3n del comercio local para superar los momentos m\u00e1s dif\u00edciles. Durante los meses m\u00e1s duros de la pandemia, los vendedores del Mercado, con un gran esfuerzo, han continuado facilitando a los ciudadanos la adquisici\u00f3n de los productos -frescos y de calidad- de primera necesidad que ofertan, y su entrega en el propio domicilio, incluso en momentos en que las restricciones de desplazamientos imped\u00edan a muchos clientes la opci\u00f3n de la compra presencial.<\/p>\n<p>Confecomer\u00e7ha distribuido entre los comercios locales cerca de 200.000 bolsas de papel, adem\u00e1s de 16.200 vinilos para marcar en el suelo la distancia de seguridad; adem\u00e1s de vinilos circulares para los escaparates, con la leyenda \u2018Aqu\u00ed hay futuro\u201d Peque\u00f1o Comercio #ElFuturoQueCompras\u2019, que contiene las frases \u2018Uno m\u00e1s sostenible y justo\u2019 y \u2018Uno donde la riqueza se queda cerca de ti\u2019, que recuerdan los principales valores asociados a la compra en el comercio de proximidad.<\/p>\n<p>La campa\u00f1a se est\u00e1 difundiendo tambi\u00e9nen redes sociales, a trav\u00e9s de las que se muestra un v\u00eddeo en el que se visualizan peque\u00f1os comercios reales de la Comunitat Valenciana y se incide en el mismo mensaje: \u201cS\u00ed, el futuro se compra, aunque nadie pueda ponerle precio. Porque cada una de tus compras construye el ma\u00f1ana que tendremos. Si lo haces en el peque\u00f1o comercio, ese futuro ser\u00e1 m\u00e1s justo y equitativo, la riqueza se quedar\u00e1 en tu entorno y no en cuentas lejanas, las personas y la salud estar\u00e1n por delante y nuestra manera de vivir ser\u00e1 m\u00e1s sostenible\u201d.<\/p>\n\n\t\t<style type=\"text\/css\">\n\t\t\t#gallery-1 {\n\t\t\t\tmargin: auto;\n\t\t\t}\n\t\t\t#gallery-1 .gallery-item {\n\t\t\t\tfloat: left;\n\t\t\t\tmargin-top: 10px;\n\t\t\t\ttext-align: center;\n\t\t\t\twidth: 33%;\n\t\t\t}\n\t\t\t#gallery-1 img {\n\t\t\t\tborder: 2px solid #cfcfcf;\n\t\t\t}\n\t\t\t#gallery-1 .gallery-caption {\n\t\t\t\tmargin-left: 0;\n\t\t\t}\n\t\t\t\/* see gallery_shortcode() in wp-includes\/media.php *\/\n\t\t<\/style>\n\t\t<div id='gallery-1' class='gallery galleryid-8066 gallery-columns-3 gallery-size-medium'><dl class='gallery-item'>\n\t\t\t<dt class='gallery-icon landscape'>\n\t\t\t\t<a href='https:\/\/confecomerc.es\/va\/adhesion-mercado-central-de-valencia-a-la-campana-pequeno-comercio-el-futuro-que-compras\/adhesion-mercado-central-de-valencia-la-campana-pequeno-comercio-el-futuro-que-compras_1-2\/'><img decoding=\"async\" width=\"300\" height=\"169\" src=\"https:\/\/confecomerc.es\/wp-content\/uploads\/2020\/07\/Adhesi\u00f3n-Mercado-Central-de-Val\u00e8ncia-la-campa\u00f1a-\u2018Peque\u00f1o-comercio.-El-futuro-que-compras\u2019_1-300x169.jpg\" class=\"attachment-medium size-medium\" alt=\"Adhesi\u00f3n Mercado Central de Val\u00e8ncia la campa\u00f1a \u2018Peque\u00f1o comercio. El futuro que compras\u2019\" srcset=\"https:\/\/confecomerc.es\/wp-content\/uploads\/2020\/07\/Adhesi\u00f3n-Mercado-Central-de-Val\u00e8ncia-la-campa\u00f1a-\u2018Peque\u00f1o-comercio.-El-futuro-que-compras\u2019_1-300x169.jpg 300w, https:\/\/confecomerc.es\/wp-content\/uploads\/2020\/07\/Adhesi\u00f3n-Mercado-Central-de-Val\u00e8ncia-la-campa\u00f1a-\u2018Peque\u00f1o-comercio.-El-futuro-que-compras\u2019_1-1024x576.jpg 1024w, https:\/\/confecomerc.es\/wp-content\/uploads\/2020\/07\/Adhesi\u00f3n-Mercado-Central-de-Val\u00e8ncia-la-campa\u00f1a-\u2018Peque\u00f1o-comercio.-El-futuro-que-compras\u2019_1-768x432.jpg 768w, https:\/\/confecomerc.es\/wp-content\/uploads\/2020\/07\/Adhesi\u00f3n-Mercado-Central-de-Val\u00e8ncia-la-campa\u00f1a-\u2018Peque\u00f1o-comercio.-El-futuro-que-compras\u2019_1-1536x864.jpg 1536w, https:\/\/confecomerc.es\/wp-content\/uploads\/2020\/07\/Adhesi\u00f3n-Mercado-Central-de-Val\u00e8ncia-la-campa\u00f1a-\u2018Peque\u00f1o-comercio.-El-futuro-que-compras\u2019_1-1080x608.jpg 1080w, https:\/\/confecomerc.es\/wp-content\/uploads\/2020\/07\/Adhesi\u00f3n-Mercado-Central-de-Val\u00e8ncia-la-campa\u00f1a-\u2018Peque\u00f1o-comercio.-El-futuro-que-compras\u2019_1-1280x720.jpg 1280w, https:\/\/confecomerc.es\/wp-content\/uploads\/2020\/07\/Adhesi\u00f3n-Mercado-Central-de-Val\u00e8ncia-la-campa\u00f1a-\u2018Peque\u00f1o-comercio.-El-futuro-que-compras\u2019_1-980x551.jpg 980w, https:\/\/confecomerc.es\/wp-content\/uploads\/2020\/07\/Adhesi\u00f3n-Mercado-Central-de-Val\u00e8ncia-la-campa\u00f1a-\u2018Peque\u00f1o-comercio.-El-futuro-que-compras\u2019_1-480x270.jpg 480w, https:\/\/confecomerc.es\/wp-content\/uploads\/2020\/07\/Adhesi\u00f3n-Mercado-Central-de-Val\u00e8ncia-la-campa\u00f1a-\u2018Peque\u00f1o-comercio.-El-futuro-que-compras\u2019_1.jpg 1600w\" sizes=\"(max-width: 300px) 100vw, 300px\" \/><\/a>\n\t\t\t<\/dt><\/dl><dl class='gallery-item'>\n\t\t\t<dt class='gallery-icon landscape'>\n\t\t\t\t<a href='https:\/\/confecomerc.es\/va\/adhesion-mercado-central-de-valencia-a-la-campana-pequeno-comercio-el-futuro-que-compras\/adhesion-mercado-central-de-valencia-la-campana-pequeno-comercio-el-futuro-que-compras_2-2\/'><img decoding=\"async\" width=\"300\" height=\"169\" src=\"https:\/\/confecomerc.es\/wp-content\/uploads\/2020\/07\/Adhesi\u00f3n-Mercado-Central-de-Val\u00e8ncia-la-campa\u00f1a-\u2018Peque\u00f1o-comercio.-El-futuro-que-compras\u2019_2-300x169.jpg\" class=\"attachment-medium size-medium\" alt=\"Adhesi\u00f3n Mercado Central de Val\u00e8ncia la campa\u00f1a \u2018Peque\u00f1o comercio. El futuro que compras\u2019\" srcset=\"https:\/\/confecomerc.es\/wp-content\/uploads\/2020\/07\/Adhesi\u00f3n-Mercado-Central-de-Val\u00e8ncia-la-campa\u00f1a-\u2018Peque\u00f1o-comercio.-El-futuro-que-compras\u2019_2-300x169.jpg 300w, https:\/\/confecomerc.es\/wp-content\/uploads\/2020\/07\/Adhesi\u00f3n-Mercado-Central-de-Val\u00e8ncia-la-campa\u00f1a-\u2018Peque\u00f1o-comercio.-El-futuro-que-compras\u2019_2-1024x576.jpg 1024w, https:\/\/confecomerc.es\/wp-content\/uploads\/2020\/07\/Adhesi\u00f3n-Mercado-Central-de-Val\u00e8ncia-la-campa\u00f1a-\u2018Peque\u00f1o-comercio.-El-futuro-que-compras\u2019_2-768x432.jpg 768w, https:\/\/confecomerc.es\/wp-content\/uploads\/2020\/07\/Adhesi\u00f3n-Mercado-Central-de-Val\u00e8ncia-la-campa\u00f1a-\u2018Peque\u00f1o-comercio.-El-futuro-que-compras\u2019_2-1536x864.jpg 1536w, https:\/\/confecomerc.es\/wp-content\/uploads\/2020\/07\/Adhesi\u00f3n-Mercado-Central-de-Val\u00e8ncia-la-campa\u00f1a-\u2018Peque\u00f1o-comercio.-El-futuro-que-compras\u2019_2-1080x608.jpg 1080w, https:\/\/confecomerc.es\/wp-content\/uploads\/2020\/07\/Adhesi\u00f3n-Mercado-Central-de-Val\u00e8ncia-la-campa\u00f1a-\u2018Peque\u00f1o-comercio.-El-futuro-que-compras\u2019_2-1280x720.jpg 1280w, https:\/\/confecomerc.es\/wp-content\/uploads\/2020\/07\/Adhesi\u00f3n-Mercado-Central-de-Val\u00e8ncia-la-campa\u00f1a-\u2018Peque\u00f1o-comercio.-El-futuro-que-compras\u2019_2-980x551.jpg 980w, https:\/\/confecomerc.es\/wp-content\/uploads\/2020\/07\/Adhesi\u00f3n-Mercado-Central-de-Val\u00e8ncia-la-campa\u00f1a-\u2018Peque\u00f1o-comercio.-El-futuro-que-compras\u2019_2-480x270.jpg 480w, https:\/\/confecomerc.es\/wp-content\/uploads\/2020\/07\/Adhesi\u00f3n-Mercado-Central-de-Val\u00e8ncia-la-campa\u00f1a-\u2018Peque\u00f1o-comercio.-El-futuro-que-compras\u2019_2.jpg 1600w\" sizes=\"(max-width: 300px) 100vw, 300px\" \/><\/a>\n\t\t\t<\/dt><\/dl><dl class='gallery-item'>\n\t\t\t<dt class='gallery-icon landscape'>\n\t\t\t\t<a href='https:\/\/confecomerc.es\/va\/adhesion-mercado-central-de-valencia-a-la-campana-pequeno-comercio-el-futuro-que-compras\/adhesion-mercado-central-de-valencia-la-campana-pequeno-comercio-el-futuro-que-compras_3-2\/'><img decoding=\"async\" width=\"300\" height=\"169\" src=\"https:\/\/confecomerc.es\/wp-content\/uploads\/2020\/07\/Adhesi\u00f3n-Mercado-Central-de-Val\u00e8ncia-la-campa\u00f1a-\u2018Peque\u00f1o-comercio.-El-futuro-que-compras\u2019_3-300x169.jpg\" class=\"attachment-medium size-medium\" alt=\"Adhesi\u00f3n Mercado Central de Val\u00e8ncia la campa\u00f1a \u2018Peque\u00f1o comercio. El futuro que compras\u2019\" srcset=\"https:\/\/confecomerc.es\/wp-content\/uploads\/2020\/07\/Adhesi\u00f3n-Mercado-Central-de-Val\u00e8ncia-la-campa\u00f1a-\u2018Peque\u00f1o-comercio.-El-futuro-que-compras\u2019_3-300x169.jpg 300w, https:\/\/confecomerc.es\/wp-content\/uploads\/2020\/07\/Adhesi\u00f3n-Mercado-Central-de-Val\u00e8ncia-la-campa\u00f1a-\u2018Peque\u00f1o-comercio.-El-futuro-que-compras\u2019_3-1024x576.jpg 1024w, https:\/\/confecomerc.es\/wp-content\/uploads\/2020\/07\/Adhesi\u00f3n-Mercado-Central-de-Val\u00e8ncia-la-campa\u00f1a-\u2018Peque\u00f1o-comercio.-El-futuro-que-compras\u2019_3-768x432.jpg 768w, https:\/\/confecomerc.es\/wp-content\/uploads\/2020\/07\/Adhesi\u00f3n-Mercado-Central-de-Val\u00e8ncia-la-campa\u00f1a-\u2018Peque\u00f1o-comercio.-El-futuro-que-compras\u2019_3-1536x864.jpg 1536w, https:\/\/confecomerc.es\/wp-content\/uploads\/2020\/07\/Adhesi\u00f3n-Mercado-Central-de-Val\u00e8ncia-la-campa\u00f1a-\u2018Peque\u00f1o-comercio.-El-futuro-que-compras\u2019_3-1080x608.jpg 1080w, https:\/\/confecomerc.es\/wp-content\/uploads\/2020\/07\/Adhesi\u00f3n-Mercado-Central-de-Val\u00e8ncia-la-campa\u00f1a-\u2018Peque\u00f1o-comercio.-El-futuro-que-compras\u2019_3-1280x720.jpg 1280w, https:\/\/confecomerc.es\/wp-content\/uploads\/2020\/07\/Adhesi\u00f3n-Mercado-Central-de-Val\u00e8ncia-la-campa\u00f1a-\u2018Peque\u00f1o-comercio.-El-futuro-que-compras\u2019_3-980x551.jpg 980w, https:\/\/confecomerc.es\/wp-content\/uploads\/2020\/07\/Adhesi\u00f3n-Mercado-Central-de-Val\u00e8ncia-la-campa\u00f1a-\u2018Peque\u00f1o-comercio.-El-futuro-que-compras\u2019_3-480x270.jpg 480w, https:\/\/confecomerc.es\/wp-content\/uploads\/2020\/07\/Adhesi\u00f3n-Mercado-Central-de-Val\u00e8ncia-la-campa\u00f1a-\u2018Peque\u00f1o-comercio.-El-futuro-que-compras\u2019_3.jpg 1600w\" sizes=\"(max-width: 300px) 100vw, 300px\" \/><\/a>\n\t\t\t<\/dt><\/dl><br style=\"clear: both\" \/><dl class='gallery-item'>\n\t\t\t<dt class='gallery-icon landscape'>\n\t\t\t\t<a href='https:\/\/confecomerc.es\/va\/adhesion-mercado-central-de-valencia-a-la-campana-pequeno-comercio-el-futuro-que-compras\/adhesion-mercado-central-de-valencia-la-campana-pequeno-comercio-el-futuro-que-compras_4-2\/'><img decoding=\"async\" width=\"300\" height=\"169\" src=\"https:\/\/confecomerc.es\/wp-content\/uploads\/2020\/07\/Adhesi\u00f3n-Mercado-Central-de-Val\u00e8ncia-la-campa\u00f1a-\u2018Peque\u00f1o-comercio.-El-futuro-que-compras\u2019_4-300x169.jpg\" class=\"attachment-medium size-medium\" alt=\"Adhesi\u00f3n Mercado Central de Val\u00e8ncia la campa\u00f1a \u2018Peque\u00f1o comercio. El futuro que compras\u2019\" srcset=\"https:\/\/confecomerc.es\/wp-content\/uploads\/2020\/07\/Adhesi\u00f3n-Mercado-Central-de-Val\u00e8ncia-la-campa\u00f1a-\u2018Peque\u00f1o-comercio.-El-futuro-que-compras\u2019_4-300x169.jpg 300w, https:\/\/confecomerc.es\/wp-content\/uploads\/2020\/07\/Adhesi\u00f3n-Mercado-Central-de-Val\u00e8ncia-la-campa\u00f1a-\u2018Peque\u00f1o-comercio.-El-futuro-que-compras\u2019_4-1024x576.jpg 1024w, https:\/\/confecomerc.es\/wp-content\/uploads\/2020\/07\/Adhesi\u00f3n-Mercado-Central-de-Val\u00e8ncia-la-campa\u00f1a-\u2018Peque\u00f1o-comercio.-El-futuro-que-compras\u2019_4-768x432.jpg 768w, https:\/\/confecomerc.es\/wp-content\/uploads\/2020\/07\/Adhesi\u00f3n-Mercado-Central-de-Val\u00e8ncia-la-campa\u00f1a-\u2018Peque\u00f1o-comercio.-El-futuro-que-compras\u2019_4-1536x864.jpg 1536w, https:\/\/confecomerc.es\/wp-content\/uploads\/2020\/07\/Adhesi\u00f3n-Mercado-Central-de-Val\u00e8ncia-la-campa\u00f1a-\u2018Peque\u00f1o-comercio.-El-futuro-que-compras\u2019_4-1080x608.jpg 1080w, https:\/\/confecomerc.es\/wp-content\/uploads\/2020\/07\/Adhesi\u00f3n-Mercado-Central-de-Val\u00e8ncia-la-campa\u00f1a-\u2018Peque\u00f1o-comercio.-El-futuro-que-compras\u2019_4-1280x720.jpg 1280w, https:\/\/confecomerc.es\/wp-content\/uploads\/2020\/07\/Adhesi\u00f3n-Mercado-Central-de-Val\u00e8ncia-la-campa\u00f1a-\u2018Peque\u00f1o-comercio.-El-futuro-que-compras\u2019_4-980x551.jpg 980w, https:\/\/confecomerc.es\/wp-content\/uploads\/2020\/07\/Adhesi\u00f3n-Mercado-Central-de-Val\u00e8ncia-la-campa\u00f1a-\u2018Peque\u00f1o-comercio.-El-futuro-que-compras\u2019_4-480x270.jpg 480w, https:\/\/confecomerc.es\/wp-content\/uploads\/2020\/07\/Adhesi\u00f3n-Mercado-Central-de-Val\u00e8ncia-la-campa\u00f1a-\u2018Peque\u00f1o-comercio.-El-futuro-que-compras\u2019_4.jpg 1600w\" sizes=\"(max-width: 300px) 100vw, 300px\" \/><\/a>\n\t\t\t<\/dt><\/dl><dl class='gallery-item'>\n\t\t\t<dt class='gallery-icon landscape'>\n\t\t\t\t<a href='https:\/\/confecomerc.es\/va\/adhesion-mercado-central-de-valencia-a-la-campana-pequeno-comercio-el-futuro-que-compras\/adhesion-mercado-central-de-valencia-la-campana-pequeno-comercio-el-futuro-que-compras_5-2\/'><img decoding=\"async\" width=\"300\" height=\"169\" src=\"https:\/\/confecomerc.es\/wp-content\/uploads\/2020\/07\/Adhesi\u00f3n-Mercado-Central-de-Val\u00e8ncia-la-campa\u00f1a-\u2018Peque\u00f1o-comercio.-El-futuro-que-compras\u2019_5-300x169.jpg\" class=\"attachment-medium size-medium\" alt=\"Adhesi\u00f3n Mercado Central de Val\u00e8ncia la campa\u00f1a \u2018Peque\u00f1o comercio. El futuro que compras\u2019\" srcset=\"https:\/\/confecomerc.es\/wp-content\/uploads\/2020\/07\/Adhesi\u00f3n-Mercado-Central-de-Val\u00e8ncia-la-campa\u00f1a-\u2018Peque\u00f1o-comercio.-El-futuro-que-compras\u2019_5-300x169.jpg 300w, https:\/\/confecomerc.es\/wp-content\/uploads\/2020\/07\/Adhesi\u00f3n-Mercado-Central-de-Val\u00e8ncia-la-campa\u00f1a-\u2018Peque\u00f1o-comercio.-El-futuro-que-compras\u2019_5-1024x576.jpg 1024w, https:\/\/confecomerc.es\/wp-content\/uploads\/2020\/07\/Adhesi\u00f3n-Mercado-Central-de-Val\u00e8ncia-la-campa\u00f1a-\u2018Peque\u00f1o-comercio.-El-futuro-que-compras\u2019_5-768x432.jpg 768w, https:\/\/confecomerc.es\/wp-content\/uploads\/2020\/07\/Adhesi\u00f3n-Mercado-Central-de-Val\u00e8ncia-la-campa\u00f1a-\u2018Peque\u00f1o-comercio.-El-futuro-que-compras\u2019_5-1536x864.jpg 1536w, https:\/\/confecomerc.es\/wp-content\/uploads\/2020\/07\/Adhesi\u00f3n-Mercado-Central-de-Val\u00e8ncia-la-campa\u00f1a-\u2018Peque\u00f1o-comercio.-El-futuro-que-compras\u2019_5-1080x608.jpg 1080w, https:\/\/confecomerc.es\/wp-content\/uploads\/2020\/07\/Adhesi\u00f3n-Mercado-Central-de-Val\u00e8ncia-la-campa\u00f1a-\u2018Peque\u00f1o-comercio.-El-futuro-que-compras\u2019_5-1280x720.jpg 1280w, https:\/\/confecomerc.es\/wp-content\/uploads\/2020\/07\/Adhesi\u00f3n-Mercado-Central-de-Val\u00e8ncia-la-campa\u00f1a-\u2018Peque\u00f1o-comercio.-El-futuro-que-compras\u2019_5-980x551.jpg 980w, https:\/\/confecomerc.es\/wp-content\/uploads\/2020\/07\/Adhesi\u00f3n-Mercado-Central-de-Val\u00e8ncia-la-campa\u00f1a-\u2018Peque\u00f1o-comercio.-El-futuro-que-compras\u2019_5-480x270.jpg 480w, https:\/\/confecomerc.es\/wp-content\/uploads\/2020\/07\/Adhesi\u00f3n-Mercado-Central-de-Val\u00e8ncia-la-campa\u00f1a-\u2018Peque\u00f1o-comercio.-El-futuro-que-compras\u2019_5.jpg 1600w\" sizes=\"(max-width: 300px) 100vw, 300px\" \/><\/a>\n\t\t\t<\/dt><\/dl><dl class='gallery-item'>\n\t\t\t<dt class='gallery-icon landscape'>\n\t\t\t\t<a href='https:\/\/confecomerc.es\/va\/adhesion-mercado-central-de-valencia-a-la-campana-pequeno-comercio-el-futuro-que-compras\/adhesion-mercado-central-de-valencia-la-campana-pequeno-comercio-el-futuro-que-compras_6-2\/'><img decoding=\"async\" width=\"300\" height=\"169\" src=\"https:\/\/confecomerc.es\/wp-content\/uploads\/2020\/07\/Adhesi\u00f3n-Mercado-Central-de-Val\u00e8ncia-la-campa\u00f1a-\u2018Peque\u00f1o-comercio.-El-futuro-que-compras\u2019_6-300x169.jpg\" class=\"attachment-medium size-medium\" alt=\"Adhesi\u00f3n Mercado Central de Val\u00e8ncia la campa\u00f1a \u2018Peque\u00f1o comercio. El futuro que compras\u2019\" srcset=\"https:\/\/confecomerc.es\/wp-content\/uploads\/2020\/07\/Adhesi\u00f3n-Mercado-Central-de-Val\u00e8ncia-la-campa\u00f1a-\u2018Peque\u00f1o-comercio.-El-futuro-que-compras\u2019_6-300x169.jpg 300w, https:\/\/confecomerc.es\/wp-content\/uploads\/2020\/07\/Adhesi\u00f3n-Mercado-Central-de-Val\u00e8ncia-la-campa\u00f1a-\u2018Peque\u00f1o-comercio.-El-futuro-que-compras\u2019_6-1024x576.jpg 1024w, https:\/\/confecomerc.es\/wp-content\/uploads\/2020\/07\/Adhesi\u00f3n-Mercado-Central-de-Val\u00e8ncia-la-campa\u00f1a-\u2018Peque\u00f1o-comercio.-El-futuro-que-compras\u2019_6-768x432.jpg 768w, https:\/\/confecomerc.es\/wp-content\/uploads\/2020\/07\/Adhesi\u00f3n-Mercado-Central-de-Val\u00e8ncia-la-campa\u00f1a-\u2018Peque\u00f1o-comercio.-El-futuro-que-compras\u2019_6-1536x864.jpg 1536w, https:\/\/confecomerc.es\/wp-content\/uploads\/2020\/07\/Adhesi\u00f3n-Mercado-Central-de-Val\u00e8ncia-la-campa\u00f1a-\u2018Peque\u00f1o-comercio.-El-futuro-que-compras\u2019_6-1080x608.jpg 1080w, https:\/\/confecomerc.es\/wp-content\/uploads\/2020\/07\/Adhesi\u00f3n-Mercado-Central-de-Val\u00e8ncia-la-campa\u00f1a-\u2018Peque\u00f1o-comercio.-El-futuro-que-compras\u2019_6-1280x720.jpg 1280w, https:\/\/confecomerc.es\/wp-content\/uploads\/2020\/07\/Adhesi\u00f3n-Mercado-Central-de-Val\u00e8ncia-la-campa\u00f1a-\u2018Peque\u00f1o-comercio.-El-futuro-que-compras\u2019_6-980x551.jpg 980w, https:\/\/confecomerc.es\/wp-content\/uploads\/2020\/07\/Adhesi\u00f3n-Mercado-Central-de-Val\u00e8ncia-la-campa\u00f1a-\u2018Peque\u00f1o-comercio.-El-futuro-que-compras\u2019_6-480x270.jpg 480w, https:\/\/confecomerc.es\/wp-content\/uploads\/2020\/07\/Adhesi\u00f3n-Mercado-Central-de-Val\u00e8ncia-la-campa\u00f1a-\u2018Peque\u00f1o-comercio.-El-futuro-que-compras\u2019_6.jpg 1600w\" sizes=\"(max-width: 300px) 100vw, 300px\" \/><\/a>\n\t\t\t<\/dt><\/dl><br style=\"clear: both\" \/>\n\t\t<\/div>\n\n<p><strong>V\u00eddeo de la campa\u00f1a:<\/strong><\/p>\n<p><iframe src=\"https:\/\/www.youtube.com\/embed\/hFE2Y202POo\" width=\"560\" height=\"315\" frameborder=\"0\" allowfullscreen=\"allowfullscreen\"><\/iframe><\/p>\n","protected":false},"excerpt":{"rendered":"<p>El Mercado Central de Valencia se ha adherido a la campa\u00f1a de la Confederaci\u00f3 d\u00b4Empresaris del Comer\u00e7, Servicis i Aut\u00f2noms de la Comunitat Valenciana (Confecomer\u00e7 CV) \u2018Peque\u00f1o comercio. El futuro que compras\u2019, que pone en valor la compra de productos frescos y de proximidad.<\/p>\n","protected":false},"author":1,"featured_media":5182,"comment_status":"open","ping_status":"open","sticky":false,"template":"","format":"standard","meta":{"_et_pb_use_builder":"","_et_pb_old_content":"","_et_gb_content_width":"","footnotes":""},"categories":[613],"tags":[620,3020,3186,3015],"class_list":["post-8066","post","type-post","status-publish","format-standard","has-post-thumbnail","hentry","category-associats-confecomerc-cv","tag-confecomerc-va","tag-confemercats-va","tag-el-futuro-que-compras-va","tag-mercado-central-valencia-va"],"yoast_head":"<!-- This site is optimized with the Yoast SEO plugin v27.3 - https:\/\/yoast.com\/product\/yoast-seo-wordpress\/ -->\n<title>Adhesi\u00f3n Mercado Central de Val\u00e8ncia a la campa\u00f1a \u2018Peque\u00f1o comercio. El futuro que compras\u2019<\/title>\n<meta name=\"description\" content=\"El Mercado Central de Valencia se ha adherido a la campa\u00f1a de la Confederaci\u00f3 d\u00b4Empresaris del Comer\u00e7, Servicis i Aut\u00f2noms de la Comunitat Valenciana (Confecomer\u00e7 CV) \u2018Peque\u00f1o comercio. El futuro que compras\u2019, que pone en valor la compra de productos frescos y de proximidad.\" \/>\n<meta name=\"robots\" content=\"index, follow, max-snippet:-1, max-image-preview:large, max-video-preview:-1\" \/>\n<link rel=\"canonical\" href=\"https:\/\/confecomerc.es\/va\/adhesion-mercado-central-de-valencia-a-la-campana-pequeno-comercio-el-futuro-que-compras\/\" \/>\n<meta property=\"og:locale\" content=\"en_US\" \/>\n<meta property=\"og:type\" content=\"article\" \/>\n<meta property=\"og:title\" content=\"Adhesi\u00f3n Mercado Central de Val\u00e8ncia a la campa\u00f1a \u2018Peque\u00f1o comercio. El futuro que compras\u2019\" \/>\n<meta property=\"og:description\" content=\"El Mercado Central de Valencia se ha adherido a la campa\u00f1a de la Confederaci\u00f3 d\u00b4Empresaris del Comer\u00e7, Servicis i Aut\u00f2noms de la Comunitat Valenciana (Confecomer\u00e7 CV) \u2018Peque\u00f1o comercio. El futuro que compras\u2019, que pone en valor la compra de productos frescos y de proximidad.\" \/>\n<meta property=\"og:url\" content=\"https:\/\/confecomerc.es\/va\/adhesion-mercado-central-de-valencia-a-la-campana-pequeno-comercio-el-futuro-que-compras\/\" \/>\n<meta property=\"og:site_name\" content=\"Confecomer\u00e7\" \/>\n<meta property=\"article:published_time\" content=\"2020-07-15T11:24:26+00:00\" \/>\n<meta property=\"article:modified_time\" content=\"2021-07-19T10:51:46+00:00\" \/>\n<meta property=\"og:image\" content=\"https:\/\/i2.wp.com\/confecomerc.es\/wp-content\/uploads\/2020\/07\/Adhesi\u00f3n-Mercado-Central-de-Val\u00e8ncia-la-campa\u00f1a-\u2018Peque\u00f1o-comercio.-El-futuro-que-compras\u2019_2.jpg?fit=1600%2C900&ssl=1\" \/>\n\t<meta property=\"og:image:width\" content=\"1600\" \/>\n\t<meta property=\"og:image:height\" content=\"900\" \/>\n\t<meta property=\"og:image:type\" content=\"image\/jpeg\" \/>\n<meta name=\"author\" content=\"CONFECOMER\u00c7 CV\" \/>\n<meta name=\"twitter:card\" content=\"summary_large_image\" \/>\n<meta name=\"twitter:label1\" content=\"Written by\" \/>\n\t<meta name=\"twitter:data1\" content=\"CONFECOMER\u00c7 CV\" \/>\n\t<meta name=\"twitter:label2\" content=\"Est. reading time\" \/>\n\t<meta name=\"twitter:data2\" content=\"2 minutes\" \/>\n<script type=\"application\/ld+json\" class=\"yoast-schema-graph\">{\"@context\":\"https:\\\/\\\/schema.org\",\"@graph\":[{\"@type\":\"Article\",\"@id\":\"https:\\\/\\\/confecomerc.es\\\/va\\\/adhesion-mercado-central-de-valencia-a-la-campana-pequeno-comercio-el-futuro-que-compras\\\/#article\",\"isPartOf\":{\"@id\":\"https:\\\/\\\/confecomerc.es\\\/va\\\/adhesion-mercado-central-de-valencia-a-la-campana-pequeno-comercio-el-futuro-que-compras\\\/\"},\"author\":{\"name\":\"CONFECOMER\u00c7 CV\",\"@id\":\"https:\\\/\\\/confecomerc.es\\\/#\\\/schema\\\/person\\\/23aa6211544dad9fa6ee269977b0a823\"},\"headline\":\"Adhesi\u00f3n Mercado Central de Val\u00e8ncia a la campa\u00f1a \u2018Peque\u00f1o comercio. El futuro que compras\u2019\",\"datePublished\":\"2020-07-15T11:24:26+00:00\",\"dateModified\":\"2021-07-19T10:51:46+00:00\",\"mainEntityOfPage\":{\"@id\":\"https:\\\/\\\/confecomerc.es\\\/va\\\/adhesion-mercado-central-de-valencia-a-la-campana-pequeno-comercio-el-futuro-que-compras\\\/\"},\"wordCount\":460,\"commentCount\":0,\"image\":{\"@id\":\"https:\\\/\\\/confecomerc.es\\\/va\\\/adhesion-mercado-central-de-valencia-a-la-campana-pequeno-comercio-el-futuro-que-compras\\\/#primaryimage\"},\"thumbnailUrl\":\"https:\\\/\\\/confecomerc.es\\\/wp-content\\\/uploads\\\/2020\\\/07\\\/Adhesi\u00f3n-Mercado-Central-de-Val\u00e8ncia-la-campa\u00f1a-\u2018Peque\u00f1o-comercio.-El-futuro-que-compras\u2019_2.jpg\",\"keywords\":[\"confecomer\u00e7\",\"confemercats\",\"el futuro que compras\",\"mercado central valencia\"],\"articleSection\":[\"Associats Confecomer\u00e7 Cv\"],\"inLanguage\":\"va-VA\",\"potentialAction\":[{\"@type\":\"CommentAction\",\"name\":\"Comment\",\"target\":[\"https:\\\/\\\/confecomerc.es\\\/va\\\/adhesion-mercado-central-de-valencia-a-la-campana-pequeno-comercio-el-futuro-que-compras\\\/#respond\"]}]},{\"@type\":\"WebPage\",\"@id\":\"https:\\\/\\\/confecomerc.es\\\/va\\\/adhesion-mercado-central-de-valencia-a-la-campana-pequeno-comercio-el-futuro-que-compras\\\/\",\"url\":\"https:\\\/\\\/confecomerc.es\\\/va\\\/adhesion-mercado-central-de-valencia-a-la-campana-pequeno-comercio-el-futuro-que-compras\\\/\",\"name\":\"Adhesi\u00f3n Mercado Central de Val\u00e8ncia a la campa\u00f1a \u2018Peque\u00f1o comercio. El futuro que compras\u2019\",\"isPartOf\":{\"@id\":\"https:\\\/\\\/confecomerc.es\\\/#website\"},\"primaryImageOfPage\":{\"@id\":\"https:\\\/\\\/confecomerc.es\\\/va\\\/adhesion-mercado-central-de-valencia-a-la-campana-pequeno-comercio-el-futuro-que-compras\\\/#primaryimage\"},\"image\":{\"@id\":\"https:\\\/\\\/confecomerc.es\\\/va\\\/adhesion-mercado-central-de-valencia-a-la-campana-pequeno-comercio-el-futuro-que-compras\\\/#primaryimage\"},\"thumbnailUrl\":\"https:\\\/\\\/confecomerc.es\\\/wp-content\\\/uploads\\\/2020\\\/07\\\/Adhesi\u00f3n-Mercado-Central-de-Val\u00e8ncia-la-campa\u00f1a-\u2018Peque\u00f1o-comercio.-El-futuro-que-compras\u2019_2.jpg\",\"datePublished\":\"2020-07-15T11:24:26+00:00\",\"dateModified\":\"2021-07-19T10:51:46+00:00\",\"author\":{\"@id\":\"https:\\\/\\\/confecomerc.es\\\/#\\\/schema\\\/person\\\/23aa6211544dad9fa6ee269977b0a823\"},\"description\":\"El Mercado Central de Valencia se ha adherido a la campa\u00f1a de la Confederaci\u00f3 d\u00b4Empresaris del Comer\u00e7, Servicis i Aut\u00f2noms de la Comunitat Valenciana (Confecomer\u00e7 CV) \u2018Peque\u00f1o comercio. El futuro que compras\u2019, que pone en valor la compra de productos frescos y de proximidad.\",\"breadcrumb\":{\"@id\":\"https:\\\/\\\/confecomerc.es\\\/va\\\/adhesion-mercado-central-de-valencia-a-la-campana-pequeno-comercio-el-futuro-que-compras\\\/#breadcrumb\"},\"inLanguage\":\"va-VA\",\"potentialAction\":[{\"@type\":\"ReadAction\",\"target\":[\"https:\\\/\\\/confecomerc.es\\\/va\\\/adhesion-mercado-central-de-valencia-a-la-campana-pequeno-comercio-el-futuro-que-compras\\\/\"]}]},{\"@type\":\"ImageObject\",\"inLanguage\":\"va-VA\",\"@id\":\"https:\\\/\\\/confecomerc.es\\\/va\\\/adhesion-mercado-central-de-valencia-a-la-campana-pequeno-comercio-el-futuro-que-compras\\\/#primaryimage\",\"url\":\"https:\\\/\\\/confecomerc.es\\\/wp-content\\\/uploads\\\/2020\\\/07\\\/Adhesi\u00f3n-Mercado-Central-de-Val\u00e8ncia-la-campa\u00f1a-\u2018Peque\u00f1o-comercio.-El-futuro-que-compras\u2019_2.jpg\",\"contentUrl\":\"https:\\\/\\\/confecomerc.es\\\/wp-content\\\/uploads\\\/2020\\\/07\\\/Adhesi\u00f3n-Mercado-Central-de-Val\u00e8ncia-la-campa\u00f1a-\u2018Peque\u00f1o-comercio.-El-futuro-que-compras\u2019_2.jpg\",\"width\":1600,\"height\":900,\"caption\":\"Adhesi\u00f3n Mercado Central de Val\u00e8ncia la campa\u00f1a \u2018Peque\u00f1o comercio. El futuro que compras\u2019\"},{\"@type\":\"BreadcrumbList\",\"@id\":\"https:\\\/\\\/confecomerc.es\\\/va\\\/adhesion-mercado-central-de-valencia-a-la-campana-pequeno-comercio-el-futuro-que-compras\\\/#breadcrumb\",\"itemListElement\":[{\"@type\":\"ListItem\",\"position\":1,\"name\":\"Home\",\"item\":\"https:\\\/\\\/confecomerc.es\\\/va\\\/confecomerc-cv\\\/\"},{\"@type\":\"ListItem\",\"position\":2,\"name\":\"Adhesi\u00f3n Mercado Central de Val\u00e8ncia a la campa\u00f1a \u2018Peque\u00f1o comercio. El futuro que compras\u2019\"}]},{\"@type\":\"WebSite\",\"@id\":\"https:\\\/\\\/confecomerc.es\\\/#website\",\"url\":\"https:\\\/\\\/confecomerc.es\\\/\",\"name\":\"Confecomer\u00e7\",\"description\":\"Confederaci\u00f3 de Comer\u00e7 d\u2019alacant, Castell\u00f3 i Val\u00e8ncia\",\"potentialAction\":[{\"@type\":\"SearchAction\",\"target\":{\"@type\":\"EntryPoint\",\"urlTemplate\":\"https:\\\/\\\/confecomerc.es\\\/?s={search_term_string}\"},\"query-input\":{\"@type\":\"PropertyValueSpecification\",\"valueRequired\":true,\"valueName\":\"search_term_string\"}}],\"inLanguage\":\"va-VA\"},{\"@type\":\"Person\",\"@id\":\"https:\\\/\\\/confecomerc.es\\\/#\\\/schema\\\/person\\\/23aa6211544dad9fa6ee269977b0a823\",\"name\":\"CONFECOMER\u00c7 CV\",\"url\":\"https:\\\/\\\/confecomerc.es\\\/va\\\/author\\\/confe-admin-cv\\\/\"}]}<\/script>\n<!-- \/ Yoast SEO plugin. -->","yoast_head_json":{"title":"Adhesi\u00f3n Mercado Central de Val\u00e8ncia a la campa\u00f1a \u2018Peque\u00f1o comercio. El futuro que compras\u2019","description":"El Mercado Central de Valencia se ha adherido a la campa\u00f1a de la Confederaci\u00f3 d\u00b4Empresaris del Comer\u00e7, Servicis i Aut\u00f2noms de la Comunitat Valenciana (Confecomer\u00e7 CV) \u2018Peque\u00f1o comercio. El futuro que compras\u2019, que pone en valor la compra de productos frescos y de proximidad.","robots":{"index":"index","follow":"follow","max-snippet":"max-snippet:-1","max-image-preview":"max-image-preview:large","max-video-preview":"max-video-preview:-1"},"canonical":"https:\/\/confecomerc.es\/va\/adhesion-mercado-central-de-valencia-a-la-campana-pequeno-comercio-el-futuro-que-compras\/","og_locale":"en_US","og_type":"article","og_title":"Adhesi\u00f3n Mercado Central de Val\u00e8ncia a la campa\u00f1a \u2018Peque\u00f1o comercio. El futuro que compras\u2019","og_description":"El Mercado Central de Valencia se ha adherido a la campa\u00f1a de la Confederaci\u00f3 d\u00b4Empresaris del Comer\u00e7, Servicis i Aut\u00f2noms de la Comunitat Valenciana (Confecomer\u00e7 CV) \u2018Peque\u00f1o comercio. El futuro que compras\u2019, que pone en valor la compra de productos frescos y de proximidad.","og_url":"https:\/\/confecomerc.es\/va\/adhesion-mercado-central-de-valencia-a-la-campana-pequeno-comercio-el-futuro-que-compras\/","og_site_name":"Confecomer\u00e7","article_published_time":"2020-07-15T11:24:26+00:00","article_modified_time":"2021-07-19T10:51:46+00:00","og_image":[{"width":1600,"height":900,"url":"https:\/\/i2.wp.com\/confecomerc.es\/wp-content\/uploads\/2020\/07\/Adhesi\u00f3n-Mercado-Central-de-Val\u00e8ncia-la-campa\u00f1a-\u2018Peque\u00f1o-comercio.-El-futuro-que-compras\u2019_2.jpg?fit=1600%2C900&ssl=1","type":"image\/jpeg"}],"author":"CONFECOMER\u00c7 CV","twitter_card":"summary_large_image","twitter_misc":{"Written by":"CONFECOMER\u00c7 CV","Est. reading time":"2 minutes"},"schema":{"@context":"https:\/\/schema.org","@graph":[{"@type":"Article","@id":"https:\/\/confecomerc.es\/va\/adhesion-mercado-central-de-valencia-a-la-campana-pequeno-comercio-el-futuro-que-compras\/#article","isPartOf":{"@id":"https:\/\/confecomerc.es\/va\/adhesion-mercado-central-de-valencia-a-la-campana-pequeno-comercio-el-futuro-que-compras\/"},"author":{"name":"CONFECOMER\u00c7 CV","@id":"https:\/\/confecomerc.es\/#\/schema\/person\/23aa6211544dad9fa6ee269977b0a823"},"headline":"Adhesi\u00f3n Mercado Central de Val\u00e8ncia a la campa\u00f1a \u2018Peque\u00f1o comercio. El futuro que compras\u2019","datePublished":"2020-07-15T11:24:26+00:00","dateModified":"2021-07-19T10:51:46+00:00","mainEntityOfPage":{"@id":"https:\/\/confecomerc.es\/va\/adhesion-mercado-central-de-valencia-a-la-campana-pequeno-comercio-el-futuro-que-compras\/"},"wordCount":460,"commentCount":0,"image":{"@id":"https:\/\/confecomerc.es\/va\/adhesion-mercado-central-de-valencia-a-la-campana-pequeno-comercio-el-futuro-que-compras\/#primaryimage"},"thumbnailUrl":"https:\/\/confecomerc.es\/wp-content\/uploads\/2020\/07\/Adhesi\u00f3n-Mercado-Central-de-Val\u00e8ncia-la-campa\u00f1a-\u2018Peque\u00f1o-comercio.-El-futuro-que-compras\u2019_2.jpg","keywords":["confecomer\u00e7","confemercats","el futuro que compras","mercado central valencia"],"articleSection":["Associats Confecomer\u00e7 Cv"],"inLanguage":"va-VA","potentialAction":[{"@type":"CommentAction","name":"Comment","target":["https:\/\/confecomerc.es\/va\/adhesion-mercado-central-de-valencia-a-la-campana-pequeno-comercio-el-futuro-que-compras\/#respond"]}]},{"@type":"WebPage","@id":"https:\/\/confecomerc.es\/va\/adhesion-mercado-central-de-valencia-a-la-campana-pequeno-comercio-el-futuro-que-compras\/","url":"https:\/\/confecomerc.es\/va\/adhesion-mercado-central-de-valencia-a-la-campana-pequeno-comercio-el-futuro-que-compras\/","name":"Adhesi\u00f3n Mercado Central de Val\u00e8ncia a la campa\u00f1a \u2018Peque\u00f1o comercio. El futuro que compras\u2019","isPartOf":{"@id":"https:\/\/confecomerc.es\/#website"},"primaryImageOfPage":{"@id":"https:\/\/confecomerc.es\/va\/adhesion-mercado-central-de-valencia-a-la-campana-pequeno-comercio-el-futuro-que-compras\/#primaryimage"},"image":{"@id":"https:\/\/confecomerc.es\/va\/adhesion-mercado-central-de-valencia-a-la-campana-pequeno-comercio-el-futuro-que-compras\/#primaryimage"},"thumbnailUrl":"https:\/\/confecomerc.es\/wp-content\/uploads\/2020\/07\/Adhesi\u00f3n-Mercado-Central-de-Val\u00e8ncia-la-campa\u00f1a-\u2018Peque\u00f1o-comercio.-El-futuro-que-compras\u2019_2.jpg","datePublished":"2020-07-15T11:24:26+00:00","dateModified":"2021-07-19T10:51:46+00:00","author":{"@id":"https:\/\/confecomerc.es\/#\/schema\/person\/23aa6211544dad9fa6ee269977b0a823"},"description":"El Mercado Central de Valencia se ha adherido a la campa\u00f1a de la Confederaci\u00f3 d\u00b4Empresaris del Comer\u00e7, Servicis i Aut\u00f2noms de la Comunitat Valenciana (Confecomer\u00e7 CV) \u2018Peque\u00f1o comercio. El futuro que compras\u2019, que pone en valor la compra de productos frescos y de proximidad.","breadcrumb":{"@id":"https:\/\/confecomerc.es\/va\/adhesion-mercado-central-de-valencia-a-la-campana-pequeno-comercio-el-futuro-que-compras\/#breadcrumb"},"inLanguage":"va-VA","potentialAction":[{"@type":"ReadAction","target":["https:\/\/confecomerc.es\/va\/adhesion-mercado-central-de-valencia-a-la-campana-pequeno-comercio-el-futuro-que-compras\/"]}]},{"@type":"ImageObject","inLanguage":"va-VA","@id":"https:\/\/confecomerc.es\/va\/adhesion-mercado-central-de-valencia-a-la-campana-pequeno-comercio-el-futuro-que-compras\/#primaryimage","url":"https:\/\/confecomerc.es\/wp-content\/uploads\/2020\/07\/Adhesi\u00f3n-Mercado-Central-de-Val\u00e8ncia-la-campa\u00f1a-\u2018Peque\u00f1o-comercio.-El-futuro-que-compras\u2019_2.jpg","contentUrl":"https:\/\/confecomerc.es\/wp-content\/uploads\/2020\/07\/Adhesi\u00f3n-Mercado-Central-de-Val\u00e8ncia-la-campa\u00f1a-\u2018Peque\u00f1o-comercio.-El-futuro-que-compras\u2019_2.jpg","width":1600,"height":900,"caption":"Adhesi\u00f3n Mercado Central de Val\u00e8ncia la campa\u00f1a \u2018Peque\u00f1o comercio. El futuro que compras\u2019"},{"@type":"BreadcrumbList","@id":"https:\/\/confecomerc.es\/va\/adhesion-mercado-central-de-valencia-a-la-campana-pequeno-comercio-el-futuro-que-compras\/#breadcrumb","itemListElement":[{"@type":"ListItem","position":1,"name":"Home","item":"https:\/\/confecomerc.es\/va\/confecomerc-cv\/"},{"@type":"ListItem","position":2,"name":"Adhesi\u00f3n Mercado Central de Val\u00e8ncia a la campa\u00f1a \u2018Peque\u00f1o comercio. El futuro que compras\u2019"}]},{"@type":"WebSite","@id":"https:\/\/confecomerc.es\/#website","url":"https:\/\/confecomerc.es\/","name":"Confecomer\u00e7","description":"Confederaci\u00f3 de Comer\u00e7 d\u2019alacant, Castell\u00f3 i Val\u00e8ncia","potentialAction":[{"@type":"SearchAction","target":{"@type":"EntryPoint","urlTemplate":"https:\/\/confecomerc.es\/?s={search_term_string}"},"query-input":{"@type":"PropertyValueSpecification","valueRequired":true,"valueName":"search_term_string"}}],"inLanguage":"va-VA"},{"@type":"Person","@id":"https:\/\/confecomerc.es\/#\/schema\/person\/23aa6211544dad9fa6ee269977b0a823","name":"CONFECOMER\u00c7 CV","url":"https:\/\/confecomerc.es\/va\/author\/confe-admin-cv\/"}]}},"_links":{"self":[{"href":"https:\/\/confecomerc.es\/va\/wp-json\/wp\/v2\/posts\/8066","targetHints":{"allow":["GET"]}}],"collection":[{"href":"https:\/\/confecomerc.es\/va\/wp-json\/wp\/v2\/posts"}],"about":[{"href":"https:\/\/confecomerc.es\/va\/wp-json\/wp\/v2\/types\/post"}],"author":[{"embeddable":true,"href":"https:\/\/confecomerc.es\/va\/wp-json\/wp\/v2\/users\/1"}],"replies":[{"embeddable":true,"href":"https:\/\/confecomerc.es\/va\/wp-json\/wp\/v2\/comments?post=8066"}],"version-history":[{"count":0,"href":"https:\/\/confecomerc.es\/va\/wp-json\/wp\/v2\/posts\/8066\/revisions"}],"wp:featuredmedia":[{"embeddable":true,"href":"https:\/\/confecomerc.es\/va\/wp-json\/wp\/v2\/media\/5182"}],"wp:attachment":[{"href":"https:\/\/confecomerc.es\/va\/wp-json\/wp\/v2\/media?parent=8066"}],"wp:term":[{"taxonomy":"category","embeddable":true,"href":"https:\/\/confecomerc.es\/va\/wp-json\/wp\/v2\/categories?post=8066"},{"taxonomy":"post_tag","embeddable":true,"href":"https:\/\/confecomerc.es\/va\/wp-json\/wp\/v2\/tags?post=8066"}],"curies":[{"name":"wp","href":"https:\/\/api.w.org\/{rel}","templated":true}]}}