{"id":8072,"date":"2020-06-10T15:51:01","date_gmt":"2020-06-10T14:51:01","guid":{"rendered":"https:\/\/confecomerc.es\/comerciantes-y-hosteleros-de-benetusser-se-unen\/"},"modified":"2021-07-19T11:52:01","modified_gmt":"2021-07-19T10:52:01","slug":"comerciantes-y-hosteleros-de-benetusser-se-unen","status":"publish","type":"post","link":"https:\/\/confecomerc.es\/va\/comerciantes-y-hosteleros-de-benetusser-se-unen\/","title":{"rendered":"Comerciantes y hosteleros de Benet\u00fasser se unen para reclamar medidas urgentes al ayuntamiento"},"content":{"rendered":"<p>La presidenta de la Associaci\u00f3 de Comerciants, Beni Garc\u00eda, y la presidenta de la Asociaci\u00f3n de Hosteler\u00eda de Benet\u00fasser, Esmeralda Fern\u00e1ndez, han firmado esta ma\u00f1ana un convenio de colaboraci\u00f3n entre ambas entidades con el objetivo de exigir y reclamar medidas y ayudas urgentes municipales para los dos gremios tras la crisis sanitaria y ahora econ\u00f3mica que se avecina.<\/p>\n<p>El acuerdo recoge una colaboraci\u00f3n t\u00e1cita entre ambos colectivos con el fin de luchar unidos por conseguir que la administraci\u00f3n local atienda las demandas y escuche las necesidades urgentes a las que se ven abocados los peque\u00f1os comercios de Benet\u00fasser. Seg\u00fan ha explicado la presidenta de los comerciantes, Beni Garc\u00eda, \u201cllegan tiempos muy dif\u00edciles para los establecimientos de nuestro municipio y hay mucha incertidumbre sobre c\u00f3mo van a ser los pr\u00f3ximos meses. Necesitamos que nuestro ayuntamiento nos escuche y ofrezca medidas concretas y urgentes para ayudar a los comercios minoristas y a la hosteler\u00eda\u201d<br \/>\nPor su parte, Esmeralda Fern\u00e1ndez, ha asegurado que \u201ccon la firma de este convenio, nos hacemos m\u00e1s fuertes para poder exigir medidas a las administraciones en todos sus \u00e1mbitos porque es necesario que conozcan nuestra realidad, nuestros problemas y nuestras inquietudes\u201d. Y es que el acuerdo establece que ambos colectivos actuar\u00e1n como voz \u00fanica y directa ante las negociaciones que se realicen con los organismos oficiales, adem\u00e1s de emplear la sinergia de ambos colectivos en el intercambio de informaci\u00f3n de inter\u00e9s para sus asociaciados.<\/p>\n<p>Durante la firma del documento, ambas presidentas han mostrado su malestar ante las actuaciones que est\u00e1 llevando a cabo el Ayuntamiento en materia econ\u00f3mica ante la llegada de la \u201cnueva normalidad\u201d. En este sentido, Beni Garc\u00eda ha destacado que \u201ces incongruente que desde el consistorio se haya preparado un plan de recuperaci\u00f3n econ\u00f3mico-social para Benet\u00fasser y no se haya dialogado con los agentes sociales y econ\u00f3micos\u201d. Adem\u00e1s, prosigue la presidenta de los comerciantes, \u201chemos pedido que el consistorio nos facilite este plan que se aprob\u00f3 por pleno a finales de mayo y todav\u00eda no hemos obtenido respuesta. Nos gustar\u00eda saber qu\u00e9 quieren hacer con el comercio y la hosteler\u00eda, aportar nuestras ideas, sumar, pero as\u00ed es imposible\u201d.<\/p>\n<p>Entre la Associaci\u00f3 de Comerciantes y la Asociaci\u00f3n de Hosteler\u00eda representan a un tercio del tejido empresarial y comercial de Benet\u00fasser<\/p>\n<p><img decoding=\"async\" class=\"alignnone wp-image-4991 size-large\" src=\"https:\/\/confecomerc.es\/wp-content\/uploads\/2020\/06\/Comerciantes-y-hosteleros-de-Benet\u00fasser-1024x766.jpg\" alt=\"Comerciantes y hosteleros de Benet\u00fasser\" width=\"1024\" height=\"766\" srcset=\"https:\/\/confecomerc.es\/wp-content\/uploads\/2020\/06\/Comerciantes-y-hosteleros-de-Benet\u00fasser-1024x766.jpg 1024w, https:\/\/confecomerc.es\/wp-content\/uploads\/2020\/06\/Comerciantes-y-hosteleros-de-Benet\u00fasser-300x224.jpg 300w, https:\/\/confecomerc.es\/wp-content\/uploads\/2020\/06\/Comerciantes-y-hosteleros-de-Benet\u00fasser-768x575.jpg 768w, https:\/\/confecomerc.es\/wp-content\/uploads\/2020\/06\/Comerciantes-y-hosteleros-de-Benet\u00fasser-1536x1149.jpg 1536w, https:\/\/confecomerc.es\/wp-content\/uploads\/2020\/06\/Comerciantes-y-hosteleros-de-Benet\u00fasser-2048x1532.jpg 2048w, https:\/\/confecomerc.es\/wp-content\/uploads\/2020\/06\/Comerciantes-y-hosteleros-de-Benet\u00fasser-510x382.jpg 510w, https:\/\/confecomerc.es\/wp-content\/uploads\/2020\/06\/Comerciantes-y-hosteleros-de-Benet\u00fasser-1080x808.jpg 1080w, https:\/\/confecomerc.es\/wp-content\/uploads\/2020\/06\/Comerciantes-y-hosteleros-de-Benet\u00fasser-1280x958.jpg 1280w, https:\/\/confecomerc.es\/wp-content\/uploads\/2020\/06\/Comerciantes-y-hosteleros-de-Benet\u00fasser-980x733.jpg 980w, https:\/\/confecomerc.es\/wp-content\/uploads\/2020\/06\/Comerciantes-y-hosteleros-de-Benet\u00fasser-480x359.jpg 480w\" sizes=\"(max-width: 1024px) 100vw, 1024px\" \/><\/p>\n","protected":false},"excerpt":{"rendered":"<p>La presidenta de la Associaci\u00f3 de Comerciants, Beni Garc\u00eda, y la presidenta de la Asociaci\u00f3n de Hosteler\u00eda de Benet\u00fasser, Esmeralda Fern\u00e1ndez, han firmado esta ma\u00f1ana un convenio de colaboraci\u00f3n entre ambas entidades con el objetivo de exigir y reclamar medidas y ayudas urgentes municipales para los dos gremios tras la crisis sanitaria y ahora econ\u00f3mica que se avecina.<\/p>\n","protected":false},"author":1,"featured_media":4992,"comment_status":"open","ping_status":"open","sticky":false,"template":"","format":"standard","meta":{"_et_pb_use_builder":"","_et_pb_old_content":"","_et_gb_content_width":"","footnotes":""},"categories":[613],"tags":[3196,3197,3198,3199,3200],"class_list":["post-8072","post","type-post","status-publish","format-standard","has-post-thumbnail","hentry","category-associats-confecomerc-cv","tag-asociacion-de-hosteleria-de-benetusser-va","tag-associacio-de-comerciants-de-benetusser-va","tag-comerciantes-benetusser-va","tag-comerciantes-y-hosteleros-de-benetusser-se-unen-va","tag-hosteleros-benetusser-va"],"yoast_head":"<!-- This site is optimized with the Yoast SEO plugin v28.3 - https:\/\/yoast.com\/product\/yoast-seo-wordpress\/ -->\n<title>Comerciantes y hosteleros de Benet\u00fasser se unen para reclamar medidas urgentes al ayuntamiento<\/title>\n<meta name=\"description\" content=\"La presidenta de la Associaci\u00f3 de Comerciants, Beni Garc\u00eda, y la presidenta de la Asociaci\u00f3n de Hosteler\u00eda de Benet\u00fasser, Esmeralda Fern\u00e1ndez, han firmado esta ma\u00f1ana un convenio de colaboraci\u00f3n entre ambas entidades con el objetivo de exigir y reclamar medidas y ayudas urgentes municipales para los dos gremios tras la crisis sanitaria y ahora econ\u00f3mica que se avecina.\" \/>\n<meta name=\"robots\" content=\"index, follow, max-snippet:-1, max-image-preview:large, max-video-preview:-1\" \/>\n<link rel=\"canonical\" href=\"https:\/\/confecomerc.es\/va\/comerciantes-y-hosteleros-de-benetusser-se-unen\/\" \/>\n<meta property=\"og:locale\" content=\"en_US\" \/>\n<meta property=\"og:type\" content=\"article\" \/>\n<meta property=\"og:title\" content=\"Comerciantes y hosteleros de Benet\u00fasser se unen para reclamar medidas urgentes al ayuntamiento\" \/>\n<meta property=\"og:description\" content=\"La presidenta de la Associaci\u00f3 de Comerciants, Beni Garc\u00eda, y la presidenta de la Asociaci\u00f3n de Hosteler\u00eda de Benet\u00fasser, Esmeralda Fern\u00e1ndez, han firmado esta ma\u00f1ana un convenio de colaboraci\u00f3n entre ambas entidades con el objetivo de exigir y reclamar medidas y ayudas urgentes municipales para los dos gremios tras la crisis sanitaria y ahora econ\u00f3mica que se avecina.\" \/>\n<meta property=\"og:url\" content=\"https:\/\/confecomerc.es\/va\/comerciantes-y-hosteleros-de-benetusser-se-unen\/\" \/>\n<meta property=\"og:site_name\" content=\"Confecomer\u00e7\" \/>\n<meta property=\"article:published_time\" content=\"2020-06-10T14:51:01+00:00\" \/>\n<meta property=\"article:modified_time\" content=\"2021-07-19T10:52:01+00:00\" \/>\n<meta property=\"og:image\" content=\"https:\/\/i2.wp.com\/confecomerc.es\/wp-content\/uploads\/2020\/06\/Comerciantes-y-hosteleros-de-Benet\u00fasser.jpg?fit=2288%2C1712&ssl=1\" \/>\n\t<meta property=\"og:image:width\" content=\"2288\" \/>\n\t<meta property=\"og:image:height\" content=\"1712\" \/>\n\t<meta property=\"og:image:type\" content=\"image\/jpeg\" \/>\n<meta name=\"author\" content=\"CONFECOMER\u00c7 CV\" \/>\n<meta name=\"twitter:card\" content=\"summary_large_image\" \/>\n<meta name=\"twitter:label1\" content=\"Written by\" \/>\n\t<meta name=\"twitter:data1\" content=\"CONFECOMER\u00c7 CV\" \/>\n\t<meta name=\"twitter:label2\" content=\"Est. reading time\" \/>\n\t<meta name=\"twitter:data2\" content=\"2 minutes\" \/>\n<script type=\"application\/ld+json\" class=\"yoast-schema-graph\">{\"@context\":\"https:\\\/\\\/schema.org\",\"@graph\":[{\"@type\":\"Article\",\"@id\":\"https:\\\/\\\/confecomerc.es\\\/va\\\/comerciantes-y-hosteleros-de-benetusser-se-unen\\\/#article\",\"isPartOf\":{\"@id\":\"https:\\\/\\\/confecomerc.es\\\/va\\\/comerciantes-y-hosteleros-de-benetusser-se-unen\\\/\"},\"author\":{\"name\":\"CONFECOMER\u00c7 CV\",\"@id\":\"https:\\\/\\\/confecomerc.es\\\/#\\\/schema\\\/person\\\/23aa6211544dad9fa6ee269977b0a823\"},\"headline\":\"Comerciantes y hosteleros de Benet\u00fasser se unen para reclamar medidas urgentes al ayuntamiento\",\"datePublished\":\"2020-06-10T14:51:01+00:00\",\"dateModified\":\"2021-07-19T10:52:01+00:00\",\"mainEntityOfPage\":{\"@id\":\"https:\\\/\\\/confecomerc.es\\\/va\\\/comerciantes-y-hosteleros-de-benetusser-se-unen\\\/\"},\"wordCount\":426,\"commentCount\":0,\"image\":{\"@id\":\"https:\\\/\\\/confecomerc.es\\\/va\\\/comerciantes-y-hosteleros-de-benetusser-se-unen\\\/#primaryimage\"},\"thumbnailUrl\":\"https:\\\/\\\/confecomerc.es\\\/wp-content\\\/uploads\\\/2020\\\/06\\\/Comerciantes-y-hosteleros-de-Benet\u00fasser.jpg\",\"keywords\":[\"Asociaci\u00f3n de Hosteler\u00eda de Benet\u00fasser\",\"Associaci\u00f3 de Comerciants de benet\u00fasser\",\"comerciantes benetusser\",\"Comerciantes y hosteleros de Benet\u00fasser se unen\",\"hosteleros benetusser\"],\"articleSection\":[\"Associats Confecomer\u00e7 Cv\"],\"inLanguage\":\"va-VA\",\"potentialAction\":[{\"@type\":\"CommentAction\",\"name\":\"Comment\",\"target\":[\"https:\\\/\\\/confecomerc.es\\\/va\\\/comerciantes-y-hosteleros-de-benetusser-se-unen\\\/#respond\"]}]},{\"@type\":\"WebPage\",\"@id\":\"https:\\\/\\\/confecomerc.es\\\/va\\\/comerciantes-y-hosteleros-de-benetusser-se-unen\\\/\",\"url\":\"https:\\\/\\\/confecomerc.es\\\/va\\\/comerciantes-y-hosteleros-de-benetusser-se-unen\\\/\",\"name\":\"Comerciantes y hosteleros de Benet\u00fasser se unen para reclamar medidas urgentes al ayuntamiento\",\"isPartOf\":{\"@id\":\"https:\\\/\\\/confecomerc.es\\\/#website\"},\"primaryImageOfPage\":{\"@id\":\"https:\\\/\\\/confecomerc.es\\\/va\\\/comerciantes-y-hosteleros-de-benetusser-se-unen\\\/#primaryimage\"},\"image\":{\"@id\":\"https:\\\/\\\/confecomerc.es\\\/va\\\/comerciantes-y-hosteleros-de-benetusser-se-unen\\\/#primaryimage\"},\"thumbnailUrl\":\"https:\\\/\\\/confecomerc.es\\\/wp-content\\\/uploads\\\/2020\\\/06\\\/Comerciantes-y-hosteleros-de-Benet\u00fasser.jpg\",\"datePublished\":\"2020-06-10T14:51:01+00:00\",\"dateModified\":\"2021-07-19T10:52:01+00:00\",\"author\":{\"@id\":\"https:\\\/\\\/confecomerc.es\\\/#\\\/schema\\\/person\\\/23aa6211544dad9fa6ee269977b0a823\"},\"description\":\"La presidenta de la Associaci\u00f3 de Comerciants, Beni Garc\u00eda, y la presidenta de la Asociaci\u00f3n de Hosteler\u00eda de Benet\u00fasser, Esmeralda Fern\u00e1ndez, han firmado esta ma\u00f1ana un convenio de colaboraci\u00f3n entre ambas entidades con el objetivo de exigir y reclamar medidas y ayudas urgentes municipales para los dos gremios tras la crisis sanitaria y ahora econ\u00f3mica que se avecina.\",\"breadcrumb\":{\"@id\":\"https:\\\/\\\/confecomerc.es\\\/va\\\/comerciantes-y-hosteleros-de-benetusser-se-unen\\\/#breadcrumb\"},\"inLanguage\":\"va-VA\",\"potentialAction\":[{\"@type\":\"ReadAction\",\"target\":[\"https:\\\/\\\/confecomerc.es\\\/va\\\/comerciantes-y-hosteleros-de-benetusser-se-unen\\\/\"]}]},{\"@type\":\"ImageObject\",\"inLanguage\":\"va-VA\",\"@id\":\"https:\\\/\\\/confecomerc.es\\\/va\\\/comerciantes-y-hosteleros-de-benetusser-se-unen\\\/#primaryimage\",\"url\":\"https:\\\/\\\/confecomerc.es\\\/wp-content\\\/uploads\\\/2020\\\/06\\\/Comerciantes-y-hosteleros-de-Benet\u00fasser.jpg\",\"contentUrl\":\"https:\\\/\\\/confecomerc.es\\\/wp-content\\\/uploads\\\/2020\\\/06\\\/Comerciantes-y-hosteleros-de-Benet\u00fasser.jpg\",\"width\":2288,\"height\":1712,\"caption\":\"OLYMPUS DIGITAL CAMERA\"},{\"@type\":\"BreadcrumbList\",\"@id\":\"https:\\\/\\\/confecomerc.es\\\/va\\\/comerciantes-y-hosteleros-de-benetusser-se-unen\\\/#breadcrumb\",\"itemListElement\":[{\"@type\":\"ListItem\",\"position\":1,\"name\":\"Home\",\"item\":\"https:\\\/\\\/confecomerc.es\\\/va\\\/confecomerc-cv\\\/\"},{\"@type\":\"ListItem\",\"position\":2,\"name\":\"Comerciantes y hosteleros de Benet\u00fasser se unen para reclamar medidas urgentes al ayuntamiento\"}]},{\"@type\":\"WebSite\",\"@id\":\"https:\\\/\\\/confecomerc.es\\\/#website\",\"url\":\"https:\\\/\\\/confecomerc.es\\\/\",\"name\":\"Confecomer\u00e7\",\"description\":\"Confederaci\u00f3 de Comer\u00e7 d\u2019alacant, Castell\u00f3 i Val\u00e8ncia\",\"potentialAction\":[{\"@type\":\"SearchAction\",\"target\":{\"@type\":\"EntryPoint\",\"urlTemplate\":\"https:\\\/\\\/confecomerc.es\\\/?s={search_term_string}\"},\"query-input\":{\"@type\":\"PropertyValueSpecification\",\"valueRequired\":true,\"valueName\":\"search_term_string\"}}],\"inLanguage\":\"va-VA\"},{\"@type\":\"Person\",\"@id\":\"https:\\\/\\\/confecomerc.es\\\/#\\\/schema\\\/person\\\/23aa6211544dad9fa6ee269977b0a823\",\"name\":\"CONFECOMER\u00c7 CV\",\"url\":\"https:\\\/\\\/confecomerc.es\\\/va\\\/author\\\/confe-admin-cv\\\/\"}]}<\/script>\n<!-- \/ Yoast SEO plugin. -->","yoast_head_json":{"title":"Comerciantes y hosteleros de Benet\u00fasser se unen para reclamar medidas urgentes al ayuntamiento","description":"La presidenta de la Associaci\u00f3 de Comerciants, Beni Garc\u00eda, y la presidenta de la Asociaci\u00f3n de Hosteler\u00eda de Benet\u00fasser, Esmeralda Fern\u00e1ndez, han firmado esta ma\u00f1ana un convenio de colaboraci\u00f3n entre ambas entidades con el objetivo de exigir y reclamar medidas y ayudas urgentes municipales para los dos gremios tras la crisis sanitaria y ahora econ\u00f3mica que se avecina.","robots":{"index":"index","follow":"follow","max-snippet":"max-snippet:-1","max-image-preview":"max-image-preview:large","max-video-preview":"max-video-preview:-1"},"canonical":"https:\/\/confecomerc.es\/va\/comerciantes-y-hosteleros-de-benetusser-se-unen\/","og_locale":"en_US","og_type":"article","og_title":"Comerciantes y hosteleros de Benet\u00fasser se unen para reclamar medidas urgentes al ayuntamiento","og_description":"La presidenta de la Associaci\u00f3 de Comerciants, Beni Garc\u00eda, y la presidenta de la Asociaci\u00f3n de Hosteler\u00eda de Benet\u00fasser, Esmeralda Fern\u00e1ndez, han firmado esta ma\u00f1ana un convenio de colaboraci\u00f3n entre ambas entidades con el objetivo de exigir y reclamar medidas y ayudas urgentes municipales para los dos gremios tras la crisis sanitaria y ahora econ\u00f3mica que se avecina.","og_url":"https:\/\/confecomerc.es\/va\/comerciantes-y-hosteleros-de-benetusser-se-unen\/","og_site_name":"Confecomer\u00e7","article_published_time":"2020-06-10T14:51:01+00:00","article_modified_time":"2021-07-19T10:52:01+00:00","og_image":[{"width":2288,"height":1712,"url":"https:\/\/i2.wp.com\/confecomerc.es\/wp-content\/uploads\/2020\/06\/Comerciantes-y-hosteleros-de-Benet\u00fasser.jpg?fit=2288%2C1712&ssl=1","type":"image\/jpeg"}],"author":"CONFECOMER\u00c7 CV","twitter_card":"summary_large_image","twitter_misc":{"Written by":"CONFECOMER\u00c7 CV","Est. reading time":"2 minutes"},"schema":{"@context":"https:\/\/schema.org","@graph":[{"@type":"Article","@id":"https:\/\/confecomerc.es\/va\/comerciantes-y-hosteleros-de-benetusser-se-unen\/#article","isPartOf":{"@id":"https:\/\/confecomerc.es\/va\/comerciantes-y-hosteleros-de-benetusser-se-unen\/"},"author":{"name":"CONFECOMER\u00c7 CV","@id":"https:\/\/confecomerc.es\/#\/schema\/person\/23aa6211544dad9fa6ee269977b0a823"},"headline":"Comerciantes y hosteleros de Benet\u00fasser se unen para reclamar medidas urgentes al ayuntamiento","datePublished":"2020-06-10T14:51:01+00:00","dateModified":"2021-07-19T10:52:01+00:00","mainEntityOfPage":{"@id":"https:\/\/confecomerc.es\/va\/comerciantes-y-hosteleros-de-benetusser-se-unen\/"},"wordCount":426,"commentCount":0,"image":{"@id":"https:\/\/confecomerc.es\/va\/comerciantes-y-hosteleros-de-benetusser-se-unen\/#primaryimage"},"thumbnailUrl":"https:\/\/confecomerc.es\/wp-content\/uploads\/2020\/06\/Comerciantes-y-hosteleros-de-Benet\u00fasser.jpg","keywords":["Asociaci\u00f3n de Hosteler\u00eda de Benet\u00fasser","Associaci\u00f3 de Comerciants de benet\u00fasser","comerciantes benetusser","Comerciantes y hosteleros de Benet\u00fasser se unen","hosteleros benetusser"],"articleSection":["Associats Confecomer\u00e7 Cv"],"inLanguage":"va-VA","potentialAction":[{"@type":"CommentAction","name":"Comment","target":["https:\/\/confecomerc.es\/va\/comerciantes-y-hosteleros-de-benetusser-se-unen\/#respond"]}]},{"@type":"WebPage","@id":"https:\/\/confecomerc.es\/va\/comerciantes-y-hosteleros-de-benetusser-se-unen\/","url":"https:\/\/confecomerc.es\/va\/comerciantes-y-hosteleros-de-benetusser-se-unen\/","name":"Comerciantes y hosteleros de Benet\u00fasser se unen para reclamar medidas urgentes al ayuntamiento","isPartOf":{"@id":"https:\/\/confecomerc.es\/#website"},"primaryImageOfPage":{"@id":"https:\/\/confecomerc.es\/va\/comerciantes-y-hosteleros-de-benetusser-se-unen\/#primaryimage"},"image":{"@id":"https:\/\/confecomerc.es\/va\/comerciantes-y-hosteleros-de-benetusser-se-unen\/#primaryimage"},"thumbnailUrl":"https:\/\/confecomerc.es\/wp-content\/uploads\/2020\/06\/Comerciantes-y-hosteleros-de-Benet\u00fasser.jpg","datePublished":"2020-06-10T14:51:01+00:00","dateModified":"2021-07-19T10:52:01+00:00","author":{"@id":"https:\/\/confecomerc.es\/#\/schema\/person\/23aa6211544dad9fa6ee269977b0a823"},"description":"La presidenta de la Associaci\u00f3 de Comerciants, Beni Garc\u00eda, y la presidenta de la Asociaci\u00f3n de Hosteler\u00eda de Benet\u00fasser, Esmeralda Fern\u00e1ndez, han firmado esta ma\u00f1ana un convenio de colaboraci\u00f3n entre ambas entidades con el objetivo de exigir y reclamar medidas y ayudas urgentes municipales para los dos gremios tras la crisis sanitaria y ahora econ\u00f3mica que se avecina.","breadcrumb":{"@id":"https:\/\/confecomerc.es\/va\/comerciantes-y-hosteleros-de-benetusser-se-unen\/#breadcrumb"},"inLanguage":"va-VA","potentialAction":[{"@type":"ReadAction","target":["https:\/\/confecomerc.es\/va\/comerciantes-y-hosteleros-de-benetusser-se-unen\/"]}]},{"@type":"ImageObject","inLanguage":"va-VA","@id":"https:\/\/confecomerc.es\/va\/comerciantes-y-hosteleros-de-benetusser-se-unen\/#primaryimage","url":"https:\/\/confecomerc.es\/wp-content\/uploads\/2020\/06\/Comerciantes-y-hosteleros-de-Benet\u00fasser.jpg","contentUrl":"https:\/\/confecomerc.es\/wp-content\/uploads\/2020\/06\/Comerciantes-y-hosteleros-de-Benet\u00fasser.jpg","width":2288,"height":1712,"caption":"OLYMPUS DIGITAL CAMERA"},{"@type":"BreadcrumbList","@id":"https:\/\/confecomerc.es\/va\/comerciantes-y-hosteleros-de-benetusser-se-unen\/#breadcrumb","itemListElement":[{"@type":"ListItem","position":1,"name":"Home","item":"https:\/\/confecomerc.es\/va\/confecomerc-cv\/"},{"@type":"ListItem","position":2,"name":"Comerciantes y hosteleros de Benet\u00fasser se unen para reclamar medidas urgentes al ayuntamiento"}]},{"@type":"WebSite","@id":"https:\/\/confecomerc.es\/#website","url":"https:\/\/confecomerc.es\/","name":"Confecomer\u00e7","description":"Confederaci\u00f3 de Comer\u00e7 d\u2019alacant, Castell\u00f3 i Val\u00e8ncia","potentialAction":[{"@type":"SearchAction","target":{"@type":"EntryPoint","urlTemplate":"https:\/\/confecomerc.es\/?s={search_term_string}"},"query-input":{"@type":"PropertyValueSpecification","valueRequired":true,"valueName":"search_term_string"}}],"inLanguage":"va-VA"},{"@type":"Person","@id":"https:\/\/confecomerc.es\/#\/schema\/person\/23aa6211544dad9fa6ee269977b0a823","name":"CONFECOMER\u00c7 CV","url":"https:\/\/confecomerc.es\/va\/author\/confe-admin-cv\/"}]}},"_links":{"self":[{"href":"https:\/\/confecomerc.es\/va\/wp-json\/wp\/v2\/posts\/8072","targetHints":{"allow":["GET"]}}],"collection":[{"href":"https:\/\/confecomerc.es\/va\/wp-json\/wp\/v2\/posts"}],"about":[{"href":"https:\/\/confecomerc.es\/va\/wp-json\/wp\/v2\/types\/post"}],"author":[{"embeddable":true,"href":"https:\/\/confecomerc.es\/va\/wp-json\/wp\/v2\/users\/1"}],"replies":[{"embeddable":true,"href":"https:\/\/confecomerc.es\/va\/wp-json\/wp\/v2\/comments?post=8072"}],"version-history":[{"count":0,"href":"https:\/\/confecomerc.es\/va\/wp-json\/wp\/v2\/posts\/8072\/revisions"}],"wp:featuredmedia":[{"embeddable":true,"href":"https:\/\/confecomerc.es\/va\/wp-json\/wp\/v2\/media\/4992"}],"wp:attachment":[{"href":"https:\/\/confecomerc.es\/va\/wp-json\/wp\/v2\/media?parent=8072"}],"wp:term":[{"taxonomy":"category","embeddable":true,"href":"https:\/\/confecomerc.es\/va\/wp-json\/wp\/v2\/categories?post=8072"},{"taxonomy":"post_tag","embeddable":true,"href":"https:\/\/confecomerc.es\/va\/wp-json\/wp\/v2\/tags?post=8072"}],"curies":[{"name":"wp","href":"https:\/\/api.w.org\/{rel}","templated":true}]}}