{"id":8108,"date":"2020-05-29T10:57:41","date_gmt":"2020-05-29T09:57:41","guid":{"rendered":"https:\/\/confecomerc.es\/la-cec-alerta-de-que-los-sellos-covid-free-de-los-comercios\/"},"modified":"2021-07-19T11:55:34","modified_gmt":"2021-07-19T10:55:34","slug":"la-cec-alerta-de-que-los-sellos-covid-free-de-los-comercios","status":"publish","type":"post","link":"https:\/\/confecomerc.es\/va\/la-cec-alerta-de-que-los-sellos-covid-free-de-los-comercios\/","title":{"rendered":"La CEC alerta de que los sellos \u201ccovid free\u201d de los comercios no garantizan que est\u00e9n libres del virus y crean una falsa seguridad"},"content":{"rendered":"<p><em>Desaconseja a los comerciantes adherirse a cualquier tipo de certificaci\u00f3n que pretenda garantizar que un local est\u00e1 libre de virus o avalar, sin un estudio previo y un trabajo en detalle, el cumplimiento por parte de los comercios de los protocolos sanitarios <\/em><\/p>\n<p>29 de mayo-. La Confederaci\u00f3n Espa\u00f1ola de Comercio (CEC), alerta de que los diversos sellos y etiquetas \u201cCovid free\u201d\/ \u201cSin virus\u201d que se est\u00e1n promoviendo desde diferentes \u00e1mbitos para establecimientos del sector del comercio no son garant\u00eda de seguridad y pueden resultar contraproducentes al provocar que los consumidores relajen las medidas de precauci\u00f3n frente al Covid.<br \/>\nGarantizar la seguridad de los comerciantes y consumidores es la prioridad de la CEC, y en ello trabajan d\u00eda a d\u00eda las asociaciones que la integran, desde su conocimiento y experiencia. Desde el sector, se est\u00e1n haciendo grandes esfuerzos para limpiar, higienizar y desinfectar los locales, sin embargo, la confederaci\u00f3n recuerda que ning\u00fan sello puede garantizar que un establecimiento est\u00e9 libre de virus.<\/p>\n<p>Esta pr\u00e1ctica ya ha sido denunciada por la OCU ante el Ministerio de Sanidad, al que solicita su prohibici\u00f3n. La CEC desaconseja totalmente a los comerciantes adherirse a cualquier tipo de certificaci\u00f3n que pretenda garantizar que un local est\u00e1 libre de virus o avalar el cumplimiento de los protocolos, sin un estudio previo y un trabajo en detalle. CEC ha participado activamente en la elaboraci\u00f3n de la Gu\u00eda de Buenas Pr\u00e1cticas para los Establecimientos del Sector Comercial, por lo que insta al cumplimiento por parte de los comercios de estos protocolos sanitarios y de seguridad establecidos por el Ministerio de Sanidad y el de Comercio y recuerda la importancia de seguir tomando las medidas de seguridad para prevenir los contagios tanto en los comercios como fuera de ellos.<\/p>\n","protected":false},"excerpt":{"rendered":"<p>Desaconseja a los comerciantes adherirse a cualquier tipo de certificaci\u00f3n que pretenda garantizar que un local est\u00e1 libre de virus o avalar, sin un estudio previo y un trabajo en detalle, el cumplimiento por parte de los comercios de los protocolos sanitarios<\/p>\n","protected":false},"author":1,"featured_media":4943,"comment_status":"open","ping_status":"open","sticky":false,"template":"","format":"standard","meta":{"_et_pb_use_builder":"","_et_pb_old_content":"","_et_gb_content_width":"","footnotes":""},"categories":[614,615],"tags":[3209,3210,3211],"class_list":["post-8108","post","type-post","status-publish","format-standard","has-post-thumbnail","hentry","category-confecomerc-cv-va","category-notes-de-premsa","tag-covid-free-va","tag-sellos-covid-free-va","tag-sin-virus-va"],"yoast_head":"<!-- This site is optimized with the Yoast SEO plugin v27.3 - https:\/\/yoast.com\/product\/yoast-seo-wordpress\/ -->\n<title>La CEC alerta de que los sellos \u201ccovid free\u201d de los comercios no garantizan que est\u00e9n libres del virus y crean una falsa seguridad<\/title>\n<meta name=\"description\" content=\"Desaconseja a los comerciantes adherirse a cualquier tipo de certificaci\u00f3n que pretenda garantizar que un local est\u00e1 libre de virus o avalar, sin un estudio previo y un trabajo en detalle, el cumplimiento por parte de los comercios de los protocolos sanitarios\" \/>\n<meta name=\"robots\" content=\"index, follow, max-snippet:-1, max-image-preview:large, max-video-preview:-1\" \/>\n<link rel=\"canonical\" href=\"https:\/\/confecomerc.es\/va\/la-cec-alerta-de-que-los-sellos-covid-free-de-los-comercios\/\" \/>\n<meta property=\"og:locale\" content=\"en_US\" \/>\n<meta property=\"og:type\" content=\"article\" \/>\n<meta property=\"og:title\" content=\"La CEC alerta de que los sellos \u201ccovid free\u201d de los comercios no garantizan que est\u00e9n libres del virus y crean una falsa seguridad\" \/>\n<meta property=\"og:description\" content=\"Desaconseja a los comerciantes adherirse a cualquier tipo de certificaci\u00f3n que pretenda garantizar que un local est\u00e1 libre de virus o avalar, sin un estudio previo y un trabajo en detalle, el cumplimiento por parte de los comercios de los protocolos sanitarios\" \/>\n<meta property=\"og:url\" content=\"https:\/\/confecomerc.es\/va\/la-cec-alerta-de-que-los-sellos-covid-free-de-los-comercios\/\" \/>\n<meta property=\"og:site_name\" content=\"Confecomer\u00e7\" \/>\n<meta property=\"article:published_time\" content=\"2020-05-29T09:57:41+00:00\" \/>\n<meta property=\"article:modified_time\" content=\"2021-07-19T10:55:34+00:00\" \/>\n<meta property=\"og:image\" content=\"https:\/\/i0.wp.com\/confecomerc.es\/wp-content\/uploads\/2020\/05\/sellos-\u201ccovid-free\u201d.jpg?fit=2560%2C2560&ssl=1\" \/>\n\t<meta property=\"og:image:width\" content=\"2560\" \/>\n\t<meta property=\"og:image:height\" content=\"2560\" \/>\n\t<meta property=\"og:image:type\" content=\"image\/jpeg\" \/>\n<meta name=\"author\" content=\"CONFECOMER\u00c7 CV\" \/>\n<meta name=\"twitter:card\" content=\"summary_large_image\" \/>\n<meta name=\"twitter:label1\" content=\"Written by\" \/>\n\t<meta name=\"twitter:data1\" content=\"CONFECOMER\u00c7 CV\" \/>\n\t<meta name=\"twitter:label2\" content=\"Est. reading time\" \/>\n\t<meta name=\"twitter:data2\" content=\"2 minutes\" \/>\n<script type=\"application\/ld+json\" class=\"yoast-schema-graph\">{\"@context\":\"https:\\\/\\\/schema.org\",\"@graph\":[{\"@type\":\"Article\",\"@id\":\"https:\\\/\\\/confecomerc.es\\\/va\\\/la-cec-alerta-de-que-los-sellos-covid-free-de-los-comercios\\\/#article\",\"isPartOf\":{\"@id\":\"https:\\\/\\\/confecomerc.es\\\/va\\\/la-cec-alerta-de-que-los-sellos-covid-free-de-los-comercios\\\/\"},\"author\":{\"name\":\"CONFECOMER\u00c7 CV\",\"@id\":\"https:\\\/\\\/confecomerc.es\\\/#\\\/schema\\\/person\\\/23aa6211544dad9fa6ee269977b0a823\"},\"headline\":\"La CEC alerta de que los sellos \u201ccovid free\u201d de los comercios no garantizan que est\u00e9n libres del virus y crean una falsa seguridad\",\"datePublished\":\"2020-05-29T09:57:41+00:00\",\"dateModified\":\"2021-07-19T10:55:34+00:00\",\"mainEntityOfPage\":{\"@id\":\"https:\\\/\\\/confecomerc.es\\\/va\\\/la-cec-alerta-de-que-los-sellos-covid-free-de-los-comercios\\\/\"},\"wordCount\":330,\"commentCount\":0,\"image\":{\"@id\":\"https:\\\/\\\/confecomerc.es\\\/va\\\/la-cec-alerta-de-que-los-sellos-covid-free-de-los-comercios\\\/#primaryimage\"},\"thumbnailUrl\":\"https:\\\/\\\/confecomerc.es\\\/wp-content\\\/uploads\\\/2020\\\/05\\\/sellos-\u201ccovid-free\u201d.jpg\",\"keywords\":[\"Covid free\",\"sellos \u201ccovid free\u201d\",\"Sin virus\"],\"articleSection\":[\"Confecomer\u00e7 Cv\",\"Notes de premsa\"],\"inLanguage\":\"va-VA\",\"potentialAction\":[{\"@type\":\"CommentAction\",\"name\":\"Comment\",\"target\":[\"https:\\\/\\\/confecomerc.es\\\/va\\\/la-cec-alerta-de-que-los-sellos-covid-free-de-los-comercios\\\/#respond\"]}]},{\"@type\":\"WebPage\",\"@id\":\"https:\\\/\\\/confecomerc.es\\\/va\\\/la-cec-alerta-de-que-los-sellos-covid-free-de-los-comercios\\\/\",\"url\":\"https:\\\/\\\/confecomerc.es\\\/va\\\/la-cec-alerta-de-que-los-sellos-covid-free-de-los-comercios\\\/\",\"name\":\"La CEC alerta de que los sellos \u201ccovid free\u201d de los comercios no garantizan que est\u00e9n libres del virus y crean una falsa seguridad\",\"isPartOf\":{\"@id\":\"https:\\\/\\\/confecomerc.es\\\/#website\"},\"primaryImageOfPage\":{\"@id\":\"https:\\\/\\\/confecomerc.es\\\/va\\\/la-cec-alerta-de-que-los-sellos-covid-free-de-los-comercios\\\/#primaryimage\"},\"image\":{\"@id\":\"https:\\\/\\\/confecomerc.es\\\/va\\\/la-cec-alerta-de-que-los-sellos-covid-free-de-los-comercios\\\/#primaryimage\"},\"thumbnailUrl\":\"https:\\\/\\\/confecomerc.es\\\/wp-content\\\/uploads\\\/2020\\\/05\\\/sellos-\u201ccovid-free\u201d.jpg\",\"datePublished\":\"2020-05-29T09:57:41+00:00\",\"dateModified\":\"2021-07-19T10:55:34+00:00\",\"author\":{\"@id\":\"https:\\\/\\\/confecomerc.es\\\/#\\\/schema\\\/person\\\/23aa6211544dad9fa6ee269977b0a823\"},\"description\":\"Desaconseja a los comerciantes adherirse a cualquier tipo de certificaci\u00f3n que pretenda garantizar que un local est\u00e1 libre de virus o avalar, sin un estudio previo y un trabajo en detalle, el cumplimiento por parte de los comercios de los protocolos sanitarios\",\"breadcrumb\":{\"@id\":\"https:\\\/\\\/confecomerc.es\\\/va\\\/la-cec-alerta-de-que-los-sellos-covid-free-de-los-comercios\\\/#breadcrumb\"},\"inLanguage\":\"va-VA\",\"potentialAction\":[{\"@type\":\"ReadAction\",\"target\":[\"https:\\\/\\\/confecomerc.es\\\/va\\\/la-cec-alerta-de-que-los-sellos-covid-free-de-los-comercios\\\/\"]}]},{\"@type\":\"ImageObject\",\"inLanguage\":\"va-VA\",\"@id\":\"https:\\\/\\\/confecomerc.es\\\/va\\\/la-cec-alerta-de-que-los-sellos-covid-free-de-los-comercios\\\/#primaryimage\",\"url\":\"https:\\\/\\\/confecomerc.es\\\/wp-content\\\/uploads\\\/2020\\\/05\\\/sellos-\u201ccovid-free\u201d.jpg\",\"contentUrl\":\"https:\\\/\\\/confecomerc.es\\\/wp-content\\\/uploads\\\/2020\\\/05\\\/sellos-\u201ccovid-free\u201d.jpg\",\"width\":2560,\"height\":2560,\"caption\":\"sellos \u201ccovid free\u201d\"},{\"@type\":\"BreadcrumbList\",\"@id\":\"https:\\\/\\\/confecomerc.es\\\/va\\\/la-cec-alerta-de-que-los-sellos-covid-free-de-los-comercios\\\/#breadcrumb\",\"itemListElement\":[{\"@type\":\"ListItem\",\"position\":1,\"name\":\"Home\",\"item\":\"https:\\\/\\\/confecomerc.es\\\/va\\\/confecomerc-cv\\\/\"},{\"@type\":\"ListItem\",\"position\":2,\"name\":\"La CEC alerta de que los sellos \u201ccovid free\u201d de los comercios no garantizan que est\u00e9n libres del virus y crean una falsa seguridad\"}]},{\"@type\":\"WebSite\",\"@id\":\"https:\\\/\\\/confecomerc.es\\\/#website\",\"url\":\"https:\\\/\\\/confecomerc.es\\\/\",\"name\":\"Confecomer\u00e7\",\"description\":\"Confederaci\u00f3 de Comer\u00e7 d\u2019alacant, Castell\u00f3 i Val\u00e8ncia\",\"potentialAction\":[{\"@type\":\"SearchAction\",\"target\":{\"@type\":\"EntryPoint\",\"urlTemplate\":\"https:\\\/\\\/confecomerc.es\\\/?s={search_term_string}\"},\"query-input\":{\"@type\":\"PropertyValueSpecification\",\"valueRequired\":true,\"valueName\":\"search_term_string\"}}],\"inLanguage\":\"va-VA\"},{\"@type\":\"Person\",\"@id\":\"https:\\\/\\\/confecomerc.es\\\/#\\\/schema\\\/person\\\/23aa6211544dad9fa6ee269977b0a823\",\"name\":\"CONFECOMER\u00c7 CV\",\"url\":\"https:\\\/\\\/confecomerc.es\\\/va\\\/author\\\/confe-admin-cv\\\/\"}]}<\/script>\n<!-- \/ Yoast SEO plugin. -->","yoast_head_json":{"title":"La CEC alerta de que los sellos \u201ccovid free\u201d de los comercios no garantizan que est\u00e9n libres del virus y crean una falsa seguridad","description":"Desaconseja a los comerciantes adherirse a cualquier tipo de certificaci\u00f3n que pretenda garantizar que un local est\u00e1 libre de virus o avalar, sin un estudio previo y un trabajo en detalle, el cumplimiento por parte de los comercios de los protocolos sanitarios","robots":{"index":"index","follow":"follow","max-snippet":"max-snippet:-1","max-image-preview":"max-image-preview:large","max-video-preview":"max-video-preview:-1"},"canonical":"https:\/\/confecomerc.es\/va\/la-cec-alerta-de-que-los-sellos-covid-free-de-los-comercios\/","og_locale":"en_US","og_type":"article","og_title":"La CEC alerta de que los sellos \u201ccovid free\u201d de los comercios no garantizan que est\u00e9n libres del virus y crean una falsa seguridad","og_description":"Desaconseja a los comerciantes adherirse a cualquier tipo de certificaci\u00f3n que pretenda garantizar que un local est\u00e1 libre de virus o avalar, sin un estudio previo y un trabajo en detalle, el cumplimiento por parte de los comercios de los protocolos sanitarios","og_url":"https:\/\/confecomerc.es\/va\/la-cec-alerta-de-que-los-sellos-covid-free-de-los-comercios\/","og_site_name":"Confecomer\u00e7","article_published_time":"2020-05-29T09:57:41+00:00","article_modified_time":"2021-07-19T10:55:34+00:00","og_image":[{"width":2560,"height":2560,"url":"https:\/\/i0.wp.com\/confecomerc.es\/wp-content\/uploads\/2020\/05\/sellos-\u201ccovid-free\u201d.jpg?fit=2560%2C2560&ssl=1","type":"image\/jpeg"}],"author":"CONFECOMER\u00c7 CV","twitter_card":"summary_large_image","twitter_misc":{"Written by":"CONFECOMER\u00c7 CV","Est. reading time":"2 minutes"},"schema":{"@context":"https:\/\/schema.org","@graph":[{"@type":"Article","@id":"https:\/\/confecomerc.es\/va\/la-cec-alerta-de-que-los-sellos-covid-free-de-los-comercios\/#article","isPartOf":{"@id":"https:\/\/confecomerc.es\/va\/la-cec-alerta-de-que-los-sellos-covid-free-de-los-comercios\/"},"author":{"name":"CONFECOMER\u00c7 CV","@id":"https:\/\/confecomerc.es\/#\/schema\/person\/23aa6211544dad9fa6ee269977b0a823"},"headline":"La CEC alerta de que los sellos \u201ccovid free\u201d de los comercios no garantizan que est\u00e9n libres del virus y crean una falsa seguridad","datePublished":"2020-05-29T09:57:41+00:00","dateModified":"2021-07-19T10:55:34+00:00","mainEntityOfPage":{"@id":"https:\/\/confecomerc.es\/va\/la-cec-alerta-de-que-los-sellos-covid-free-de-los-comercios\/"},"wordCount":330,"commentCount":0,"image":{"@id":"https:\/\/confecomerc.es\/va\/la-cec-alerta-de-que-los-sellos-covid-free-de-los-comercios\/#primaryimage"},"thumbnailUrl":"https:\/\/confecomerc.es\/wp-content\/uploads\/2020\/05\/sellos-\u201ccovid-free\u201d.jpg","keywords":["Covid free","sellos \u201ccovid free\u201d","Sin virus"],"articleSection":["Confecomer\u00e7 Cv","Notes de premsa"],"inLanguage":"va-VA","potentialAction":[{"@type":"CommentAction","name":"Comment","target":["https:\/\/confecomerc.es\/va\/la-cec-alerta-de-que-los-sellos-covid-free-de-los-comercios\/#respond"]}]},{"@type":"WebPage","@id":"https:\/\/confecomerc.es\/va\/la-cec-alerta-de-que-los-sellos-covid-free-de-los-comercios\/","url":"https:\/\/confecomerc.es\/va\/la-cec-alerta-de-que-los-sellos-covid-free-de-los-comercios\/","name":"La CEC alerta de que los sellos \u201ccovid free\u201d de los comercios no garantizan que est\u00e9n libres del virus y crean una falsa seguridad","isPartOf":{"@id":"https:\/\/confecomerc.es\/#website"},"primaryImageOfPage":{"@id":"https:\/\/confecomerc.es\/va\/la-cec-alerta-de-que-los-sellos-covid-free-de-los-comercios\/#primaryimage"},"image":{"@id":"https:\/\/confecomerc.es\/va\/la-cec-alerta-de-que-los-sellos-covid-free-de-los-comercios\/#primaryimage"},"thumbnailUrl":"https:\/\/confecomerc.es\/wp-content\/uploads\/2020\/05\/sellos-\u201ccovid-free\u201d.jpg","datePublished":"2020-05-29T09:57:41+00:00","dateModified":"2021-07-19T10:55:34+00:00","author":{"@id":"https:\/\/confecomerc.es\/#\/schema\/person\/23aa6211544dad9fa6ee269977b0a823"},"description":"Desaconseja a los comerciantes adherirse a cualquier tipo de certificaci\u00f3n que pretenda garantizar que un local est\u00e1 libre de virus o avalar, sin un estudio previo y un trabajo en detalle, el cumplimiento por parte de los comercios de los protocolos sanitarios","breadcrumb":{"@id":"https:\/\/confecomerc.es\/va\/la-cec-alerta-de-que-los-sellos-covid-free-de-los-comercios\/#breadcrumb"},"inLanguage":"va-VA","potentialAction":[{"@type":"ReadAction","target":["https:\/\/confecomerc.es\/va\/la-cec-alerta-de-que-los-sellos-covid-free-de-los-comercios\/"]}]},{"@type":"ImageObject","inLanguage":"va-VA","@id":"https:\/\/confecomerc.es\/va\/la-cec-alerta-de-que-los-sellos-covid-free-de-los-comercios\/#primaryimage","url":"https:\/\/confecomerc.es\/wp-content\/uploads\/2020\/05\/sellos-\u201ccovid-free\u201d.jpg","contentUrl":"https:\/\/confecomerc.es\/wp-content\/uploads\/2020\/05\/sellos-\u201ccovid-free\u201d.jpg","width":2560,"height":2560,"caption":"sellos \u201ccovid free\u201d"},{"@type":"BreadcrumbList","@id":"https:\/\/confecomerc.es\/va\/la-cec-alerta-de-que-los-sellos-covid-free-de-los-comercios\/#breadcrumb","itemListElement":[{"@type":"ListItem","position":1,"name":"Home","item":"https:\/\/confecomerc.es\/va\/confecomerc-cv\/"},{"@type":"ListItem","position":2,"name":"La CEC alerta de que los sellos \u201ccovid free\u201d de los comercios no garantizan que est\u00e9n libres del virus y crean una falsa seguridad"}]},{"@type":"WebSite","@id":"https:\/\/confecomerc.es\/#website","url":"https:\/\/confecomerc.es\/","name":"Confecomer\u00e7","description":"Confederaci\u00f3 de Comer\u00e7 d\u2019alacant, Castell\u00f3 i Val\u00e8ncia","potentialAction":[{"@type":"SearchAction","target":{"@type":"EntryPoint","urlTemplate":"https:\/\/confecomerc.es\/?s={search_term_string}"},"query-input":{"@type":"PropertyValueSpecification","valueRequired":true,"valueName":"search_term_string"}}],"inLanguage":"va-VA"},{"@type":"Person","@id":"https:\/\/confecomerc.es\/#\/schema\/person\/23aa6211544dad9fa6ee269977b0a823","name":"CONFECOMER\u00c7 CV","url":"https:\/\/confecomerc.es\/va\/author\/confe-admin-cv\/"}]}},"_links":{"self":[{"href":"https:\/\/confecomerc.es\/va\/wp-json\/wp\/v2\/posts\/8108","targetHints":{"allow":["GET"]}}],"collection":[{"href":"https:\/\/confecomerc.es\/va\/wp-json\/wp\/v2\/posts"}],"about":[{"href":"https:\/\/confecomerc.es\/va\/wp-json\/wp\/v2\/types\/post"}],"author":[{"embeddable":true,"href":"https:\/\/confecomerc.es\/va\/wp-json\/wp\/v2\/users\/1"}],"replies":[{"embeddable":true,"href":"https:\/\/confecomerc.es\/va\/wp-json\/wp\/v2\/comments?post=8108"}],"version-history":[{"count":0,"href":"https:\/\/confecomerc.es\/va\/wp-json\/wp\/v2\/posts\/8108\/revisions"}],"wp:featuredmedia":[{"embeddable":true,"href":"https:\/\/confecomerc.es\/va\/wp-json\/wp\/v2\/media\/4943"}],"wp:attachment":[{"href":"https:\/\/confecomerc.es\/va\/wp-json\/wp\/v2\/media?parent=8108"}],"wp:term":[{"taxonomy":"category","embeddable":true,"href":"https:\/\/confecomerc.es\/va\/wp-json\/wp\/v2\/categories?post=8108"},{"taxonomy":"post_tag","embeddable":true,"href":"https:\/\/confecomerc.es\/va\/wp-json\/wp\/v2\/tags?post=8108"}],"curies":[{"name":"wp","href":"https:\/\/api.w.org\/{rel}","templated":true}]}}