{"id":8112,"date":"2020-05-18T17:31:38","date_gmt":"2020-05-18T16:31:38","guid":{"rendered":"https:\/\/confecomerc.es\/primera-fase-del-plan-de-desescalada-en-toda-la-comunitat-valenciana\/"},"modified":"2021-07-19T11:55:47","modified_gmt":"2021-07-19T10:55:47","slug":"primera-fase-del-plan-de-desescalada-en-toda-la-comunitat-valenciana","status":"publish","type":"post","link":"https:\/\/confecomerc.es\/va\/primera-fase-del-plan-de-desescalada-en-toda-la-comunitat-valenciana\/","title":{"rendered":"El peque\u00f1o comercio arranca esta primera fase del Plan de Desescalada en toda la Comunitat Valenciana con la apertura de la gran mayor\u00eda de los establecimientos"},"content":{"rendered":"<p><em><u>Valencia, 18 de mayo de 2020<\/u><\/em><u>.<\/u>&#8211; La Confederaci\u00f3 d\u00b4Empresaris del Comer\u00e7 Servicis i Aut\u00f2noms de la Comunitat Valenciana, <strong>CONFECOMER\u00c7 CV,<\/strong> ha resaltado la buena \u201cacogida\u201d en el arranque de la fase 1 del Plan de Desescalada del sector del peque\u00f1o comercio en toda la Comunitat Valenciana con la apertura de la gran mayor\u00eda de los establecimientos. El sector afronta con<strong> \u201cilusi\u00f3n\u201d esta reactivaci\u00f3n, que supone un \u201cbal\u00f3n de ox\u00edgeno\u201d<\/strong>, siendo la reapertura el inicio del camino hacia la reconstrucci\u00f3n econ\u00f3mica, y por la expectaci\u00f3n generada entre los clientes en el arranque de esta nueva etapa.<\/p>\n<p>El sector ha implantado<strong> todas las medidas en materia de seguridad y salud, siguiendo las indicaciones y directrices marcadas por los protocolos del Ministerio y de la Generalitat<\/strong> y afronta esta fase 1 como el momento de poner de nuevo en marcha las peque\u00f1as empresas, paralizadas durante dos meses, tras el grave impacto sufrido por el Covid-19.<\/p>\n<p>El presidente de Confecomer\u00e7 CV, Rafael Torres ha destacado \u201c<strong>el enorme esfuerzo realizado por el sector y la inversi\u00f3n realizada en EPI\u00b4s y\u00a0 en medidas<\/strong> de protecci\u00f3n para garantizar la plena seguridad y salud, siendo un objetivo prioritario dotar de la m\u00e1xima tranquilidad a los clientes, cumpliendo estrictamente con las indicaciones marcadas por las autoridades p\u00fablicas\u201d.<\/p>\n<p>Por lo que respecta a los peque\u00f1os comercios de las 10 \u00e1reas de salud que desde el pasado lunes permanec\u00edan en fase 1 destacar que la reapertura fue secundada por la pr\u00e1ctica totalidad de los establecimientos y la completa normalidad en el servicio, resaltando la expectaci\u00f3n generada por parte de los clientes.<\/p>\n<p>Desde Confecomer\u00e7 CV se prev\u00e9 que el consumo se vaya recuperando de manera progresiva, si bien se requieren iniciativas que contribuyan a fomentar la actividad comercial para poder incentivar y potenciar el sector, ya que el negocio se ha visto resentido por un cierre prolongado, en el que el empresario ha debido asumir los costes derivados del comercio sin percepci\u00f3n de ingresos por ventas.<\/p>\n<p>Destacar que en esta fase 1, el colectivo de mayores de 65 a\u00f1os tiene un horario de atenci\u00f3n de servicio prioritario y que el cliente tiene total permisividad para poder realizar sus compras a lo largo del d\u00eda, al igual que ocurre para efectuar la compra de bienes esenciales, no estando sujeto a determinadas franjas horarias.<\/p>\n","protected":false},"excerpt":{"rendered":"<p>CONFECOMER\u00c7 CV, ha resaltado la buena \u201cacogida\u201d en el arranque de la fase 1 del Plan de Desescalada del sector del peque\u00f1o comercio en toda la Comunitat Valenciana con la apertura de la gran mayor\u00eda de los establecimientos. El sector afronta con \u201cilusi\u00f3n\u201d esta reactivaci\u00f3n, que supone un \u201cbal\u00f3n de ox\u00edgeno\u201d, siendo la reapertura el inicio del camino hacia la reconstrucci\u00f3n econ\u00f3mica, y por la expectaci\u00f3n generada entre los clientes en el arranque de esta nueva etapa.<\/p>\n","protected":false},"author":1,"featured_media":4885,"comment_status":"open","ping_status":"open","sticky":false,"template":"","format":"standard","meta":{"_et_pb_use_builder":"","_et_pb_old_content":"","_et_gb_content_width":"","footnotes":""},"categories":[614,615],"tags":[3215,3216],"class_list":["post-8112","post","type-post","status-publish","format-standard","has-post-thumbnail","hentry","category-confecomerc-cv-va","category-notes-de-premsa","tag-desescalda-comercio-va","tag-fase-1-del-plan-de-desescalada-va"],"yoast_head":"<!-- This site is optimized with the Yoast SEO plugin v27.3 - https:\/\/yoast.com\/product\/yoast-seo-wordpress\/ -->\n<title>El peque\u00f1o comercio arranca esta primera fase del Plan de Desescalada en toda la Comunitat Valenciana con la apertura de la gran mayor\u00eda de los establecimientos<\/title>\n<meta name=\"description\" content=\"CONFECOMER\u00c7 CV, ha resaltado la buena \u201cacogida\u201d en el arranque de la fase 1 del Plan de Desescalada del sector del peque\u00f1o comercio en toda la Comunitat Valenciana con la apertura de la gran mayor\u00eda de los establecimientos. El sector afronta con \u201cilusi\u00f3n\u201d esta reactivaci\u00f3n, que supone un \u201cbal\u00f3n de ox\u00edgeno\u201d, siendo la reapertura el inicio del camino hacia la reconstrucci\u00f3n econ\u00f3mica, y por la expectaci\u00f3n generada entre los clientes en el arranque de esta nueva etapa.\" \/>\n<meta name=\"robots\" content=\"index, follow, max-snippet:-1, max-image-preview:large, max-video-preview:-1\" \/>\n<link rel=\"canonical\" href=\"https:\/\/confecomerc.es\/va\/primera-fase-del-plan-de-desescalada-en-toda-la-comunitat-valenciana\/\" \/>\n<meta property=\"og:locale\" content=\"en_US\" \/>\n<meta property=\"og:type\" content=\"article\" \/>\n<meta property=\"og:title\" content=\"El peque\u00f1o comercio arranca esta primera fase del Plan de Desescalada en toda la Comunitat Valenciana con la apertura de la gran mayor\u00eda de los establecimientos\" \/>\n<meta property=\"og:description\" content=\"CONFECOMER\u00c7 CV, ha resaltado la buena \u201cacogida\u201d en el arranque de la fase 1 del Plan de Desescalada del sector del peque\u00f1o comercio en toda la Comunitat Valenciana con la apertura de la gran mayor\u00eda de los establecimientos. El sector afronta con \u201cilusi\u00f3n\u201d esta reactivaci\u00f3n, que supone un \u201cbal\u00f3n de ox\u00edgeno\u201d, siendo la reapertura el inicio del camino hacia la reconstrucci\u00f3n econ\u00f3mica, y por la expectaci\u00f3n generada entre los clientes en el arranque de esta nueva etapa.\" \/>\n<meta property=\"og:url\" content=\"https:\/\/confecomerc.es\/va\/primera-fase-del-plan-de-desescalada-en-toda-la-comunitat-valenciana\/\" \/>\n<meta property=\"og:site_name\" content=\"Confecomer\u00e7\" \/>\n<meta property=\"article:published_time\" content=\"2020-05-18T16:31:38+00:00\" \/>\n<meta property=\"article:modified_time\" content=\"2021-07-19T10:55:47+00:00\" \/>\n<meta property=\"og:image\" content=\"https:\/\/i2.wp.com\/confecomerc.es\/wp-content\/uploads\/2020\/05\/fase-1-del-Plan-de-Desescalada.png?fit=1080%2C1080&ssl=1\" \/>\n\t<meta property=\"og:image:width\" content=\"1080\" \/>\n\t<meta property=\"og:image:height\" content=\"1080\" \/>\n\t<meta property=\"og:image:type\" content=\"image\/png\" \/>\n<meta name=\"author\" content=\"CONFECOMER\u00c7 CV\" \/>\n<meta name=\"twitter:card\" content=\"summary_large_image\" \/>\n<meta name=\"twitter:label1\" content=\"Written by\" \/>\n\t<meta name=\"twitter:data1\" content=\"CONFECOMER\u00c7 CV\" \/>\n\t<meta name=\"twitter:label2\" content=\"Est. reading time\" \/>\n\t<meta name=\"twitter:data2\" content=\"2 minutes\" \/>\n<script type=\"application\/ld+json\" class=\"yoast-schema-graph\">{\"@context\":\"https:\\\/\\\/schema.org\",\"@graph\":[{\"@type\":\"Article\",\"@id\":\"https:\\\/\\\/confecomerc.es\\\/va\\\/primera-fase-del-plan-de-desescalada-en-toda-la-comunitat-valenciana\\\/#article\",\"isPartOf\":{\"@id\":\"https:\\\/\\\/confecomerc.es\\\/va\\\/primera-fase-del-plan-de-desescalada-en-toda-la-comunitat-valenciana\\\/\"},\"author\":{\"name\":\"CONFECOMER\u00c7 CV\",\"@id\":\"https:\\\/\\\/confecomerc.es\\\/#\\\/schema\\\/person\\\/23aa6211544dad9fa6ee269977b0a823\"},\"headline\":\"El peque\u00f1o comercio arranca esta primera fase del Plan de Desescalada en toda la Comunitat Valenciana con la apertura de la gran mayor\u00eda de los establecimientos\",\"datePublished\":\"2020-05-18T16:31:38+00:00\",\"dateModified\":\"2021-07-19T10:55:47+00:00\",\"mainEntityOfPage\":{\"@id\":\"https:\\\/\\\/confecomerc.es\\\/va\\\/primera-fase-del-plan-de-desescalada-en-toda-la-comunitat-valenciana\\\/\"},\"wordCount\":426,\"commentCount\":0,\"image\":{\"@id\":\"https:\\\/\\\/confecomerc.es\\\/va\\\/primera-fase-del-plan-de-desescalada-en-toda-la-comunitat-valenciana\\\/#primaryimage\"},\"thumbnailUrl\":\"https:\\\/\\\/confecomerc.es\\\/wp-content\\\/uploads\\\/2020\\\/05\\\/fase-1-del-Plan-de-Desescalada.png\",\"keywords\":[\"desescalda comercio\",\"fase 1 del Plan de Desescalada\"],\"articleSection\":[\"Confecomer\u00e7 Cv\",\"Notes de premsa\"],\"inLanguage\":\"va-VA\",\"potentialAction\":[{\"@type\":\"CommentAction\",\"name\":\"Comment\",\"target\":[\"https:\\\/\\\/confecomerc.es\\\/va\\\/primera-fase-del-plan-de-desescalada-en-toda-la-comunitat-valenciana\\\/#respond\"]}]},{\"@type\":\"WebPage\",\"@id\":\"https:\\\/\\\/confecomerc.es\\\/va\\\/primera-fase-del-plan-de-desescalada-en-toda-la-comunitat-valenciana\\\/\",\"url\":\"https:\\\/\\\/confecomerc.es\\\/va\\\/primera-fase-del-plan-de-desescalada-en-toda-la-comunitat-valenciana\\\/\",\"name\":\"El peque\u00f1o comercio arranca esta primera fase del Plan de Desescalada en toda la Comunitat Valenciana con la apertura de la gran mayor\u00eda de los establecimientos\",\"isPartOf\":{\"@id\":\"https:\\\/\\\/confecomerc.es\\\/#website\"},\"primaryImageOfPage\":{\"@id\":\"https:\\\/\\\/confecomerc.es\\\/va\\\/primera-fase-del-plan-de-desescalada-en-toda-la-comunitat-valenciana\\\/#primaryimage\"},\"image\":{\"@id\":\"https:\\\/\\\/confecomerc.es\\\/va\\\/primera-fase-del-plan-de-desescalada-en-toda-la-comunitat-valenciana\\\/#primaryimage\"},\"thumbnailUrl\":\"https:\\\/\\\/confecomerc.es\\\/wp-content\\\/uploads\\\/2020\\\/05\\\/fase-1-del-Plan-de-Desescalada.png\",\"datePublished\":\"2020-05-18T16:31:38+00:00\",\"dateModified\":\"2021-07-19T10:55:47+00:00\",\"author\":{\"@id\":\"https:\\\/\\\/confecomerc.es\\\/#\\\/schema\\\/person\\\/23aa6211544dad9fa6ee269977b0a823\"},\"description\":\"CONFECOMER\u00c7 CV, ha resaltado la buena \u201cacogida\u201d en el arranque de la fase 1 del Plan de Desescalada del sector del peque\u00f1o comercio en toda la Comunitat Valenciana con la apertura de la gran mayor\u00eda de los establecimientos. El sector afronta con \u201cilusi\u00f3n\u201d esta reactivaci\u00f3n, que supone un \u201cbal\u00f3n de ox\u00edgeno\u201d, siendo la reapertura el inicio del camino hacia la reconstrucci\u00f3n econ\u00f3mica, y por la expectaci\u00f3n generada entre los clientes en el arranque de esta nueva etapa.\",\"breadcrumb\":{\"@id\":\"https:\\\/\\\/confecomerc.es\\\/va\\\/primera-fase-del-plan-de-desescalada-en-toda-la-comunitat-valenciana\\\/#breadcrumb\"},\"inLanguage\":\"va-VA\",\"potentialAction\":[{\"@type\":\"ReadAction\",\"target\":[\"https:\\\/\\\/confecomerc.es\\\/va\\\/primera-fase-del-plan-de-desescalada-en-toda-la-comunitat-valenciana\\\/\"]}]},{\"@type\":\"ImageObject\",\"inLanguage\":\"va-VA\",\"@id\":\"https:\\\/\\\/confecomerc.es\\\/va\\\/primera-fase-del-plan-de-desescalada-en-toda-la-comunitat-valenciana\\\/#primaryimage\",\"url\":\"https:\\\/\\\/confecomerc.es\\\/wp-content\\\/uploads\\\/2020\\\/05\\\/fase-1-del-Plan-de-Desescalada.png\",\"contentUrl\":\"https:\\\/\\\/confecomerc.es\\\/wp-content\\\/uploads\\\/2020\\\/05\\\/fase-1-del-Plan-de-Desescalada.png\",\"width\":1080,\"height\":1080,\"caption\":\"fase 1 del Plan de Desescalada\"},{\"@type\":\"BreadcrumbList\",\"@id\":\"https:\\\/\\\/confecomerc.es\\\/va\\\/primera-fase-del-plan-de-desescalada-en-toda-la-comunitat-valenciana\\\/#breadcrumb\",\"itemListElement\":[{\"@type\":\"ListItem\",\"position\":1,\"name\":\"Home\",\"item\":\"https:\\\/\\\/confecomerc.es\\\/va\\\/confecomerc-cv\\\/\"},{\"@type\":\"ListItem\",\"position\":2,\"name\":\"El peque\u00f1o comercio arranca esta primera fase del Plan de Desescalada en toda la Comunitat Valenciana con la apertura de la gran mayor\u00eda de los establecimientos\"}]},{\"@type\":\"WebSite\",\"@id\":\"https:\\\/\\\/confecomerc.es\\\/#website\",\"url\":\"https:\\\/\\\/confecomerc.es\\\/\",\"name\":\"Confecomer\u00e7\",\"description\":\"Confederaci\u00f3 de Comer\u00e7 d\u2019alacant, Castell\u00f3 i Val\u00e8ncia\",\"potentialAction\":[{\"@type\":\"SearchAction\",\"target\":{\"@type\":\"EntryPoint\",\"urlTemplate\":\"https:\\\/\\\/confecomerc.es\\\/?s={search_term_string}\"},\"query-input\":{\"@type\":\"PropertyValueSpecification\",\"valueRequired\":true,\"valueName\":\"search_term_string\"}}],\"inLanguage\":\"va-VA\"},{\"@type\":\"Person\",\"@id\":\"https:\\\/\\\/confecomerc.es\\\/#\\\/schema\\\/person\\\/23aa6211544dad9fa6ee269977b0a823\",\"name\":\"CONFECOMER\u00c7 CV\",\"url\":\"https:\\\/\\\/confecomerc.es\\\/va\\\/author\\\/confe-admin-cv\\\/\"}]}<\/script>\n<!-- \/ Yoast SEO plugin. -->","yoast_head_json":{"title":"El peque\u00f1o comercio arranca esta primera fase del Plan de Desescalada en toda la Comunitat Valenciana con la apertura de la gran mayor\u00eda de los establecimientos","description":"CONFECOMER\u00c7 CV, ha resaltado la buena \u201cacogida\u201d en el arranque de la fase 1 del Plan de Desescalada del sector del peque\u00f1o comercio en toda la Comunitat Valenciana con la apertura de la gran mayor\u00eda de los establecimientos. El sector afronta con \u201cilusi\u00f3n\u201d esta reactivaci\u00f3n, que supone un \u201cbal\u00f3n de ox\u00edgeno\u201d, siendo la reapertura el inicio del camino hacia la reconstrucci\u00f3n econ\u00f3mica, y por la expectaci\u00f3n generada entre los clientes en el arranque de esta nueva etapa.","robots":{"index":"index","follow":"follow","max-snippet":"max-snippet:-1","max-image-preview":"max-image-preview:large","max-video-preview":"max-video-preview:-1"},"canonical":"https:\/\/confecomerc.es\/va\/primera-fase-del-plan-de-desescalada-en-toda-la-comunitat-valenciana\/","og_locale":"en_US","og_type":"article","og_title":"El peque\u00f1o comercio arranca esta primera fase del Plan de Desescalada en toda la Comunitat Valenciana con la apertura de la gran mayor\u00eda de los establecimientos","og_description":"CONFECOMER\u00c7 CV, ha resaltado la buena \u201cacogida\u201d en el arranque de la fase 1 del Plan de Desescalada del sector del peque\u00f1o comercio en toda la Comunitat Valenciana con la apertura de la gran mayor\u00eda de los establecimientos. El sector afronta con \u201cilusi\u00f3n\u201d esta reactivaci\u00f3n, que supone un \u201cbal\u00f3n de ox\u00edgeno\u201d, siendo la reapertura el inicio del camino hacia la reconstrucci\u00f3n econ\u00f3mica, y por la expectaci\u00f3n generada entre los clientes en el arranque de esta nueva etapa.","og_url":"https:\/\/confecomerc.es\/va\/primera-fase-del-plan-de-desescalada-en-toda-la-comunitat-valenciana\/","og_site_name":"Confecomer\u00e7","article_published_time":"2020-05-18T16:31:38+00:00","article_modified_time":"2021-07-19T10:55:47+00:00","og_image":[{"width":1080,"height":1080,"url":"https:\/\/i2.wp.com\/confecomerc.es\/wp-content\/uploads\/2020\/05\/fase-1-del-Plan-de-Desescalada.png?fit=1080%2C1080&ssl=1","type":"image\/png"}],"author":"CONFECOMER\u00c7 CV","twitter_card":"summary_large_image","twitter_misc":{"Written by":"CONFECOMER\u00c7 CV","Est. reading time":"2 minutes"},"schema":{"@context":"https:\/\/schema.org","@graph":[{"@type":"Article","@id":"https:\/\/confecomerc.es\/va\/primera-fase-del-plan-de-desescalada-en-toda-la-comunitat-valenciana\/#article","isPartOf":{"@id":"https:\/\/confecomerc.es\/va\/primera-fase-del-plan-de-desescalada-en-toda-la-comunitat-valenciana\/"},"author":{"name":"CONFECOMER\u00c7 CV","@id":"https:\/\/confecomerc.es\/#\/schema\/person\/23aa6211544dad9fa6ee269977b0a823"},"headline":"El peque\u00f1o comercio arranca esta primera fase del Plan de Desescalada en toda la Comunitat Valenciana con la apertura de la gran mayor\u00eda de los establecimientos","datePublished":"2020-05-18T16:31:38+00:00","dateModified":"2021-07-19T10:55:47+00:00","mainEntityOfPage":{"@id":"https:\/\/confecomerc.es\/va\/primera-fase-del-plan-de-desescalada-en-toda-la-comunitat-valenciana\/"},"wordCount":426,"commentCount":0,"image":{"@id":"https:\/\/confecomerc.es\/va\/primera-fase-del-plan-de-desescalada-en-toda-la-comunitat-valenciana\/#primaryimage"},"thumbnailUrl":"https:\/\/confecomerc.es\/wp-content\/uploads\/2020\/05\/fase-1-del-Plan-de-Desescalada.png","keywords":["desescalda comercio","fase 1 del Plan de Desescalada"],"articleSection":["Confecomer\u00e7 Cv","Notes de premsa"],"inLanguage":"va-VA","potentialAction":[{"@type":"CommentAction","name":"Comment","target":["https:\/\/confecomerc.es\/va\/primera-fase-del-plan-de-desescalada-en-toda-la-comunitat-valenciana\/#respond"]}]},{"@type":"WebPage","@id":"https:\/\/confecomerc.es\/va\/primera-fase-del-plan-de-desescalada-en-toda-la-comunitat-valenciana\/","url":"https:\/\/confecomerc.es\/va\/primera-fase-del-plan-de-desescalada-en-toda-la-comunitat-valenciana\/","name":"El peque\u00f1o comercio arranca esta primera fase del Plan de Desescalada en toda la Comunitat Valenciana con la apertura de la gran mayor\u00eda de los establecimientos","isPartOf":{"@id":"https:\/\/confecomerc.es\/#website"},"primaryImageOfPage":{"@id":"https:\/\/confecomerc.es\/va\/primera-fase-del-plan-de-desescalada-en-toda-la-comunitat-valenciana\/#primaryimage"},"image":{"@id":"https:\/\/confecomerc.es\/va\/primera-fase-del-plan-de-desescalada-en-toda-la-comunitat-valenciana\/#primaryimage"},"thumbnailUrl":"https:\/\/confecomerc.es\/wp-content\/uploads\/2020\/05\/fase-1-del-Plan-de-Desescalada.png","datePublished":"2020-05-18T16:31:38+00:00","dateModified":"2021-07-19T10:55:47+00:00","author":{"@id":"https:\/\/confecomerc.es\/#\/schema\/person\/23aa6211544dad9fa6ee269977b0a823"},"description":"CONFECOMER\u00c7 CV, ha resaltado la buena \u201cacogida\u201d en el arranque de la fase 1 del Plan de Desescalada del sector del peque\u00f1o comercio en toda la Comunitat Valenciana con la apertura de la gran mayor\u00eda de los establecimientos. El sector afronta con \u201cilusi\u00f3n\u201d esta reactivaci\u00f3n, que supone un \u201cbal\u00f3n de ox\u00edgeno\u201d, siendo la reapertura el inicio del camino hacia la reconstrucci\u00f3n econ\u00f3mica, y por la expectaci\u00f3n generada entre los clientes en el arranque de esta nueva etapa.","breadcrumb":{"@id":"https:\/\/confecomerc.es\/va\/primera-fase-del-plan-de-desescalada-en-toda-la-comunitat-valenciana\/#breadcrumb"},"inLanguage":"va-VA","potentialAction":[{"@type":"ReadAction","target":["https:\/\/confecomerc.es\/va\/primera-fase-del-plan-de-desescalada-en-toda-la-comunitat-valenciana\/"]}]},{"@type":"ImageObject","inLanguage":"va-VA","@id":"https:\/\/confecomerc.es\/va\/primera-fase-del-plan-de-desescalada-en-toda-la-comunitat-valenciana\/#primaryimage","url":"https:\/\/confecomerc.es\/wp-content\/uploads\/2020\/05\/fase-1-del-Plan-de-Desescalada.png","contentUrl":"https:\/\/confecomerc.es\/wp-content\/uploads\/2020\/05\/fase-1-del-Plan-de-Desescalada.png","width":1080,"height":1080,"caption":"fase 1 del Plan de Desescalada"},{"@type":"BreadcrumbList","@id":"https:\/\/confecomerc.es\/va\/primera-fase-del-plan-de-desescalada-en-toda-la-comunitat-valenciana\/#breadcrumb","itemListElement":[{"@type":"ListItem","position":1,"name":"Home","item":"https:\/\/confecomerc.es\/va\/confecomerc-cv\/"},{"@type":"ListItem","position":2,"name":"El peque\u00f1o comercio arranca esta primera fase del Plan de Desescalada en toda la Comunitat Valenciana con la apertura de la gran mayor\u00eda de los establecimientos"}]},{"@type":"WebSite","@id":"https:\/\/confecomerc.es\/#website","url":"https:\/\/confecomerc.es\/","name":"Confecomer\u00e7","description":"Confederaci\u00f3 de Comer\u00e7 d\u2019alacant, Castell\u00f3 i Val\u00e8ncia","potentialAction":[{"@type":"SearchAction","target":{"@type":"EntryPoint","urlTemplate":"https:\/\/confecomerc.es\/?s={search_term_string}"},"query-input":{"@type":"PropertyValueSpecification","valueRequired":true,"valueName":"search_term_string"}}],"inLanguage":"va-VA"},{"@type":"Person","@id":"https:\/\/confecomerc.es\/#\/schema\/person\/23aa6211544dad9fa6ee269977b0a823","name":"CONFECOMER\u00c7 CV","url":"https:\/\/confecomerc.es\/va\/author\/confe-admin-cv\/"}]}},"_links":{"self":[{"href":"https:\/\/confecomerc.es\/va\/wp-json\/wp\/v2\/posts\/8112","targetHints":{"allow":["GET"]}}],"collection":[{"href":"https:\/\/confecomerc.es\/va\/wp-json\/wp\/v2\/posts"}],"about":[{"href":"https:\/\/confecomerc.es\/va\/wp-json\/wp\/v2\/types\/post"}],"author":[{"embeddable":true,"href":"https:\/\/confecomerc.es\/va\/wp-json\/wp\/v2\/users\/1"}],"replies":[{"embeddable":true,"href":"https:\/\/confecomerc.es\/va\/wp-json\/wp\/v2\/comments?post=8112"}],"version-history":[{"count":0,"href":"https:\/\/confecomerc.es\/va\/wp-json\/wp\/v2\/posts\/8112\/revisions"}],"wp:featuredmedia":[{"embeddable":true,"href":"https:\/\/confecomerc.es\/va\/wp-json\/wp\/v2\/media\/4885"}],"wp:attachment":[{"href":"https:\/\/confecomerc.es\/va\/wp-json\/wp\/v2\/media?parent=8112"}],"wp:term":[{"taxonomy":"category","embeddable":true,"href":"https:\/\/confecomerc.es\/va\/wp-json\/wp\/v2\/categories?post=8112"},{"taxonomy":"post_tag","embeddable":true,"href":"https:\/\/confecomerc.es\/va\/wp-json\/wp\/v2\/tags?post=8112"}],"curies":[{"name":"wp","href":"https:\/\/api.w.org\/{rel}","templated":true}]}}