{"id":8143,"date":"2020-05-14T16:24:19","date_gmt":"2020-05-14T15:24:19","guid":{"rendered":"https:\/\/confecomerc.es\/confecomerc-cv-muestra-su-indignacion-ante-la-prohibicion-de-las-rebajas-en-tienda-fisica\/"},"modified":"2021-07-19T11:57:52","modified_gmt":"2021-07-19T10:57:52","slug":"confecomerc-cv-muestra-su-indignacion-ante-la-prohibicion-de-las-rebajas-en-tienda-fisica","status":"publish","type":"post","link":"https:\/\/confecomerc.es\/va\/confecomerc-cv-muestra-su-indignacion-ante-la-prohibicion-de-las-rebajas-en-tienda-fisica\/","title":{"rendered":"Confecomer\u00e7 CV muestra su indignaci\u00f3n ante la prohibici\u00f3n de las rebajas en tienda f\u00edsica siendo una decisi\u00f3n incoherente y un sinsentido que atenta contra la reactivaci\u00f3n econ\u00f3mica"},"content":{"rendered":"<p><em><u>Valencia, 14 de mayo de 2020<\/u><\/em><u>.<\/u>&#8211; La <strong>Confederaci\u00f3 del Comer\u00e7, Servicis i Aut\u00f2noms de la Comunitat Valenciana<\/strong> <strong>CONFECOMER\u00c7 CV <\/strong>muestra su indignaci\u00f3n al conocer la decisi\u00f3n del Gobierno de prohibir las rebajas en tienda f\u00edsica en esta grave crisis y las manifiestas contradicciones entre lo publicado en la OM, las aclaraciones de la Secretar\u00eda de Estado de Comercio y las declaraciones del ministro Illa, que repercuten en la seguridad jur\u00eddica del sector. Se trata de una medida incoherente, que deja en clara desventaja al peque\u00f1o comercio respecto a las grandes plataformas digitales.<\/p>\n<p>Tras casi dos meses de cierre, los peque\u00f1os comercios han recibido esta noticia como un \u201cmazazo\u201d, que necesita urgentemente de una aclaraci\u00f3n por parte del Gobierno, dado que la restricci\u00f3n o prohibici\u00f3n de las rebajas o promociones significar\u00e1 la sentencia de muerte para los peque\u00f1os comerciantes, siendo las rebajas una acci\u00f3n que se rige por la Ley de Ordenaci\u00f3n del Comercio Minorista, por lo que para realizar una modificaci\u00f3n de este calibre es necesario cambiar la ley.<\/p>\n<p>El <strong>presidente de la patronal, Rafael Torres<\/strong> ha comentado que nos encontramos ante una descoordinaci\u00f3n entre ministerios, y una decisi\u00f3n que provocar\u00e1 un gran impacto \u00a0en el sector, por lo que solicita al Ejecutivo que piense que con este tipo de medidas se est\u00e1 poniendo en serio peligro la viabilidad de miles de peque\u00f1os empresarios y trabajadores, lo que sin duda supondr\u00e1 la desaparici\u00f3n y cierre de pymes, micropymes y aut\u00f3nomos que forman la mayor parte del tejido empresarial y que representan el 13% del PIB a nivel nacional.<\/p>\n<p>\u201cEs inadmisible que asistamos a un Plan de Desescalada, en el que se adopten decisiones en contra de la reconstrucci\u00f3n y de la recuperaci\u00f3n empresarial y econ\u00f3mica, cuando los empresarios podemos garantizar totalmente la seguridad en acciones de promoci\u00f3n y rebajas, adoptando medidas de limitaciones de aforo y mantenimiento de la distancia de seguridad\u201d, ha asegurado Torres.<\/p>\n<p>Asimismo, la argumentaci\u00f3n de esta medida de evitar posibles aglomeraciones carece de sentido cuando de hecho ya existen limitaciones de aforo en los locales comerciales para las distintas fases, encaminadas a garantizar plenamente la total seguridad para comerciantes y clientes.<\/p>\n<p>\u201cNo entendemos esta prohibici\u00f3n y exigimos explicaciones. El sector ahora mismo requiere de certidumbre y seguridad para iniciar la senda de la recuperaci\u00f3n. Con este tipo de actuaciones lo \u00fanico que se consigue es crear confusi\u00f3n y generar un agravio comparativo del peque\u00f1o comercio respecto a la venta en las grandes plataformas digitales internacionales, a las que no se les hace esta restricci\u00f3n, pudiendo seguir operando, teniendo as\u00ed una ventaja competitiva respecto al peque\u00f1o comercio\u201d, ha se\u00f1alado Torres.<\/p>\n<p>Por otro lado, destacar que en la reuni\u00f3n celebrada hoy del \u00f3rgano ejecutivo de CEV las organizaciones de comercio han mostrado su disconformidad ante la prohibici\u00f3n de las rebajas en tienda f\u00edsica.<\/p>\n","protected":false},"excerpt":{"rendered":"<p>Valencia, 14 de mayo de 2020.&#8211; La Confederaci\u00f3 del Comer\u00e7, Servicis i Aut\u00f2noms de la Comunitat Valenciana CONFECOMER\u00c7 CV muestra su indignaci\u00f3n al conocer la decisi\u00f3n del Gobierno de prohibir las rebajas en tienda f\u00edsica en esta grave crisis y las manifiestas contradicciones entre lo publicado en la OM, las aclaraciones de la Secretar\u00eda de [&hellip;]<\/p>\n","protected":false},"author":1,"featured_media":4862,"comment_status":"open","ping_status":"open","sticky":false,"template":"","format":"standard","meta":{"_et_pb_use_builder":"","_et_pb_old_content":"","_et_gb_content_width":"","footnotes":""},"categories":[614,615],"tags":[3229,3203,3230,3231],"class_list":["post-8143","post","type-post","status-publish","format-standard","has-post-thumbnail","hentry","category-confecomerc-cv-va","category-notes-de-premsa","tag-prohibicion-de-las-rebajas-en-tienda-fisica-va","tag-rebajas-va","tag-rebajas-desescalada-va","tag-rebajas-en-tienda-fisica-va"],"yoast_head":"<!-- This site is optimized with the Yoast SEO plugin v27.3 - https:\/\/yoast.com\/product\/yoast-seo-wordpress\/ -->\n<title>Confecomer\u00e7 CV muestra su indignaci\u00f3n ante la prohibici\u00f3n de las rebajas en tienda f\u00edsica siendo una decisi\u00f3n incoherente y un sinsentido que atenta contra la reactivaci\u00f3n econ\u00f3mica<\/title>\n<meta name=\"description\" content=\"Confecomer\u00e7 CV muestra su indignaci\u00f3n al conocer la decisi\u00f3n del Gobierno de prohibir las rebajas en tienda f\u00edsica en esta grave crisis y las manifiestas contradicciones entre lo publicado en la OM, las aclaraciones de la Secretar\u00eda de Estado de Comercio y las declaraciones del ministro Illa, que repercuten en la seguridad jur\u00eddica del sector. Se trata de una medida incoherente, que deja en clara desventaja al peque\u00f1o comercio respecto a las grandes plataformas digitales.\" \/>\n<meta name=\"robots\" content=\"index, follow, max-snippet:-1, max-image-preview:large, max-video-preview:-1\" \/>\n<link rel=\"canonical\" href=\"https:\/\/confecomerc.es\/va\/confecomerc-cv-muestra-su-indignacion-ante-la-prohibicion-de-las-rebajas-en-tienda-fisica\/\" \/>\n<meta property=\"og:locale\" content=\"en_US\" \/>\n<meta property=\"og:type\" content=\"article\" \/>\n<meta property=\"og:title\" content=\"Confecomer\u00e7 CV muestra su indignaci\u00f3n ante la prohibici\u00f3n de las rebajas en tienda f\u00edsica siendo una decisi\u00f3n incoherente y un sinsentido que atenta contra la reactivaci\u00f3n econ\u00f3mica\" \/>\n<meta property=\"og:description\" content=\"Confecomer\u00e7 CV muestra su indignaci\u00f3n al conocer la decisi\u00f3n del Gobierno de prohibir las rebajas en tienda f\u00edsica en esta grave crisis y las manifiestas contradicciones entre lo publicado en la OM, las aclaraciones de la Secretar\u00eda de Estado de Comercio y las declaraciones del ministro Illa, que repercuten en la seguridad jur\u00eddica del sector. Se trata de una medida incoherente, que deja en clara desventaja al peque\u00f1o comercio respecto a las grandes plataformas digitales.\" \/>\n<meta property=\"og:url\" content=\"https:\/\/confecomerc.es\/va\/confecomerc-cv-muestra-su-indignacion-ante-la-prohibicion-de-las-rebajas-en-tienda-fisica\/\" \/>\n<meta property=\"og:site_name\" content=\"Confecomer\u00e7\" \/>\n<meta property=\"article:published_time\" content=\"2020-05-14T15:24:19+00:00\" \/>\n<meta property=\"article:modified_time\" content=\"2021-07-19T10:57:52+00:00\" \/>\n<meta property=\"og:image\" content=\"https:\/\/i1.wp.com\/confecomerc.es\/wp-content\/uploads\/2020\/05\/REBAJAS.png?fit=1080%2C1080&ssl=1\" \/>\n\t<meta property=\"og:image:width\" content=\"1080\" \/>\n\t<meta property=\"og:image:height\" content=\"1080\" \/>\n\t<meta property=\"og:image:type\" content=\"image\/png\" \/>\n<meta name=\"author\" content=\"CONFECOMER\u00c7 CV\" \/>\n<meta name=\"twitter:card\" content=\"summary_large_image\" \/>\n<meta name=\"twitter:label1\" content=\"Written by\" \/>\n\t<meta name=\"twitter:data1\" content=\"CONFECOMER\u00c7 CV\" \/>\n\t<meta name=\"twitter:label2\" content=\"Est. reading time\" \/>\n\t<meta name=\"twitter:data2\" content=\"2 minutes\" \/>\n<script type=\"application\/ld+json\" class=\"yoast-schema-graph\">{\"@context\":\"https:\\\/\\\/schema.org\",\"@graph\":[{\"@type\":\"Article\",\"@id\":\"https:\\\/\\\/confecomerc.es\\\/va\\\/confecomerc-cv-muestra-su-indignacion-ante-la-prohibicion-de-las-rebajas-en-tienda-fisica\\\/#article\",\"isPartOf\":{\"@id\":\"https:\\\/\\\/confecomerc.es\\\/va\\\/confecomerc-cv-muestra-su-indignacion-ante-la-prohibicion-de-las-rebajas-en-tienda-fisica\\\/\"},\"author\":{\"name\":\"CONFECOMER\u00c7 CV\",\"@id\":\"https:\\\/\\\/confecomerc.es\\\/#\\\/schema\\\/person\\\/23aa6211544dad9fa6ee269977b0a823\"},\"headline\":\"Confecomer\u00e7 CV muestra su indignaci\u00f3n ante la prohibici\u00f3n de las rebajas en tienda f\u00edsica siendo una decisi\u00f3n incoherente y un sinsentido que atenta contra la reactivaci\u00f3n econ\u00f3mica\",\"datePublished\":\"2020-05-14T15:24:19+00:00\",\"dateModified\":\"2021-07-19T10:57:52+00:00\",\"mainEntityOfPage\":{\"@id\":\"https:\\\/\\\/confecomerc.es\\\/va\\\/confecomerc-cv-muestra-su-indignacion-ante-la-prohibicion-de-las-rebajas-en-tienda-fisica\\\/\"},\"wordCount\":531,\"commentCount\":0,\"image\":{\"@id\":\"https:\\\/\\\/confecomerc.es\\\/va\\\/confecomerc-cv-muestra-su-indignacion-ante-la-prohibicion-de-las-rebajas-en-tienda-fisica\\\/#primaryimage\"},\"thumbnailUrl\":\"https:\\\/\\\/confecomerc.es\\\/wp-content\\\/uploads\\\/2020\\\/05\\\/REBAJAS.png\",\"keywords\":[\"prohibici\u00f3n de las rebajas en tienda f\u00edsica\",\"rebajas\",\"rebajas desescalada\",\"rebajas en tienda f\u00edsica\"],\"articleSection\":[\"Confecomer\u00e7 Cv\",\"Notes de premsa\"],\"inLanguage\":\"va-VA\",\"potentialAction\":[{\"@type\":\"CommentAction\",\"name\":\"Comment\",\"target\":[\"https:\\\/\\\/confecomerc.es\\\/va\\\/confecomerc-cv-muestra-su-indignacion-ante-la-prohibicion-de-las-rebajas-en-tienda-fisica\\\/#respond\"]}]},{\"@type\":\"WebPage\",\"@id\":\"https:\\\/\\\/confecomerc.es\\\/va\\\/confecomerc-cv-muestra-su-indignacion-ante-la-prohibicion-de-las-rebajas-en-tienda-fisica\\\/\",\"url\":\"https:\\\/\\\/confecomerc.es\\\/va\\\/confecomerc-cv-muestra-su-indignacion-ante-la-prohibicion-de-las-rebajas-en-tienda-fisica\\\/\",\"name\":\"Confecomer\u00e7 CV muestra su indignaci\u00f3n ante la prohibici\u00f3n de las rebajas en tienda f\u00edsica siendo una decisi\u00f3n incoherente y un sinsentido que atenta contra la reactivaci\u00f3n econ\u00f3mica\",\"isPartOf\":{\"@id\":\"https:\\\/\\\/confecomerc.es\\\/#website\"},\"primaryImageOfPage\":{\"@id\":\"https:\\\/\\\/confecomerc.es\\\/va\\\/confecomerc-cv-muestra-su-indignacion-ante-la-prohibicion-de-las-rebajas-en-tienda-fisica\\\/#primaryimage\"},\"image\":{\"@id\":\"https:\\\/\\\/confecomerc.es\\\/va\\\/confecomerc-cv-muestra-su-indignacion-ante-la-prohibicion-de-las-rebajas-en-tienda-fisica\\\/#primaryimage\"},\"thumbnailUrl\":\"https:\\\/\\\/confecomerc.es\\\/wp-content\\\/uploads\\\/2020\\\/05\\\/REBAJAS.png\",\"datePublished\":\"2020-05-14T15:24:19+00:00\",\"dateModified\":\"2021-07-19T10:57:52+00:00\",\"author\":{\"@id\":\"https:\\\/\\\/confecomerc.es\\\/#\\\/schema\\\/person\\\/23aa6211544dad9fa6ee269977b0a823\"},\"description\":\"Confecomer\u00e7 CV muestra su indignaci\u00f3n al conocer la decisi\u00f3n del Gobierno de prohibir las rebajas en tienda f\u00edsica en esta grave crisis y las manifiestas contradicciones entre lo publicado en la OM, las aclaraciones de la Secretar\u00eda de Estado de Comercio y las declaraciones del ministro Illa, que repercuten en la seguridad jur\u00eddica del sector. Se trata de una medida incoherente, que deja en clara desventaja al peque\u00f1o comercio respecto a las grandes plataformas digitales.\",\"breadcrumb\":{\"@id\":\"https:\\\/\\\/confecomerc.es\\\/va\\\/confecomerc-cv-muestra-su-indignacion-ante-la-prohibicion-de-las-rebajas-en-tienda-fisica\\\/#breadcrumb\"},\"inLanguage\":\"va-VA\",\"potentialAction\":[{\"@type\":\"ReadAction\",\"target\":[\"https:\\\/\\\/confecomerc.es\\\/va\\\/confecomerc-cv-muestra-su-indignacion-ante-la-prohibicion-de-las-rebajas-en-tienda-fisica\\\/\"]}]},{\"@type\":\"ImageObject\",\"inLanguage\":\"va-VA\",\"@id\":\"https:\\\/\\\/confecomerc.es\\\/va\\\/confecomerc-cv-muestra-su-indignacion-ante-la-prohibicion-de-las-rebajas-en-tienda-fisica\\\/#primaryimage\",\"url\":\"https:\\\/\\\/confecomerc.es\\\/wp-content\\\/uploads\\\/2020\\\/05\\\/REBAJAS.png\",\"contentUrl\":\"https:\\\/\\\/confecomerc.es\\\/wp-content\\\/uploads\\\/2020\\\/05\\\/REBAJAS.png\",\"width\":1080,\"height\":1080,\"caption\":\"prohibici\u00f3n de las rebajas en tienda f\u00edsica\"},{\"@type\":\"BreadcrumbList\",\"@id\":\"https:\\\/\\\/confecomerc.es\\\/va\\\/confecomerc-cv-muestra-su-indignacion-ante-la-prohibicion-de-las-rebajas-en-tienda-fisica\\\/#breadcrumb\",\"itemListElement\":[{\"@type\":\"ListItem\",\"position\":1,\"name\":\"Home\",\"item\":\"https:\\\/\\\/confecomerc.es\\\/va\\\/confecomerc-cv\\\/\"},{\"@type\":\"ListItem\",\"position\":2,\"name\":\"Confecomer\u00e7 CV muestra su indignaci\u00f3n ante la prohibici\u00f3n de las rebajas en tienda f\u00edsica siendo una decisi\u00f3n incoherente y un sinsentido que atenta contra la reactivaci\u00f3n econ\u00f3mica\"}]},{\"@type\":\"WebSite\",\"@id\":\"https:\\\/\\\/confecomerc.es\\\/#website\",\"url\":\"https:\\\/\\\/confecomerc.es\\\/\",\"name\":\"Confecomer\u00e7\",\"description\":\"Confederaci\u00f3 de Comer\u00e7 d\u2019alacant, Castell\u00f3 i Val\u00e8ncia\",\"potentialAction\":[{\"@type\":\"SearchAction\",\"target\":{\"@type\":\"EntryPoint\",\"urlTemplate\":\"https:\\\/\\\/confecomerc.es\\\/?s={search_term_string}\"},\"query-input\":{\"@type\":\"PropertyValueSpecification\",\"valueRequired\":true,\"valueName\":\"search_term_string\"}}],\"inLanguage\":\"va-VA\"},{\"@type\":\"Person\",\"@id\":\"https:\\\/\\\/confecomerc.es\\\/#\\\/schema\\\/person\\\/23aa6211544dad9fa6ee269977b0a823\",\"name\":\"CONFECOMER\u00c7 CV\",\"url\":\"https:\\\/\\\/confecomerc.es\\\/va\\\/author\\\/confe-admin-cv\\\/\"}]}<\/script>\n<!-- \/ Yoast SEO plugin. -->","yoast_head_json":{"title":"Confecomer\u00e7 CV muestra su indignaci\u00f3n ante la prohibici\u00f3n de las rebajas en tienda f\u00edsica siendo una decisi\u00f3n incoherente y un sinsentido que atenta contra la reactivaci\u00f3n econ\u00f3mica","description":"Confecomer\u00e7 CV muestra su indignaci\u00f3n al conocer la decisi\u00f3n del Gobierno de prohibir las rebajas en tienda f\u00edsica en esta grave crisis y las manifiestas contradicciones entre lo publicado en la OM, las aclaraciones de la Secretar\u00eda de Estado de Comercio y las declaraciones del ministro Illa, que repercuten en la seguridad jur\u00eddica del sector. Se trata de una medida incoherente, que deja en clara desventaja al peque\u00f1o comercio respecto a las grandes plataformas digitales.","robots":{"index":"index","follow":"follow","max-snippet":"max-snippet:-1","max-image-preview":"max-image-preview:large","max-video-preview":"max-video-preview:-1"},"canonical":"https:\/\/confecomerc.es\/va\/confecomerc-cv-muestra-su-indignacion-ante-la-prohibicion-de-las-rebajas-en-tienda-fisica\/","og_locale":"en_US","og_type":"article","og_title":"Confecomer\u00e7 CV muestra su indignaci\u00f3n ante la prohibici\u00f3n de las rebajas en tienda f\u00edsica siendo una decisi\u00f3n incoherente y un sinsentido que atenta contra la reactivaci\u00f3n econ\u00f3mica","og_description":"Confecomer\u00e7 CV muestra su indignaci\u00f3n al conocer la decisi\u00f3n del Gobierno de prohibir las rebajas en tienda f\u00edsica en esta grave crisis y las manifiestas contradicciones entre lo publicado en la OM, las aclaraciones de la Secretar\u00eda de Estado de Comercio y las declaraciones del ministro Illa, que repercuten en la seguridad jur\u00eddica del sector. Se trata de una medida incoherente, que deja en clara desventaja al peque\u00f1o comercio respecto a las grandes plataformas digitales.","og_url":"https:\/\/confecomerc.es\/va\/confecomerc-cv-muestra-su-indignacion-ante-la-prohibicion-de-las-rebajas-en-tienda-fisica\/","og_site_name":"Confecomer\u00e7","article_published_time":"2020-05-14T15:24:19+00:00","article_modified_time":"2021-07-19T10:57:52+00:00","og_image":[{"width":1080,"height":1080,"url":"https:\/\/i1.wp.com\/confecomerc.es\/wp-content\/uploads\/2020\/05\/REBAJAS.png?fit=1080%2C1080&ssl=1","type":"image\/png"}],"author":"CONFECOMER\u00c7 CV","twitter_card":"summary_large_image","twitter_misc":{"Written by":"CONFECOMER\u00c7 CV","Est. reading time":"2 minutes"},"schema":{"@context":"https:\/\/schema.org","@graph":[{"@type":"Article","@id":"https:\/\/confecomerc.es\/va\/confecomerc-cv-muestra-su-indignacion-ante-la-prohibicion-de-las-rebajas-en-tienda-fisica\/#article","isPartOf":{"@id":"https:\/\/confecomerc.es\/va\/confecomerc-cv-muestra-su-indignacion-ante-la-prohibicion-de-las-rebajas-en-tienda-fisica\/"},"author":{"name":"CONFECOMER\u00c7 CV","@id":"https:\/\/confecomerc.es\/#\/schema\/person\/23aa6211544dad9fa6ee269977b0a823"},"headline":"Confecomer\u00e7 CV muestra su indignaci\u00f3n ante la prohibici\u00f3n de las rebajas en tienda f\u00edsica siendo una decisi\u00f3n incoherente y un sinsentido que atenta contra la reactivaci\u00f3n econ\u00f3mica","datePublished":"2020-05-14T15:24:19+00:00","dateModified":"2021-07-19T10:57:52+00:00","mainEntityOfPage":{"@id":"https:\/\/confecomerc.es\/va\/confecomerc-cv-muestra-su-indignacion-ante-la-prohibicion-de-las-rebajas-en-tienda-fisica\/"},"wordCount":531,"commentCount":0,"image":{"@id":"https:\/\/confecomerc.es\/va\/confecomerc-cv-muestra-su-indignacion-ante-la-prohibicion-de-las-rebajas-en-tienda-fisica\/#primaryimage"},"thumbnailUrl":"https:\/\/confecomerc.es\/wp-content\/uploads\/2020\/05\/REBAJAS.png","keywords":["prohibici\u00f3n de las rebajas en tienda f\u00edsica","rebajas","rebajas desescalada","rebajas en tienda f\u00edsica"],"articleSection":["Confecomer\u00e7 Cv","Notes de premsa"],"inLanguage":"va-VA","potentialAction":[{"@type":"CommentAction","name":"Comment","target":["https:\/\/confecomerc.es\/va\/confecomerc-cv-muestra-su-indignacion-ante-la-prohibicion-de-las-rebajas-en-tienda-fisica\/#respond"]}]},{"@type":"WebPage","@id":"https:\/\/confecomerc.es\/va\/confecomerc-cv-muestra-su-indignacion-ante-la-prohibicion-de-las-rebajas-en-tienda-fisica\/","url":"https:\/\/confecomerc.es\/va\/confecomerc-cv-muestra-su-indignacion-ante-la-prohibicion-de-las-rebajas-en-tienda-fisica\/","name":"Confecomer\u00e7 CV muestra su indignaci\u00f3n ante la prohibici\u00f3n de las rebajas en tienda f\u00edsica siendo una decisi\u00f3n incoherente y un sinsentido que atenta contra la reactivaci\u00f3n econ\u00f3mica","isPartOf":{"@id":"https:\/\/confecomerc.es\/#website"},"primaryImageOfPage":{"@id":"https:\/\/confecomerc.es\/va\/confecomerc-cv-muestra-su-indignacion-ante-la-prohibicion-de-las-rebajas-en-tienda-fisica\/#primaryimage"},"image":{"@id":"https:\/\/confecomerc.es\/va\/confecomerc-cv-muestra-su-indignacion-ante-la-prohibicion-de-las-rebajas-en-tienda-fisica\/#primaryimage"},"thumbnailUrl":"https:\/\/confecomerc.es\/wp-content\/uploads\/2020\/05\/REBAJAS.png","datePublished":"2020-05-14T15:24:19+00:00","dateModified":"2021-07-19T10:57:52+00:00","author":{"@id":"https:\/\/confecomerc.es\/#\/schema\/person\/23aa6211544dad9fa6ee269977b0a823"},"description":"Confecomer\u00e7 CV muestra su indignaci\u00f3n al conocer la decisi\u00f3n del Gobierno de prohibir las rebajas en tienda f\u00edsica en esta grave crisis y las manifiestas contradicciones entre lo publicado en la OM, las aclaraciones de la Secretar\u00eda de Estado de Comercio y las declaraciones del ministro Illa, que repercuten en la seguridad jur\u00eddica del sector. Se trata de una medida incoherente, que deja en clara desventaja al peque\u00f1o comercio respecto a las grandes plataformas digitales.","breadcrumb":{"@id":"https:\/\/confecomerc.es\/va\/confecomerc-cv-muestra-su-indignacion-ante-la-prohibicion-de-las-rebajas-en-tienda-fisica\/#breadcrumb"},"inLanguage":"va-VA","potentialAction":[{"@type":"ReadAction","target":["https:\/\/confecomerc.es\/va\/confecomerc-cv-muestra-su-indignacion-ante-la-prohibicion-de-las-rebajas-en-tienda-fisica\/"]}]},{"@type":"ImageObject","inLanguage":"va-VA","@id":"https:\/\/confecomerc.es\/va\/confecomerc-cv-muestra-su-indignacion-ante-la-prohibicion-de-las-rebajas-en-tienda-fisica\/#primaryimage","url":"https:\/\/confecomerc.es\/wp-content\/uploads\/2020\/05\/REBAJAS.png","contentUrl":"https:\/\/confecomerc.es\/wp-content\/uploads\/2020\/05\/REBAJAS.png","width":1080,"height":1080,"caption":"prohibici\u00f3n de las rebajas en tienda f\u00edsica"},{"@type":"BreadcrumbList","@id":"https:\/\/confecomerc.es\/va\/confecomerc-cv-muestra-su-indignacion-ante-la-prohibicion-de-las-rebajas-en-tienda-fisica\/#breadcrumb","itemListElement":[{"@type":"ListItem","position":1,"name":"Home","item":"https:\/\/confecomerc.es\/va\/confecomerc-cv\/"},{"@type":"ListItem","position":2,"name":"Confecomer\u00e7 CV muestra su indignaci\u00f3n ante la prohibici\u00f3n de las rebajas en tienda f\u00edsica siendo una decisi\u00f3n incoherente y un sinsentido que atenta contra la reactivaci\u00f3n econ\u00f3mica"}]},{"@type":"WebSite","@id":"https:\/\/confecomerc.es\/#website","url":"https:\/\/confecomerc.es\/","name":"Confecomer\u00e7","description":"Confederaci\u00f3 de Comer\u00e7 d\u2019alacant, Castell\u00f3 i Val\u00e8ncia","potentialAction":[{"@type":"SearchAction","target":{"@type":"EntryPoint","urlTemplate":"https:\/\/confecomerc.es\/?s={search_term_string}"},"query-input":{"@type":"PropertyValueSpecification","valueRequired":true,"valueName":"search_term_string"}}],"inLanguage":"va-VA"},{"@type":"Person","@id":"https:\/\/confecomerc.es\/#\/schema\/person\/23aa6211544dad9fa6ee269977b0a823","name":"CONFECOMER\u00c7 CV","url":"https:\/\/confecomerc.es\/va\/author\/confe-admin-cv\/"}]}},"_links":{"self":[{"href":"https:\/\/confecomerc.es\/va\/wp-json\/wp\/v2\/posts\/8143","targetHints":{"allow":["GET"]}}],"collection":[{"href":"https:\/\/confecomerc.es\/va\/wp-json\/wp\/v2\/posts"}],"about":[{"href":"https:\/\/confecomerc.es\/va\/wp-json\/wp\/v2\/types\/post"}],"author":[{"embeddable":true,"href":"https:\/\/confecomerc.es\/va\/wp-json\/wp\/v2\/users\/1"}],"replies":[{"embeddable":true,"href":"https:\/\/confecomerc.es\/va\/wp-json\/wp\/v2\/comments?post=8143"}],"version-history":[{"count":0,"href":"https:\/\/confecomerc.es\/va\/wp-json\/wp\/v2\/posts\/8143\/revisions"}],"wp:featuredmedia":[{"embeddable":true,"href":"https:\/\/confecomerc.es\/va\/wp-json\/wp\/v2\/media\/4862"}],"wp:attachment":[{"href":"https:\/\/confecomerc.es\/va\/wp-json\/wp\/v2\/media?parent=8143"}],"wp:term":[{"taxonomy":"category","embeddable":true,"href":"https:\/\/confecomerc.es\/va\/wp-json\/wp\/v2\/categories?post=8143"},{"taxonomy":"post_tag","embeddable":true,"href":"https:\/\/confecomerc.es\/va\/wp-json\/wp\/v2\/tags?post=8143"}],"curies":[{"name":"wp","href":"https:\/\/api.w.org\/{rel}","templated":true}]}}