{"id":8144,"date":"2020-05-10T13:03:49","date_gmt":"2020-05-10T12:03:49","guid":{"rendered":"https:\/\/confecomerc.es\/confecomerc-cv-considera-inadmisible-las-explicaciones-del-gobierno\/"},"modified":"2021-07-19T11:57:54","modified_gmt":"2021-07-19T10:57:54","slug":"confecomerc-cv-considera-inadmisible-las-explicaciones-del-gobierno","status":"publish","type":"post","link":"https:\/\/confecomerc.es\/va\/confecomerc-cv-considera-inadmisible-las-explicaciones-del-gobierno\/","title":{"rendered":"Confecomer\u00e7 CV considera inadmisible las explicaciones del gobierno y exige m\u00e1xima transparencia y seguridad jur\u00eddica para el sector del peque\u00f1o comercio en el plan de desescalada"},"content":{"rendered":"<p><em><u>Valencia, 10 de mayo de 2020<\/u><\/em><u>.<\/u>&#8211; La <strong>Confederaci\u00f3 del Comer\u00e7, Servicis i Aut\u00f2noms de la Comunitat Valenciana<\/strong> <strong>CONFECOMER\u00c7 CV,<\/strong> considera inadmisible\u00a0 las explicaciones que el Gobierno ha ofrecido hasta ahora sobre la decisi\u00f3n comunicada el viernes respecto al Plan de Desescalada para la Comunitat Valenciana. Desde la patronal auton\u00f3mica del comercio <strong>se considera un \u201cvarapalo\u201d, <\/strong>con miles de empresarios del comercio con todo preparado y dispuesto para la apertura, que han realizado un desembolso en inversiones y material,\u00a0 y rescatado personal de los ERTE para recibir la noticia de que finalmente no van a poder abrir esta semana.<\/p>\n<p>Desde Confecomer\u00e7 CV se pone de relieve que desde un principio <strong>el gobierno auton\u00f3mico hab\u00eda transmitido confianza de que toda la Comunitat Valenciana pasar\u00eda a la fase 1<\/strong>, y el lunes solo podr\u00e1n hacerlo en 10 de las 24 \u00e1reas de salud. Adem\u00e1s, tras conocer el anuncio, la Generalitat asegura que el documento trasladado al Ministerio\u00a0 cumple con las cuatro capacidades que exig\u00eda el Gobierno: una asistencia reforzada, un modelo eficaz y seguro de alerta y vigilancia epidemiol\u00f3gica, una r\u00e1pida identificaci\u00f3n y contenci\u00f3n de fuentes de contagios y un refuerzo de medidas de protecci\u00f3n colectiva. Asimismo, tampoco se entiende c\u00f3mo se ha procedido a la aplicaci\u00f3n de los criterios, por lo que se exigen respuestas por parte del Ejecutivo.<\/p>\n<p>En este sentido, desde la Confederaci\u00f3n reclamamos la revisi\u00f3n de la medida y que se ofrezcan las explicaciones t\u00e9cnicas pertinentes que justifiquen la desescalada parcial, dado que esta <strong>decisi\u00f3n ha provocado un grave \u201cdesconcierto\u201d en el sector empresarial, que desde hace d\u00edas se preparaba para recuperar la normalidad con la inminente apertura de los comercios<\/strong>.<\/p>\n<p><strong>Confecomer\u00e7 CV destaca que en el caso de la Comunitat Valenciana el Ejecutivo debe aportar una explicaci\u00f3n clara y objetiva,<\/strong> ya que atendiendo a los datos que se han publicado hasta la fecha, todo indica que el conjunto de la Comunidad Valenciana est\u00e1 en mejor situaci\u00f3n que otras Comunidades Aut\u00f3nomas que pasar\u00e1n a fase 1 el lunes 11. En caso contrario, se produce un <strong>agravio comparativo con consecuencias econ\u00f3micas importantes para un sector con empresas que llevan ya cerca de dos meses cerradas con una facturaci\u00f3n cero<\/strong>, siendo notable las p\u00e9rdidas desde el inicio de esta crisis.<\/p>\n<p>El <strong>presidente de la Confederaci\u00f3n, Rafael Torres<\/strong> pone de relieve que \u201cel sector siente una enorme decepci\u00f3n, ya que est\u00e1bamos absolutamente convencidos de que \u00edbamos a pasar toda la Comunidad a la fase 1 de desescalada, y as\u00ed se nos hab\u00eda trasladado\u00a0 plena confianza de que \u00edbamos a cumplir absolutamente con todos los requisitos. Es por ello que el sector ha trabajado en esa l\u00ednea haciendo inversiones, recuperando al personal de los ERTEs, ha adquirido materia prima, ha tomado medidas de seguridad y sobre todo el peque\u00f1o comercio ten\u00eda un proyecto, una ilusi\u00f3n para arrancar este proceso de reactivaci\u00f3n econ\u00f3mica.<\/p>\n<p>\u201c<strong>Solo una parte van a poder iniciar la reactivaci\u00f3n de sus comercios,<\/strong> para otros se ha visto <strong>truncada<\/strong>, se ha partido en dos, y es un mazazo que impacta en el \u00e1nimo de los que no pueden abrir, por lo que exigimos una aclaraci\u00f3n por parte del Gobierno Central, ha asegurado Torres.<\/p>\n<p><strong>Confecomer\u00e7 CV manifiesta que se hace necesario que el procedimiento utilizado del anuncio de la decisi\u00f3n de la reactivaci\u00f3n econ\u00f3mica se realice en un marco de seguridad y certidumbre. <\/strong>En este sentido, <strong>la Confederaci\u00f3n pide al Gobierno Auton\u00f3mico y al Estatal, seguridad jur\u00eddica, mayor previsi\u00f3n y transparencia <\/strong>en las comunicaciones para garantizar que la reactivaci\u00f3n econ\u00f3mica se realice coordinadamente y que no repercuta negativamente en el proceso de vuelta a la normalidad.<\/p>\n","protected":false},"excerpt":{"rendered":"<p>La Confederaci\u00f3 del Comer\u00e7, Servicis i Aut\u00f2noms de la Comunitat Valenciana CONFECOMER\u00c7 CV, considera inadmisible\u00a0 las explicaciones que el Gobierno ha ofrecido hasta ahora sobre la decisi\u00f3n comunicada el viernes respecto al Plan de Desescalada para la Comunitat Valenciana.<\/p>\n","protected":false},"author":1,"featured_media":4820,"comment_status":"open","ping_status":"open","sticky":false,"template":"","format":"standard","meta":{"_et_pb_use_builder":"","_et_pb_old_content":"","_et_gb_content_width":"","footnotes":""},"categories":[614,615],"tags":[3085,3232],"class_list":["post-8144","post","type-post","status-publish","format-standard","has-post-thumbnail","hentry","category-confecomerc-cv-va","category-notes-de-premsa","tag-plan-de-desescalada-va","tag-plan-de-desescalada-para-la-comunitat-valencian-va"],"yoast_head":"<!-- This site is optimized with the Yoast SEO plugin v27.3 - https:\/\/yoast.com\/product\/yoast-seo-wordpress\/ -->\n<title>Confecomer\u00e7 CV considera inadmisible las explicaciones del gobierno y exige m\u00e1xima transparencia y seguridad jur\u00eddica para el sector del peque\u00f1o comercio en el plan de desescalada<\/title>\n<meta name=\"description\" content=\"La Confederaci\u00f3 del Comer\u00e7, Servicis i Aut\u00f2noms de la Comunitat Valenciana CONFECOMER\u00c7 CV, considera inadmisible\u00a0 las explicaciones que el Gobierno ha ofrecido hasta ahora sobre la decisi\u00f3n comunicada el viernes respecto al Plan de Desescalada para la Comunitat Valenciana.\" \/>\n<meta name=\"robots\" content=\"index, follow, max-snippet:-1, max-image-preview:large, max-video-preview:-1\" \/>\n<link rel=\"canonical\" href=\"https:\/\/confecomerc.es\/va\/confecomerc-cv-considera-inadmisible-las-explicaciones-del-gobierno\/\" \/>\n<meta property=\"og:locale\" content=\"en_US\" \/>\n<meta property=\"og:type\" content=\"article\" \/>\n<meta property=\"og:title\" content=\"Confecomer\u00e7 CV considera inadmisible las explicaciones del gobierno y exige m\u00e1xima transparencia y seguridad jur\u00eddica para el sector del peque\u00f1o comercio en el plan de desescalada\" \/>\n<meta property=\"og:description\" content=\"La Confederaci\u00f3 del Comer\u00e7, Servicis i Aut\u00f2noms de la Comunitat Valenciana CONFECOMER\u00c7 CV, considera inadmisible\u00a0 las explicaciones que el Gobierno ha ofrecido hasta ahora sobre la decisi\u00f3n comunicada el viernes respecto al Plan de Desescalada para la Comunitat Valenciana.\" \/>\n<meta property=\"og:url\" content=\"https:\/\/confecomerc.es\/va\/confecomerc-cv-considera-inadmisible-las-explicaciones-del-gobierno\/\" \/>\n<meta property=\"og:site_name\" content=\"Confecomer\u00e7\" \/>\n<meta property=\"article:published_time\" content=\"2020-05-10T12:03:49+00:00\" \/>\n<meta property=\"article:modified_time\" content=\"2021-07-19T10:57:54+00:00\" \/>\n<meta property=\"og:image\" content=\"https:\/\/i1.wp.com\/confecomerc.es\/wp-content\/uploads\/2020\/05\/Imagotipo-CONFECOMERC-CV-COLOR-1.png?fit=3421%2C1147&ssl=1\" \/>\n\t<meta property=\"og:image:width\" content=\"3421\" \/>\n\t<meta property=\"og:image:height\" content=\"1147\" \/>\n\t<meta property=\"og:image:type\" content=\"image\/png\" \/>\n<meta name=\"author\" content=\"CONFECOMER\u00c7 CV\" \/>\n<meta name=\"twitter:card\" content=\"summary_large_image\" \/>\n<meta name=\"twitter:label1\" content=\"Written by\" \/>\n\t<meta name=\"twitter:data1\" content=\"CONFECOMER\u00c7 CV\" \/>\n\t<meta name=\"twitter:label2\" content=\"Est. reading time\" \/>\n\t<meta name=\"twitter:data2\" content=\"3 minutes\" \/>\n<script type=\"application\/ld+json\" class=\"yoast-schema-graph\">{\"@context\":\"https:\\\/\\\/schema.org\",\"@graph\":[{\"@type\":\"Article\",\"@id\":\"https:\\\/\\\/confecomerc.es\\\/va\\\/confecomerc-cv-considera-inadmisible-las-explicaciones-del-gobierno\\\/#article\",\"isPartOf\":{\"@id\":\"https:\\\/\\\/confecomerc.es\\\/va\\\/confecomerc-cv-considera-inadmisible-las-explicaciones-del-gobierno\\\/\"},\"author\":{\"name\":\"CONFECOMER\u00c7 CV\",\"@id\":\"https:\\\/\\\/confecomerc.es\\\/#\\\/schema\\\/person\\\/23aa6211544dad9fa6ee269977b0a823\"},\"headline\":\"Confecomer\u00e7 CV considera inadmisible las explicaciones del gobierno y exige m\u00e1xima transparencia y seguridad jur\u00eddica para el sector del peque\u00f1o comercio en el plan de desescalada\",\"datePublished\":\"2020-05-10T12:03:49+00:00\",\"dateModified\":\"2021-07-19T10:57:54+00:00\",\"mainEntityOfPage\":{\"@id\":\"https:\\\/\\\/confecomerc.es\\\/va\\\/confecomerc-cv-considera-inadmisible-las-explicaciones-del-gobierno\\\/\"},\"wordCount\":664,\"commentCount\":0,\"image\":{\"@id\":\"https:\\\/\\\/confecomerc.es\\\/va\\\/confecomerc-cv-considera-inadmisible-las-explicaciones-del-gobierno\\\/#primaryimage\"},\"thumbnailUrl\":\"https:\\\/\\\/confecomerc.es\\\/wp-content\\\/uploads\\\/2020\\\/05\\\/Imagotipo-CONFECOMERC-CV-COLOR-1.png\",\"keywords\":[\"Plan de Desescalada\",\"Plan de Desescalada para la Comunitat Valencian\"],\"articleSection\":[\"Confecomer\u00e7 Cv\",\"Notes de premsa\"],\"inLanguage\":\"va-VA\",\"potentialAction\":[{\"@type\":\"CommentAction\",\"name\":\"Comment\",\"target\":[\"https:\\\/\\\/confecomerc.es\\\/va\\\/confecomerc-cv-considera-inadmisible-las-explicaciones-del-gobierno\\\/#respond\"]}]},{\"@type\":\"WebPage\",\"@id\":\"https:\\\/\\\/confecomerc.es\\\/va\\\/confecomerc-cv-considera-inadmisible-las-explicaciones-del-gobierno\\\/\",\"url\":\"https:\\\/\\\/confecomerc.es\\\/va\\\/confecomerc-cv-considera-inadmisible-las-explicaciones-del-gobierno\\\/\",\"name\":\"Confecomer\u00e7 CV considera inadmisible las explicaciones del gobierno y exige m\u00e1xima transparencia y seguridad jur\u00eddica para el sector del peque\u00f1o comercio en el plan de desescalada\",\"isPartOf\":{\"@id\":\"https:\\\/\\\/confecomerc.es\\\/#website\"},\"primaryImageOfPage\":{\"@id\":\"https:\\\/\\\/confecomerc.es\\\/va\\\/confecomerc-cv-considera-inadmisible-las-explicaciones-del-gobierno\\\/#primaryimage\"},\"image\":{\"@id\":\"https:\\\/\\\/confecomerc.es\\\/va\\\/confecomerc-cv-considera-inadmisible-las-explicaciones-del-gobierno\\\/#primaryimage\"},\"thumbnailUrl\":\"https:\\\/\\\/confecomerc.es\\\/wp-content\\\/uploads\\\/2020\\\/05\\\/Imagotipo-CONFECOMERC-CV-COLOR-1.png\",\"datePublished\":\"2020-05-10T12:03:49+00:00\",\"dateModified\":\"2021-07-19T10:57:54+00:00\",\"author\":{\"@id\":\"https:\\\/\\\/confecomerc.es\\\/#\\\/schema\\\/person\\\/23aa6211544dad9fa6ee269977b0a823\"},\"description\":\"La Confederaci\u00f3 del Comer\u00e7, Servicis i Aut\u00f2noms de la Comunitat Valenciana CONFECOMER\u00c7 CV, considera inadmisible\u00a0 las explicaciones que el Gobierno ha ofrecido hasta ahora sobre la decisi\u00f3n comunicada el viernes respecto al Plan de Desescalada para la Comunitat Valenciana.\",\"breadcrumb\":{\"@id\":\"https:\\\/\\\/confecomerc.es\\\/va\\\/confecomerc-cv-considera-inadmisible-las-explicaciones-del-gobierno\\\/#breadcrumb\"},\"inLanguage\":\"va-VA\",\"potentialAction\":[{\"@type\":\"ReadAction\",\"target\":[\"https:\\\/\\\/confecomerc.es\\\/va\\\/confecomerc-cv-considera-inadmisible-las-explicaciones-del-gobierno\\\/\"]}]},{\"@type\":\"ImageObject\",\"inLanguage\":\"va-VA\",\"@id\":\"https:\\\/\\\/confecomerc.es\\\/va\\\/confecomerc-cv-considera-inadmisible-las-explicaciones-del-gobierno\\\/#primaryimage\",\"url\":\"https:\\\/\\\/confecomerc.es\\\/wp-content\\\/uploads\\\/2020\\\/05\\\/Imagotipo-CONFECOMERC-CV-COLOR-1.png\",\"contentUrl\":\"https:\\\/\\\/confecomerc.es\\\/wp-content\\\/uploads\\\/2020\\\/05\\\/Imagotipo-CONFECOMERC-CV-COLOR-1.png\",\"width\":3421,\"height\":1147,\"caption\":\"plan de desescalada\"},{\"@type\":\"BreadcrumbList\",\"@id\":\"https:\\\/\\\/confecomerc.es\\\/va\\\/confecomerc-cv-considera-inadmisible-las-explicaciones-del-gobierno\\\/#breadcrumb\",\"itemListElement\":[{\"@type\":\"ListItem\",\"position\":1,\"name\":\"Home\",\"item\":\"https:\\\/\\\/confecomerc.es\\\/va\\\/confecomerc-cv\\\/\"},{\"@type\":\"ListItem\",\"position\":2,\"name\":\"Confecomer\u00e7 CV considera inadmisible las explicaciones del gobierno y exige m\u00e1xima transparencia y seguridad jur\u00eddica para el sector del peque\u00f1o comercio en el plan de desescalada\"}]},{\"@type\":\"WebSite\",\"@id\":\"https:\\\/\\\/confecomerc.es\\\/#website\",\"url\":\"https:\\\/\\\/confecomerc.es\\\/\",\"name\":\"Confecomer\u00e7\",\"description\":\"Confederaci\u00f3 de Comer\u00e7 d\u2019alacant, Castell\u00f3 i Val\u00e8ncia\",\"potentialAction\":[{\"@type\":\"SearchAction\",\"target\":{\"@type\":\"EntryPoint\",\"urlTemplate\":\"https:\\\/\\\/confecomerc.es\\\/?s={search_term_string}\"},\"query-input\":{\"@type\":\"PropertyValueSpecification\",\"valueRequired\":true,\"valueName\":\"search_term_string\"}}],\"inLanguage\":\"va-VA\"},{\"@type\":\"Person\",\"@id\":\"https:\\\/\\\/confecomerc.es\\\/#\\\/schema\\\/person\\\/23aa6211544dad9fa6ee269977b0a823\",\"name\":\"CONFECOMER\u00c7 CV\",\"url\":\"https:\\\/\\\/confecomerc.es\\\/va\\\/author\\\/confe-admin-cv\\\/\"}]}<\/script>\n<!-- \/ Yoast SEO plugin. -->","yoast_head_json":{"title":"Confecomer\u00e7 CV considera inadmisible las explicaciones del gobierno y exige m\u00e1xima transparencia y seguridad jur\u00eddica para el sector del peque\u00f1o comercio en el plan de desescalada","description":"La Confederaci\u00f3 del Comer\u00e7, Servicis i Aut\u00f2noms de la Comunitat Valenciana CONFECOMER\u00c7 CV, considera inadmisible\u00a0 las explicaciones que el Gobierno ha ofrecido hasta ahora sobre la decisi\u00f3n comunicada el viernes respecto al Plan de Desescalada para la Comunitat Valenciana.","robots":{"index":"index","follow":"follow","max-snippet":"max-snippet:-1","max-image-preview":"max-image-preview:large","max-video-preview":"max-video-preview:-1"},"canonical":"https:\/\/confecomerc.es\/va\/confecomerc-cv-considera-inadmisible-las-explicaciones-del-gobierno\/","og_locale":"en_US","og_type":"article","og_title":"Confecomer\u00e7 CV considera inadmisible las explicaciones del gobierno y exige m\u00e1xima transparencia y seguridad jur\u00eddica para el sector del peque\u00f1o comercio en el plan de desescalada","og_description":"La Confederaci\u00f3 del Comer\u00e7, Servicis i Aut\u00f2noms de la Comunitat Valenciana CONFECOMER\u00c7 CV, considera inadmisible\u00a0 las explicaciones que el Gobierno ha ofrecido hasta ahora sobre la decisi\u00f3n comunicada el viernes respecto al Plan de Desescalada para la Comunitat Valenciana.","og_url":"https:\/\/confecomerc.es\/va\/confecomerc-cv-considera-inadmisible-las-explicaciones-del-gobierno\/","og_site_name":"Confecomer\u00e7","article_published_time":"2020-05-10T12:03:49+00:00","article_modified_time":"2021-07-19T10:57:54+00:00","og_image":[{"width":3421,"height":1147,"url":"https:\/\/i1.wp.com\/confecomerc.es\/wp-content\/uploads\/2020\/05\/Imagotipo-CONFECOMERC-CV-COLOR-1.png?fit=3421%2C1147&ssl=1","type":"image\/png"}],"author":"CONFECOMER\u00c7 CV","twitter_card":"summary_large_image","twitter_misc":{"Written by":"CONFECOMER\u00c7 CV","Est. reading time":"3 minutes"},"schema":{"@context":"https:\/\/schema.org","@graph":[{"@type":"Article","@id":"https:\/\/confecomerc.es\/va\/confecomerc-cv-considera-inadmisible-las-explicaciones-del-gobierno\/#article","isPartOf":{"@id":"https:\/\/confecomerc.es\/va\/confecomerc-cv-considera-inadmisible-las-explicaciones-del-gobierno\/"},"author":{"name":"CONFECOMER\u00c7 CV","@id":"https:\/\/confecomerc.es\/#\/schema\/person\/23aa6211544dad9fa6ee269977b0a823"},"headline":"Confecomer\u00e7 CV considera inadmisible las explicaciones del gobierno y exige m\u00e1xima transparencia y seguridad jur\u00eddica para el sector del peque\u00f1o comercio en el plan de desescalada","datePublished":"2020-05-10T12:03:49+00:00","dateModified":"2021-07-19T10:57:54+00:00","mainEntityOfPage":{"@id":"https:\/\/confecomerc.es\/va\/confecomerc-cv-considera-inadmisible-las-explicaciones-del-gobierno\/"},"wordCount":664,"commentCount":0,"image":{"@id":"https:\/\/confecomerc.es\/va\/confecomerc-cv-considera-inadmisible-las-explicaciones-del-gobierno\/#primaryimage"},"thumbnailUrl":"https:\/\/confecomerc.es\/wp-content\/uploads\/2020\/05\/Imagotipo-CONFECOMERC-CV-COLOR-1.png","keywords":["Plan de Desescalada","Plan de Desescalada para la Comunitat Valencian"],"articleSection":["Confecomer\u00e7 Cv","Notes de premsa"],"inLanguage":"va-VA","potentialAction":[{"@type":"CommentAction","name":"Comment","target":["https:\/\/confecomerc.es\/va\/confecomerc-cv-considera-inadmisible-las-explicaciones-del-gobierno\/#respond"]}]},{"@type":"WebPage","@id":"https:\/\/confecomerc.es\/va\/confecomerc-cv-considera-inadmisible-las-explicaciones-del-gobierno\/","url":"https:\/\/confecomerc.es\/va\/confecomerc-cv-considera-inadmisible-las-explicaciones-del-gobierno\/","name":"Confecomer\u00e7 CV considera inadmisible las explicaciones del gobierno y exige m\u00e1xima transparencia y seguridad jur\u00eddica para el sector del peque\u00f1o comercio en el plan de desescalada","isPartOf":{"@id":"https:\/\/confecomerc.es\/#website"},"primaryImageOfPage":{"@id":"https:\/\/confecomerc.es\/va\/confecomerc-cv-considera-inadmisible-las-explicaciones-del-gobierno\/#primaryimage"},"image":{"@id":"https:\/\/confecomerc.es\/va\/confecomerc-cv-considera-inadmisible-las-explicaciones-del-gobierno\/#primaryimage"},"thumbnailUrl":"https:\/\/confecomerc.es\/wp-content\/uploads\/2020\/05\/Imagotipo-CONFECOMERC-CV-COLOR-1.png","datePublished":"2020-05-10T12:03:49+00:00","dateModified":"2021-07-19T10:57:54+00:00","author":{"@id":"https:\/\/confecomerc.es\/#\/schema\/person\/23aa6211544dad9fa6ee269977b0a823"},"description":"La Confederaci\u00f3 del Comer\u00e7, Servicis i Aut\u00f2noms de la Comunitat Valenciana CONFECOMER\u00c7 CV, considera inadmisible\u00a0 las explicaciones que el Gobierno ha ofrecido hasta ahora sobre la decisi\u00f3n comunicada el viernes respecto al Plan de Desescalada para la Comunitat Valenciana.","breadcrumb":{"@id":"https:\/\/confecomerc.es\/va\/confecomerc-cv-considera-inadmisible-las-explicaciones-del-gobierno\/#breadcrumb"},"inLanguage":"va-VA","potentialAction":[{"@type":"ReadAction","target":["https:\/\/confecomerc.es\/va\/confecomerc-cv-considera-inadmisible-las-explicaciones-del-gobierno\/"]}]},{"@type":"ImageObject","inLanguage":"va-VA","@id":"https:\/\/confecomerc.es\/va\/confecomerc-cv-considera-inadmisible-las-explicaciones-del-gobierno\/#primaryimage","url":"https:\/\/confecomerc.es\/wp-content\/uploads\/2020\/05\/Imagotipo-CONFECOMERC-CV-COLOR-1.png","contentUrl":"https:\/\/confecomerc.es\/wp-content\/uploads\/2020\/05\/Imagotipo-CONFECOMERC-CV-COLOR-1.png","width":3421,"height":1147,"caption":"plan de desescalada"},{"@type":"BreadcrumbList","@id":"https:\/\/confecomerc.es\/va\/confecomerc-cv-considera-inadmisible-las-explicaciones-del-gobierno\/#breadcrumb","itemListElement":[{"@type":"ListItem","position":1,"name":"Home","item":"https:\/\/confecomerc.es\/va\/confecomerc-cv\/"},{"@type":"ListItem","position":2,"name":"Confecomer\u00e7 CV considera inadmisible las explicaciones del gobierno y exige m\u00e1xima transparencia y seguridad jur\u00eddica para el sector del peque\u00f1o comercio en el plan de desescalada"}]},{"@type":"WebSite","@id":"https:\/\/confecomerc.es\/#website","url":"https:\/\/confecomerc.es\/","name":"Confecomer\u00e7","description":"Confederaci\u00f3 de Comer\u00e7 d\u2019alacant, Castell\u00f3 i Val\u00e8ncia","potentialAction":[{"@type":"SearchAction","target":{"@type":"EntryPoint","urlTemplate":"https:\/\/confecomerc.es\/?s={search_term_string}"},"query-input":{"@type":"PropertyValueSpecification","valueRequired":true,"valueName":"search_term_string"}}],"inLanguage":"va-VA"},{"@type":"Person","@id":"https:\/\/confecomerc.es\/#\/schema\/person\/23aa6211544dad9fa6ee269977b0a823","name":"CONFECOMER\u00c7 CV","url":"https:\/\/confecomerc.es\/va\/author\/confe-admin-cv\/"}]}},"_links":{"self":[{"href":"https:\/\/confecomerc.es\/va\/wp-json\/wp\/v2\/posts\/8144","targetHints":{"allow":["GET"]}}],"collection":[{"href":"https:\/\/confecomerc.es\/va\/wp-json\/wp\/v2\/posts"}],"about":[{"href":"https:\/\/confecomerc.es\/va\/wp-json\/wp\/v2\/types\/post"}],"author":[{"embeddable":true,"href":"https:\/\/confecomerc.es\/va\/wp-json\/wp\/v2\/users\/1"}],"replies":[{"embeddable":true,"href":"https:\/\/confecomerc.es\/va\/wp-json\/wp\/v2\/comments?post=8144"}],"version-history":[{"count":0,"href":"https:\/\/confecomerc.es\/va\/wp-json\/wp\/v2\/posts\/8144\/revisions"}],"wp:featuredmedia":[{"embeddable":true,"href":"https:\/\/confecomerc.es\/va\/wp-json\/wp\/v2\/media\/4820"}],"wp:attachment":[{"href":"https:\/\/confecomerc.es\/va\/wp-json\/wp\/v2\/media?parent=8144"}],"wp:term":[{"taxonomy":"category","embeddable":true,"href":"https:\/\/confecomerc.es\/va\/wp-json\/wp\/v2\/categories?post=8144"},{"taxonomy":"post_tag","embeddable":true,"href":"https:\/\/confecomerc.es\/va\/wp-json\/wp\/v2\/tags?post=8144"}],"curies":[{"name":"wp","href":"https:\/\/api.w.org\/{rel}","templated":true}]}}