{"id":8225,"date":"2019-07-18T11:55:23","date_gmt":"2019-07-18T10:55:23","guid":{"rendered":"https:\/\/confecomerc.es\/comerc-moble-presenta-las-principales-novedades-del-convenio-colectivo-sectorial-del-mueble\/"},"modified":"2021-07-19T12:07:06","modified_gmt":"2021-07-19T11:07:06","slug":"comerc-moble-presenta-las-principales-novedades-del-convenio-colectivo-sectorial-del-mueble","status":"publish","type":"post","link":"https:\/\/confecomerc.es\/va\/comerc-moble-presenta-las-principales-novedades-del-convenio-colectivo-sectorial-del-mueble\/","title":{"rendered":"Comer\u00e7 Moble presenta las principales novedades del convenio colectivo sectorial del mueble"},"content":{"rendered":"<p><strong>\u00a0(Valencia 18 de julio de 2019).<\/strong> La <strong>Asociaci\u00f3n de Comercio del Mueble y el H\u00e1bitat de la Comunidad Valenciana (COMER\u00c7 MOBLE)<\/strong>, <strong>organizaci\u00f3n miembro de CONFECOMER\u00c7 CV,<\/strong> ha dado a conocer en una jornada informativa, celebrada en Valencia, <strong>las claves del nuevo convenio colectivo sectorial, negociado por la entidad y sindicatos para la Provincia de Valencia. <\/strong><\/p>\n<p>En el acto se han dado a conocer las principales novedades, que se enmarcan en las recomendaciones del IV Acuerdo para el Empleo y la Negociaci\u00f3n Colectiva publicado en el BOE del 18 de julio de 2018, de manera que todas las empresas del sector pueden afrontar la planificaci\u00f3n de sus gastos laborales hasta 2020, con unas bases que permiten mejorar su competitividad, ya que el Convenio Colectivo establece una regulaci\u00f3n clara para aspectos tan importantes como flexibilidad horaria, la distribuci\u00f3n de la jornada y el calendario laboral.<\/p>\n<p>El presidente de <strong>Comer\u00e7 Moble, Abelardo Olmeda<\/strong> ha destacado que \u201clas asociaciones sectoriales realizamos un <strong>gran esfuerzo por mantener el di\u00e1logo social<\/strong> y, por impulsar los <strong>convenios colectivos<\/strong>, que benefician a todo el sector y a sus trabajadores\u201d.<\/p>\n<p>Adem\u00e1s, en la jornada celebrada hoy <strong>los asociados de la entidad han podido conocer los detalles<\/strong> que incluye este nuevo convenio para de este modo contar con informaci\u00f3n concreta sobre el contenido del mismo, una informaci\u00f3n necesaria a la hora de impulsar y llevar a cabo su actividad comercial, destacando que la jornada anual del sector puede ser ordenada con arreglo a un calendario laboral que la empresa elaborar\u00e1 atendiendo a sus necesidades productivas y organizativas. Y no hacerlo supondr\u00eda desaprovechar una excelente herramienta para la adecuada gesti\u00f3n de los recursos humanos en las empresas, especialmente cuando \u00e9stas son de tipo familiar o de reducida dimensi\u00f3n.<\/p>\n<p>La <strong>Asociaci\u00f3n del Comercio del Mueble y el H\u00e1bitat de la Comunidad Valenciana<\/strong> es un referente sectorial, en tanto en cuanto representa al comercio minorista de las tres provincias (Castell\u00f3n, Valencia y Alicante), aglutinando en su seno a los establecimientos especializados del mueble y decoraci\u00f3n de la autonom\u00eda.<\/p>\n<p><img decoding=\"async\" class=\"alignnone size-full wp-image-1960\" src=\"https:\/\/confecomerc.es\/wp-content\/uploads\/2019\/07\/logo-comer\u00e7-moble.jpg\" alt=\"logo comer\u00e7 moble\" width=\"400\" height=\"223\" srcset=\"https:\/\/confecomerc.es\/wp-content\/uploads\/2019\/07\/logo-comer\u00e7-moble.jpg 400w, https:\/\/confecomerc.es\/wp-content\/uploads\/2019\/07\/logo-comer\u00e7-moble-300x167.jpg 300w\" sizes=\"(max-width: 400px) 100vw, 400px\" \/><\/p>\n<p><strong>COMER\u00c7 MOBLE<\/strong><\/p>\n<p><strong>Avda. del Cid, 2\u00a0\u00a0 46018 Valencia <\/strong><\/p>\n<p><strong>Tel: 96 352 29 77<\/strong><\/p>\n<p><strong>comercioshabitatcv@gmail.com<\/strong><\/p>\n","protected":false},"excerpt":{"rendered":"<p>\u00a0(Valencia 18 de julio de 2019). La Asociaci\u00f3n de Comercio del Mueble y el H\u00e1bitat de la Comunidad Valenciana (COMER\u00c7 MOBLE), organizaci\u00f3n miembro de CONFECOMER\u00c7 CV, ha dado a conocer en una jornada informativa, celebrada en Valencia, las claves del nuevo convenio colectivo sectorial, negociado por la entidad y sindicatos para la Provincia de Valencia. [&hellip;]<\/p>\n","protected":false},"author":1,"featured_media":1961,"comment_status":"open","ping_status":"open","sticky":false,"template":"","format":"standard","meta":{"_et_pb_use_builder":"","_et_pb_old_content":"","_et_gb_content_width":"","footnotes":""},"categories":[613],"tags":[3287,3288,3103,3289,3290],"class_list":["post-8225","post","type-post","status-publish","format-standard","has-post-thumbnail","hentry","category-associats-confecomerc-cv","tag-abelardo-olmed-va","tag-asociacion-de-comercio-del-mueble-y-el-habitat-de-la-comunidad-valenciana-va","tag-comerc-moble-va","tag-convenio-colectivo-sectorial-del-mueble-va","tag-convenio-mueble-va"],"yoast_head":"<!-- This site is optimized with the Yoast SEO plugin v27.3 - https:\/\/yoast.com\/product\/yoast-seo-wordpress\/ -->\n<title>Comer\u00e7 Moble presenta las principales novedades del convenio colectivo sectorial del mueble - Confecomer\u00e7<\/title>\n<meta name=\"description\" content=\"La Asociaci\u00f3n de Comercio del Mueble y el H\u00e1bitat de la Comunidad Valenciana (COMER\u00c7 MOBLE), organizaci\u00f3n miembro de CONFECOMER\u00c7 CV, ha dado a conocer en una jornada informativa, celebrada en Valencia, las claves del nuevo convenio colectivo sectorial, negociado por la entidad y sindicatos para la Provincia de Valencia.\" \/>\n<meta name=\"robots\" content=\"index, follow, max-snippet:-1, max-image-preview:large, max-video-preview:-1\" \/>\n<link rel=\"canonical\" href=\"https:\/\/confecomerc.es\/va\/comerc-moble-presenta-las-principales-novedades-del-convenio-colectivo-sectorial-del-mueble\/\" \/>\n<meta property=\"og:locale\" content=\"en_US\" \/>\n<meta property=\"og:type\" content=\"article\" \/>\n<meta property=\"og:title\" content=\"Comer\u00e7 Moble presenta las principales novedades del convenio colectivo sectorial del mueble - Confecomer\u00e7\" \/>\n<meta property=\"og:description\" content=\"La Asociaci\u00f3n de Comercio del Mueble y el H\u00e1bitat de la Comunidad Valenciana (COMER\u00c7 MOBLE), organizaci\u00f3n miembro de CONFECOMER\u00c7 CV, ha dado a conocer en una jornada informativa, celebrada en Valencia, las claves del nuevo convenio colectivo sectorial, negociado por la entidad y sindicatos para la Provincia de Valencia.\" \/>\n<meta property=\"og:url\" content=\"https:\/\/confecomerc.es\/va\/comerc-moble-presenta-las-principales-novedades-del-convenio-colectivo-sectorial-del-mueble\/\" \/>\n<meta property=\"og:site_name\" content=\"Confecomer\u00e7\" \/>\n<meta property=\"article:published_time\" content=\"2019-07-18T10:55:23+00:00\" \/>\n<meta property=\"article:modified_time\" content=\"2021-07-19T11:07:06+00:00\" \/>\n<meta property=\"og:image\" content=\"https:\/\/i1.wp.com\/confecomerc.es\/wp-content\/uploads\/2019\/07\/logo-comer\u00e7-moble.jpg?fit=400%2C223&ssl=1\" \/>\n\t<meta property=\"og:image:width\" content=\"400\" \/>\n\t<meta property=\"og:image:height\" content=\"223\" \/>\n\t<meta property=\"og:image:type\" content=\"image\/jpeg\" \/>\n<meta name=\"author\" content=\"CONFECOMER\u00c7 CV\" \/>\n<meta name=\"twitter:card\" content=\"summary_large_image\" \/>\n<meta name=\"twitter:label1\" content=\"Written by\" \/>\n\t<meta name=\"twitter:data1\" content=\"CONFECOMER\u00c7 CV\" \/>\n\t<meta name=\"twitter:label2\" content=\"Est. reading time\" \/>\n\t<meta name=\"twitter:data2\" content=\"2 minutes\" \/>\n<script type=\"application\/ld+json\" class=\"yoast-schema-graph\">{\"@context\":\"https:\\\/\\\/schema.org\",\"@graph\":[{\"@type\":\"Article\",\"@id\":\"https:\\\/\\\/confecomerc.es\\\/va\\\/comerc-moble-presenta-las-principales-novedades-del-convenio-colectivo-sectorial-del-mueble\\\/#article\",\"isPartOf\":{\"@id\":\"https:\\\/\\\/confecomerc.es\\\/va\\\/comerc-moble-presenta-las-principales-novedades-del-convenio-colectivo-sectorial-del-mueble\\\/\"},\"author\":{\"name\":\"CONFECOMER\u00c7 CV\",\"@id\":\"https:\\\/\\\/confecomerc.es\\\/#\\\/schema\\\/person\\\/23aa6211544dad9fa6ee269977b0a823\"},\"headline\":\"Comer\u00e7 Moble presenta las principales novedades del convenio colectivo sectorial del mueble\",\"datePublished\":\"2019-07-18T10:55:23+00:00\",\"dateModified\":\"2021-07-19T11:07:06+00:00\",\"mainEntityOfPage\":{\"@id\":\"https:\\\/\\\/confecomerc.es\\\/va\\\/comerc-moble-presenta-las-principales-novedades-del-convenio-colectivo-sectorial-del-mueble\\\/\"},\"wordCount\":371,\"commentCount\":0,\"image\":{\"@id\":\"https:\\\/\\\/confecomerc.es\\\/va\\\/comerc-moble-presenta-las-principales-novedades-del-convenio-colectivo-sectorial-del-mueble\\\/#primaryimage\"},\"thumbnailUrl\":\"https:\\\/\\\/confecomerc.es\\\/wp-content\\\/uploads\\\/2019\\\/07\\\/logo-comer\u00e7-moble.jpg\",\"keywords\":[\"Abelardo Olmed\",\"Asociaci\u00f3n de Comercio del Mueble y el H\u00e1bitat de la Comunidad Valenciana\",\"comer\u00e7 moble\",\"convenio colectivo sectorial del mueble\",\"convenio mueble\"],\"articleSection\":[\"Associats Confecomer\u00e7 Cv\"],\"inLanguage\":\"va-VA\",\"potentialAction\":[{\"@type\":\"CommentAction\",\"name\":\"Comment\",\"target\":[\"https:\\\/\\\/confecomerc.es\\\/va\\\/comerc-moble-presenta-las-principales-novedades-del-convenio-colectivo-sectorial-del-mueble\\\/#respond\"]}]},{\"@type\":\"WebPage\",\"@id\":\"https:\\\/\\\/confecomerc.es\\\/va\\\/comerc-moble-presenta-las-principales-novedades-del-convenio-colectivo-sectorial-del-mueble\\\/\",\"url\":\"https:\\\/\\\/confecomerc.es\\\/va\\\/comerc-moble-presenta-las-principales-novedades-del-convenio-colectivo-sectorial-del-mueble\\\/\",\"name\":\"Comer\u00e7 Moble presenta las principales novedades del convenio colectivo sectorial del mueble - Confecomer\u00e7\",\"isPartOf\":{\"@id\":\"https:\\\/\\\/confecomerc.es\\\/#website\"},\"primaryImageOfPage\":{\"@id\":\"https:\\\/\\\/confecomerc.es\\\/va\\\/comerc-moble-presenta-las-principales-novedades-del-convenio-colectivo-sectorial-del-mueble\\\/#primaryimage\"},\"image\":{\"@id\":\"https:\\\/\\\/confecomerc.es\\\/va\\\/comerc-moble-presenta-las-principales-novedades-del-convenio-colectivo-sectorial-del-mueble\\\/#primaryimage\"},\"thumbnailUrl\":\"https:\\\/\\\/confecomerc.es\\\/wp-content\\\/uploads\\\/2019\\\/07\\\/logo-comer\u00e7-moble.jpg\",\"datePublished\":\"2019-07-18T10:55:23+00:00\",\"dateModified\":\"2021-07-19T11:07:06+00:00\",\"author\":{\"@id\":\"https:\\\/\\\/confecomerc.es\\\/#\\\/schema\\\/person\\\/23aa6211544dad9fa6ee269977b0a823\"},\"description\":\"La Asociaci\u00f3n de Comercio del Mueble y el H\u00e1bitat de la Comunidad Valenciana (COMER\u00c7 MOBLE), organizaci\u00f3n miembro de CONFECOMER\u00c7 CV, ha dado a conocer en una jornada informativa, celebrada en Valencia, las claves del nuevo convenio colectivo sectorial, negociado por la entidad y sindicatos para la Provincia de Valencia.\",\"breadcrumb\":{\"@id\":\"https:\\\/\\\/confecomerc.es\\\/va\\\/comerc-moble-presenta-las-principales-novedades-del-convenio-colectivo-sectorial-del-mueble\\\/#breadcrumb\"},\"inLanguage\":\"va-VA\",\"potentialAction\":[{\"@type\":\"ReadAction\",\"target\":[\"https:\\\/\\\/confecomerc.es\\\/va\\\/comerc-moble-presenta-las-principales-novedades-del-convenio-colectivo-sectorial-del-mueble\\\/\"]}]},{\"@type\":\"ImageObject\",\"inLanguage\":\"va-VA\",\"@id\":\"https:\\\/\\\/confecomerc.es\\\/va\\\/comerc-moble-presenta-las-principales-novedades-del-convenio-colectivo-sectorial-del-mueble\\\/#primaryimage\",\"url\":\"https:\\\/\\\/confecomerc.es\\\/wp-content\\\/uploads\\\/2019\\\/07\\\/logo-comer\u00e7-moble.jpg\",\"contentUrl\":\"https:\\\/\\\/confecomerc.es\\\/wp-content\\\/uploads\\\/2019\\\/07\\\/logo-comer\u00e7-moble.jpg\",\"width\":400,\"height\":223,\"caption\":\"logo comer\u00e7 moble\"},{\"@type\":\"BreadcrumbList\",\"@id\":\"https:\\\/\\\/confecomerc.es\\\/va\\\/comerc-moble-presenta-las-principales-novedades-del-convenio-colectivo-sectorial-del-mueble\\\/#breadcrumb\",\"itemListElement\":[{\"@type\":\"ListItem\",\"position\":1,\"name\":\"Home\",\"item\":\"https:\\\/\\\/confecomerc.es\\\/va\\\/confecomerc-cv\\\/\"},{\"@type\":\"ListItem\",\"position\":2,\"name\":\"Comer\u00e7 Moble presenta las principales novedades del convenio colectivo sectorial del mueble\"}]},{\"@type\":\"WebSite\",\"@id\":\"https:\\\/\\\/confecomerc.es\\\/#website\",\"url\":\"https:\\\/\\\/confecomerc.es\\\/\",\"name\":\"Confecomer\u00e7\",\"description\":\"Confederaci\u00f3 de Comer\u00e7 d\u2019alacant, Castell\u00f3 i Val\u00e8ncia\",\"potentialAction\":[{\"@type\":\"SearchAction\",\"target\":{\"@type\":\"EntryPoint\",\"urlTemplate\":\"https:\\\/\\\/confecomerc.es\\\/?s={search_term_string}\"},\"query-input\":{\"@type\":\"PropertyValueSpecification\",\"valueRequired\":true,\"valueName\":\"search_term_string\"}}],\"inLanguage\":\"va-VA\"},{\"@type\":\"Person\",\"@id\":\"https:\\\/\\\/confecomerc.es\\\/#\\\/schema\\\/person\\\/23aa6211544dad9fa6ee269977b0a823\",\"name\":\"CONFECOMER\u00c7 CV\",\"url\":\"https:\\\/\\\/confecomerc.es\\\/va\\\/author\\\/confe-admin-cv\\\/\"}]}<\/script>\n<!-- \/ Yoast SEO plugin. -->","yoast_head_json":{"title":"Comer\u00e7 Moble presenta las principales novedades del convenio colectivo sectorial del mueble - Confecomer\u00e7","description":"La Asociaci\u00f3n de Comercio del Mueble y el H\u00e1bitat de la Comunidad Valenciana (COMER\u00c7 MOBLE), organizaci\u00f3n miembro de CONFECOMER\u00c7 CV, ha dado a conocer en una jornada informativa, celebrada en Valencia, las claves del nuevo convenio colectivo sectorial, negociado por la entidad y sindicatos para la Provincia de Valencia.","robots":{"index":"index","follow":"follow","max-snippet":"max-snippet:-1","max-image-preview":"max-image-preview:large","max-video-preview":"max-video-preview:-1"},"canonical":"https:\/\/confecomerc.es\/va\/comerc-moble-presenta-las-principales-novedades-del-convenio-colectivo-sectorial-del-mueble\/","og_locale":"en_US","og_type":"article","og_title":"Comer\u00e7 Moble presenta las principales novedades del convenio colectivo sectorial del mueble - Confecomer\u00e7","og_description":"La Asociaci\u00f3n de Comercio del Mueble y el H\u00e1bitat de la Comunidad Valenciana (COMER\u00c7 MOBLE), organizaci\u00f3n miembro de CONFECOMER\u00c7 CV, ha dado a conocer en una jornada informativa, celebrada en Valencia, las claves del nuevo convenio colectivo sectorial, negociado por la entidad y sindicatos para la Provincia de Valencia.","og_url":"https:\/\/confecomerc.es\/va\/comerc-moble-presenta-las-principales-novedades-del-convenio-colectivo-sectorial-del-mueble\/","og_site_name":"Confecomer\u00e7","article_published_time":"2019-07-18T10:55:23+00:00","article_modified_time":"2021-07-19T11:07:06+00:00","og_image":[{"width":400,"height":223,"url":"https:\/\/i1.wp.com\/confecomerc.es\/wp-content\/uploads\/2019\/07\/logo-comer\u00e7-moble.jpg?fit=400%2C223&ssl=1","type":"image\/jpeg"}],"author":"CONFECOMER\u00c7 CV","twitter_card":"summary_large_image","twitter_misc":{"Written by":"CONFECOMER\u00c7 CV","Est. reading time":"2 minutes"},"schema":{"@context":"https:\/\/schema.org","@graph":[{"@type":"Article","@id":"https:\/\/confecomerc.es\/va\/comerc-moble-presenta-las-principales-novedades-del-convenio-colectivo-sectorial-del-mueble\/#article","isPartOf":{"@id":"https:\/\/confecomerc.es\/va\/comerc-moble-presenta-las-principales-novedades-del-convenio-colectivo-sectorial-del-mueble\/"},"author":{"name":"CONFECOMER\u00c7 CV","@id":"https:\/\/confecomerc.es\/#\/schema\/person\/23aa6211544dad9fa6ee269977b0a823"},"headline":"Comer\u00e7 Moble presenta las principales novedades del convenio colectivo sectorial del mueble","datePublished":"2019-07-18T10:55:23+00:00","dateModified":"2021-07-19T11:07:06+00:00","mainEntityOfPage":{"@id":"https:\/\/confecomerc.es\/va\/comerc-moble-presenta-las-principales-novedades-del-convenio-colectivo-sectorial-del-mueble\/"},"wordCount":371,"commentCount":0,"image":{"@id":"https:\/\/confecomerc.es\/va\/comerc-moble-presenta-las-principales-novedades-del-convenio-colectivo-sectorial-del-mueble\/#primaryimage"},"thumbnailUrl":"https:\/\/confecomerc.es\/wp-content\/uploads\/2019\/07\/logo-comer\u00e7-moble.jpg","keywords":["Abelardo Olmed","Asociaci\u00f3n de Comercio del Mueble y el H\u00e1bitat de la Comunidad Valenciana","comer\u00e7 moble","convenio colectivo sectorial del mueble","convenio mueble"],"articleSection":["Associats Confecomer\u00e7 Cv"],"inLanguage":"va-VA","potentialAction":[{"@type":"CommentAction","name":"Comment","target":["https:\/\/confecomerc.es\/va\/comerc-moble-presenta-las-principales-novedades-del-convenio-colectivo-sectorial-del-mueble\/#respond"]}]},{"@type":"WebPage","@id":"https:\/\/confecomerc.es\/va\/comerc-moble-presenta-las-principales-novedades-del-convenio-colectivo-sectorial-del-mueble\/","url":"https:\/\/confecomerc.es\/va\/comerc-moble-presenta-las-principales-novedades-del-convenio-colectivo-sectorial-del-mueble\/","name":"Comer\u00e7 Moble presenta las principales novedades del convenio colectivo sectorial del mueble - Confecomer\u00e7","isPartOf":{"@id":"https:\/\/confecomerc.es\/#website"},"primaryImageOfPage":{"@id":"https:\/\/confecomerc.es\/va\/comerc-moble-presenta-las-principales-novedades-del-convenio-colectivo-sectorial-del-mueble\/#primaryimage"},"image":{"@id":"https:\/\/confecomerc.es\/va\/comerc-moble-presenta-las-principales-novedades-del-convenio-colectivo-sectorial-del-mueble\/#primaryimage"},"thumbnailUrl":"https:\/\/confecomerc.es\/wp-content\/uploads\/2019\/07\/logo-comer\u00e7-moble.jpg","datePublished":"2019-07-18T10:55:23+00:00","dateModified":"2021-07-19T11:07:06+00:00","author":{"@id":"https:\/\/confecomerc.es\/#\/schema\/person\/23aa6211544dad9fa6ee269977b0a823"},"description":"La Asociaci\u00f3n de Comercio del Mueble y el H\u00e1bitat de la Comunidad Valenciana (COMER\u00c7 MOBLE), organizaci\u00f3n miembro de CONFECOMER\u00c7 CV, ha dado a conocer en una jornada informativa, celebrada en Valencia, las claves del nuevo convenio colectivo sectorial, negociado por la entidad y sindicatos para la Provincia de Valencia.","breadcrumb":{"@id":"https:\/\/confecomerc.es\/va\/comerc-moble-presenta-las-principales-novedades-del-convenio-colectivo-sectorial-del-mueble\/#breadcrumb"},"inLanguage":"va-VA","potentialAction":[{"@type":"ReadAction","target":["https:\/\/confecomerc.es\/va\/comerc-moble-presenta-las-principales-novedades-del-convenio-colectivo-sectorial-del-mueble\/"]}]},{"@type":"ImageObject","inLanguage":"va-VA","@id":"https:\/\/confecomerc.es\/va\/comerc-moble-presenta-las-principales-novedades-del-convenio-colectivo-sectorial-del-mueble\/#primaryimage","url":"https:\/\/confecomerc.es\/wp-content\/uploads\/2019\/07\/logo-comer\u00e7-moble.jpg","contentUrl":"https:\/\/confecomerc.es\/wp-content\/uploads\/2019\/07\/logo-comer\u00e7-moble.jpg","width":400,"height":223,"caption":"logo comer\u00e7 moble"},{"@type":"BreadcrumbList","@id":"https:\/\/confecomerc.es\/va\/comerc-moble-presenta-las-principales-novedades-del-convenio-colectivo-sectorial-del-mueble\/#breadcrumb","itemListElement":[{"@type":"ListItem","position":1,"name":"Home","item":"https:\/\/confecomerc.es\/va\/confecomerc-cv\/"},{"@type":"ListItem","position":2,"name":"Comer\u00e7 Moble presenta las principales novedades del convenio colectivo sectorial del mueble"}]},{"@type":"WebSite","@id":"https:\/\/confecomerc.es\/#website","url":"https:\/\/confecomerc.es\/","name":"Confecomer\u00e7","description":"Confederaci\u00f3 de Comer\u00e7 d\u2019alacant, Castell\u00f3 i Val\u00e8ncia","potentialAction":[{"@type":"SearchAction","target":{"@type":"EntryPoint","urlTemplate":"https:\/\/confecomerc.es\/?s={search_term_string}"},"query-input":{"@type":"PropertyValueSpecification","valueRequired":true,"valueName":"search_term_string"}}],"inLanguage":"va-VA"},{"@type":"Person","@id":"https:\/\/confecomerc.es\/#\/schema\/person\/23aa6211544dad9fa6ee269977b0a823","name":"CONFECOMER\u00c7 CV","url":"https:\/\/confecomerc.es\/va\/author\/confe-admin-cv\/"}]}},"_links":{"self":[{"href":"https:\/\/confecomerc.es\/va\/wp-json\/wp\/v2\/posts\/8225","targetHints":{"allow":["GET"]}}],"collection":[{"href":"https:\/\/confecomerc.es\/va\/wp-json\/wp\/v2\/posts"}],"about":[{"href":"https:\/\/confecomerc.es\/va\/wp-json\/wp\/v2\/types\/post"}],"author":[{"embeddable":true,"href":"https:\/\/confecomerc.es\/va\/wp-json\/wp\/v2\/users\/1"}],"replies":[{"embeddable":true,"href":"https:\/\/confecomerc.es\/va\/wp-json\/wp\/v2\/comments?post=8225"}],"version-history":[{"count":0,"href":"https:\/\/confecomerc.es\/va\/wp-json\/wp\/v2\/posts\/8225\/revisions"}],"wp:featuredmedia":[{"embeddable":true,"href":"https:\/\/confecomerc.es\/va\/wp-json\/wp\/v2\/media\/1961"}],"wp:attachment":[{"href":"https:\/\/confecomerc.es\/va\/wp-json\/wp\/v2\/media?parent=8225"}],"wp:term":[{"taxonomy":"category","embeddable":true,"href":"https:\/\/confecomerc.es\/va\/wp-json\/wp\/v2\/categories?post=8225"},{"taxonomy":"post_tag","embeddable":true,"href":"https:\/\/confecomerc.es\/va\/wp-json\/wp\/v2\/tags?post=8225"}],"curies":[{"name":"wp","href":"https:\/\/api.w.org\/{rel}","templated":true}]}}