{"id":8228,"date":"2019-06-18T09:04:23","date_gmt":"2019-06-18T09:04:23","guid":{"rendered":"https:\/\/confecomerc.es\/dia-del-comerc-moncada-21-juny-2019\/"},"modified":"2021-07-19T12:07:13","modified_gmt":"2021-07-19T11:07:13","slug":"dia-del-comerc-moncada-21-juny-2019","status":"publish","type":"post","link":"https:\/\/confecomerc.es\/va\/dia-del-comerc-moncada-21-juny-2019\/","title":{"rendered":"Dia del comer\u00e7 Moncada, 21 juny 2019"},"content":{"rendered":"<p>Esta semana que comienza , la Asociaci\u00f3n de Comerciantes de Moncada ACM y la Asociaci\u00f3n de Comerciantes del Mercat Municipal ACOMER , vamos a realizar una campa\u00f1a novedosa.. Se trata de una campa\u00f1a que pretende ayudar a todos los comercios, servicios y hosteler\u00eda asociados de Moncada , llegando a todos nuestros clientes.<\/p>\n<p><u>Durante la semana , del lunes 17 al viernes 24, con las compras podremos entregar tickets para subir a los hinchables que se montar\u00e1n el viernes d\u00eda 21 en horario de 17\u00b400 a 22\u00b400 horas en la Paza San Jaime y Plaza Josefina Caballer.<\/u><\/p>\n<p><strong>El dia 21 queremos que sea un dia especial, el dia del comercio<\/strong> . La idea es de que si lo hacemos todos a la vez , el mismo d\u00eda, Moncada , el comercio, servicios y hosteler\u00eda, sea un im\u00e1n para nuestros clientes , ya que estaremos todos a la vez promocionando productos.<\/p>\n<p>Para cumplir estos objetivos, la Asociaci\u00f3n nos va a ayudar mediante.<\/p>\n<p><strong><u>Publicidad gen\u00e9rica de la campa\u00f1a.<\/u><\/strong><\/p>\n<p>-La Asociaci\u00f3n colocar\u00e1 tres lonas en las principales calles de nuestra Localidad , con el slogan , \u201cDIA DEL COMER\u00c7\u201d<\/p>\n<p>-Carteler\u00eda, todos tendr\u00e9is un cartel sobre la campa\u00f1a y que colocar\u00e9is todos el lunes d\u00eda 17, en un sitio visible de vuestro escaparate.<\/p>\n<p>-Publicidad en medios.<\/p>\n<p>-Megafon\u00eda por las calles.<\/p>\n<p>-El dia 21 todos colocaremos unas bolsas vistosas en la fachada de nuestro comercio.<\/p>\n<p><strong><u>Hinchables<\/u><\/strong><\/p>\n<p>Con el fin de ir animando la semana, dispondremos de 100 tickets, para que al realizar en vuestros comercios, poder obsequiar a vuestros clientes .<\/p>\n<p><strong>Publicidad espec\u00edfica de las promociones individuales<\/strong><\/p>\n<p>Muchos ya utilizamos las redes para las promociones, fb, twiter , \u2026 se trata de ir animando a nuestros clientes, de que el d\u00eda 21 , d\u00eda del comercio en Moncada, va a ser especial , por lo que vamos a poner en nuestras promociones, el viernes \u00a0dia 21 ,<\/p>\n<p><u>\u201cD\u00eda de Comer\u00e7 en Moncada \u201c .<\/u><\/p>\n<p>Recuerda que los dem\u00e1s compa\u00f1eros asociados, tambi\u00e9n vamos a hacerlo<\/p>\n<p>La Asociaci\u00f3n pone a disposici\u00f3n de todos los asociados el facebook , twiter y la web de la propia Asociaci\u00f3n para la promoci\u00f3n de vuestras ofertas* , ya que se trata de que se vea como unas promociones conjuntas en Moncada.<\/p>\n<p>*Enviar vuestras promociones a <a href=\"mailto:comerciantsmoncada@gmail.com\">comerciantsmoncada@gmail.com<\/a><\/p>\n<p><img decoding=\"async\" class=\"wp-image-1886 size-large aligncenter\" src=\"https:\/\/confecomerc.es\/wp-content\/uploads\/2019\/06\/dia-del-comer\u00e7-moncada-730x1024.jpg\" alt=\"dia del comer\u00e7 moncada\" width=\"730\" height=\"1024\" srcset=\"https:\/\/confecomerc.es\/wp-content\/uploads\/2019\/06\/dia-del-comer\u00e7-moncada-730x1024.jpg 730w, https:\/\/confecomerc.es\/wp-content\/uploads\/2019\/06\/dia-del-comer\u00e7-moncada-214x300.jpg 214w, https:\/\/confecomerc.es\/wp-content\/uploads\/2019\/06\/dia-del-comer\u00e7-moncada-768x1077.jpg 768w, https:\/\/confecomerc.es\/wp-content\/uploads\/2019\/06\/dia-del-comer\u00e7-moncada-1080x1515.jpg 1080w, https:\/\/confecomerc.es\/wp-content\/uploads\/2019\/06\/dia-del-comer\u00e7-moncada.jpg 1965w\" sizes=\"(max-width: 730px) 100vw, 730px\" \/><\/p>\n<p>&nbsp;<\/p>\n","protected":false},"excerpt":{"rendered":"<p>Esta semana que comienza , la Asociaci\u00f3n de Comerciantes de Moncada ACM y la Asociaci\u00f3n de Comerciantes del Mercat Municipal ACOMER , vamos a realizar una campa\u00f1a novedosa.. Se trata de una campa\u00f1a que pretende ayudar a todos los comercios, servicios y hosteler\u00eda asociados de Moncada , llegando a todos nuestros clientes. Durante la semana [&hellip;]<\/p>\n","protected":false},"author":1,"featured_media":1887,"comment_status":"open","ping_status":"open","sticky":false,"template":"","format":"standard","meta":{"_et_pb_use_builder":"","_et_pb_old_content":"","_et_gb_content_width":"","footnotes":""},"categories":[613],"tags":[3291,3292,3265],"class_list":["post-8228","post","type-post","status-publish","format-standard","has-post-thumbnail","hentry","category-associats-confecomerc-cv","tag-asociacion-de-comerciantes-de-moncada-va","tag-asociacion-de-comerciantes-del-mercat-municipal-acomer-va","tag-dia-del-comerc-va"],"yoast_head":"<!-- This site is optimized with the Yoast SEO plugin v27.3 - https:\/\/yoast.com\/product\/yoast-seo-wordpress\/ -->\n<title>Dia del comer\u00e7 Moncada, 21 juny 2019 - Confecomer\u00e7<\/title>\n<meta name=\"robots\" content=\"index, follow, max-snippet:-1, max-image-preview:large, max-video-preview:-1\" \/>\n<link rel=\"canonical\" href=\"https:\/\/confecomerc.es\/va\/dia-del-comerc-moncada-21-juny-2019\/\" \/>\n<meta property=\"og:locale\" content=\"en_US\" \/>\n<meta property=\"og:type\" content=\"article\" \/>\n<meta property=\"og:title\" content=\"Dia del comer\u00e7 Moncada, 21 juny 2019 - Confecomer\u00e7\" \/>\n<meta property=\"og:description\" content=\"Esta semana que comienza , la Asociaci\u00f3n de Comerciantes de Moncada ACM y la Asociaci\u00f3n de Comerciantes del Mercat Municipal ACOMER , vamos a realizar una campa\u00f1a novedosa.. Se trata de una campa\u00f1a que pretende ayudar a todos los comercios, servicios y hosteler\u00eda asociados de Moncada , llegando a todos nuestros clientes. Durante la semana [&hellip;]\" \/>\n<meta property=\"og:url\" content=\"https:\/\/confecomerc.es\/va\/dia-del-comerc-moncada-21-juny-2019\/\" \/>\n<meta property=\"og:site_name\" content=\"Confecomer\u00e7\" \/>\n<meta property=\"article:published_time\" content=\"2019-06-18T09:04:23+00:00\" \/>\n<meta property=\"article:modified_time\" content=\"2021-07-19T11:07:13+00:00\" \/>\n<meta property=\"og:image\" content=\"https:\/\/i1.wp.com\/confecomerc.es\/wp-content\/uploads\/2019\/06\/dia-del-comer\u00e7-moncada.jpg?fit=1965%2C2756&ssl=1\" \/>\n\t<meta property=\"og:image:width\" content=\"1965\" \/>\n\t<meta property=\"og:image:height\" content=\"2756\" \/>\n\t<meta property=\"og:image:type\" content=\"image\/jpeg\" \/>\n<meta name=\"author\" content=\"CONFECOMER\u00c7 CV\" \/>\n<meta name=\"twitter:card\" content=\"summary_large_image\" \/>\n<meta name=\"twitter:label1\" content=\"Written by\" \/>\n\t<meta name=\"twitter:data1\" content=\"CONFECOMER\u00c7 CV\" \/>\n\t<meta name=\"twitter:label2\" content=\"Est. reading time\" \/>\n\t<meta name=\"twitter:data2\" content=\"2 minutes\" \/>\n<script type=\"application\/ld+json\" class=\"yoast-schema-graph\">{\"@context\":\"https:\\\/\\\/schema.org\",\"@graph\":[{\"@type\":\"Article\",\"@id\":\"https:\\\/\\\/confecomerc.es\\\/va\\\/dia-del-comerc-moncada-21-juny-2019\\\/#article\",\"isPartOf\":{\"@id\":\"https:\\\/\\\/confecomerc.es\\\/va\\\/dia-del-comerc-moncada-21-juny-2019\\\/\"},\"author\":{\"name\":\"CONFECOMER\u00c7 CV\",\"@id\":\"https:\\\/\\\/confecomerc.es\\\/#\\\/schema\\\/person\\\/23aa6211544dad9fa6ee269977b0a823\"},\"headline\":\"Dia del comer\u00e7 Moncada, 21 juny 2019\",\"datePublished\":\"2019-06-18T09:04:23+00:00\",\"dateModified\":\"2021-07-19T11:07:13+00:00\",\"mainEntityOfPage\":{\"@id\":\"https:\\\/\\\/confecomerc.es\\\/va\\\/dia-del-comerc-moncada-21-juny-2019\\\/\"},\"wordCount\":382,\"commentCount\":0,\"image\":{\"@id\":\"https:\\\/\\\/confecomerc.es\\\/va\\\/dia-del-comerc-moncada-21-juny-2019\\\/#primaryimage\"},\"thumbnailUrl\":\"https:\\\/\\\/confecomerc.es\\\/wp-content\\\/uploads\\\/2019\\\/06\\\/dia-del-comer\u00e7-moncada.jpg\",\"keywords\":[\"Asociaci\u00f3n de Comerciantes de Moncada\",\"Asociaci\u00f3n de Comerciantes del Mercat Municipal ACOMER\",\"Dia del comer\u00e7\"],\"articleSection\":[\"Associats Confecomer\u00e7 Cv\"],\"inLanguage\":\"va-VA\",\"potentialAction\":[{\"@type\":\"CommentAction\",\"name\":\"Comment\",\"target\":[\"https:\\\/\\\/confecomerc.es\\\/va\\\/dia-del-comerc-moncada-21-juny-2019\\\/#respond\"]}]},{\"@type\":\"WebPage\",\"@id\":\"https:\\\/\\\/confecomerc.es\\\/va\\\/dia-del-comerc-moncada-21-juny-2019\\\/\",\"url\":\"https:\\\/\\\/confecomerc.es\\\/va\\\/dia-del-comerc-moncada-21-juny-2019\\\/\",\"name\":\"Dia del comer\u00e7 Moncada, 21 juny 2019 - Confecomer\u00e7\",\"isPartOf\":{\"@id\":\"https:\\\/\\\/confecomerc.es\\\/#website\"},\"primaryImageOfPage\":{\"@id\":\"https:\\\/\\\/confecomerc.es\\\/va\\\/dia-del-comerc-moncada-21-juny-2019\\\/#primaryimage\"},\"image\":{\"@id\":\"https:\\\/\\\/confecomerc.es\\\/va\\\/dia-del-comerc-moncada-21-juny-2019\\\/#primaryimage\"},\"thumbnailUrl\":\"https:\\\/\\\/confecomerc.es\\\/wp-content\\\/uploads\\\/2019\\\/06\\\/dia-del-comer\u00e7-moncada.jpg\",\"datePublished\":\"2019-06-18T09:04:23+00:00\",\"dateModified\":\"2021-07-19T11:07:13+00:00\",\"author\":{\"@id\":\"https:\\\/\\\/confecomerc.es\\\/#\\\/schema\\\/person\\\/23aa6211544dad9fa6ee269977b0a823\"},\"breadcrumb\":{\"@id\":\"https:\\\/\\\/confecomerc.es\\\/va\\\/dia-del-comerc-moncada-21-juny-2019\\\/#breadcrumb\"},\"inLanguage\":\"va-VA\",\"potentialAction\":[{\"@type\":\"ReadAction\",\"target\":[\"https:\\\/\\\/confecomerc.es\\\/va\\\/dia-del-comerc-moncada-21-juny-2019\\\/\"]}]},{\"@type\":\"ImageObject\",\"inLanguage\":\"va-VA\",\"@id\":\"https:\\\/\\\/confecomerc.es\\\/va\\\/dia-del-comerc-moncada-21-juny-2019\\\/#primaryimage\",\"url\":\"https:\\\/\\\/confecomerc.es\\\/wp-content\\\/uploads\\\/2019\\\/06\\\/dia-del-comer\u00e7-moncada.jpg\",\"contentUrl\":\"https:\\\/\\\/confecomerc.es\\\/wp-content\\\/uploads\\\/2019\\\/06\\\/dia-del-comer\u00e7-moncada.jpg\",\"width\":1965,\"height\":2756,\"caption\":\"dia del comer\u00e7 mo\"},{\"@type\":\"BreadcrumbList\",\"@id\":\"https:\\\/\\\/confecomerc.es\\\/va\\\/dia-del-comerc-moncada-21-juny-2019\\\/#breadcrumb\",\"itemListElement\":[{\"@type\":\"ListItem\",\"position\":1,\"name\":\"Home\",\"item\":\"https:\\\/\\\/confecomerc.es\\\/va\\\/confecomerc-cv\\\/\"},{\"@type\":\"ListItem\",\"position\":2,\"name\":\"Dia del comer\u00e7 Moncada, 21 juny 2019\"}]},{\"@type\":\"WebSite\",\"@id\":\"https:\\\/\\\/confecomerc.es\\\/#website\",\"url\":\"https:\\\/\\\/confecomerc.es\\\/\",\"name\":\"Confecomer\u00e7\",\"description\":\"Confederaci\u00f3 de Comer\u00e7 d\u2019alacant, Castell\u00f3 i Val\u00e8ncia\",\"potentialAction\":[{\"@type\":\"SearchAction\",\"target\":{\"@type\":\"EntryPoint\",\"urlTemplate\":\"https:\\\/\\\/confecomerc.es\\\/?s={search_term_string}\"},\"query-input\":{\"@type\":\"PropertyValueSpecification\",\"valueRequired\":true,\"valueName\":\"search_term_string\"}}],\"inLanguage\":\"va-VA\"},{\"@type\":\"Person\",\"@id\":\"https:\\\/\\\/confecomerc.es\\\/#\\\/schema\\\/person\\\/23aa6211544dad9fa6ee269977b0a823\",\"name\":\"CONFECOMER\u00c7 CV\",\"url\":\"https:\\\/\\\/confecomerc.es\\\/va\\\/author\\\/confe-admin-cv\\\/\"}]}<\/script>\n<!-- \/ Yoast SEO plugin. -->","yoast_head_json":{"title":"Dia del comer\u00e7 Moncada, 21 juny 2019 - Confecomer\u00e7","robots":{"index":"index","follow":"follow","max-snippet":"max-snippet:-1","max-image-preview":"max-image-preview:large","max-video-preview":"max-video-preview:-1"},"canonical":"https:\/\/confecomerc.es\/va\/dia-del-comerc-moncada-21-juny-2019\/","og_locale":"en_US","og_type":"article","og_title":"Dia del comer\u00e7 Moncada, 21 juny 2019 - Confecomer\u00e7","og_description":"Esta semana que comienza , la Asociaci\u00f3n de Comerciantes de Moncada ACM y la Asociaci\u00f3n de Comerciantes del Mercat Municipal ACOMER , vamos a realizar una campa\u00f1a novedosa.. Se trata de una campa\u00f1a que pretende ayudar a todos los comercios, servicios y hosteler\u00eda asociados de Moncada , llegando a todos nuestros clientes. Durante la semana [&hellip;]","og_url":"https:\/\/confecomerc.es\/va\/dia-del-comerc-moncada-21-juny-2019\/","og_site_name":"Confecomer\u00e7","article_published_time":"2019-06-18T09:04:23+00:00","article_modified_time":"2021-07-19T11:07:13+00:00","og_image":[{"width":1965,"height":2756,"url":"https:\/\/i1.wp.com\/confecomerc.es\/wp-content\/uploads\/2019\/06\/dia-del-comer\u00e7-moncada.jpg?fit=1965%2C2756&ssl=1","type":"image\/jpeg"}],"author":"CONFECOMER\u00c7 CV","twitter_card":"summary_large_image","twitter_misc":{"Written by":"CONFECOMER\u00c7 CV","Est. reading time":"2 minutes"},"schema":{"@context":"https:\/\/schema.org","@graph":[{"@type":"Article","@id":"https:\/\/confecomerc.es\/va\/dia-del-comerc-moncada-21-juny-2019\/#article","isPartOf":{"@id":"https:\/\/confecomerc.es\/va\/dia-del-comerc-moncada-21-juny-2019\/"},"author":{"name":"CONFECOMER\u00c7 CV","@id":"https:\/\/confecomerc.es\/#\/schema\/person\/23aa6211544dad9fa6ee269977b0a823"},"headline":"Dia del comer\u00e7 Moncada, 21 juny 2019","datePublished":"2019-06-18T09:04:23+00:00","dateModified":"2021-07-19T11:07:13+00:00","mainEntityOfPage":{"@id":"https:\/\/confecomerc.es\/va\/dia-del-comerc-moncada-21-juny-2019\/"},"wordCount":382,"commentCount":0,"image":{"@id":"https:\/\/confecomerc.es\/va\/dia-del-comerc-moncada-21-juny-2019\/#primaryimage"},"thumbnailUrl":"https:\/\/confecomerc.es\/wp-content\/uploads\/2019\/06\/dia-del-comer\u00e7-moncada.jpg","keywords":["Asociaci\u00f3n de Comerciantes de Moncada","Asociaci\u00f3n de Comerciantes del Mercat Municipal ACOMER","Dia del comer\u00e7"],"articleSection":["Associats Confecomer\u00e7 Cv"],"inLanguage":"va-VA","potentialAction":[{"@type":"CommentAction","name":"Comment","target":["https:\/\/confecomerc.es\/va\/dia-del-comerc-moncada-21-juny-2019\/#respond"]}]},{"@type":"WebPage","@id":"https:\/\/confecomerc.es\/va\/dia-del-comerc-moncada-21-juny-2019\/","url":"https:\/\/confecomerc.es\/va\/dia-del-comerc-moncada-21-juny-2019\/","name":"Dia del comer\u00e7 Moncada, 21 juny 2019 - Confecomer\u00e7","isPartOf":{"@id":"https:\/\/confecomerc.es\/#website"},"primaryImageOfPage":{"@id":"https:\/\/confecomerc.es\/va\/dia-del-comerc-moncada-21-juny-2019\/#primaryimage"},"image":{"@id":"https:\/\/confecomerc.es\/va\/dia-del-comerc-moncada-21-juny-2019\/#primaryimage"},"thumbnailUrl":"https:\/\/confecomerc.es\/wp-content\/uploads\/2019\/06\/dia-del-comer\u00e7-moncada.jpg","datePublished":"2019-06-18T09:04:23+00:00","dateModified":"2021-07-19T11:07:13+00:00","author":{"@id":"https:\/\/confecomerc.es\/#\/schema\/person\/23aa6211544dad9fa6ee269977b0a823"},"breadcrumb":{"@id":"https:\/\/confecomerc.es\/va\/dia-del-comerc-moncada-21-juny-2019\/#breadcrumb"},"inLanguage":"va-VA","potentialAction":[{"@type":"ReadAction","target":["https:\/\/confecomerc.es\/va\/dia-del-comerc-moncada-21-juny-2019\/"]}]},{"@type":"ImageObject","inLanguage":"va-VA","@id":"https:\/\/confecomerc.es\/va\/dia-del-comerc-moncada-21-juny-2019\/#primaryimage","url":"https:\/\/confecomerc.es\/wp-content\/uploads\/2019\/06\/dia-del-comer\u00e7-moncada.jpg","contentUrl":"https:\/\/confecomerc.es\/wp-content\/uploads\/2019\/06\/dia-del-comer\u00e7-moncada.jpg","width":1965,"height":2756,"caption":"dia del comer\u00e7 mo"},{"@type":"BreadcrumbList","@id":"https:\/\/confecomerc.es\/va\/dia-del-comerc-moncada-21-juny-2019\/#breadcrumb","itemListElement":[{"@type":"ListItem","position":1,"name":"Home","item":"https:\/\/confecomerc.es\/va\/confecomerc-cv\/"},{"@type":"ListItem","position":2,"name":"Dia del comer\u00e7 Moncada, 21 juny 2019"}]},{"@type":"WebSite","@id":"https:\/\/confecomerc.es\/#website","url":"https:\/\/confecomerc.es\/","name":"Confecomer\u00e7","description":"Confederaci\u00f3 de Comer\u00e7 d\u2019alacant, Castell\u00f3 i Val\u00e8ncia","potentialAction":[{"@type":"SearchAction","target":{"@type":"EntryPoint","urlTemplate":"https:\/\/confecomerc.es\/?s={search_term_string}"},"query-input":{"@type":"PropertyValueSpecification","valueRequired":true,"valueName":"search_term_string"}}],"inLanguage":"va-VA"},{"@type":"Person","@id":"https:\/\/confecomerc.es\/#\/schema\/person\/23aa6211544dad9fa6ee269977b0a823","name":"CONFECOMER\u00c7 CV","url":"https:\/\/confecomerc.es\/va\/author\/confe-admin-cv\/"}]}},"_links":{"self":[{"href":"https:\/\/confecomerc.es\/va\/wp-json\/wp\/v2\/posts\/8228","targetHints":{"allow":["GET"]}}],"collection":[{"href":"https:\/\/confecomerc.es\/va\/wp-json\/wp\/v2\/posts"}],"about":[{"href":"https:\/\/confecomerc.es\/va\/wp-json\/wp\/v2\/types\/post"}],"author":[{"embeddable":true,"href":"https:\/\/confecomerc.es\/va\/wp-json\/wp\/v2\/users\/1"}],"replies":[{"embeddable":true,"href":"https:\/\/confecomerc.es\/va\/wp-json\/wp\/v2\/comments?post=8228"}],"version-history":[{"count":0,"href":"https:\/\/confecomerc.es\/va\/wp-json\/wp\/v2\/posts\/8228\/revisions"}],"wp:featuredmedia":[{"embeddable":true,"href":"https:\/\/confecomerc.es\/va\/wp-json\/wp\/v2\/media\/1887"}],"wp:attachment":[{"href":"https:\/\/confecomerc.es\/va\/wp-json\/wp\/v2\/media?parent=8228"}],"wp:term":[{"taxonomy":"category","embeddable":true,"href":"https:\/\/confecomerc.es\/va\/wp-json\/wp\/v2\/categories?post=8228"},{"taxonomy":"post_tag","embeddable":true,"href":"https:\/\/confecomerc.es\/va\/wp-json\/wp\/v2\/tags?post=8228"}],"curies":[{"name":"wp","href":"https:\/\/api.w.org\/{rel}","templated":true}]}}