{"id":8231,"date":"2019-06-14T11:27:35","date_gmt":"2019-06-14T11:27:35","guid":{"rendered":"https:\/\/confecomerc.es\/comerc-moble-participara-en-septiembre-en-el-certamen-habitat-valencia-2019-de-feria-valencia\/"},"modified":"2021-07-19T12:07:21","modified_gmt":"2021-07-19T11:07:21","slug":"comerc-moble-participara-en-septiembre-en-el-certamen-habitat-valencia-2019-de-feria-valencia","status":"publish","type":"post","link":"https:\/\/confecomerc.es\/va\/comerc-moble-participara-en-septiembre-en-el-certamen-habitat-valencia-2019-de-feria-valencia\/","title":{"rendered":"Comer\u00e7 Moble participar\u00e1 en septiembre en el certamen H\u00e1bitat Valencia 2019 de Feria Valencia"},"content":{"rendered":"<p>Comer\u00e7 Moble, organizaci\u00f3n miembro de Confecomer\u00e7 CV celebr\u00f3 el pasado mi\u00e9rcoles Junta Directiva y Asamblea General. En esta \u00faltima reuni\u00f3n se aprob\u00f3 la memoria de actividades, los acuerdos de Junta Directiva correspondientes al a\u00f1o 2018, la liquidaci\u00f3n del pasado ejercicio y el presupuesto de cara al 2019.<\/p>\n<p>El acto cont\u00f3 con la asistencia del <strong>director de Feria H\u00e1bitat, Daniel Marco<\/strong>. En el encuentro se dieron a conocer las novedades del evento <strong>H\u00c1BITAT VALENCIA 2019, <\/strong>que se celebrar\u00e1 pr\u00f3ximamente en Valencia, del <strong>17 al 20 de septiembre. <\/strong><\/p>\n<p>En este sentido, se destac\u00f3 la participaci\u00f3n de Comer\u00e7 Moble en este certamen, en el que la organizaci\u00f3n tendr\u00e1 un stand propio en el que se atender\u00e1 a todos los asociados.<\/p>\n<p>&nbsp;<\/p>\n","protected":false},"excerpt":{"rendered":"<p>Comer\u00e7 Moble, organizaci\u00f3n miembro de Confecomer\u00e7 CV celebr\u00f3 el pasado mi\u00e9rcoles Junta Directiva y Asamblea General. En esta \u00faltima reuni\u00f3n se aprob\u00f3 la memoria de actividades, los acuerdos de Junta Directiva correspondientes al a\u00f1o 2018, la liquidaci\u00f3n del pasado ejercicio y el presupuesto de cara al 2019.<\/p>\n","protected":false},"author":1,"featured_media":1835,"comment_status":"open","ping_status":"open","sticky":false,"template":"","format":"standard","meta":{"_et_pb_use_builder":"","_et_pb_old_content":"","_et_gb_content_width":"","footnotes":""},"categories":[613],"tags":[3103,620,3301],"class_list":["post-8231","post","type-post","status-publish","format-standard","has-post-thumbnail","hentry","category-associats-confecomerc-cv","tag-comerc-moble-va","tag-confecomerc-va","tag-habitat-valencia-2019-va"],"yoast_head":"<!-- This site is optimized with the Yoast SEO plugin v27.3 - https:\/\/yoast.com\/product\/yoast-seo-wordpress\/ -->\n<title>Comer\u00e7 Moble participar\u00e1 en septiembre en el certamen H\u00e1bitat Valencia 2019 de Feria Valencia - Confecomer\u00e7<\/title>\n<meta name=\"description\" content=\"Comer\u00e7 Moble, organizaci\u00f3n miembro de Confecomer\u00e7 CV celebr\u00f3 el pasado mi\u00e9rcoles Junta Directiva y Asamblea General. En esta \u00faltima reuni\u00f3n se aprob\u00f3 la memoria de actividades, los acuerdos de Junta Directiva correspondientes al a\u00f1o 2018, la liquidaci\u00f3n del pasado ejercicio y el presupuesto de cara al 2019.\" \/>\n<meta name=\"robots\" content=\"index, follow, max-snippet:-1, max-image-preview:large, max-video-preview:-1\" \/>\n<link rel=\"canonical\" href=\"https:\/\/confecomerc.es\/va\/comerc-moble-participara-en-septiembre-en-el-certamen-habitat-valencia-2019-de-feria-valencia\/\" \/>\n<meta property=\"og:locale\" content=\"en_US\" \/>\n<meta property=\"og:type\" content=\"article\" \/>\n<meta property=\"og:title\" content=\"Comer\u00e7 Moble participar\u00e1 en septiembre en el certamen H\u00e1bitat Valencia 2019 de Feria Valencia - Confecomer\u00e7\" \/>\n<meta property=\"og:description\" content=\"Comer\u00e7 Moble, organizaci\u00f3n miembro de Confecomer\u00e7 CV celebr\u00f3 el pasado mi\u00e9rcoles Junta Directiva y Asamblea General. En esta \u00faltima reuni\u00f3n se aprob\u00f3 la memoria de actividades, los acuerdos de Junta Directiva correspondientes al a\u00f1o 2018, la liquidaci\u00f3n del pasado ejercicio y el presupuesto de cara al 2019.\" \/>\n<meta property=\"og:url\" content=\"https:\/\/confecomerc.es\/va\/comerc-moble-participara-en-septiembre-en-el-certamen-habitat-valencia-2019-de-feria-valencia\/\" \/>\n<meta property=\"og:site_name\" content=\"Confecomer\u00e7\" \/>\n<meta property=\"article:published_time\" content=\"2019-06-14T11:27:35+00:00\" \/>\n<meta property=\"article:modified_time\" content=\"2021-07-19T11:07:21+00:00\" \/>\n<meta property=\"og:image\" content=\"https:\/\/i0.wp.com\/confecomerc.es\/wp-content\/uploads\/2019\/06\/Habitat-Valencia-2019.jpg?fit=1200%2C635&ssl=1\" \/>\n\t<meta property=\"og:image:width\" content=\"1200\" \/>\n\t<meta property=\"og:image:height\" content=\"635\" \/>\n\t<meta property=\"og:image:type\" content=\"image\/jpeg\" \/>\n<meta name=\"author\" content=\"CONFECOMER\u00c7 CV\" \/>\n<meta name=\"twitter:card\" content=\"summary_large_image\" \/>\n<meta name=\"twitter:label1\" content=\"Written by\" \/>\n\t<meta name=\"twitter:data1\" content=\"CONFECOMER\u00c7 CV\" \/>\n\t<meta name=\"twitter:label2\" content=\"Est. reading time\" \/>\n\t<meta name=\"twitter:data2\" content=\"1 minute\" \/>\n<script type=\"application\/ld+json\" class=\"yoast-schema-graph\">{\"@context\":\"https:\\\/\\\/schema.org\",\"@graph\":[{\"@type\":\"Article\",\"@id\":\"https:\\\/\\\/confecomerc.es\\\/va\\\/comerc-moble-participara-en-septiembre-en-el-certamen-habitat-valencia-2019-de-feria-valencia\\\/#article\",\"isPartOf\":{\"@id\":\"https:\\\/\\\/confecomerc.es\\\/va\\\/comerc-moble-participara-en-septiembre-en-el-certamen-habitat-valencia-2019-de-feria-valencia\\\/\"},\"author\":{\"name\":\"CONFECOMER\u00c7 CV\",\"@id\":\"https:\\\/\\\/confecomerc.es\\\/#\\\/schema\\\/person\\\/23aa6211544dad9fa6ee269977b0a823\"},\"headline\":\"Comer\u00e7 Moble participar\u00e1 en septiembre en el certamen H\u00e1bitat Valencia 2019 de Feria Valencia\",\"datePublished\":\"2019-06-14T11:27:35+00:00\",\"dateModified\":\"2021-07-19T11:07:21+00:00\",\"mainEntityOfPage\":{\"@id\":\"https:\\\/\\\/confecomerc.es\\\/va\\\/comerc-moble-participara-en-septiembre-en-el-certamen-habitat-valencia-2019-de-feria-valencia\\\/\"},\"wordCount\":137,\"commentCount\":0,\"image\":{\"@id\":\"https:\\\/\\\/confecomerc.es\\\/va\\\/comerc-moble-participara-en-septiembre-en-el-certamen-habitat-valencia-2019-de-feria-valencia\\\/#primaryimage\"},\"thumbnailUrl\":\"https:\\\/\\\/confecomerc.es\\\/wp-content\\\/uploads\\\/2019\\\/06\\\/Habitat-Valencia-2019.jpg\",\"keywords\":[\"comer\u00e7 moble\",\"confecomer\u00e7\",\"H\u00e1bitat Valencia 2019\"],\"articleSection\":[\"Associats Confecomer\u00e7 Cv\"],\"inLanguage\":\"va-VA\",\"potentialAction\":[{\"@type\":\"CommentAction\",\"name\":\"Comment\",\"target\":[\"https:\\\/\\\/confecomerc.es\\\/va\\\/comerc-moble-participara-en-septiembre-en-el-certamen-habitat-valencia-2019-de-feria-valencia\\\/#respond\"]}]},{\"@type\":\"WebPage\",\"@id\":\"https:\\\/\\\/confecomerc.es\\\/va\\\/comerc-moble-participara-en-septiembre-en-el-certamen-habitat-valencia-2019-de-feria-valencia\\\/\",\"url\":\"https:\\\/\\\/confecomerc.es\\\/va\\\/comerc-moble-participara-en-septiembre-en-el-certamen-habitat-valencia-2019-de-feria-valencia\\\/\",\"name\":\"Comer\u00e7 Moble participar\u00e1 en septiembre en el certamen H\u00e1bitat Valencia 2019 de Feria Valencia - Confecomer\u00e7\",\"isPartOf\":{\"@id\":\"https:\\\/\\\/confecomerc.es\\\/#website\"},\"primaryImageOfPage\":{\"@id\":\"https:\\\/\\\/confecomerc.es\\\/va\\\/comerc-moble-participara-en-septiembre-en-el-certamen-habitat-valencia-2019-de-feria-valencia\\\/#primaryimage\"},\"image\":{\"@id\":\"https:\\\/\\\/confecomerc.es\\\/va\\\/comerc-moble-participara-en-septiembre-en-el-certamen-habitat-valencia-2019-de-feria-valencia\\\/#primaryimage\"},\"thumbnailUrl\":\"https:\\\/\\\/confecomerc.es\\\/wp-content\\\/uploads\\\/2019\\\/06\\\/Habitat-Valencia-2019.jpg\",\"datePublished\":\"2019-06-14T11:27:35+00:00\",\"dateModified\":\"2021-07-19T11:07:21+00:00\",\"author\":{\"@id\":\"https:\\\/\\\/confecomerc.es\\\/#\\\/schema\\\/person\\\/23aa6211544dad9fa6ee269977b0a823\"},\"description\":\"Comer\u00e7 Moble, organizaci\u00f3n miembro de Confecomer\u00e7 CV celebr\u00f3 el pasado mi\u00e9rcoles Junta Directiva y Asamblea General. En esta \u00faltima reuni\u00f3n se aprob\u00f3 la memoria de actividades, los acuerdos de Junta Directiva correspondientes al a\u00f1o 2018, la liquidaci\u00f3n del pasado ejercicio y el presupuesto de cara al 2019.\",\"breadcrumb\":{\"@id\":\"https:\\\/\\\/confecomerc.es\\\/va\\\/comerc-moble-participara-en-septiembre-en-el-certamen-habitat-valencia-2019-de-feria-valencia\\\/#breadcrumb\"},\"inLanguage\":\"va-VA\",\"potentialAction\":[{\"@type\":\"ReadAction\",\"target\":[\"https:\\\/\\\/confecomerc.es\\\/va\\\/comerc-moble-participara-en-septiembre-en-el-certamen-habitat-valencia-2019-de-feria-valencia\\\/\"]}]},{\"@type\":\"ImageObject\",\"inLanguage\":\"va-VA\",\"@id\":\"https:\\\/\\\/confecomerc.es\\\/va\\\/comerc-moble-participara-en-septiembre-en-el-certamen-habitat-valencia-2019-de-feria-valencia\\\/#primaryimage\",\"url\":\"https:\\\/\\\/confecomerc.es\\\/wp-content\\\/uploads\\\/2019\\\/06\\\/Habitat-Valencia-2019.jpg\",\"contentUrl\":\"https:\\\/\\\/confecomerc.es\\\/wp-content\\\/uploads\\\/2019\\\/06\\\/Habitat-Valencia-2019.jpg\",\"width\":1200,\"height\":635,\"caption\":\"H\u00e1bitat Valencia 2019\"},{\"@type\":\"BreadcrumbList\",\"@id\":\"https:\\\/\\\/confecomerc.es\\\/va\\\/comerc-moble-participara-en-septiembre-en-el-certamen-habitat-valencia-2019-de-feria-valencia\\\/#breadcrumb\",\"itemListElement\":[{\"@type\":\"ListItem\",\"position\":1,\"name\":\"Home\",\"item\":\"https:\\\/\\\/confecomerc.es\\\/va\\\/confecomerc-cv\\\/\"},{\"@type\":\"ListItem\",\"position\":2,\"name\":\"Comer\u00e7 Moble participar\u00e1 en septiembre en el certamen H\u00e1bitat Valencia 2019 de Feria Valencia\"}]},{\"@type\":\"WebSite\",\"@id\":\"https:\\\/\\\/confecomerc.es\\\/#website\",\"url\":\"https:\\\/\\\/confecomerc.es\\\/\",\"name\":\"Confecomer\u00e7\",\"description\":\"Confederaci\u00f3 de Comer\u00e7 d\u2019alacant, Castell\u00f3 i Val\u00e8ncia\",\"potentialAction\":[{\"@type\":\"SearchAction\",\"target\":{\"@type\":\"EntryPoint\",\"urlTemplate\":\"https:\\\/\\\/confecomerc.es\\\/?s={search_term_string}\"},\"query-input\":{\"@type\":\"PropertyValueSpecification\",\"valueRequired\":true,\"valueName\":\"search_term_string\"}}],\"inLanguage\":\"va-VA\"},{\"@type\":\"Person\",\"@id\":\"https:\\\/\\\/confecomerc.es\\\/#\\\/schema\\\/person\\\/23aa6211544dad9fa6ee269977b0a823\",\"name\":\"CONFECOMER\u00c7 CV\",\"url\":\"https:\\\/\\\/confecomerc.es\\\/va\\\/author\\\/confe-admin-cv\\\/\"}]}<\/script>\n<!-- \/ Yoast SEO plugin. -->","yoast_head_json":{"title":"Comer\u00e7 Moble participar\u00e1 en septiembre en el certamen H\u00e1bitat Valencia 2019 de Feria Valencia - Confecomer\u00e7","description":"Comer\u00e7 Moble, organizaci\u00f3n miembro de Confecomer\u00e7 CV celebr\u00f3 el pasado mi\u00e9rcoles Junta Directiva y Asamblea General. En esta \u00faltima reuni\u00f3n se aprob\u00f3 la memoria de actividades, los acuerdos de Junta Directiva correspondientes al a\u00f1o 2018, la liquidaci\u00f3n del pasado ejercicio y el presupuesto de cara al 2019.","robots":{"index":"index","follow":"follow","max-snippet":"max-snippet:-1","max-image-preview":"max-image-preview:large","max-video-preview":"max-video-preview:-1"},"canonical":"https:\/\/confecomerc.es\/va\/comerc-moble-participara-en-septiembre-en-el-certamen-habitat-valencia-2019-de-feria-valencia\/","og_locale":"en_US","og_type":"article","og_title":"Comer\u00e7 Moble participar\u00e1 en septiembre en el certamen H\u00e1bitat Valencia 2019 de Feria Valencia - Confecomer\u00e7","og_description":"Comer\u00e7 Moble, organizaci\u00f3n miembro de Confecomer\u00e7 CV celebr\u00f3 el pasado mi\u00e9rcoles Junta Directiva y Asamblea General. En esta \u00faltima reuni\u00f3n se aprob\u00f3 la memoria de actividades, los acuerdos de Junta Directiva correspondientes al a\u00f1o 2018, la liquidaci\u00f3n del pasado ejercicio y el presupuesto de cara al 2019.","og_url":"https:\/\/confecomerc.es\/va\/comerc-moble-participara-en-septiembre-en-el-certamen-habitat-valencia-2019-de-feria-valencia\/","og_site_name":"Confecomer\u00e7","article_published_time":"2019-06-14T11:27:35+00:00","article_modified_time":"2021-07-19T11:07:21+00:00","og_image":[{"width":1200,"height":635,"url":"https:\/\/i0.wp.com\/confecomerc.es\/wp-content\/uploads\/2019\/06\/Habitat-Valencia-2019.jpg?fit=1200%2C635&ssl=1","type":"image\/jpeg"}],"author":"CONFECOMER\u00c7 CV","twitter_card":"summary_large_image","twitter_misc":{"Written by":"CONFECOMER\u00c7 CV","Est. reading time":"1 minute"},"schema":{"@context":"https:\/\/schema.org","@graph":[{"@type":"Article","@id":"https:\/\/confecomerc.es\/va\/comerc-moble-participara-en-septiembre-en-el-certamen-habitat-valencia-2019-de-feria-valencia\/#article","isPartOf":{"@id":"https:\/\/confecomerc.es\/va\/comerc-moble-participara-en-septiembre-en-el-certamen-habitat-valencia-2019-de-feria-valencia\/"},"author":{"name":"CONFECOMER\u00c7 CV","@id":"https:\/\/confecomerc.es\/#\/schema\/person\/23aa6211544dad9fa6ee269977b0a823"},"headline":"Comer\u00e7 Moble participar\u00e1 en septiembre en el certamen H\u00e1bitat Valencia 2019 de Feria Valencia","datePublished":"2019-06-14T11:27:35+00:00","dateModified":"2021-07-19T11:07:21+00:00","mainEntityOfPage":{"@id":"https:\/\/confecomerc.es\/va\/comerc-moble-participara-en-septiembre-en-el-certamen-habitat-valencia-2019-de-feria-valencia\/"},"wordCount":137,"commentCount":0,"image":{"@id":"https:\/\/confecomerc.es\/va\/comerc-moble-participara-en-septiembre-en-el-certamen-habitat-valencia-2019-de-feria-valencia\/#primaryimage"},"thumbnailUrl":"https:\/\/confecomerc.es\/wp-content\/uploads\/2019\/06\/Habitat-Valencia-2019.jpg","keywords":["comer\u00e7 moble","confecomer\u00e7","H\u00e1bitat Valencia 2019"],"articleSection":["Associats Confecomer\u00e7 Cv"],"inLanguage":"va-VA","potentialAction":[{"@type":"CommentAction","name":"Comment","target":["https:\/\/confecomerc.es\/va\/comerc-moble-participara-en-septiembre-en-el-certamen-habitat-valencia-2019-de-feria-valencia\/#respond"]}]},{"@type":"WebPage","@id":"https:\/\/confecomerc.es\/va\/comerc-moble-participara-en-septiembre-en-el-certamen-habitat-valencia-2019-de-feria-valencia\/","url":"https:\/\/confecomerc.es\/va\/comerc-moble-participara-en-septiembre-en-el-certamen-habitat-valencia-2019-de-feria-valencia\/","name":"Comer\u00e7 Moble participar\u00e1 en septiembre en el certamen H\u00e1bitat Valencia 2019 de Feria Valencia - Confecomer\u00e7","isPartOf":{"@id":"https:\/\/confecomerc.es\/#website"},"primaryImageOfPage":{"@id":"https:\/\/confecomerc.es\/va\/comerc-moble-participara-en-septiembre-en-el-certamen-habitat-valencia-2019-de-feria-valencia\/#primaryimage"},"image":{"@id":"https:\/\/confecomerc.es\/va\/comerc-moble-participara-en-septiembre-en-el-certamen-habitat-valencia-2019-de-feria-valencia\/#primaryimage"},"thumbnailUrl":"https:\/\/confecomerc.es\/wp-content\/uploads\/2019\/06\/Habitat-Valencia-2019.jpg","datePublished":"2019-06-14T11:27:35+00:00","dateModified":"2021-07-19T11:07:21+00:00","author":{"@id":"https:\/\/confecomerc.es\/#\/schema\/person\/23aa6211544dad9fa6ee269977b0a823"},"description":"Comer\u00e7 Moble, organizaci\u00f3n miembro de Confecomer\u00e7 CV celebr\u00f3 el pasado mi\u00e9rcoles Junta Directiva y Asamblea General. En esta \u00faltima reuni\u00f3n se aprob\u00f3 la memoria de actividades, los acuerdos de Junta Directiva correspondientes al a\u00f1o 2018, la liquidaci\u00f3n del pasado ejercicio y el presupuesto de cara al 2019.","breadcrumb":{"@id":"https:\/\/confecomerc.es\/va\/comerc-moble-participara-en-septiembre-en-el-certamen-habitat-valencia-2019-de-feria-valencia\/#breadcrumb"},"inLanguage":"va-VA","potentialAction":[{"@type":"ReadAction","target":["https:\/\/confecomerc.es\/va\/comerc-moble-participara-en-septiembre-en-el-certamen-habitat-valencia-2019-de-feria-valencia\/"]}]},{"@type":"ImageObject","inLanguage":"va-VA","@id":"https:\/\/confecomerc.es\/va\/comerc-moble-participara-en-septiembre-en-el-certamen-habitat-valencia-2019-de-feria-valencia\/#primaryimage","url":"https:\/\/confecomerc.es\/wp-content\/uploads\/2019\/06\/Habitat-Valencia-2019.jpg","contentUrl":"https:\/\/confecomerc.es\/wp-content\/uploads\/2019\/06\/Habitat-Valencia-2019.jpg","width":1200,"height":635,"caption":"H\u00e1bitat Valencia 2019"},{"@type":"BreadcrumbList","@id":"https:\/\/confecomerc.es\/va\/comerc-moble-participara-en-septiembre-en-el-certamen-habitat-valencia-2019-de-feria-valencia\/#breadcrumb","itemListElement":[{"@type":"ListItem","position":1,"name":"Home","item":"https:\/\/confecomerc.es\/va\/confecomerc-cv\/"},{"@type":"ListItem","position":2,"name":"Comer\u00e7 Moble participar\u00e1 en septiembre en el certamen H\u00e1bitat Valencia 2019 de Feria Valencia"}]},{"@type":"WebSite","@id":"https:\/\/confecomerc.es\/#website","url":"https:\/\/confecomerc.es\/","name":"Confecomer\u00e7","description":"Confederaci\u00f3 de Comer\u00e7 d\u2019alacant, Castell\u00f3 i Val\u00e8ncia","potentialAction":[{"@type":"SearchAction","target":{"@type":"EntryPoint","urlTemplate":"https:\/\/confecomerc.es\/?s={search_term_string}"},"query-input":{"@type":"PropertyValueSpecification","valueRequired":true,"valueName":"search_term_string"}}],"inLanguage":"va-VA"},{"@type":"Person","@id":"https:\/\/confecomerc.es\/#\/schema\/person\/23aa6211544dad9fa6ee269977b0a823","name":"CONFECOMER\u00c7 CV","url":"https:\/\/confecomerc.es\/va\/author\/confe-admin-cv\/"}]}},"_links":{"self":[{"href":"https:\/\/confecomerc.es\/va\/wp-json\/wp\/v2\/posts\/8231","targetHints":{"allow":["GET"]}}],"collection":[{"href":"https:\/\/confecomerc.es\/va\/wp-json\/wp\/v2\/posts"}],"about":[{"href":"https:\/\/confecomerc.es\/va\/wp-json\/wp\/v2\/types\/post"}],"author":[{"embeddable":true,"href":"https:\/\/confecomerc.es\/va\/wp-json\/wp\/v2\/users\/1"}],"replies":[{"embeddable":true,"href":"https:\/\/confecomerc.es\/va\/wp-json\/wp\/v2\/comments?post=8231"}],"version-history":[{"count":0,"href":"https:\/\/confecomerc.es\/va\/wp-json\/wp\/v2\/posts\/8231\/revisions"}],"wp:featuredmedia":[{"embeddable":true,"href":"https:\/\/confecomerc.es\/va\/wp-json\/wp\/v2\/media\/1835"}],"wp:attachment":[{"href":"https:\/\/confecomerc.es\/va\/wp-json\/wp\/v2\/media?parent=8231"}],"wp:term":[{"taxonomy":"category","embeddable":true,"href":"https:\/\/confecomerc.es\/va\/wp-json\/wp\/v2\/categories?post=8231"},{"taxonomy":"post_tag","embeddable":true,"href":"https:\/\/confecomerc.es\/va\/wp-json\/wp\/v2\/tags?post=8231"}],"curies":[{"name":"wp","href":"https:\/\/api.w.org\/{rel}","templated":true}]}}