{"id":8248,"date":"2019-05-28T17:09:44","date_gmt":"2019-05-28T17:09:44","guid":{"rendered":"https:\/\/confecomerc.es\/premios-nacionales-de-comercio-interior-2019\/"},"modified":"2021-07-19T12:08:21","modified_gmt":"2021-07-19T11:08:21","slug":"premios-nacionales-de-comercio-interior-2019","status":"publish","type":"post","link":"https:\/\/confecomerc.es\/va\/premios-nacionales-de-comercio-interior-2019\/","title":{"rendered":"Premios Nacionales de Comercio Interior 2019"},"content":{"rendered":"<p>El\u00a0<strong>Ministerio de Industria, Comercio y Turismo<\/strong>\u00a0ha convocado los\u00a0<strong>XXII Premios Nacionales de Comercio Interior<\/strong>\u00a0para el a\u00f1o 2019, tal y como se recoge en el anuncio publicado en el\u00a0<a href=\"http:\/\/confecomercnews.es\/news\/lists\/lt.php?tid=fk4AUQRVBlxVVUsODAAAH1FTXwFJWwVaVh1QAQRUBwUAUwVXVAEYC1ZQB1UBB1QfVQdfA0lWB1EPHVhUDwIbVg5TBgZWUAENUVRSSw0EBwZSUVAFSVEOV1YdVVcDABsBAVQBT1UFBg1SUAIDCwJTBQ\" target=\"_blank\" rel=\"noopener noreferrer\">BOE del d\u00eda 25 de mayo<\/a>.<\/p>\n<p>Estos Premios fueron creados en 1997 y galardonan la labor de ayuntamientos, asociaciones de comerciantes y peque\u00f1as empresa de comercio. El Premio Nacional al Peque\u00f1o Comercio y el Premio Nacional a Centros Comerciales Abiertos est\u00e1n dotados con 5.000 euros cada uno. El Premio Nacional a Ayuntamientos tiene car\u00e1cter honor\u00edfico, sin dotaci\u00f3n econ\u00f3mica.<\/p>\n<p>Los galardones a los peque\u00f1os comercios premian su labor de desarrollo y modernizaci\u00f3n empresarial, mediante la innovaci\u00f3n y mejora de la tecnolog\u00eda, generando empleo y dando vitalidad a las ciudades. Por su parte, los galardones a las asociaciones de comerciantes reconocen a aquellas agrupaciones\u00a0que favorecen la dinamizaci\u00f3n y modernizaci\u00f3n de \u00e1reas comerciales urbanas.<\/p>\n<p>Las candidaturas se podr\u00e1n presentar hasta el\u00a0<strong>27 de junio de 2019<\/strong>. Los requisitos se pueden consultar en la\u00a0<strong><a href=\"http:\/\/confecomercnews.es\/news\/lists\/lt.php?tid=fk4FVAdVXQ8AXEtTAA5WH1EBAgRJWgYDBB1QAwFVAVBQBwRRUVMYC1ZQB1UBB1QfVQdfA0lWB1EPHVhUDwIbVg5TBgZWUAENUVRSSw0EBwZSUVAFSVEOV1YdVVcDABsBAVQBT1UFBg1SUAIDCwJTBQ\" target=\"_blank\" rel=\"noopener noreferrer\">orden de la convocatoria<\/a><\/strong>.<\/p>\n<p><strong>M\u00e1s informaci\u00f3n:\u00a0<\/strong><\/p>\n<ul>\n<li><strong><a href=\"http:\/\/confecomercnews.es\/news\/lists\/lt.php?tid=fk5XWghRXQlTBUsGCAcHH1EEBFJJW1MEBR0AWwUAU1JTCgtRBlYYC1ZQB1UBB1QfVQdfA0lWB1EPHVhUDwIbVg5TBgZWUAENUVRSSw0EBwZSUVAFSVEOV1YdVVcDABsBAVQBT1UFBg1SUAIDCwJTBQ\" target=\"_blank\" rel=\"noopener noreferrer\">Solicitud de Premios Nacionales de Comercio<\/a><\/strong>\u00a0(Sede-e Secretar\u00eda de Estado de Comercio)<\/li>\n<li><strong><a href=\"http:\/\/confecomercnews.es\/news\/lists\/lt.php?tid=fk4FVAdVXQ8AXEtTAA5WH1EBAgRJWgYDBB1QAwFVAVBQBwRRUVMYC1ZQB1UBB1QfVQdfA0lWB1EPHVhUDwIbVg5TBgZWUAENUVRSSw0EBwZSUVAFSVEOV1YdVVcDABsBAVQBT1UFBg1SUAIDCwJTBQ\" target=\"_blank\" rel=\"noopener noreferrer\">Convocatoria<\/a><\/strong><\/li>\n<\/ul>\n","protected":false},"excerpt":{"rendered":"<p>El\u00a0Ministerio de Industria, Comercio y Turismo\u00a0ha convocado los\u00a0XXII Premios Nacionales de Comercio Interior\u00a0para el a\u00f1o 2019, tal y como se recoge en el anuncio publicado en el\u00a0BOE del d\u00eda 25 de mayo.<\/p>\n","protected":false},"author":1,"featured_media":1804,"comment_status":"open","ping_status":"open","sticky":false,"template":"","format":"standard","meta":{"_et_pb_use_builder":"","_et_pb_old_content":"","_et_gb_content_width":"","footnotes":""},"categories":[616],"tags":[3305],"class_list":["post-8248","post","type-post","status-publish","format-standard","has-post-thumbnail","hentry","category-sector-va","tag-premios-nacionales-de-comercio-interior-2019-va"],"yoast_head":"<!-- This site is optimized with the Yoast SEO plugin v27.3 - https:\/\/yoast.com\/product\/yoast-seo-wordpress\/ -->\n<title>Premios Nacionales de Comercio Interior 2019 - Confecomer\u00e7<\/title>\n<meta name=\"description\" content=\"El\u00a0Ministerio de Industria, Comercio y Turismo\u00a0ha convocado los\u00a0XXII Premios Nacionales de Comercio Interior\u00a0para el a\u00f1o 2019, tal y como se recoge en el anuncio publicado en el\u00a0BOE del d\u00eda 25 de mayo.\" \/>\n<meta name=\"robots\" content=\"index, follow, max-snippet:-1, max-image-preview:large, max-video-preview:-1\" \/>\n<link rel=\"canonical\" href=\"https:\/\/confecomerc.es\/va\/premios-nacionales-de-comercio-interior-2019\/\" \/>\n<meta property=\"og:locale\" content=\"en_US\" \/>\n<meta property=\"og:type\" content=\"article\" \/>\n<meta property=\"og:title\" content=\"Premios Nacionales de Comercio Interior 2019 - Confecomer\u00e7\" \/>\n<meta property=\"og:description\" content=\"El\u00a0Ministerio de Industria, Comercio y Turismo\u00a0ha convocado los\u00a0XXII Premios Nacionales de Comercio Interior\u00a0para el a\u00f1o 2019, tal y como se recoge en el anuncio publicado en el\u00a0BOE del d\u00eda 25 de mayo.\" \/>\n<meta property=\"og:url\" content=\"https:\/\/confecomerc.es\/va\/premios-nacionales-de-comercio-interior-2019\/\" \/>\n<meta property=\"og:site_name\" content=\"Confecomer\u00e7\" \/>\n<meta property=\"article:published_time\" content=\"2019-05-28T17:09:44+00:00\" \/>\n<meta property=\"article:modified_time\" content=\"2021-07-19T11:08:21+00:00\" \/>\n<meta property=\"og:image\" content=\"https:\/\/i2.wp.com\/confecomerc.es\/wp-content\/uploads\/2019\/05\/Premios-Nacionales-de-Comercio-Interior-para-el-a\u00f1o-2019.png?fit=594%2C301&ssl=1\" \/>\n\t<meta property=\"og:image:width\" content=\"594\" \/>\n\t<meta property=\"og:image:height\" content=\"301\" \/>\n\t<meta property=\"og:image:type\" content=\"image\/png\" \/>\n<meta name=\"author\" content=\"CONFECOMER\u00c7 CV\" \/>\n<meta name=\"twitter:card\" content=\"summary_large_image\" \/>\n<meta name=\"twitter:label1\" content=\"Written by\" \/>\n\t<meta name=\"twitter:data1\" content=\"CONFECOMER\u00c7 CV\" \/>\n\t<meta name=\"twitter:label2\" content=\"Est. reading time\" \/>\n\t<meta name=\"twitter:data2\" content=\"1 minute\" \/>\n<script type=\"application\/ld+json\" class=\"yoast-schema-graph\">{\"@context\":\"https:\\\/\\\/schema.org\",\"@graph\":[{\"@type\":\"Article\",\"@id\":\"https:\\\/\\\/confecomerc.es\\\/va\\\/premios-nacionales-de-comercio-interior-2019\\\/#article\",\"isPartOf\":{\"@id\":\"https:\\\/\\\/confecomerc.es\\\/va\\\/premios-nacionales-de-comercio-interior-2019\\\/\"},\"author\":{\"name\":\"CONFECOMER\u00c7 CV\",\"@id\":\"https:\\\/\\\/confecomerc.es\\\/#\\\/schema\\\/person\\\/23aa6211544dad9fa6ee269977b0a823\"},\"headline\":\"Premios Nacionales de Comercio Interior 2019\",\"datePublished\":\"2019-05-28T17:09:44+00:00\",\"dateModified\":\"2021-07-19T11:08:21+00:00\",\"mainEntityOfPage\":{\"@id\":\"https:\\\/\\\/confecomerc.es\\\/va\\\/premios-nacionales-de-comercio-interior-2019\\\/\"},\"wordCount\":199,\"commentCount\":0,\"image\":{\"@id\":\"https:\\\/\\\/confecomerc.es\\\/va\\\/premios-nacionales-de-comercio-interior-2019\\\/#primaryimage\"},\"thumbnailUrl\":\"https:\\\/\\\/confecomerc.es\\\/wp-content\\\/uploads\\\/2019\\\/05\\\/Premios-Nacionales-de-Comercio-Interior-para-el-a\u00f1o-2019.png\",\"keywords\":[\"Premios Nacionales de Comercio Interior 2019\"],\"articleSection\":[\"Sector\"],\"inLanguage\":\"va-VA\",\"potentialAction\":[{\"@type\":\"CommentAction\",\"name\":\"Comment\",\"target\":[\"https:\\\/\\\/confecomerc.es\\\/va\\\/premios-nacionales-de-comercio-interior-2019\\\/#respond\"]}]},{\"@type\":\"WebPage\",\"@id\":\"https:\\\/\\\/confecomerc.es\\\/va\\\/premios-nacionales-de-comercio-interior-2019\\\/\",\"url\":\"https:\\\/\\\/confecomerc.es\\\/va\\\/premios-nacionales-de-comercio-interior-2019\\\/\",\"name\":\"Premios Nacionales de Comercio Interior 2019 - Confecomer\u00e7\",\"isPartOf\":{\"@id\":\"https:\\\/\\\/confecomerc.es\\\/#website\"},\"primaryImageOfPage\":{\"@id\":\"https:\\\/\\\/confecomerc.es\\\/va\\\/premios-nacionales-de-comercio-interior-2019\\\/#primaryimage\"},\"image\":{\"@id\":\"https:\\\/\\\/confecomerc.es\\\/va\\\/premios-nacionales-de-comercio-interior-2019\\\/#primaryimage\"},\"thumbnailUrl\":\"https:\\\/\\\/confecomerc.es\\\/wp-content\\\/uploads\\\/2019\\\/05\\\/Premios-Nacionales-de-Comercio-Interior-para-el-a\u00f1o-2019.png\",\"datePublished\":\"2019-05-28T17:09:44+00:00\",\"dateModified\":\"2021-07-19T11:08:21+00:00\",\"author\":{\"@id\":\"https:\\\/\\\/confecomerc.es\\\/#\\\/schema\\\/person\\\/23aa6211544dad9fa6ee269977b0a823\"},\"description\":\"El\u00a0Ministerio de Industria, Comercio y Turismo\u00a0ha convocado los\u00a0XXII Premios Nacionales de Comercio Interior\u00a0para el a\u00f1o 2019, tal y como se recoge en el anuncio publicado en el\u00a0BOE del d\u00eda 25 de mayo.\",\"breadcrumb\":{\"@id\":\"https:\\\/\\\/confecomerc.es\\\/va\\\/premios-nacionales-de-comercio-interior-2019\\\/#breadcrumb\"},\"inLanguage\":\"va-VA\",\"potentialAction\":[{\"@type\":\"ReadAction\",\"target\":[\"https:\\\/\\\/confecomerc.es\\\/va\\\/premios-nacionales-de-comercio-interior-2019\\\/\"]}]},{\"@type\":\"ImageObject\",\"inLanguage\":\"va-VA\",\"@id\":\"https:\\\/\\\/confecomerc.es\\\/va\\\/premios-nacionales-de-comercio-interior-2019\\\/#primaryimage\",\"url\":\"https:\\\/\\\/confecomerc.es\\\/wp-content\\\/uploads\\\/2019\\\/05\\\/Premios-Nacionales-de-Comercio-Interior-para-el-a\u00f1o-2019.png\",\"contentUrl\":\"https:\\\/\\\/confecomerc.es\\\/wp-content\\\/uploads\\\/2019\\\/05\\\/Premios-Nacionales-de-Comercio-Interior-para-el-a\u00f1o-2019.png\",\"width\":594,\"height\":301,\"caption\":\"Premios Nacionales de Comercio Interior\u00a0para el a\u00f1o 2019\"},{\"@type\":\"BreadcrumbList\",\"@id\":\"https:\\\/\\\/confecomerc.es\\\/va\\\/premios-nacionales-de-comercio-interior-2019\\\/#breadcrumb\",\"itemListElement\":[{\"@type\":\"ListItem\",\"position\":1,\"name\":\"Home\",\"item\":\"https:\\\/\\\/confecomerc.es\\\/va\\\/confecomerc-cv\\\/\"},{\"@type\":\"ListItem\",\"position\":2,\"name\":\"Premios Nacionales de Comercio Interior 2019\"}]},{\"@type\":\"WebSite\",\"@id\":\"https:\\\/\\\/confecomerc.es\\\/#website\",\"url\":\"https:\\\/\\\/confecomerc.es\\\/\",\"name\":\"Confecomer\u00e7\",\"description\":\"Confederaci\u00f3 de Comer\u00e7 d\u2019alacant, Castell\u00f3 i Val\u00e8ncia\",\"potentialAction\":[{\"@type\":\"SearchAction\",\"target\":{\"@type\":\"EntryPoint\",\"urlTemplate\":\"https:\\\/\\\/confecomerc.es\\\/?s={search_term_string}\"},\"query-input\":{\"@type\":\"PropertyValueSpecification\",\"valueRequired\":true,\"valueName\":\"search_term_string\"}}],\"inLanguage\":\"va-VA\"},{\"@type\":\"Person\",\"@id\":\"https:\\\/\\\/confecomerc.es\\\/#\\\/schema\\\/person\\\/23aa6211544dad9fa6ee269977b0a823\",\"name\":\"CONFECOMER\u00c7 CV\",\"url\":\"https:\\\/\\\/confecomerc.es\\\/va\\\/author\\\/confe-admin-cv\\\/\"}]}<\/script>\n<!-- \/ Yoast SEO plugin. -->","yoast_head_json":{"title":"Premios Nacionales de Comercio Interior 2019 - Confecomer\u00e7","description":"El\u00a0Ministerio de Industria, Comercio y Turismo\u00a0ha convocado los\u00a0XXII Premios Nacionales de Comercio Interior\u00a0para el a\u00f1o 2019, tal y como se recoge en el anuncio publicado en el\u00a0BOE del d\u00eda 25 de mayo.","robots":{"index":"index","follow":"follow","max-snippet":"max-snippet:-1","max-image-preview":"max-image-preview:large","max-video-preview":"max-video-preview:-1"},"canonical":"https:\/\/confecomerc.es\/va\/premios-nacionales-de-comercio-interior-2019\/","og_locale":"en_US","og_type":"article","og_title":"Premios Nacionales de Comercio Interior 2019 - Confecomer\u00e7","og_description":"El\u00a0Ministerio de Industria, Comercio y Turismo\u00a0ha convocado los\u00a0XXII Premios Nacionales de Comercio Interior\u00a0para el a\u00f1o 2019, tal y como se recoge en el anuncio publicado en el\u00a0BOE del d\u00eda 25 de mayo.","og_url":"https:\/\/confecomerc.es\/va\/premios-nacionales-de-comercio-interior-2019\/","og_site_name":"Confecomer\u00e7","article_published_time":"2019-05-28T17:09:44+00:00","article_modified_time":"2021-07-19T11:08:21+00:00","og_image":[{"width":594,"height":301,"url":"https:\/\/i2.wp.com\/confecomerc.es\/wp-content\/uploads\/2019\/05\/Premios-Nacionales-de-Comercio-Interior-para-el-a\u00f1o-2019.png?fit=594%2C301&ssl=1","type":"image\/png"}],"author":"CONFECOMER\u00c7 CV","twitter_card":"summary_large_image","twitter_misc":{"Written by":"CONFECOMER\u00c7 CV","Est. reading time":"1 minute"},"schema":{"@context":"https:\/\/schema.org","@graph":[{"@type":"Article","@id":"https:\/\/confecomerc.es\/va\/premios-nacionales-de-comercio-interior-2019\/#article","isPartOf":{"@id":"https:\/\/confecomerc.es\/va\/premios-nacionales-de-comercio-interior-2019\/"},"author":{"name":"CONFECOMER\u00c7 CV","@id":"https:\/\/confecomerc.es\/#\/schema\/person\/23aa6211544dad9fa6ee269977b0a823"},"headline":"Premios Nacionales de Comercio Interior 2019","datePublished":"2019-05-28T17:09:44+00:00","dateModified":"2021-07-19T11:08:21+00:00","mainEntityOfPage":{"@id":"https:\/\/confecomerc.es\/va\/premios-nacionales-de-comercio-interior-2019\/"},"wordCount":199,"commentCount":0,"image":{"@id":"https:\/\/confecomerc.es\/va\/premios-nacionales-de-comercio-interior-2019\/#primaryimage"},"thumbnailUrl":"https:\/\/confecomerc.es\/wp-content\/uploads\/2019\/05\/Premios-Nacionales-de-Comercio-Interior-para-el-a\u00f1o-2019.png","keywords":["Premios Nacionales de Comercio Interior 2019"],"articleSection":["Sector"],"inLanguage":"va-VA","potentialAction":[{"@type":"CommentAction","name":"Comment","target":["https:\/\/confecomerc.es\/va\/premios-nacionales-de-comercio-interior-2019\/#respond"]}]},{"@type":"WebPage","@id":"https:\/\/confecomerc.es\/va\/premios-nacionales-de-comercio-interior-2019\/","url":"https:\/\/confecomerc.es\/va\/premios-nacionales-de-comercio-interior-2019\/","name":"Premios Nacionales de Comercio Interior 2019 - Confecomer\u00e7","isPartOf":{"@id":"https:\/\/confecomerc.es\/#website"},"primaryImageOfPage":{"@id":"https:\/\/confecomerc.es\/va\/premios-nacionales-de-comercio-interior-2019\/#primaryimage"},"image":{"@id":"https:\/\/confecomerc.es\/va\/premios-nacionales-de-comercio-interior-2019\/#primaryimage"},"thumbnailUrl":"https:\/\/confecomerc.es\/wp-content\/uploads\/2019\/05\/Premios-Nacionales-de-Comercio-Interior-para-el-a\u00f1o-2019.png","datePublished":"2019-05-28T17:09:44+00:00","dateModified":"2021-07-19T11:08:21+00:00","author":{"@id":"https:\/\/confecomerc.es\/#\/schema\/person\/23aa6211544dad9fa6ee269977b0a823"},"description":"El\u00a0Ministerio de Industria, Comercio y Turismo\u00a0ha convocado los\u00a0XXII Premios Nacionales de Comercio Interior\u00a0para el a\u00f1o 2019, tal y como se recoge en el anuncio publicado en el\u00a0BOE del d\u00eda 25 de mayo.","breadcrumb":{"@id":"https:\/\/confecomerc.es\/va\/premios-nacionales-de-comercio-interior-2019\/#breadcrumb"},"inLanguage":"va-VA","potentialAction":[{"@type":"ReadAction","target":["https:\/\/confecomerc.es\/va\/premios-nacionales-de-comercio-interior-2019\/"]}]},{"@type":"ImageObject","inLanguage":"va-VA","@id":"https:\/\/confecomerc.es\/va\/premios-nacionales-de-comercio-interior-2019\/#primaryimage","url":"https:\/\/confecomerc.es\/wp-content\/uploads\/2019\/05\/Premios-Nacionales-de-Comercio-Interior-para-el-a\u00f1o-2019.png","contentUrl":"https:\/\/confecomerc.es\/wp-content\/uploads\/2019\/05\/Premios-Nacionales-de-Comercio-Interior-para-el-a\u00f1o-2019.png","width":594,"height":301,"caption":"Premios Nacionales de Comercio Interior\u00a0para el a\u00f1o 2019"},{"@type":"BreadcrumbList","@id":"https:\/\/confecomerc.es\/va\/premios-nacionales-de-comercio-interior-2019\/#breadcrumb","itemListElement":[{"@type":"ListItem","position":1,"name":"Home","item":"https:\/\/confecomerc.es\/va\/confecomerc-cv\/"},{"@type":"ListItem","position":2,"name":"Premios Nacionales de Comercio Interior 2019"}]},{"@type":"WebSite","@id":"https:\/\/confecomerc.es\/#website","url":"https:\/\/confecomerc.es\/","name":"Confecomer\u00e7","description":"Confederaci\u00f3 de Comer\u00e7 d\u2019alacant, Castell\u00f3 i Val\u00e8ncia","potentialAction":[{"@type":"SearchAction","target":{"@type":"EntryPoint","urlTemplate":"https:\/\/confecomerc.es\/?s={search_term_string}"},"query-input":{"@type":"PropertyValueSpecification","valueRequired":true,"valueName":"search_term_string"}}],"inLanguage":"va-VA"},{"@type":"Person","@id":"https:\/\/confecomerc.es\/#\/schema\/person\/23aa6211544dad9fa6ee269977b0a823","name":"CONFECOMER\u00c7 CV","url":"https:\/\/confecomerc.es\/va\/author\/confe-admin-cv\/"}]}},"_links":{"self":[{"href":"https:\/\/confecomerc.es\/va\/wp-json\/wp\/v2\/posts\/8248","targetHints":{"allow":["GET"]}}],"collection":[{"href":"https:\/\/confecomerc.es\/va\/wp-json\/wp\/v2\/posts"}],"about":[{"href":"https:\/\/confecomerc.es\/va\/wp-json\/wp\/v2\/types\/post"}],"author":[{"embeddable":true,"href":"https:\/\/confecomerc.es\/va\/wp-json\/wp\/v2\/users\/1"}],"replies":[{"embeddable":true,"href":"https:\/\/confecomerc.es\/va\/wp-json\/wp\/v2\/comments?post=8248"}],"version-history":[{"count":0,"href":"https:\/\/confecomerc.es\/va\/wp-json\/wp\/v2\/posts\/8248\/revisions"}],"wp:featuredmedia":[{"embeddable":true,"href":"https:\/\/confecomerc.es\/va\/wp-json\/wp\/v2\/media\/1804"}],"wp:attachment":[{"href":"https:\/\/confecomerc.es\/va\/wp-json\/wp\/v2\/media?parent=8248"}],"wp:term":[{"taxonomy":"category","embeddable":true,"href":"https:\/\/confecomerc.es\/va\/wp-json\/wp\/v2\/categories?post=8248"},{"taxonomy":"post_tag","embeddable":true,"href":"https:\/\/confecomerc.es\/va\/wp-json\/wp\/v2\/tags?post=8248"}],"curies":[{"name":"wp","href":"https:\/\/api.w.org\/{rel}","templated":true}]}}