{"id":8262,"date":"2019-05-14T16:36:11","date_gmt":"2019-05-14T16:36:11","guid":{"rendered":"https:\/\/confecomerc.es\/mostra-empresarial-de-torrent-2019-plazos-y-condiciones\/"},"modified":"2021-07-19T12:10:13","modified_gmt":"2021-07-19T11:10:13","slug":"mostra-empresarial-de-torrent-2019-plazos-y-condiciones","status":"publish","type":"post","link":"https:\/\/confecomerc.es\/va\/mostra-empresarial-de-torrent-2019-plazos-y-condiciones\/","title":{"rendered":"Mostra Empresarial de Torrent 2019: Plazos y Condiciones"},"content":{"rendered":"<h2 class=\"entry-title\" data-fontsize=\"18\" data-lineheight=\"27\"><strong>Tienes un Comercio? Una Empresa de Servicios? Participa en un evento multitudinario donde Torrent se convierte en un escaparate compuesto por miles de potenciales clientes que est\u00e1n esperando conocerte. Te lo vas a perder?<\/strong><\/h2>\n<div class=\"post-content\">\n<p>Los pr\u00f3ximos\u00a0<strong>Viernes 7 y S\u00e1bado 8 de Junio de 2019<\/strong>\u00a0se celebra la gran\u00a0<strong>\u201cMostra Empresarial de Torrent\u201d<\/strong>\u00a0en su edici\u00f3n de 2019. La mostra tendr\u00e1 lugar en la\u00a0<strong>Avinguda al Vedat del n\u00famero al 1 al 25<\/strong>\u00a0(tramo inicial de la avenida, coincidiendo con la ubicaci\u00f3n del\u00a0<strong>Ajuntament de Torrent<\/strong>).<\/p>\n<p>El horario de la mostra ser\u00e1 de\u00a0<strong>11.00 a 21.00 horas<\/strong>, ambos d\u00edas, de modo ininterrumpido.<\/p>\n<p>El plazo para inscribir tu empresa finaliza el<strong>\u00a0 Martes 21 de Mayo de 2019<\/strong>.<\/p>\n<p><strong>Condiciones:<\/strong><\/p>\n<p>\u2013 Para participar en la\u00a0<strong>\u201cMostra Empresarial de Torrent\u201d<\/strong>\u00a0es obligatorio ser socio de<strong>ACST. Asociaci\u00f3n de Comerciantes y Servicios de Torrent<\/strong>, as\u00ed como estar al corriente de pago en cuotas a la entidad. Si a\u00fan no eres asociado, ll\u00e1manos al\u00a0<strong>616832711 \u2013 655083172<\/strong>\u00a0o escr\u00edbenos a\u00a0<strong>info@acst.es<\/strong><\/p>\n<p>\u2013\u00a0<strong>ACST<\/strong>\u00a0facilitar\u00e1 a los expositores la\u00a0<strong>carpa o stand empresarial<\/strong>, as\u00ed como su montaje y desmontaje (3\u00d73 metros),\u00a0<strong>punto de luz, mesas, sillas, seguridad, cartel identificativo, publicidad y eventos<\/strong>\u00a0durante la mostra.<\/p>\n<p>\u2013 El expositor \u00fanicamente deber\u00e1 traer un\u00a0<strong>mantel con su color corporativo<\/strong>\u00a0(las medidas de las mesas son de 160cm de largo por 80cm de profundidad), as\u00ed como un\u00a0<strong>alargador el\u00e9ctrico<\/strong>\u00a0(de viaje) por si hubiera alg\u00fan problema en el suministro el\u00e9ctrico.<br \/>\n<strong>Formas de participar:<\/strong><\/p>\n<p>\u2013\u00a0<strong>Con Stand\/Carpa Empresarial.<\/strong>\u00a0Consultar precios y condiciones:\u00a0<strong>616832711 \u2013 655083172 \u2013 info@acst.es<\/strong><br \/>\n\u2013\u00a0<strong>Con otro tipo de acciones (Sin Carpa)<\/strong>: Reparto de folletos, Acciones de Comunicaci\u00f3n y\/o Marketing, Etc. Coste gratuito socios\u00a0<strong>ACST<\/strong>.<br \/>\n<strong>Posibilidad de patrocinio de Eventos y Actividades:<\/strong><\/p>\n<p>Con motivo de la\u00a0<em><strong>mostra<\/strong><\/em>se habilitar\u00e1 un escenario donde tendr\u00e1n lugar\u00a0<strong>eventos y actividades<\/strong>\u00a0durante los dos d\u00edas. Si est\u00e1s interesado, como empresa, en organizar alg\u00fan tipo de evento o actividad patrocinado por tu empresa, tienes de plazo hasta el\u00a0<strong>Martes 21 de Mayo<\/strong>\u00a0para comunicarlo a\u00a0<strong>ACST<\/strong>.<\/p>\n<p>Tu evento ser\u00e1 publicitado a trav\u00e9s de la\u00a0<strong>nota de prensa oficial facilitada a los medios<\/strong>(Prensa, TV, Radio, RRSS, Etc.).<br \/>\n<strong>No te lo pienses m\u00e1s! Participa en el evento comercial m\u00e1s importante que se celebra anualmente en la ciudad de Torrent!<\/strong>\u00a0<strong>Ll\u00e1manos!<\/strong><br \/>\n<strong>La Mostra Empresarial de Torrent 2019 cuenta con la colaboraci\u00f3n de:<\/strong><\/p>\n<p><a class=\"profileLink\" href=\"https:\/\/www.facebook.com\/AjuntamentDeTorrent\/?__tn__=K-R&amp;eid=ARCJCGYkJPHlI0H7lBXUpJbbi4Sbfc0q0-8OqEs-lAuPjkM2pfW_iQSMJTgG81JhzSZwxUk7W5jyTYxl&amp;fref=mentions&amp;__xts__%5B0%5D=68.ARA3dTAOGHhy9Gz_J7orbn8lQPIOhZdoadroxczw0Pq0dgyW6CyIXF-9BXcqtmtIeLNriVcQkK4mknU0sdHvpbgGRKVJlDfrQ6xtYQxhvjt3kdQCZiDa8EKsjSy30krNDEUX3HeX5KHZvLEAzM9t8IZ4fpoyTQI9q_TucNtRZfs0_5FmQXDSUDsGvVYTa5JlK0HVWq5zrF0YqPSjfRvG4DDIe6tdWa1dWgUrkrMhJaEDzpOrInSIhHjc69mCvnEPlyipgb123oLTB3stmPUuuzSKOyPRJtjj0GDSaCqKLU4eLjgzvss15VXxUI1F0jjIs80nXAVYimi1_GFZgTxdrX5m4A\" data-hovercard=\"\/ajax\/hovercard\/page.php?id=125582660998&amp;extragetparams=%7B%22__tn__%22%3A%22%2CdK-R-R%22%2C%22eid%22%3A%22ARCJCGYkJPHlI0H7lBXUpJbbi4Sbfc0q0-8OqEs-lAuPjkM2pfW_iQSMJTgG81JhzSZwxUk7W5jyTYxl%22%2C%22fref%22%3A%22mentions%22%7D\" data-hovercard-prefer-more-content-show=\"1\">Ajuntament de Torrent<\/a><br \/>\n<a class=\"profileLink\" href=\"https:\/\/www.facebook.com\/IdeatTorrent\/?__tn__=K-R&amp;eid=ARAo5bcQz-SEc4sa8H2nLTsbJeDe_aCtiJNgHo5-EeMfI6nUu83L4gC8ysoCJ035Xz9lgcu-my2HA6Xx&amp;fref=mentions&amp;__xts__%5B0%5D=68.ARA3dTAOGHhy9Gz_J7orbn8lQPIOhZdoadroxczw0Pq0dgyW6CyIXF-9BXcqtmtIeLNriVcQkK4mknU0sdHvpbgGRKVJlDfrQ6xtYQxhvjt3kdQCZiDa8EKsjSy30krNDEUX3HeX5KHZvLEAzM9t8IZ4fpoyTQI9q_TucNtRZfs0_5FmQXDSUDsGvVYTa5JlK0HVWq5zrF0YqPSjfRvG4DDIe6tdWa1dWgUrkrMhJaEDzpOrInSIhHjc69mCvnEPlyipgb123oLTB3stmPUuuzSKOyPRJtjj0GDSaCqKLU4eLjgzvss15VXxUI1F0jjIs80nXAVYimi1_GFZgTxdrX5m4A\" data-hovercard=\"\/ajax\/hovercard\/page.php?id=612747055445020&amp;extragetparams=%7B%22__tn__%22%3A%22%2CdK-R-R%22%2C%22eid%22%3A%22ARAo5bcQz-SEc4sa8H2nLTsbJeDe_aCtiJNgHo5-EeMfI6nUu83L4gC8ysoCJ035Xz9lgcu-my2HA6Xx%22%2C%22fref%22%3A%22mentions%22%7D\" data-hovercard-prefer-more-content-show=\"1\">IDEAT<\/a><br \/>\n<a class=\"profileLink\" href=\"https:\/\/www.facebook.com\/caixapopular\/?__tn__=K-R&amp;eid=ARDVRyDNORNZOmdjbVTk-8kQVNGVnfXvk75AfZLCJhHz-dugL6uUewjecYz8LgN0RyMn8D7XPHNKEe1o&amp;fref=mentions&amp;__xts__%5B0%5D=68.ARA3dTAOGHhy9Gz_J7orbn8lQPIOhZdoadroxczw0Pq0dgyW6CyIXF-9BXcqtmtIeLNriVcQkK4mknU0sdHvpbgGRKVJlDfrQ6xtYQxhvjt3kdQCZiDa8EKsjSy30krNDEUX3HeX5KHZvLEAzM9t8IZ4fpoyTQI9q_TucNtRZfs0_5FmQXDSUDsGvVYTa5JlK0HVWq5zrF0YqPSjfRvG4DDIe6tdWa1dWgUrkrMhJaEDzpOrInSIhHjc69mCvnEPlyipgb123oLTB3stmPUuuzSKOyPRJtjj0GDSaCqKLU4eLjgzvss15VXxUI1F0jjIs80nXAVYimi1_GFZgTxdrX5m4A\" data-hovercard=\"\/ajax\/hovercard\/page.php?id=150483088335673&amp;extragetparams=%7B%22__tn__%22%3A%22%2CdK-R-R%22%2C%22eid%22%3A%22ARDVRyDNORNZOmdjbVTk-8kQVNGVnfXvk75AfZLCJhHz-dugL6uUewjecYz8LgN0RyMn8D7XPHNKEe1o%22%2C%22fref%22%3A%22mentions%22%7D\" data-hovercard-prefer-more-content-show=\"1\">Caixa Popular<\/a><br \/>\n<a class=\"profileLink\" href=\"https:\/\/www.facebook.com\/CasesDeDretTorrente\/?__tn__=K-R&amp;eid=ARCDMXOErPGl59J_XGBEGSORW5TDq8Ug9VrE1j9YiLt8aPUM3h2vKSiILWaW7OBtW7TFg9ge2bkFl8dH&amp;fref=mentions&amp;__xts__%5B0%5D=68.ARA3dTAOGHhy9Gz_J7orbn8lQPIOhZdoadroxczw0Pq0dgyW6CyIXF-9BXcqtmtIeLNriVcQkK4mknU0sdHvpbgGRKVJlDfrQ6xtYQxhvjt3kdQCZiDa8EKsjSy30krNDEUX3HeX5KHZvLEAzM9t8IZ4fpoyTQI9q_TucNtRZfs0_5FmQXDSUDsGvVYTa5JlK0HVWq5zrF0YqPSjfRvG4DDIe6tdWa1dWgUrkrMhJaEDzpOrInSIhHjc69mCvnEPlyipgb123oLTB3stmPUuuzSKOyPRJtjj0GDSaCqKLU4eLjgzvss15VXxUI1F0jjIs80nXAVYimi1_GFZgTxdrX5m4A\" data-hovercard=\"\/ajax\/hovercard\/page.php?id=420251114674834&amp;extragetparams=%7B%22__tn__%22%3A%22%2CdK-R-R%22%2C%22eid%22%3A%22ARCDMXOErPGl59J_XGBEGSORW5TDq8Ug9VrE1j9YiLt8aPUM3h2vKSiILWaW7OBtW7TFg9ge2bkFl8dH%22%2C%22fref%22%3A%22mentions%22%7D\" data-hovercard-prefer-more-content-show=\"1\">Cases de Dret Torrente<\/a><br \/>\n<a class=\"profileLink\" href=\"https:\/\/www.facebook.com\/fondosocialcaixaruraltorrent\/?__tn__=K-R&amp;eid=ARB9ft940UEB6b5N2wH_gKkzHhO845mo6Zh1WriFKTbP6dOjLZfKxcO7MNzPf7a0Qwe2njDeVb3PCr6r&amp;fref=mentions&amp;__xts__%5B0%5D=68.ARA3dTAOGHhy9Gz_J7orbn8lQPIOhZdoadroxczw0Pq0dgyW6CyIXF-9BXcqtmtIeLNriVcQkK4mknU0sdHvpbgGRKVJlDfrQ6xtYQxhvjt3kdQCZiDa8EKsjSy30krNDEUX3HeX5KHZvLEAzM9t8IZ4fpoyTQI9q_TucNtRZfs0_5FmQXDSUDsGvVYTa5JlK0HVWq5zrF0YqPSjfRvG4DDIe6tdWa1dWgUrkrMhJaEDzpOrInSIhHjc69mCvnEPlyipgb123oLTB3stmPUuuzSKOyPRJtjj0GDSaCqKLU4eLjgzvss15VXxUI1F0jjIs80nXAVYimi1_GFZgTxdrX5m4A\" data-hovercard=\"\/ajax\/hovercard\/page.php?id=192496701356688&amp;extragetparams=%7B%22__tn__%22%3A%22%2CdK-R-R%22%2C%22eid%22%3A%22ARB9ft940UEB6b5N2wH_gKkzHhO845mo6Zh1WriFKTbP6dOjLZfKxcO7MNzPf7a0Qwe2njDeVb3PCr6r%22%2C%22fref%22%3A%22mentions%22%7D\" data-hovercard-prefer-more-content-show=\"1\">Caixa Rural de Torrent &#8211; Grupo Cooperativo Cajamar &#8211; Fondo Social Caixa Rural Torrent<\/a><br \/>\n<a class=\"profileLink\" href=\"https:\/\/www.facebook.com\/confecomercCV\/?__tn__=K-R&amp;eid=ARCycIiBdcpi8v-hOeUUF8ypfE-lbt7mB5dr2StPLbsOd3kSV6DGwg3bEFpJ-MmiW5qskGHxHNaQUkni&amp;fref=mentions&amp;__xts__%5B0%5D=68.ARA3dTAOGHhy9Gz_J7orbn8lQPIOhZdoadroxczw0Pq0dgyW6CyIXF-9BXcqtmtIeLNriVcQkK4mknU0sdHvpbgGRKVJlDfrQ6xtYQxhvjt3kdQCZiDa8EKsjSy30krNDEUX3HeX5KHZvLEAzM9t8IZ4fpoyTQI9q_TucNtRZfs0_5FmQXDSUDsGvVYTa5JlK0HVWq5zrF0YqPSjfRvG4DDIe6tdWa1dWgUrkrMhJaEDzpOrInSIhHjc69mCvnEPlyipgb123oLTB3stmPUuuzSKOyPRJtjj0GDSaCqKLU4eLjgzvss15VXxUI1F0jjIs80nXAVYimi1_GFZgTxdrX5m4A\" data-hovercard=\"\/ajax\/hovercard\/page.php?id=351225068375143&amp;extragetparams=%7B%22__tn__%22%3A%22%2CdK-R-R%22%2C%22eid%22%3A%22ARCycIiBdcpi8v-hOeUUF8ypfE-lbt7mB5dr2StPLbsOd3kSV6DGwg3bEFpJ-MmiW5qskGHxHNaQUkni%22%2C%22fref%22%3A%22mentions%22%7D\" data-hovercard-prefer-more-content-show=\"1\">Confecomer\u00e7 CV<\/a><\/p>\n<p><img decoding=\"async\" class=\"alignnone size-full wp-image-1737\" src=\"https:\/\/confecomerc.es\/wp-content\/uploads\/2019\/05\/mostral-empresarial-de-torrent-2019-e1557851932370.png\" alt=\"Mostra Empresarial de Torrent 2019\" width=\"1588\" height=\"2246\" srcset=\"https:\/\/confecomerc.es\/wp-content\/uploads\/2019\/05\/mostral-empresarial-de-torrent-2019-e1557851932370.png 1588w, https:\/\/confecomerc.es\/wp-content\/uploads\/2019\/05\/mostral-empresarial-de-torrent-2019-e1557851932370-212x300.png 212w, https:\/\/confecomerc.es\/wp-content\/uploads\/2019\/05\/mostral-empresarial-de-torrent-2019-e1557851932370-768x1086.png 768w, https:\/\/confecomerc.es\/wp-content\/uploads\/2019\/05\/mostral-empresarial-de-torrent-2019-e1557851932370-724x1024.png 724w, https:\/\/confecomerc.es\/wp-content\/uploads\/2019\/05\/mostral-empresarial-de-torrent-2019-e1557851932370-1080x1528.png 1080w\" sizes=\"(max-width: 1588px) 100vw, 1588px\" \/><\/p>\n<\/div>\n","protected":false},"excerpt":{"rendered":"<p>Los pr\u00f3ximos\u00a0Viernes 7 y S\u00e1bado 8 de Junio de 2019\u00a0se celebra la gran\u00a0\u201cMostra Empresarial de Torrent\u201d\u00a0en su edici\u00f3n de 2019. La mostra tendr\u00e1 lugar en la\u00a0Avinguda al Vedat del n\u00famero al 1 al 25\u00a0(tramo inicial de la avenida, coincidiendo con la ubicaci\u00f3n del\u00a0Ajuntament de Torrent).<\/p>\n","protected":false},"author":1,"featured_media":1738,"comment_status":"open","ping_status":"open","sticky":false,"template":"","format":"standard","meta":{"_et_pb_use_builder":"","_et_pb_old_content":"","_et_gb_content_width":"","footnotes":""},"categories":[613],"tags":[3317],"class_list":["post-8262","post","type-post","status-publish","format-standard","has-post-thumbnail","hentry","category-associats-confecomerc-cv","tag-mostra-empresarial-de-torrent-2019-va"],"yoast_head":"<!-- This site is optimized with the Yoast SEO plugin v27.3 - https:\/\/yoast.com\/product\/yoast-seo-wordpress\/ -->\n<title>Mostra Empresarial de Torrent 2019: Plazos y Condiciones - Confecomer\u00e7<\/title>\n<meta name=\"description\" content=\"Los pr\u00f3ximos\u00a0Viernes 7 y S\u00e1bado 8 de Junio de 2019\u00a0se celebra la gran\u00a0\u201cMostra Empresarial de Torrent\u201d\u00a0en su edici\u00f3n de 2019. La mostra tendr\u00e1 lugar en la\u00a0Avinguda al Vedat del n\u00famero al 1 al 25\u00a0(tramo inicial de la avenida, coincidiendo con la ubicaci\u00f3n del\u00a0Ajuntament de Torrent).\" \/>\n<meta name=\"robots\" content=\"index, follow, max-snippet:-1, max-image-preview:large, max-video-preview:-1\" \/>\n<link rel=\"canonical\" href=\"https:\/\/confecomerc.es\/va\/mostra-empresarial-de-torrent-2019-plazos-y-condiciones\/\" \/>\n<meta property=\"og:locale\" content=\"en_US\" \/>\n<meta property=\"og:type\" content=\"article\" \/>\n<meta property=\"og:title\" content=\"Mostra Empresarial de Torrent 2019: Plazos y Condiciones - Confecomer\u00e7\" \/>\n<meta property=\"og:description\" content=\"Los pr\u00f3ximos\u00a0Viernes 7 y S\u00e1bado 8 de Junio de 2019\u00a0se celebra la gran\u00a0\u201cMostra Empresarial de Torrent\u201d\u00a0en su edici\u00f3n de 2019. La mostra tendr\u00e1 lugar en la\u00a0Avinguda al Vedat del n\u00famero al 1 al 25\u00a0(tramo inicial de la avenida, coincidiendo con la ubicaci\u00f3n del\u00a0Ajuntament de Torrent).\" \/>\n<meta property=\"og:url\" content=\"https:\/\/confecomerc.es\/va\/mostra-empresarial-de-torrent-2019-plazos-y-condiciones\/\" \/>\n<meta property=\"og:site_name\" content=\"Confecomer\u00e7\" \/>\n<meta property=\"article:published_time\" content=\"2019-05-14T16:36:11+00:00\" \/>\n<meta property=\"article:modified_time\" content=\"2021-07-19T11:10:13+00:00\" \/>\n<meta property=\"og:image\" content=\"https:\/\/i2.wp.com\/confecomerc.es\/wp-content\/uploads\/2019\/05\/mostral-empresarial-de-torrent-2019.png?fit=1588%2C2246&ssl=1\" \/>\n\t<meta property=\"og:image:width\" content=\"1588\" \/>\n\t<meta property=\"og:image:height\" content=\"2246\" \/>\n\t<meta property=\"og:image:type\" content=\"image\/png\" \/>\n<meta name=\"author\" content=\"CONFECOMER\u00c7 CV\" \/>\n<meta name=\"twitter:card\" content=\"summary_large_image\" \/>\n<meta name=\"twitter:label1\" content=\"Written by\" \/>\n\t<meta name=\"twitter:data1\" content=\"CONFECOMER\u00c7 CV\" \/>\n\t<meta name=\"twitter:label2\" content=\"Est. reading time\" \/>\n\t<meta name=\"twitter:data2\" content=\"2 minutes\" \/>\n<script type=\"application\/ld+json\" class=\"yoast-schema-graph\">{\"@context\":\"https:\\\/\\\/schema.org\",\"@graph\":[{\"@type\":\"Article\",\"@id\":\"https:\\\/\\\/confecomerc.es\\\/va\\\/mostra-empresarial-de-torrent-2019-plazos-y-condiciones\\\/#article\",\"isPartOf\":{\"@id\":\"https:\\\/\\\/confecomerc.es\\\/va\\\/mostra-empresarial-de-torrent-2019-plazos-y-condiciones\\\/\"},\"author\":{\"name\":\"CONFECOMER\u00c7 CV\",\"@id\":\"https:\\\/\\\/confecomerc.es\\\/#\\\/schema\\\/person\\\/23aa6211544dad9fa6ee269977b0a823\"},\"headline\":\"Mostra Empresarial de Torrent 2019: Plazos y Condiciones\",\"datePublished\":\"2019-05-14T16:36:11+00:00\",\"dateModified\":\"2021-07-19T11:10:13+00:00\",\"mainEntityOfPage\":{\"@id\":\"https:\\\/\\\/confecomerc.es\\\/va\\\/mostra-empresarial-de-torrent-2019-plazos-y-condiciones\\\/\"},\"wordCount\":424,\"commentCount\":0,\"image\":{\"@id\":\"https:\\\/\\\/confecomerc.es\\\/va\\\/mostra-empresarial-de-torrent-2019-plazos-y-condiciones\\\/#primaryimage\"},\"thumbnailUrl\":\"https:\\\/\\\/confecomerc.es\\\/wp-content\\\/uploads\\\/2019\\\/05\\\/mostral-empresarial-de-torrent-2019.png\",\"keywords\":[\"Mostra Empresarial de Torrent 2019\"],\"articleSection\":[\"Associats Confecomer\u00e7 Cv\"],\"inLanguage\":\"va-VA\",\"potentialAction\":[{\"@type\":\"CommentAction\",\"name\":\"Comment\",\"target\":[\"https:\\\/\\\/confecomerc.es\\\/va\\\/mostra-empresarial-de-torrent-2019-plazos-y-condiciones\\\/#respond\"]}]},{\"@type\":\"WebPage\",\"@id\":\"https:\\\/\\\/confecomerc.es\\\/va\\\/mostra-empresarial-de-torrent-2019-plazos-y-condiciones\\\/\",\"url\":\"https:\\\/\\\/confecomerc.es\\\/va\\\/mostra-empresarial-de-torrent-2019-plazos-y-condiciones\\\/\",\"name\":\"Mostra Empresarial de Torrent 2019: Plazos y Condiciones - Confecomer\u00e7\",\"isPartOf\":{\"@id\":\"https:\\\/\\\/confecomerc.es\\\/#website\"},\"primaryImageOfPage\":{\"@id\":\"https:\\\/\\\/confecomerc.es\\\/va\\\/mostra-empresarial-de-torrent-2019-plazos-y-condiciones\\\/#primaryimage\"},\"image\":{\"@id\":\"https:\\\/\\\/confecomerc.es\\\/va\\\/mostra-empresarial-de-torrent-2019-plazos-y-condiciones\\\/#primaryimage\"},\"thumbnailUrl\":\"https:\\\/\\\/confecomerc.es\\\/wp-content\\\/uploads\\\/2019\\\/05\\\/mostral-empresarial-de-torrent-2019.png\",\"datePublished\":\"2019-05-14T16:36:11+00:00\",\"dateModified\":\"2021-07-19T11:10:13+00:00\",\"author\":{\"@id\":\"https:\\\/\\\/confecomerc.es\\\/#\\\/schema\\\/person\\\/23aa6211544dad9fa6ee269977b0a823\"},\"description\":\"Los pr\u00f3ximos\u00a0Viernes 7 y S\u00e1bado 8 de Junio de 2019\u00a0se celebra la gran\u00a0\u201cMostra Empresarial de Torrent\u201d\u00a0en su edici\u00f3n de 2019. La mostra tendr\u00e1 lugar en la\u00a0Avinguda al Vedat del n\u00famero al 1 al 25\u00a0(tramo inicial de la avenida, coincidiendo con la ubicaci\u00f3n del\u00a0Ajuntament de Torrent).\",\"breadcrumb\":{\"@id\":\"https:\\\/\\\/confecomerc.es\\\/va\\\/mostra-empresarial-de-torrent-2019-plazos-y-condiciones\\\/#breadcrumb\"},\"inLanguage\":\"va-VA\",\"potentialAction\":[{\"@type\":\"ReadAction\",\"target\":[\"https:\\\/\\\/confecomerc.es\\\/va\\\/mostra-empresarial-de-torrent-2019-plazos-y-condiciones\\\/\"]}]},{\"@type\":\"ImageObject\",\"inLanguage\":\"va-VA\",\"@id\":\"https:\\\/\\\/confecomerc.es\\\/va\\\/mostra-empresarial-de-torrent-2019-plazos-y-condiciones\\\/#primaryimage\",\"url\":\"https:\\\/\\\/confecomerc.es\\\/wp-content\\\/uploads\\\/2019\\\/05\\\/mostral-empresarial-de-torrent-2019.png\",\"contentUrl\":\"https:\\\/\\\/confecomerc.es\\\/wp-content\\\/uploads\\\/2019\\\/05\\\/mostral-empresarial-de-torrent-2019.png\",\"width\":1588,\"height\":2246,\"caption\":\"Mostra Empresarial de Torrent 2019\"},{\"@type\":\"BreadcrumbList\",\"@id\":\"https:\\\/\\\/confecomerc.es\\\/va\\\/mostra-empresarial-de-torrent-2019-plazos-y-condiciones\\\/#breadcrumb\",\"itemListElement\":[{\"@type\":\"ListItem\",\"position\":1,\"name\":\"Home\",\"item\":\"https:\\\/\\\/confecomerc.es\\\/va\\\/confecomerc-cv\\\/\"},{\"@type\":\"ListItem\",\"position\":2,\"name\":\"Mostra Empresarial de Torrent 2019: Plazos y Condiciones\"}]},{\"@type\":\"WebSite\",\"@id\":\"https:\\\/\\\/confecomerc.es\\\/#website\",\"url\":\"https:\\\/\\\/confecomerc.es\\\/\",\"name\":\"Confecomer\u00e7\",\"description\":\"Confederaci\u00f3 de Comer\u00e7 d\u2019alacant, Castell\u00f3 i Val\u00e8ncia\",\"potentialAction\":[{\"@type\":\"SearchAction\",\"target\":{\"@type\":\"EntryPoint\",\"urlTemplate\":\"https:\\\/\\\/confecomerc.es\\\/?s={search_term_string}\"},\"query-input\":{\"@type\":\"PropertyValueSpecification\",\"valueRequired\":true,\"valueName\":\"search_term_string\"}}],\"inLanguage\":\"va-VA\"},{\"@type\":\"Person\",\"@id\":\"https:\\\/\\\/confecomerc.es\\\/#\\\/schema\\\/person\\\/23aa6211544dad9fa6ee269977b0a823\",\"name\":\"CONFECOMER\u00c7 CV\",\"url\":\"https:\\\/\\\/confecomerc.es\\\/va\\\/author\\\/confe-admin-cv\\\/\"}]}<\/script>\n<!-- \/ Yoast SEO plugin. -->","yoast_head_json":{"title":"Mostra Empresarial de Torrent 2019: Plazos y Condiciones - Confecomer\u00e7","description":"Los pr\u00f3ximos\u00a0Viernes 7 y S\u00e1bado 8 de Junio de 2019\u00a0se celebra la gran\u00a0\u201cMostra Empresarial de Torrent\u201d\u00a0en su edici\u00f3n de 2019. La mostra tendr\u00e1 lugar en la\u00a0Avinguda al Vedat del n\u00famero al 1 al 25\u00a0(tramo inicial de la avenida, coincidiendo con la ubicaci\u00f3n del\u00a0Ajuntament de Torrent).","robots":{"index":"index","follow":"follow","max-snippet":"max-snippet:-1","max-image-preview":"max-image-preview:large","max-video-preview":"max-video-preview:-1"},"canonical":"https:\/\/confecomerc.es\/va\/mostra-empresarial-de-torrent-2019-plazos-y-condiciones\/","og_locale":"en_US","og_type":"article","og_title":"Mostra Empresarial de Torrent 2019: Plazos y Condiciones - Confecomer\u00e7","og_description":"Los pr\u00f3ximos\u00a0Viernes 7 y S\u00e1bado 8 de Junio de 2019\u00a0se celebra la gran\u00a0\u201cMostra Empresarial de Torrent\u201d\u00a0en su edici\u00f3n de 2019. La mostra tendr\u00e1 lugar en la\u00a0Avinguda al Vedat del n\u00famero al 1 al 25\u00a0(tramo inicial de la avenida, coincidiendo con la ubicaci\u00f3n del\u00a0Ajuntament de Torrent).","og_url":"https:\/\/confecomerc.es\/va\/mostra-empresarial-de-torrent-2019-plazos-y-condiciones\/","og_site_name":"Confecomer\u00e7","article_published_time":"2019-05-14T16:36:11+00:00","article_modified_time":"2021-07-19T11:10:13+00:00","og_image":[{"width":1588,"height":2246,"url":"https:\/\/i2.wp.com\/confecomerc.es\/wp-content\/uploads\/2019\/05\/mostral-empresarial-de-torrent-2019.png?fit=1588%2C2246&ssl=1","type":"image\/png"}],"author":"CONFECOMER\u00c7 CV","twitter_card":"summary_large_image","twitter_misc":{"Written by":"CONFECOMER\u00c7 CV","Est. reading time":"2 minutes"},"schema":{"@context":"https:\/\/schema.org","@graph":[{"@type":"Article","@id":"https:\/\/confecomerc.es\/va\/mostra-empresarial-de-torrent-2019-plazos-y-condiciones\/#article","isPartOf":{"@id":"https:\/\/confecomerc.es\/va\/mostra-empresarial-de-torrent-2019-plazos-y-condiciones\/"},"author":{"name":"CONFECOMER\u00c7 CV","@id":"https:\/\/confecomerc.es\/#\/schema\/person\/23aa6211544dad9fa6ee269977b0a823"},"headline":"Mostra Empresarial de Torrent 2019: Plazos y Condiciones","datePublished":"2019-05-14T16:36:11+00:00","dateModified":"2021-07-19T11:10:13+00:00","mainEntityOfPage":{"@id":"https:\/\/confecomerc.es\/va\/mostra-empresarial-de-torrent-2019-plazos-y-condiciones\/"},"wordCount":424,"commentCount":0,"image":{"@id":"https:\/\/confecomerc.es\/va\/mostra-empresarial-de-torrent-2019-plazos-y-condiciones\/#primaryimage"},"thumbnailUrl":"https:\/\/confecomerc.es\/wp-content\/uploads\/2019\/05\/mostral-empresarial-de-torrent-2019.png","keywords":["Mostra Empresarial de Torrent 2019"],"articleSection":["Associats Confecomer\u00e7 Cv"],"inLanguage":"va-VA","potentialAction":[{"@type":"CommentAction","name":"Comment","target":["https:\/\/confecomerc.es\/va\/mostra-empresarial-de-torrent-2019-plazos-y-condiciones\/#respond"]}]},{"@type":"WebPage","@id":"https:\/\/confecomerc.es\/va\/mostra-empresarial-de-torrent-2019-plazos-y-condiciones\/","url":"https:\/\/confecomerc.es\/va\/mostra-empresarial-de-torrent-2019-plazos-y-condiciones\/","name":"Mostra Empresarial de Torrent 2019: Plazos y Condiciones - Confecomer\u00e7","isPartOf":{"@id":"https:\/\/confecomerc.es\/#website"},"primaryImageOfPage":{"@id":"https:\/\/confecomerc.es\/va\/mostra-empresarial-de-torrent-2019-plazos-y-condiciones\/#primaryimage"},"image":{"@id":"https:\/\/confecomerc.es\/va\/mostra-empresarial-de-torrent-2019-plazos-y-condiciones\/#primaryimage"},"thumbnailUrl":"https:\/\/confecomerc.es\/wp-content\/uploads\/2019\/05\/mostral-empresarial-de-torrent-2019.png","datePublished":"2019-05-14T16:36:11+00:00","dateModified":"2021-07-19T11:10:13+00:00","author":{"@id":"https:\/\/confecomerc.es\/#\/schema\/person\/23aa6211544dad9fa6ee269977b0a823"},"description":"Los pr\u00f3ximos\u00a0Viernes 7 y S\u00e1bado 8 de Junio de 2019\u00a0se celebra la gran\u00a0\u201cMostra Empresarial de Torrent\u201d\u00a0en su edici\u00f3n de 2019. La mostra tendr\u00e1 lugar en la\u00a0Avinguda al Vedat del n\u00famero al 1 al 25\u00a0(tramo inicial de la avenida, coincidiendo con la ubicaci\u00f3n del\u00a0Ajuntament de Torrent).","breadcrumb":{"@id":"https:\/\/confecomerc.es\/va\/mostra-empresarial-de-torrent-2019-plazos-y-condiciones\/#breadcrumb"},"inLanguage":"va-VA","potentialAction":[{"@type":"ReadAction","target":["https:\/\/confecomerc.es\/va\/mostra-empresarial-de-torrent-2019-plazos-y-condiciones\/"]}]},{"@type":"ImageObject","inLanguage":"va-VA","@id":"https:\/\/confecomerc.es\/va\/mostra-empresarial-de-torrent-2019-plazos-y-condiciones\/#primaryimage","url":"https:\/\/confecomerc.es\/wp-content\/uploads\/2019\/05\/mostral-empresarial-de-torrent-2019.png","contentUrl":"https:\/\/confecomerc.es\/wp-content\/uploads\/2019\/05\/mostral-empresarial-de-torrent-2019.png","width":1588,"height":2246,"caption":"Mostra Empresarial de Torrent 2019"},{"@type":"BreadcrumbList","@id":"https:\/\/confecomerc.es\/va\/mostra-empresarial-de-torrent-2019-plazos-y-condiciones\/#breadcrumb","itemListElement":[{"@type":"ListItem","position":1,"name":"Home","item":"https:\/\/confecomerc.es\/va\/confecomerc-cv\/"},{"@type":"ListItem","position":2,"name":"Mostra Empresarial de Torrent 2019: Plazos y Condiciones"}]},{"@type":"WebSite","@id":"https:\/\/confecomerc.es\/#website","url":"https:\/\/confecomerc.es\/","name":"Confecomer\u00e7","description":"Confederaci\u00f3 de Comer\u00e7 d\u2019alacant, Castell\u00f3 i Val\u00e8ncia","potentialAction":[{"@type":"SearchAction","target":{"@type":"EntryPoint","urlTemplate":"https:\/\/confecomerc.es\/?s={search_term_string}"},"query-input":{"@type":"PropertyValueSpecification","valueRequired":true,"valueName":"search_term_string"}}],"inLanguage":"va-VA"},{"@type":"Person","@id":"https:\/\/confecomerc.es\/#\/schema\/person\/23aa6211544dad9fa6ee269977b0a823","name":"CONFECOMER\u00c7 CV","url":"https:\/\/confecomerc.es\/va\/author\/confe-admin-cv\/"}]}},"_links":{"self":[{"href":"https:\/\/confecomerc.es\/va\/wp-json\/wp\/v2\/posts\/8262","targetHints":{"allow":["GET"]}}],"collection":[{"href":"https:\/\/confecomerc.es\/va\/wp-json\/wp\/v2\/posts"}],"about":[{"href":"https:\/\/confecomerc.es\/va\/wp-json\/wp\/v2\/types\/post"}],"author":[{"embeddable":true,"href":"https:\/\/confecomerc.es\/va\/wp-json\/wp\/v2\/users\/1"}],"replies":[{"embeddable":true,"href":"https:\/\/confecomerc.es\/va\/wp-json\/wp\/v2\/comments?post=8262"}],"version-history":[{"count":0,"href":"https:\/\/confecomerc.es\/va\/wp-json\/wp\/v2\/posts\/8262\/revisions"}],"wp:featuredmedia":[{"embeddable":true,"href":"https:\/\/confecomerc.es\/va\/wp-json\/wp\/v2\/media\/1738"}],"wp:attachment":[{"href":"https:\/\/confecomerc.es\/va\/wp-json\/wp\/v2\/media?parent=8262"}],"wp:term":[{"taxonomy":"category","embeddable":true,"href":"https:\/\/confecomerc.es\/va\/wp-json\/wp\/v2\/categories?post=8262"},{"taxonomy":"post_tag","embeddable":true,"href":"https:\/\/confecomerc.es\/va\/wp-json\/wp\/v2\/tags?post=8262"}],"curies":[{"name":"wp","href":"https:\/\/api.w.org\/{rel}","templated":true}]}}