{"id":8291,"date":"2019-04-24T11:59:49","date_gmt":"2019-04-24T11:59:49","guid":{"rendered":"https:\/\/confecomerc.es\/es-presenta-la-35-edicio-de-la-fira-del-llibre-de-castello\/"},"modified":"2021-07-19T12:11:48","modified_gmt":"2021-07-19T11:11:48","slug":"es-presenta-la-35-edicio-de-la-fira-del-llibre-de-castello","status":"publish","type":"post","link":"https:\/\/confecomerc.es\/va\/es-presenta-la-35-edicio-de-la-fira-del-llibre-de-castello\/","title":{"rendered":"Es presenta la 35 edici\u00f3 de la Fira del Llibre de Castell\u00f3"},"content":{"rendered":"<p>L\u2019Ajuntament de Castell\u00f3 acull aquest mat\u00ed la presentaci\u00f3 de la 35 Fira del Llibre de Castell\u00f3, que obrir\u00e0 les portes el proper dijous 25 d\u2019abril, a les 19 h. Tamb\u00e9 es presenta el cartell d\u2019aquest any, obra de N\u00faria Mart\u00edn Brice\u00f1o. S\u2019ha fet partint de la il\u00b7lustraci\u00f3 realitzada en col\u00b7laboraci\u00f3 amb el Departament de Pl\u00e0stica de l\u2019IES Sos Baynat,<\/p>\n<p>En aquesta edici\u00f3 de la Fira del Llibre de Castell\u00f3, que tindr\u00e0 lloc del 25 d\u2019abril al 5 de maig, els llibres prendran la Pla\u00e7a Santa Clara. Una exposici\u00f3 de m\u00e9s de 100.000 llibres a la venda, per part dels llibreters del Gremi de Llibreters de Castell\u00f3 comarques, amb un 10% de descompte, a la gran carpa. Hi haur\u00e0, tamb\u00e9, un ampli programa que compta amb 23 presentacions de llibres, 27 tallers, recitals, espectacles, animacions lectores, confer\u00e8ncies, i m\u00e9s de 70 autors i autores que signaran exemplars dels seus llibres.<\/p>\n<p>Aquest any, la Fira del Llibre de Castell\u00f3 compta amb la col\u00b7laboraci\u00f3 especial de la Subdirecci\u00f3 General del Llibre, Arxius i Biblioteques de la Generalitat Valenciana en l\u2019organitzaci\u00f3 d\u2019un programa d\u2019activitats d\u2019animaci\u00f3 lectora per al p\u00fablic infantil i familiar. Hi haur\u00e0 un espai de lectura infantil, on els infants i les fam\u00edlies tindran una \u00e0mplia mostra de llibres per a poder mirar i llegir. Es desenvoluparan m\u00e9s de 20 tallers diferentsa l\u2019Espai de Lectura. A m\u00e9s, tamb\u00e9 espectacles d\u2019animaci\u00f3 lectora i contacontes. Els centres educatius de la localitat i de la prov\u00edncia tamb\u00e9 es beneficiaran d\u2019aquest programa infantil. M\u00e9s de 1000 alumnes gaudiran d\u2019animacions a la lectura concertades amb els seus centres.<\/p>\n<p>Quasi 50 entitats, entre editorials, institucions, llibreries i autors i autores, han col\u00b7laborat proposant activitats que es desenvoluparan durant la realitzaci\u00f3 de la fira per promoure l\u2019esperit lector de l\u2019esdeveniment. Es presentaran les \u00faltimes novetats del territori. Des del Gremi de Llibreters de Castell\u00f3 i Comarques, amb la intenci\u00f3 d\u2019apropar els lectors als seus autors i autores preferits, s\u2019ha organitzat una trobada de clubs de lectura i trobades amb autors i autores actuals d\u2019\u00e0mbit nacional com Rosario Raro, Elia Barcel\u00f3<br \/>\no Roy Gal\u00e1n.<\/p>\n<p>Des de la mateixa vesprada del dijous 25 d\u2019abril ja comen\u00e7aran les primeres activitats del programa que s\u2019ha preparat, els m\u00e9s menuts podran gaudir del taller de punts dellibre i l\u2019autora Rosa Mir\u00f3, signar\u00e0 exemplars del seu llibre Filferrada, la platja de les cigonyes negres, d\u2019Onada Edicions. Per a celebrar la gran festa dels llibres, l\u2019esdeveniment m\u00e9s important a la prov\u00edncia de Castell\u00f3, el dijous 25 d\u2019abril a les 19.00h tindr\u00e0 lloc l\u2019acte d\u2019inauguraci\u00f3 de la 35 edici\u00f3 de la Fira del Llibre de Castell\u00f3. Es realitzar\u00e0 un acte de benvinguda a c\u00e0rrec dels llibreters i les llibreteres del Gremi de Llibreters de Castell\u00f3 i Comarques.<\/p>\n<p>Aquest any, el Col\u00b7legi Oficial de Bibliotecaris i Documentalistes de la Comunitat Valenciana junt amb el Gremi han organitzat una Trobada de Bibliotecaris i Llibreters per a treballar sobre les col\u00b7laboracions entre els dos col\u00b7lectius. Tamb\u00e9 faran una compra de llibres per valor de dos mil euros, amb la col\u00b7laboraci\u00f3 de FULL-Fundaci\u00f3 pel Llibre i la Lectura, per a les biblioteques que participen en la trobada. Durant la Trobada es far\u00e0 tamb\u00e9 la presentaci\u00f3 de la seua campanya \u00abBiblioteques Inquietes\u00bb.<\/p>\n<p>Per a l\u2019organitzaci\u00f3 de la fira, el Gremi de Llibreters de Castell\u00f3 i Comarques compta amb el suport de la Generalitat Valenciana, l\u2019Ajuntament de Castell\u00f3, la Diputaci\u00f3 de Castell\u00f3 i la col\u00b7laboraci\u00f3 de la Universitat Jaume I, d\u2019editorials, entitats, llibreters i autors que organitzen activitats. Al web de la fira <a href=\"http:\/\/www.firallibrecastello.es\">www.firallibrecastello.es<\/a> hi haur\u00e0 tota la informaci\u00f3 actualitzada, el programa d\u2019activitats i signatures i les not\u00edcies. Tamb\u00e9 la fira estar\u00e0 present en les xarxes socials: Facebook, Twitter i Instagram.<\/p>\n","protected":false},"excerpt":{"rendered":"<p>L\u2019Ajuntament de Castell\u00f3 acull aquest mat\u00ed la presentaci\u00f3 de la 35 Fira del Llibre de Castell\u00f3, que obrir\u00e0 les portes el proper dijous 25 d\u2019abril, a les 19 h. Tamb\u00e9 es presenta el cartell d\u2019aquest any, obra de N\u00faria Mart\u00edn Brice\u00f1o. S\u2019ha fet partint de la il\u00b7lustraci\u00f3 realitzada en col\u00b7laboraci\u00f3 amb el Departament de Pl\u00e0stica de l\u2019IES Sos Baynat,<\/p>\n","protected":false},"author":1,"featured_media":1671,"comment_status":"open","ping_status":"open","sticky":false,"template":"","format":"standard","meta":{"_et_pb_use_builder":"","_et_pb_old_content":"","_et_gb_content_width":"","footnotes":""},"categories":[613],"tags":[3331,3332],"class_list":["post-8291","post","type-post","status-publish","format-standard","has-post-thumbnail","hentry","category-associats-confecomerc-cv","tag-fira-del-llibre-castello-va","tag-firallibrecastello-va"],"yoast_head":"<!-- This site is optimized with the Yoast SEO plugin v27.3 - https:\/\/yoast.com\/product\/yoast-seo-wordpress\/ -->\n<title>Es presenta la 35 edici\u00f3 de la Fira del Llibre de Castell\u00f3 - Confecomer\u00e7<\/title>\n<meta name=\"description\" content=\"Es presenta la 35 edici\u00f3 de la Fira del Llibre de Castell\u00f3\" \/>\n<meta name=\"robots\" content=\"index, follow, max-snippet:-1, max-image-preview:large, max-video-preview:-1\" \/>\n<link rel=\"canonical\" href=\"https:\/\/confecomerc.es\/va\/es-presenta-la-35-edicio-de-la-fira-del-llibre-de-castello\/\" \/>\n<meta property=\"og:locale\" content=\"en_US\" \/>\n<meta property=\"og:type\" content=\"article\" \/>\n<meta property=\"og:title\" content=\"Es presenta la 35 edici\u00f3 de la Fira del Llibre de Castell\u00f3 - Confecomer\u00e7\" \/>\n<meta property=\"og:description\" content=\"Es presenta la 35 edici\u00f3 de la Fira del Llibre de Castell\u00f3\" \/>\n<meta property=\"og:url\" content=\"https:\/\/confecomerc.es\/va\/es-presenta-la-35-edicio-de-la-fira-del-llibre-de-castello\/\" \/>\n<meta property=\"og:site_name\" content=\"Confecomer\u00e7\" \/>\n<meta property=\"article:published_time\" content=\"2019-04-24T11:59:49+00:00\" \/>\n<meta property=\"article:modified_time\" content=\"2021-07-19T11:11:48+00:00\" \/>\n<meta property=\"og:image\" content=\"https:\/\/i2.wp.com\/confecomerc.es\/wp-content\/uploads\/2019\/04\/35-fira-del-llibre-de-castello-ja-te-imatge.jpg?fit=724%2C1024&ssl=1\" \/>\n\t<meta property=\"og:image:width\" content=\"724\" \/>\n\t<meta property=\"og:image:height\" content=\"1024\" \/>\n\t<meta property=\"og:image:type\" content=\"image\/jpeg\" \/>\n<meta name=\"author\" content=\"CONFECOMER\u00c7 CV\" \/>\n<meta name=\"twitter:card\" content=\"summary_large_image\" \/>\n<meta name=\"twitter:label1\" content=\"Written by\" \/>\n\t<meta name=\"twitter:data1\" content=\"CONFECOMER\u00c7 CV\" \/>\n\t<meta name=\"twitter:label2\" content=\"Est. reading time\" \/>\n\t<meta name=\"twitter:data2\" content=\"3 minutes\" \/>\n<script type=\"application\/ld+json\" class=\"yoast-schema-graph\">{\"@context\":\"https:\\\/\\\/schema.org\",\"@graph\":[{\"@type\":\"Article\",\"@id\":\"https:\\\/\\\/confecomerc.es\\\/va\\\/es-presenta-la-35-edicio-de-la-fira-del-llibre-de-castello\\\/#article\",\"isPartOf\":{\"@id\":\"https:\\\/\\\/confecomerc.es\\\/va\\\/es-presenta-la-35-edicio-de-la-fira-del-llibre-de-castello\\\/\"},\"author\":{\"name\":\"CONFECOMER\u00c7 CV\",\"@id\":\"https:\\\/\\\/confecomerc.es\\\/#\\\/schema\\\/person\\\/23aa6211544dad9fa6ee269977b0a823\"},\"headline\":\"Es presenta la 35 edici\u00f3 de la Fira del Llibre de Castell\u00f3\",\"datePublished\":\"2019-04-24T11:59:49+00:00\",\"dateModified\":\"2021-07-19T11:11:48+00:00\",\"mainEntityOfPage\":{\"@id\":\"https:\\\/\\\/confecomerc.es\\\/va\\\/es-presenta-la-35-edicio-de-la-fira-del-llibre-de-castello\\\/\"},\"wordCount\":666,\"commentCount\":0,\"image\":{\"@id\":\"https:\\\/\\\/confecomerc.es\\\/va\\\/es-presenta-la-35-edicio-de-la-fira-del-llibre-de-castello\\\/#primaryimage\"},\"thumbnailUrl\":\"https:\\\/\\\/confecomerc.es\\\/wp-content\\\/uploads\\\/2019\\\/04\\\/35-fira-del-llibre-de-castello-ja-te-imatge.jpg\",\"keywords\":[\"fira del llibre castell\u00f3\",\"firallibrecastello\"],\"articleSection\":[\"Associats Confecomer\u00e7 Cv\"],\"inLanguage\":\"va-VA\",\"potentialAction\":[{\"@type\":\"CommentAction\",\"name\":\"Comment\",\"target\":[\"https:\\\/\\\/confecomerc.es\\\/va\\\/es-presenta-la-35-edicio-de-la-fira-del-llibre-de-castello\\\/#respond\"]}]},{\"@type\":\"WebPage\",\"@id\":\"https:\\\/\\\/confecomerc.es\\\/va\\\/es-presenta-la-35-edicio-de-la-fira-del-llibre-de-castello\\\/\",\"url\":\"https:\\\/\\\/confecomerc.es\\\/va\\\/es-presenta-la-35-edicio-de-la-fira-del-llibre-de-castello\\\/\",\"name\":\"Es presenta la 35 edici\u00f3 de la Fira del Llibre de Castell\u00f3 - Confecomer\u00e7\",\"isPartOf\":{\"@id\":\"https:\\\/\\\/confecomerc.es\\\/#website\"},\"primaryImageOfPage\":{\"@id\":\"https:\\\/\\\/confecomerc.es\\\/va\\\/es-presenta-la-35-edicio-de-la-fira-del-llibre-de-castello\\\/#primaryimage\"},\"image\":{\"@id\":\"https:\\\/\\\/confecomerc.es\\\/va\\\/es-presenta-la-35-edicio-de-la-fira-del-llibre-de-castello\\\/#primaryimage\"},\"thumbnailUrl\":\"https:\\\/\\\/confecomerc.es\\\/wp-content\\\/uploads\\\/2019\\\/04\\\/35-fira-del-llibre-de-castello-ja-te-imatge.jpg\",\"datePublished\":\"2019-04-24T11:59:49+00:00\",\"dateModified\":\"2021-07-19T11:11:48+00:00\",\"author\":{\"@id\":\"https:\\\/\\\/confecomerc.es\\\/#\\\/schema\\\/person\\\/23aa6211544dad9fa6ee269977b0a823\"},\"description\":\"Es presenta la 35 edici\u00f3 de la Fira del Llibre de Castell\u00f3\",\"breadcrumb\":{\"@id\":\"https:\\\/\\\/confecomerc.es\\\/va\\\/es-presenta-la-35-edicio-de-la-fira-del-llibre-de-castello\\\/#breadcrumb\"},\"inLanguage\":\"va-VA\",\"potentialAction\":[{\"@type\":\"ReadAction\",\"target\":[\"https:\\\/\\\/confecomerc.es\\\/va\\\/es-presenta-la-35-edicio-de-la-fira-del-llibre-de-castello\\\/\"]}]},{\"@type\":\"ImageObject\",\"inLanguage\":\"va-VA\",\"@id\":\"https:\\\/\\\/confecomerc.es\\\/va\\\/es-presenta-la-35-edicio-de-la-fira-del-llibre-de-castello\\\/#primaryimage\",\"url\":\"https:\\\/\\\/confecomerc.es\\\/wp-content\\\/uploads\\\/2019\\\/04\\\/35-fira-del-llibre-de-castello-ja-te-imatge.jpg\",\"contentUrl\":\"https:\\\/\\\/confecomerc.es\\\/wp-content\\\/uploads\\\/2019\\\/04\\\/35-fira-del-llibre-de-castello-ja-te-imatge.jpg\",\"width\":724,\"height\":1024,\"caption\":\"35 edici\u00f3 de la Fira del Llibre de Castell\u00f3\"},{\"@type\":\"BreadcrumbList\",\"@id\":\"https:\\\/\\\/confecomerc.es\\\/va\\\/es-presenta-la-35-edicio-de-la-fira-del-llibre-de-castello\\\/#breadcrumb\",\"itemListElement\":[{\"@type\":\"ListItem\",\"position\":1,\"name\":\"Home\",\"item\":\"https:\\\/\\\/confecomerc.es\\\/va\\\/confecomerc-cv\\\/\"},{\"@type\":\"ListItem\",\"position\":2,\"name\":\"Es presenta la 35 edici\u00f3 de la Fira del Llibre de Castell\u00f3\"}]},{\"@type\":\"WebSite\",\"@id\":\"https:\\\/\\\/confecomerc.es\\\/#website\",\"url\":\"https:\\\/\\\/confecomerc.es\\\/\",\"name\":\"Confecomer\u00e7\",\"description\":\"Confederaci\u00f3 de Comer\u00e7 d\u2019alacant, Castell\u00f3 i Val\u00e8ncia\",\"potentialAction\":[{\"@type\":\"SearchAction\",\"target\":{\"@type\":\"EntryPoint\",\"urlTemplate\":\"https:\\\/\\\/confecomerc.es\\\/?s={search_term_string}\"},\"query-input\":{\"@type\":\"PropertyValueSpecification\",\"valueRequired\":true,\"valueName\":\"search_term_string\"}}],\"inLanguage\":\"va-VA\"},{\"@type\":\"Person\",\"@id\":\"https:\\\/\\\/confecomerc.es\\\/#\\\/schema\\\/person\\\/23aa6211544dad9fa6ee269977b0a823\",\"name\":\"CONFECOMER\u00c7 CV\",\"url\":\"https:\\\/\\\/confecomerc.es\\\/va\\\/author\\\/confe-admin-cv\\\/\"}]}<\/script>\n<!-- \/ Yoast SEO plugin. -->","yoast_head_json":{"title":"Es presenta la 35 edici\u00f3 de la Fira del Llibre de Castell\u00f3 - Confecomer\u00e7","description":"Es presenta la 35 edici\u00f3 de la Fira del Llibre de Castell\u00f3","robots":{"index":"index","follow":"follow","max-snippet":"max-snippet:-1","max-image-preview":"max-image-preview:large","max-video-preview":"max-video-preview:-1"},"canonical":"https:\/\/confecomerc.es\/va\/es-presenta-la-35-edicio-de-la-fira-del-llibre-de-castello\/","og_locale":"en_US","og_type":"article","og_title":"Es presenta la 35 edici\u00f3 de la Fira del Llibre de Castell\u00f3 - Confecomer\u00e7","og_description":"Es presenta la 35 edici\u00f3 de la Fira del Llibre de Castell\u00f3","og_url":"https:\/\/confecomerc.es\/va\/es-presenta-la-35-edicio-de-la-fira-del-llibre-de-castello\/","og_site_name":"Confecomer\u00e7","article_published_time":"2019-04-24T11:59:49+00:00","article_modified_time":"2021-07-19T11:11:48+00:00","og_image":[{"width":724,"height":1024,"url":"https:\/\/i2.wp.com\/confecomerc.es\/wp-content\/uploads\/2019\/04\/35-fira-del-llibre-de-castello-ja-te-imatge.jpg?fit=724%2C1024&ssl=1","type":"image\/jpeg"}],"author":"CONFECOMER\u00c7 CV","twitter_card":"summary_large_image","twitter_misc":{"Written by":"CONFECOMER\u00c7 CV","Est. reading time":"3 minutes"},"schema":{"@context":"https:\/\/schema.org","@graph":[{"@type":"Article","@id":"https:\/\/confecomerc.es\/va\/es-presenta-la-35-edicio-de-la-fira-del-llibre-de-castello\/#article","isPartOf":{"@id":"https:\/\/confecomerc.es\/va\/es-presenta-la-35-edicio-de-la-fira-del-llibre-de-castello\/"},"author":{"name":"CONFECOMER\u00c7 CV","@id":"https:\/\/confecomerc.es\/#\/schema\/person\/23aa6211544dad9fa6ee269977b0a823"},"headline":"Es presenta la 35 edici\u00f3 de la Fira del Llibre de Castell\u00f3","datePublished":"2019-04-24T11:59:49+00:00","dateModified":"2021-07-19T11:11:48+00:00","mainEntityOfPage":{"@id":"https:\/\/confecomerc.es\/va\/es-presenta-la-35-edicio-de-la-fira-del-llibre-de-castello\/"},"wordCount":666,"commentCount":0,"image":{"@id":"https:\/\/confecomerc.es\/va\/es-presenta-la-35-edicio-de-la-fira-del-llibre-de-castello\/#primaryimage"},"thumbnailUrl":"https:\/\/confecomerc.es\/wp-content\/uploads\/2019\/04\/35-fira-del-llibre-de-castello-ja-te-imatge.jpg","keywords":["fira del llibre castell\u00f3","firallibrecastello"],"articleSection":["Associats Confecomer\u00e7 Cv"],"inLanguage":"va-VA","potentialAction":[{"@type":"CommentAction","name":"Comment","target":["https:\/\/confecomerc.es\/va\/es-presenta-la-35-edicio-de-la-fira-del-llibre-de-castello\/#respond"]}]},{"@type":"WebPage","@id":"https:\/\/confecomerc.es\/va\/es-presenta-la-35-edicio-de-la-fira-del-llibre-de-castello\/","url":"https:\/\/confecomerc.es\/va\/es-presenta-la-35-edicio-de-la-fira-del-llibre-de-castello\/","name":"Es presenta la 35 edici\u00f3 de la Fira del Llibre de Castell\u00f3 - Confecomer\u00e7","isPartOf":{"@id":"https:\/\/confecomerc.es\/#website"},"primaryImageOfPage":{"@id":"https:\/\/confecomerc.es\/va\/es-presenta-la-35-edicio-de-la-fira-del-llibre-de-castello\/#primaryimage"},"image":{"@id":"https:\/\/confecomerc.es\/va\/es-presenta-la-35-edicio-de-la-fira-del-llibre-de-castello\/#primaryimage"},"thumbnailUrl":"https:\/\/confecomerc.es\/wp-content\/uploads\/2019\/04\/35-fira-del-llibre-de-castello-ja-te-imatge.jpg","datePublished":"2019-04-24T11:59:49+00:00","dateModified":"2021-07-19T11:11:48+00:00","author":{"@id":"https:\/\/confecomerc.es\/#\/schema\/person\/23aa6211544dad9fa6ee269977b0a823"},"description":"Es presenta la 35 edici\u00f3 de la Fira del Llibre de Castell\u00f3","breadcrumb":{"@id":"https:\/\/confecomerc.es\/va\/es-presenta-la-35-edicio-de-la-fira-del-llibre-de-castello\/#breadcrumb"},"inLanguage":"va-VA","potentialAction":[{"@type":"ReadAction","target":["https:\/\/confecomerc.es\/va\/es-presenta-la-35-edicio-de-la-fira-del-llibre-de-castello\/"]}]},{"@type":"ImageObject","inLanguage":"va-VA","@id":"https:\/\/confecomerc.es\/va\/es-presenta-la-35-edicio-de-la-fira-del-llibre-de-castello\/#primaryimage","url":"https:\/\/confecomerc.es\/wp-content\/uploads\/2019\/04\/35-fira-del-llibre-de-castello-ja-te-imatge.jpg","contentUrl":"https:\/\/confecomerc.es\/wp-content\/uploads\/2019\/04\/35-fira-del-llibre-de-castello-ja-te-imatge.jpg","width":724,"height":1024,"caption":"35 edici\u00f3 de la Fira del Llibre de Castell\u00f3"},{"@type":"BreadcrumbList","@id":"https:\/\/confecomerc.es\/va\/es-presenta-la-35-edicio-de-la-fira-del-llibre-de-castello\/#breadcrumb","itemListElement":[{"@type":"ListItem","position":1,"name":"Home","item":"https:\/\/confecomerc.es\/va\/confecomerc-cv\/"},{"@type":"ListItem","position":2,"name":"Es presenta la 35 edici\u00f3 de la Fira del Llibre de Castell\u00f3"}]},{"@type":"WebSite","@id":"https:\/\/confecomerc.es\/#website","url":"https:\/\/confecomerc.es\/","name":"Confecomer\u00e7","description":"Confederaci\u00f3 de Comer\u00e7 d\u2019alacant, Castell\u00f3 i Val\u00e8ncia","potentialAction":[{"@type":"SearchAction","target":{"@type":"EntryPoint","urlTemplate":"https:\/\/confecomerc.es\/?s={search_term_string}"},"query-input":{"@type":"PropertyValueSpecification","valueRequired":true,"valueName":"search_term_string"}}],"inLanguage":"va-VA"},{"@type":"Person","@id":"https:\/\/confecomerc.es\/#\/schema\/person\/23aa6211544dad9fa6ee269977b0a823","name":"CONFECOMER\u00c7 CV","url":"https:\/\/confecomerc.es\/va\/author\/confe-admin-cv\/"}]}},"_links":{"self":[{"href":"https:\/\/confecomerc.es\/va\/wp-json\/wp\/v2\/posts\/8291","targetHints":{"allow":["GET"]}}],"collection":[{"href":"https:\/\/confecomerc.es\/va\/wp-json\/wp\/v2\/posts"}],"about":[{"href":"https:\/\/confecomerc.es\/va\/wp-json\/wp\/v2\/types\/post"}],"author":[{"embeddable":true,"href":"https:\/\/confecomerc.es\/va\/wp-json\/wp\/v2\/users\/1"}],"replies":[{"embeddable":true,"href":"https:\/\/confecomerc.es\/va\/wp-json\/wp\/v2\/comments?post=8291"}],"version-history":[{"count":0,"href":"https:\/\/confecomerc.es\/va\/wp-json\/wp\/v2\/posts\/8291\/revisions"}],"wp:featuredmedia":[{"embeddable":true,"href":"https:\/\/confecomerc.es\/va\/wp-json\/wp\/v2\/media\/1671"}],"wp:attachment":[{"href":"https:\/\/confecomerc.es\/va\/wp-json\/wp\/v2\/media?parent=8291"}],"wp:term":[{"taxonomy":"category","embeddable":true,"href":"https:\/\/confecomerc.es\/va\/wp-json\/wp\/v2\/categories?post=8291"},{"taxonomy":"post_tag","embeddable":true,"href":"https:\/\/confecomerc.es\/va\/wp-json\/wp\/v2\/tags?post=8291"}],"curies":[{"name":"wp","href":"https:\/\/api.w.org\/{rel}","templated":true}]}}