{"id":8292,"date":"2019-04-17T15:59:53","date_gmt":"2019-04-17T15:59:53","guid":{"rendered":"https:\/\/confecomerc.es\/la-patronal-del-comercio-confecomerc-cv-se-reune-con-la-candidata-a-la-presidencia-de-la-generalitat-por-compromis-monica-oltra\/"},"modified":"2021-07-19T12:11:50","modified_gmt":"2021-07-19T11:11:50","slug":"la-patronal-del-comercio-confecomerc-cv-se-reune-con-la-candidata-a-la-presidencia-de-la-generalitat-por-compromis-monica-oltra","status":"publish","type":"post","link":"https:\/\/confecomerc.es\/va\/la-patronal-del-comercio-confecomerc-cv-se-reune-con-la-candidata-a-la-presidencia-de-la-generalitat-por-compromis-monica-oltra\/","title":{"rendered":"La patronal del comercio Confecomer\u00e7 CV se re\u00fane con la candidata a la presidencia de la Generalitat por Comprom\u00eds M\u00f3nica Oltra"},"content":{"rendered":"<ul>\n<li><strong>La reuni\u00f3n se ha celebrado esta ma\u00f1ana y se enmarca dentro de la ronda de contactos que la organizaci\u00f3n mantiene con los representantes de las fuerzas pol\u00edticas que concurren a las elecciones<\/strong><\/li>\n<li><strong>La cita ha estado encabezada por el vicepresidente de Confecomer\u00e7 CV, Jos\u00e9 Luis Beltr\u00e1n, y por los miembros de la Junta Directiva, Francisco Das\u00ed y Ligia Rodrigo <\/strong><\/li>\n<\/ul>\n<p><em><u>Valencia, 17 de abril de 2019<\/u><\/em><u>.<\/u>&#8211; <strong>Representantes de la patronal auton\u00f3mica del comercio de la Comunitat Valenciana, Confecomer\u00e7 CV<\/strong> se han reunido esta ma\u00f1ana con la <strong>candidata a la Presidencia de la Generalitat por <a href=\"https:\/\/imparables.compromis.net\/\">Comprom\u00eds<\/a>, M\u00f3nica Oltra, que en el encuentro ha estado acompa\u00f1ada por Natxo Costa y Francesc Ferri<\/strong>.<\/p>\n<p>En la reuni\u00f3n, que ha contado con la participaci\u00f3n del <strong>vicepresidente de la organizaci\u00f3n empresarial, Jos\u00e9 Luis Beltr\u00e1n, junto a miembros de la directiva <\/strong>se ha puesto de relieve la prioridad de dotar <strong>al comercio del reconocimiento que se merece como sector estrat\u00e9gico<\/strong>, dada su <strong>funci\u00f3n vertebradora y generadora de riqueza<\/strong>, su capacidad de potenciar la econom\u00eda local de los municipios, abasteciendo y proporcionando servicio a todas las poblaciones, el impulso de la calidad de los productos singulares y aut\u00f3ctonos, la promoci\u00f3n de la cultura, tradiciones y valores de la Comunitat, siendo uno de los principales generadores de empleo estable y de calidad.<\/p>\n<p>En este sentido, desde Confecomer\u00e7 CV se ha destacado la representaci\u00f3n del sector, que supone<strong> el 12% del PIB, con m\u00e1s de 50.000 empresas, que ofrecen trabajo a m\u00e1s de 300.000 personas y que generan un volumen de negocio anual superior a los 22.000 millones de euros<\/strong>, siendo por tanto el segundo sector econ\u00f3mico estrat\u00e9gico de nuestra autonom\u00ed.<\/p>\n<p>El encuentro ha girado en torno a cuestiones como la <strong>venta ilegal y las falsificaciones<\/strong>, cuesti\u00f3n en la que Confecomer\u00e7 ha planteado la necesidad de promover <strong>una campa\u00f1a auton\u00f3mica de concienciaci\u00f3n del ciudadano<\/strong> sobre el perjuicio y las consecuencias que supone para el comercio legal la compra de productos falsificados o los espacios de venta ilegal, as\u00ed como la necesidad de un <strong>mayor control en Internet, por lo que se hace necesario disponer de sistemas que permitan dotar de las m\u00e1ximas garant\u00edas en materia de autenticidad de producto. <\/strong><\/p>\n<p>Tambi\u00e9n se ha abordado los <strong>mecanismos para acortar los plazos de cobro de las subvenciones<\/strong> a las organizaciones, as\u00ed como la importancia de la conservaci\u00f3n de los comercios emblem\u00e1ticos, preservaci\u00f3n del patrimonio comercial, de los centros hist\u00f3ricos de las principales ciudades y municipios.<\/p>\n<p>Durante la reuni\u00f3n se ha hecho balance de la legislatura, de la que se han resaltado entre los logros alcanzados el de horarios comerciales, una cuesti\u00f3n que sin duda representa un referente para futuros gobiernos y que es un ejemplo de que con <strong>voluntad pol\u00edtica es posible alcanzar el equilibrio y la estabilidad, preservando las garant\u00edas jur\u00eddicas<\/strong>.<\/p>\n<p>Por otro lado, tambi\u00e9n se ha destacado otros temas, pendientes de resolver y que ya ser\u00e1 un pr\u00f3ximo gobierno el encargado de dar una respuesta al sector como es: la <strong>erradicaci\u00f3n de la competencia desleal, la aprobaci\u00f3n del instrumento que permita \u00a0la ordenaci\u00f3n territorial imprescindible para procurar el crecimiento ordenado del sector, el PATSECOVA, avanzando as\u00ed hacia un modelo de comercio sostenible \u2013desde la formaci\u00f3n pol\u00edtica se traslada que ser\u00e1 una prioridad en la pr\u00f3xima legislatura-; la reordenaci\u00f3n de los miembros que forman parte del Observatorio de Comercio; la desregulaci\u00f3n de las rebajas; el impulso del sector en materia de digitalizaci\u00f3n; la apuesta por el tratamiento fiscal y la dotaci\u00f3n de garant\u00edas al consumidor que opera a trav\u00e9s del comercio electr\u00f3nico; el impulso de medidas tendentes al establecimiento de un marco laboral m\u00e1s adecuado a la realidad del sector<\/strong>, entre otros.<\/p>\n<table style=\"height: 108px;\" width=\"1229\">\n<tbody>\n<tr>\n<td width=\"566\"><strong><em><a href=\"https:\/\/confecomerc.es\/wp-content\/uploads\/2019\/04\/Elecciones-2019-Propuestas-CONFECOMER\u00c7-CV.pdf\">DOCUMENTO<\/a> con la bater\u00eda de medidas de \u00e1mbito estatal, auton\u00f3mico y municipal que propone Confecomer\u00e7 CV para el sector ante los pr\u00f3ximos comicios. <\/em><\/strong><\/td>\n<\/tr>\n<\/tbody>\n<\/table>\n<p><img decoding=\"async\" class=\"wp-image-1638 size-large aligncenter\" src=\"https:\/\/confecomerc.es\/wp-content\/uploads\/2019\/04\/WhatsApp-Image-2019-04-17-at-15.43.45-1024x768.jpeg\" alt=\"CONFECOMER\u00c7 CV SE RE\u00daNE CON LA CANDIDATA A LA PRESIDENCIA DE LA GENERALITAT POR COMPROM\u00cdS_2\" width=\"1024\" height=\"768\" srcset=\"https:\/\/confecomerc.es\/wp-content\/uploads\/2019\/04\/WhatsApp-Image-2019-04-17-at-15.43.45-1024x768.jpeg 1024w, https:\/\/confecomerc.es\/wp-content\/uploads\/2019\/04\/WhatsApp-Image-2019-04-17-at-15.43.45-300x225.jpeg 300w, https:\/\/confecomerc.es\/wp-content\/uploads\/2019\/04\/WhatsApp-Image-2019-04-17-at-15.43.45-768x576.jpeg 768w, https:\/\/confecomerc.es\/wp-content\/uploads\/2019\/04\/WhatsApp-Image-2019-04-17-at-15.43.45-510x382.jpeg 510w, https:\/\/confecomerc.es\/wp-content\/uploads\/2019\/04\/WhatsApp-Image-2019-04-17-at-15.43.45-1080x810.jpeg 1080w, https:\/\/confecomerc.es\/wp-content\/uploads\/2019\/04\/WhatsApp-Image-2019-04-17-at-15.43.45.jpeg 1600w\" sizes=\"(max-width: 1024px) 100vw, 1024px\" \/><\/p>\n","protected":false},"excerpt":{"rendered":"<p>La reuni\u00f3n se ha celebrado esta ma\u00f1ana y se enmarca dentro de la ronda de contactos que la organizaci\u00f3n mantiene con los representantes de las fuerzas pol\u00edticas que concurren a las elecciones La cita ha estado encabezada por el vicepresidente de Confecomer\u00e7 CV, Jos\u00e9 Luis Beltr\u00e1n, y por los miembros de la Junta Directiva, Francisco [&hellip;]<\/p>\n","protected":false},"author":1,"featured_media":1637,"comment_status":"open","ping_status":"open","sticky":false,"template":"","format":"standard","meta":{"_et_pb_use_builder":"","_et_pb_old_content":"","_et_gb_content_width":"","footnotes":""},"categories":[615],"tags":[],"class_list":["post-8292","post","type-post","status-publish","format-standard","has-post-thumbnail","hentry","category-notes-de-premsa"],"yoast_head":"<!-- This site is optimized with the Yoast SEO plugin v27.3 - https:\/\/yoast.com\/product\/yoast-seo-wordpress\/ -->\n<title>La patronal del comercio Confecomer\u00e7 CV se re\u00fane con la candidata a la presidencia de la Generalitat por Comprom\u00eds M\u00f3nica Oltra -<\/title>\n<meta name=\"description\" content=\"Representantes de la patronal auton\u00f3mica del comercio de la Comunitat Valenciana, Confecomer\u00e7 CV se han reunido esta ma\u00f1ana con la candidata a la Presidencia de la Generalitat por Comprom\u00eds, M\u00f3nica Oltra, que en el encuentro ha estado acompa\u00f1ada por Natxo Costa y Francesc Ferri.\" \/>\n<meta name=\"robots\" content=\"index, follow, max-snippet:-1, max-image-preview:large, max-video-preview:-1\" \/>\n<link rel=\"canonical\" href=\"https:\/\/confecomerc.es\/va\/la-patronal-del-comercio-confecomerc-cv-se-reune-con-la-candidata-a-la-presidencia-de-la-generalitat-por-compromis-monica-oltra\/\" \/>\n<meta property=\"og:locale\" content=\"en_US\" \/>\n<meta property=\"og:type\" content=\"article\" \/>\n<meta property=\"og:title\" content=\"La patronal del comercio Confecomer\u00e7 CV se re\u00fane con la candidata a la presidencia de la Generalitat por Comprom\u00eds M\u00f3nica Oltra -\" \/>\n<meta property=\"og:description\" content=\"Representantes de la patronal auton\u00f3mica del comercio de la Comunitat Valenciana, Confecomer\u00e7 CV se han reunido esta ma\u00f1ana con la candidata a la Presidencia de la Generalitat por Comprom\u00eds, M\u00f3nica Oltra, que en el encuentro ha estado acompa\u00f1ada por Natxo Costa y Francesc Ferri.\" \/>\n<meta property=\"og:url\" content=\"https:\/\/confecomerc.es\/va\/la-patronal-del-comercio-confecomerc-cv-se-reune-con-la-candidata-a-la-presidencia-de-la-generalitat-por-compromis-monica-oltra\/\" \/>\n<meta property=\"og:site_name\" content=\"Confecomer\u00e7\" \/>\n<meta property=\"article:published_time\" content=\"2019-04-17T15:59:53+00:00\" \/>\n<meta property=\"article:modified_time\" content=\"2021-07-19T11:11:50+00:00\" \/>\n<meta property=\"og:image\" content=\"https:\/\/i0.wp.com\/confecomerc.es\/wp-content\/uploads\/2019\/04\/WhatsApp-Image-2019-04-17-at-15.43.45-2.jpeg?fit=1024%2C768&ssl=1\" \/>\n\t<meta property=\"og:image:width\" content=\"1024\" \/>\n\t<meta property=\"og:image:height\" content=\"768\" \/>\n\t<meta property=\"og:image:type\" content=\"image\/jpeg\" \/>\n<meta name=\"author\" content=\"CONFECOMER\u00c7 CV\" \/>\n<meta name=\"twitter:card\" content=\"summary_large_image\" \/>\n<meta name=\"twitter:label1\" content=\"Written by\" \/>\n\t<meta name=\"twitter:data1\" content=\"CONFECOMER\u00c7 CV\" \/>\n\t<meta name=\"twitter:label2\" content=\"Est. reading time\" \/>\n\t<meta name=\"twitter:data2\" content=\"3 minutes\" \/>\n<script type=\"application\/ld+json\" class=\"yoast-schema-graph\">{\"@context\":\"https:\\\/\\\/schema.org\",\"@graph\":[{\"@type\":\"Article\",\"@id\":\"https:\\\/\\\/confecomerc.es\\\/va\\\/la-patronal-del-comercio-confecomerc-cv-se-reune-con-la-candidata-a-la-presidencia-de-la-generalitat-por-compromis-monica-oltra\\\/#article\",\"isPartOf\":{\"@id\":\"https:\\\/\\\/confecomerc.es\\\/va\\\/la-patronal-del-comercio-confecomerc-cv-se-reune-con-la-candidata-a-la-presidencia-de-la-generalitat-por-compromis-monica-oltra\\\/\"},\"author\":{\"name\":\"CONFECOMER\u00c7 CV\",\"@id\":\"https:\\\/\\\/confecomerc.es\\\/#\\\/schema\\\/person\\\/23aa6211544dad9fa6ee269977b0a823\"},\"headline\":\"La patronal del comercio Confecomer\u00e7 CV se re\u00fane con la candidata a la presidencia de la Generalitat por Comprom\u00eds M\u00f3nica Oltra\",\"datePublished\":\"2019-04-17T15:59:53+00:00\",\"dateModified\":\"2021-07-19T11:11:50+00:00\",\"mainEntityOfPage\":{\"@id\":\"https:\\\/\\\/confecomerc.es\\\/va\\\/la-patronal-del-comercio-confecomerc-cv-se-reune-con-la-candidata-a-la-presidencia-de-la-generalitat-por-compromis-monica-oltra\\\/\"},\"wordCount\":700,\"commentCount\":0,\"image\":{\"@id\":\"https:\\\/\\\/confecomerc.es\\\/va\\\/la-patronal-del-comercio-confecomerc-cv-se-reune-con-la-candidata-a-la-presidencia-de-la-generalitat-por-compromis-monica-oltra\\\/#primaryimage\"},\"thumbnailUrl\":\"https:\\\/\\\/confecomerc.es\\\/wp-content\\\/uploads\\\/2019\\\/04\\\/WhatsApp-Image-2019-04-17-at-15.43.45-2.jpeg\",\"articleSection\":[\"Notes de premsa\"],\"inLanguage\":\"va-VA\",\"potentialAction\":[{\"@type\":\"CommentAction\",\"name\":\"Comment\",\"target\":[\"https:\\\/\\\/confecomerc.es\\\/va\\\/la-patronal-del-comercio-confecomerc-cv-se-reune-con-la-candidata-a-la-presidencia-de-la-generalitat-por-compromis-monica-oltra\\\/#respond\"]}]},{\"@type\":\"WebPage\",\"@id\":\"https:\\\/\\\/confecomerc.es\\\/va\\\/la-patronal-del-comercio-confecomerc-cv-se-reune-con-la-candidata-a-la-presidencia-de-la-generalitat-por-compromis-monica-oltra\\\/\",\"url\":\"https:\\\/\\\/confecomerc.es\\\/va\\\/la-patronal-del-comercio-confecomerc-cv-se-reune-con-la-candidata-a-la-presidencia-de-la-generalitat-por-compromis-monica-oltra\\\/\",\"name\":\"La patronal del comercio Confecomer\u00e7 CV se re\u00fane con la candidata a la presidencia de la Generalitat por Comprom\u00eds M\u00f3nica Oltra -\",\"isPartOf\":{\"@id\":\"https:\\\/\\\/confecomerc.es\\\/#website\"},\"primaryImageOfPage\":{\"@id\":\"https:\\\/\\\/confecomerc.es\\\/va\\\/la-patronal-del-comercio-confecomerc-cv-se-reune-con-la-candidata-a-la-presidencia-de-la-generalitat-por-compromis-monica-oltra\\\/#primaryimage\"},\"image\":{\"@id\":\"https:\\\/\\\/confecomerc.es\\\/va\\\/la-patronal-del-comercio-confecomerc-cv-se-reune-con-la-candidata-a-la-presidencia-de-la-generalitat-por-compromis-monica-oltra\\\/#primaryimage\"},\"thumbnailUrl\":\"https:\\\/\\\/confecomerc.es\\\/wp-content\\\/uploads\\\/2019\\\/04\\\/WhatsApp-Image-2019-04-17-at-15.43.45-2.jpeg\",\"datePublished\":\"2019-04-17T15:59:53+00:00\",\"dateModified\":\"2021-07-19T11:11:50+00:00\",\"author\":{\"@id\":\"https:\\\/\\\/confecomerc.es\\\/#\\\/schema\\\/person\\\/23aa6211544dad9fa6ee269977b0a823\"},\"description\":\"Representantes de la patronal auton\u00f3mica del comercio de la Comunitat Valenciana, Confecomer\u00e7 CV se han reunido esta ma\u00f1ana con la candidata a la Presidencia de la Generalitat por Comprom\u00eds, M\u00f3nica Oltra, que en el encuentro ha estado acompa\u00f1ada por Natxo Costa y Francesc Ferri.\",\"breadcrumb\":{\"@id\":\"https:\\\/\\\/confecomerc.es\\\/va\\\/la-patronal-del-comercio-confecomerc-cv-se-reune-con-la-candidata-a-la-presidencia-de-la-generalitat-por-compromis-monica-oltra\\\/#breadcrumb\"},\"inLanguage\":\"va-VA\",\"potentialAction\":[{\"@type\":\"ReadAction\",\"target\":[\"https:\\\/\\\/confecomerc.es\\\/va\\\/la-patronal-del-comercio-confecomerc-cv-se-reune-con-la-candidata-a-la-presidencia-de-la-generalitat-por-compromis-monica-oltra\\\/\"]}]},{\"@type\":\"ImageObject\",\"inLanguage\":\"va-VA\",\"@id\":\"https:\\\/\\\/confecomerc.es\\\/va\\\/la-patronal-del-comercio-confecomerc-cv-se-reune-con-la-candidata-a-la-presidencia-de-la-generalitat-por-compromis-monica-oltra\\\/#primaryimage\",\"url\":\"https:\\\/\\\/confecomerc.es\\\/wp-content\\\/uploads\\\/2019\\\/04\\\/WhatsApp-Image-2019-04-17-at-15.43.45-2.jpeg\",\"contentUrl\":\"https:\\\/\\\/confecomerc.es\\\/wp-content\\\/uploads\\\/2019\\\/04\\\/WhatsApp-Image-2019-04-17-at-15.43.45-2.jpeg\",\"width\":1024,\"height\":768,\"caption\":\"CONFECOMER\u00c7 CV SE RE\u00daNE CON LA CANDIDATA A LA PRESIDENCIA DE LA GENERALITAT POR COMPROM\u00cdS _1\"},{\"@type\":\"BreadcrumbList\",\"@id\":\"https:\\\/\\\/confecomerc.es\\\/va\\\/la-patronal-del-comercio-confecomerc-cv-se-reune-con-la-candidata-a-la-presidencia-de-la-generalitat-por-compromis-monica-oltra\\\/#breadcrumb\",\"itemListElement\":[{\"@type\":\"ListItem\",\"position\":1,\"name\":\"Home\",\"item\":\"https:\\\/\\\/confecomerc.es\\\/va\\\/confecomerc-cv\\\/\"},{\"@type\":\"ListItem\",\"position\":2,\"name\":\"La patronal del comercio Confecomer\u00e7 CV se re\u00fane con la candidata a la presidencia de la Generalitat por Comprom\u00eds M\u00f3nica Oltra\"}]},{\"@type\":\"WebSite\",\"@id\":\"https:\\\/\\\/confecomerc.es\\\/#website\",\"url\":\"https:\\\/\\\/confecomerc.es\\\/\",\"name\":\"Confecomer\u00e7\",\"description\":\"Confederaci\u00f3 de Comer\u00e7 d\u2019alacant, Castell\u00f3 i Val\u00e8ncia\",\"potentialAction\":[{\"@type\":\"SearchAction\",\"target\":{\"@type\":\"EntryPoint\",\"urlTemplate\":\"https:\\\/\\\/confecomerc.es\\\/?s={search_term_string}\"},\"query-input\":{\"@type\":\"PropertyValueSpecification\",\"valueRequired\":true,\"valueName\":\"search_term_string\"}}],\"inLanguage\":\"va-VA\"},{\"@type\":\"Person\",\"@id\":\"https:\\\/\\\/confecomerc.es\\\/#\\\/schema\\\/person\\\/23aa6211544dad9fa6ee269977b0a823\",\"name\":\"CONFECOMER\u00c7 CV\",\"url\":\"https:\\\/\\\/confecomerc.es\\\/va\\\/author\\\/confe-admin-cv\\\/\"}]}<\/script>\n<!-- \/ Yoast SEO plugin. -->","yoast_head_json":{"title":"La patronal del comercio Confecomer\u00e7 CV se re\u00fane con la candidata a la presidencia de la Generalitat por Comprom\u00eds M\u00f3nica Oltra -","description":"Representantes de la patronal auton\u00f3mica del comercio de la Comunitat Valenciana, Confecomer\u00e7 CV se han reunido esta ma\u00f1ana con la candidata a la Presidencia de la Generalitat por Comprom\u00eds, M\u00f3nica Oltra, que en el encuentro ha estado acompa\u00f1ada por Natxo Costa y Francesc Ferri.","robots":{"index":"index","follow":"follow","max-snippet":"max-snippet:-1","max-image-preview":"max-image-preview:large","max-video-preview":"max-video-preview:-1"},"canonical":"https:\/\/confecomerc.es\/va\/la-patronal-del-comercio-confecomerc-cv-se-reune-con-la-candidata-a-la-presidencia-de-la-generalitat-por-compromis-monica-oltra\/","og_locale":"en_US","og_type":"article","og_title":"La patronal del comercio Confecomer\u00e7 CV se re\u00fane con la candidata a la presidencia de la Generalitat por Comprom\u00eds M\u00f3nica Oltra -","og_description":"Representantes de la patronal auton\u00f3mica del comercio de la Comunitat Valenciana, Confecomer\u00e7 CV se han reunido esta ma\u00f1ana con la candidata a la Presidencia de la Generalitat por Comprom\u00eds, M\u00f3nica Oltra, que en el encuentro ha estado acompa\u00f1ada por Natxo Costa y Francesc Ferri.","og_url":"https:\/\/confecomerc.es\/va\/la-patronal-del-comercio-confecomerc-cv-se-reune-con-la-candidata-a-la-presidencia-de-la-generalitat-por-compromis-monica-oltra\/","og_site_name":"Confecomer\u00e7","article_published_time":"2019-04-17T15:59:53+00:00","article_modified_time":"2021-07-19T11:11:50+00:00","og_image":[{"width":1024,"height":768,"url":"https:\/\/i0.wp.com\/confecomerc.es\/wp-content\/uploads\/2019\/04\/WhatsApp-Image-2019-04-17-at-15.43.45-2.jpeg?fit=1024%2C768&ssl=1","type":"image\/jpeg"}],"author":"CONFECOMER\u00c7 CV","twitter_card":"summary_large_image","twitter_misc":{"Written by":"CONFECOMER\u00c7 CV","Est. reading time":"3 minutes"},"schema":{"@context":"https:\/\/schema.org","@graph":[{"@type":"Article","@id":"https:\/\/confecomerc.es\/va\/la-patronal-del-comercio-confecomerc-cv-se-reune-con-la-candidata-a-la-presidencia-de-la-generalitat-por-compromis-monica-oltra\/#article","isPartOf":{"@id":"https:\/\/confecomerc.es\/va\/la-patronal-del-comercio-confecomerc-cv-se-reune-con-la-candidata-a-la-presidencia-de-la-generalitat-por-compromis-monica-oltra\/"},"author":{"name":"CONFECOMER\u00c7 CV","@id":"https:\/\/confecomerc.es\/#\/schema\/person\/23aa6211544dad9fa6ee269977b0a823"},"headline":"La patronal del comercio Confecomer\u00e7 CV se re\u00fane con la candidata a la presidencia de la Generalitat por Comprom\u00eds M\u00f3nica Oltra","datePublished":"2019-04-17T15:59:53+00:00","dateModified":"2021-07-19T11:11:50+00:00","mainEntityOfPage":{"@id":"https:\/\/confecomerc.es\/va\/la-patronal-del-comercio-confecomerc-cv-se-reune-con-la-candidata-a-la-presidencia-de-la-generalitat-por-compromis-monica-oltra\/"},"wordCount":700,"commentCount":0,"image":{"@id":"https:\/\/confecomerc.es\/va\/la-patronal-del-comercio-confecomerc-cv-se-reune-con-la-candidata-a-la-presidencia-de-la-generalitat-por-compromis-monica-oltra\/#primaryimage"},"thumbnailUrl":"https:\/\/confecomerc.es\/wp-content\/uploads\/2019\/04\/WhatsApp-Image-2019-04-17-at-15.43.45-2.jpeg","articleSection":["Notes de premsa"],"inLanguage":"va-VA","potentialAction":[{"@type":"CommentAction","name":"Comment","target":["https:\/\/confecomerc.es\/va\/la-patronal-del-comercio-confecomerc-cv-se-reune-con-la-candidata-a-la-presidencia-de-la-generalitat-por-compromis-monica-oltra\/#respond"]}]},{"@type":"WebPage","@id":"https:\/\/confecomerc.es\/va\/la-patronal-del-comercio-confecomerc-cv-se-reune-con-la-candidata-a-la-presidencia-de-la-generalitat-por-compromis-monica-oltra\/","url":"https:\/\/confecomerc.es\/va\/la-patronal-del-comercio-confecomerc-cv-se-reune-con-la-candidata-a-la-presidencia-de-la-generalitat-por-compromis-monica-oltra\/","name":"La patronal del comercio Confecomer\u00e7 CV se re\u00fane con la candidata a la presidencia de la Generalitat por Comprom\u00eds M\u00f3nica Oltra -","isPartOf":{"@id":"https:\/\/confecomerc.es\/#website"},"primaryImageOfPage":{"@id":"https:\/\/confecomerc.es\/va\/la-patronal-del-comercio-confecomerc-cv-se-reune-con-la-candidata-a-la-presidencia-de-la-generalitat-por-compromis-monica-oltra\/#primaryimage"},"image":{"@id":"https:\/\/confecomerc.es\/va\/la-patronal-del-comercio-confecomerc-cv-se-reune-con-la-candidata-a-la-presidencia-de-la-generalitat-por-compromis-monica-oltra\/#primaryimage"},"thumbnailUrl":"https:\/\/confecomerc.es\/wp-content\/uploads\/2019\/04\/WhatsApp-Image-2019-04-17-at-15.43.45-2.jpeg","datePublished":"2019-04-17T15:59:53+00:00","dateModified":"2021-07-19T11:11:50+00:00","author":{"@id":"https:\/\/confecomerc.es\/#\/schema\/person\/23aa6211544dad9fa6ee269977b0a823"},"description":"Representantes de la patronal auton\u00f3mica del comercio de la Comunitat Valenciana, Confecomer\u00e7 CV se han reunido esta ma\u00f1ana con la candidata a la Presidencia de la Generalitat por Comprom\u00eds, M\u00f3nica Oltra, que en el encuentro ha estado acompa\u00f1ada por Natxo Costa y Francesc Ferri.","breadcrumb":{"@id":"https:\/\/confecomerc.es\/va\/la-patronal-del-comercio-confecomerc-cv-se-reune-con-la-candidata-a-la-presidencia-de-la-generalitat-por-compromis-monica-oltra\/#breadcrumb"},"inLanguage":"va-VA","potentialAction":[{"@type":"ReadAction","target":["https:\/\/confecomerc.es\/va\/la-patronal-del-comercio-confecomerc-cv-se-reune-con-la-candidata-a-la-presidencia-de-la-generalitat-por-compromis-monica-oltra\/"]}]},{"@type":"ImageObject","inLanguage":"va-VA","@id":"https:\/\/confecomerc.es\/va\/la-patronal-del-comercio-confecomerc-cv-se-reune-con-la-candidata-a-la-presidencia-de-la-generalitat-por-compromis-monica-oltra\/#primaryimage","url":"https:\/\/confecomerc.es\/wp-content\/uploads\/2019\/04\/WhatsApp-Image-2019-04-17-at-15.43.45-2.jpeg","contentUrl":"https:\/\/confecomerc.es\/wp-content\/uploads\/2019\/04\/WhatsApp-Image-2019-04-17-at-15.43.45-2.jpeg","width":1024,"height":768,"caption":"CONFECOMER\u00c7 CV SE RE\u00daNE CON LA CANDIDATA A LA PRESIDENCIA DE LA GENERALITAT POR COMPROM\u00cdS _1"},{"@type":"BreadcrumbList","@id":"https:\/\/confecomerc.es\/va\/la-patronal-del-comercio-confecomerc-cv-se-reune-con-la-candidata-a-la-presidencia-de-la-generalitat-por-compromis-monica-oltra\/#breadcrumb","itemListElement":[{"@type":"ListItem","position":1,"name":"Home","item":"https:\/\/confecomerc.es\/va\/confecomerc-cv\/"},{"@type":"ListItem","position":2,"name":"La patronal del comercio Confecomer\u00e7 CV se re\u00fane con la candidata a la presidencia de la Generalitat por Comprom\u00eds M\u00f3nica Oltra"}]},{"@type":"WebSite","@id":"https:\/\/confecomerc.es\/#website","url":"https:\/\/confecomerc.es\/","name":"Confecomer\u00e7","description":"Confederaci\u00f3 de Comer\u00e7 d\u2019alacant, Castell\u00f3 i Val\u00e8ncia","potentialAction":[{"@type":"SearchAction","target":{"@type":"EntryPoint","urlTemplate":"https:\/\/confecomerc.es\/?s={search_term_string}"},"query-input":{"@type":"PropertyValueSpecification","valueRequired":true,"valueName":"search_term_string"}}],"inLanguage":"va-VA"},{"@type":"Person","@id":"https:\/\/confecomerc.es\/#\/schema\/person\/23aa6211544dad9fa6ee269977b0a823","name":"CONFECOMER\u00c7 CV","url":"https:\/\/confecomerc.es\/va\/author\/confe-admin-cv\/"}]}},"_links":{"self":[{"href":"https:\/\/confecomerc.es\/va\/wp-json\/wp\/v2\/posts\/8292","targetHints":{"allow":["GET"]}}],"collection":[{"href":"https:\/\/confecomerc.es\/va\/wp-json\/wp\/v2\/posts"}],"about":[{"href":"https:\/\/confecomerc.es\/va\/wp-json\/wp\/v2\/types\/post"}],"author":[{"embeddable":true,"href":"https:\/\/confecomerc.es\/va\/wp-json\/wp\/v2\/users\/1"}],"replies":[{"embeddable":true,"href":"https:\/\/confecomerc.es\/va\/wp-json\/wp\/v2\/comments?post=8292"}],"version-history":[{"count":0,"href":"https:\/\/confecomerc.es\/va\/wp-json\/wp\/v2\/posts\/8292\/revisions"}],"wp:featuredmedia":[{"embeddable":true,"href":"https:\/\/confecomerc.es\/va\/wp-json\/wp\/v2\/media\/1637"}],"wp:attachment":[{"href":"https:\/\/confecomerc.es\/va\/wp-json\/wp\/v2\/media?parent=8292"}],"wp:term":[{"taxonomy":"category","embeddable":true,"href":"https:\/\/confecomerc.es\/va\/wp-json\/wp\/v2\/categories?post=8292"},{"taxonomy":"post_tag","embeddable":true,"href":"https:\/\/confecomerc.es\/va\/wp-json\/wp\/v2\/tags?post=8292"}],"curies":[{"name":"wp","href":"https:\/\/api.w.org\/{rel}","templated":true}]}}