{"id":8519,"date":"2021-07-23T08:49:02","date_gmt":"2021-07-23T07:49:02","guid":{"rendered":"https:\/\/confecomerc.es\/la-practica-totalidad-de-los-vendedores-del-mercado-central-solicitan-las-ayudas-del-plan-resistir-ciutat-vella\/"},"modified":"2021-08-05T10:37:20","modified_gmt":"2021-08-05T09:37:20","slug":"la-practica-totalidad-de-los-vendedores-del-mercado-central-solicitan-las-ayudas-del-plan-resistir-ciutat-vella","status":"publish","type":"post","link":"https:\/\/confecomerc.es\/va\/la-practica-totalidad-de-los-vendedores-del-mercado-central-solicitan-las-ayudas-del-plan-resistir-ciutat-vella\/","title":{"rendered":"La pr\u00e1ctica totalidad de los vendedores del Mercado Central solicitan las ayudas del Plan Resistir Ciutat Vella"},"content":{"rendered":"<p>Pr\u00e1cticamente la totalidad de los 259 puestos de venta del Mercado Central solicitar\u00e1n las subvenciones del Plan Resistir-Ciutat Vella, impulsado por la Concejal\u00eda de Desarrollo Econ\u00f3mico, cuyo objetivo es contribuir a reflotar la actividad econ\u00f3mica de este distrito, especialmente afectado por las restricciones de movilidad impuestas por el coronavirus y, ahora, adem\u00e1s, por las actuales obras de reurbanizaci\u00f3n del entorno de este recinto y la Lonja y de la Plaza de la Reina.<\/p>\n<p>El Plan Resistir contempla una ayuda de 2.000 euros por persona aut\u00f3noma o microempresa beneficiaria y 200 euros adicionales por cada trabajador en plantilla. Se calcula que la cantidad a percibir por los vendedores del Mercado Central superar\u00e1 los 600.000 euros.<\/p>\n<p>Tras la reuni\u00f3n solicitada por la Asociaci\u00f3n de Vendedores del Mercado Central al Ayuntamiento de Val\u00e8ncia, los representantes de los vendedores pudieron confirmar que todos los vendedores pod\u00edan acogerse al Plan Resistir-Ciutat Vella, lo que supone acceder a ayudas que ir\u00e1n desde los 2.000 euros hasta los 4.000, adem\u00e1s de la bonificaci\u00f3n de IAE, en aquellos casos en que los vendedores est\u00e9n obligados a pagar.<\/p>\n<p>En la actualidad el Mercado Central cuenta con 259 puestos de venta, de los que el 94% (244) son de alimentaci\u00f3n y el 6% restantes (15) son de no alimentaci\u00f3n. De los puestos de alimentaci\u00f3n, 169 son de producto fresco (70 puestos de carnicer\u00eda y charcuter\u00eda; 51 puestos de frutas y verduras; 33 puestos de pescado y marisco; y 15 puestos de panader\u00eda); 63, de otro tipo de alimentaci\u00f3n; y 12, de platos preparados y hosteler\u00eda.<\/p>\n<p>Los vendedores del Mercado Central han hecho un gran esfuerzo para atender con normalidad a sus clientes, cada d\u00eda, a lo largo de los meses en que las medidas de seguridad derivadas de la gesti\u00f3n de la crisis sanitaria han generado un escenario de excepcionalidad cambiante.<\/p>\n<p>En este sentido, en todo este tiempo, ha garantizado el abastecimiento a trav\u00e9s de la compra presencial en sus puestos en condiciones sanitarias \u00f3ptimas \u2013limitando el aforo, estableciendo las medidas necesarias para mantener la distancia de seguridad y recordando la obligatoriedad del uso de mascarillas y de gel hidroalcoh\u00f3lico, disponible en todas las puertas- en el interior del edificio. Un edificio que, por sus caracter\u00edsticas arquitect\u00f3nicas, dispone de un circuito de ventilaci\u00f3n y renovaci\u00f3n del aire permanente y en el que habitualmente \u2013y no solo por la situaci\u00f3n generada a ra\u00edz del coronavirus- se realiza una escrupulosa labor de limpieza, mediante el uso de desinfectante en las zonas comunes (suelo, barandillas, pasamanos y ba\u00f1os).<\/p>\n<p>Adem\u00e1s, el Mercado Central, gracias a su adaptaci\u00f3n tecnol\u00f3gica y la renovaci\u00f3n de su p\u00e1gina web, ha podido seguir atendiendo a quienes no han podido acceder de modo presencial cuando ha habido l\u00edmites estrictos de movilidad, gracias al Servicio a Domicilio, que, a pesar de estar funcionando m\u00e1s de 30 a\u00f1os, muchos ciudadanos han descubierto en las actuales circunstancias.<\/p>\n<p>&nbsp;<\/p>\n<p><img decoding=\"async\" class=\"wp-image-8410 size-large aligncenter\" src=\"https:\/\/confecomerc.es\/wp-content\/uploads\/2021\/07\/Plan-Resistir-Ciutat-Vella-1024x683.jpeg\" alt=\"Plan Resistir Ciutat Vella\" width=\"1024\" height=\"683\" srcset=\"https:\/\/confecomerc.es\/wp-content\/uploads\/2021\/07\/Plan-Resistir-Ciutat-Vella-980x654.jpeg 980w, https:\/\/confecomerc.es\/wp-content\/uploads\/2021\/07\/Plan-Resistir-Ciutat-Vella-480x320.jpeg 480w\" sizes=\"(min-width: 0px) and (max-width: 480px) 480px, (min-width: 481px) and (max-width: 980px) 980px, (min-width: 981px) 1024px, 100vw\" \/><\/p>\n","protected":false},"excerpt":{"rendered":"<p>Pr\u00e1cticamente la totalidad de los 259 puestos de venta del Mercado Central solicitar\u00e1n las subvenciones del Plan Resistir-Ciutat Vella, impulsado por la Concejal\u00eda de Desarrollo Econ\u00f3mico, cuyo objetivo es contribuir a reflotar la actividad econ\u00f3mica de este distrito, especialmente afectado por las restricciones de movilidad impuestas por el coronavirus y, ahora, adem\u00e1s, por las actuales obras de reurbanizaci\u00f3n del entorno de este recinto y la Lonja y de la Plaza de la Reina.<\/p>\n","protected":false},"author":1,"featured_media":8411,"comment_status":"closed","ping_status":"open","sticky":false,"template":"","format":"standard","meta":{"_et_pb_use_builder":"","_et_pb_old_content":"","_et_gb_content_width":"","footnotes":""},"categories":[613],"tags":[3015,3351],"class_list":["post-8519","post","type-post","status-publish","format-standard","has-post-thumbnail","hentry","category-associats-confecomerc-cv","tag-mercado-central-valencia-va","tag-plan-resistir-ciutat-vella-va"],"yoast_head":"<!-- This site is optimized with the Yoast SEO plugin v27.3 - https:\/\/yoast.com\/product\/yoast-seo-wordpress\/ -->\n<title>La pr\u00e1ctica totalidad de los vendedores del Mercado Central solicitan las ayudas del Plan Resistir Ciutat Vella - Confecomer\u00e7<\/title>\n<meta name=\"robots\" content=\"index, follow, max-snippet:-1, max-image-preview:large, max-video-preview:-1\" \/>\n<link rel=\"canonical\" href=\"https:\/\/confecomerc.es\/va\/la-practica-totalidad-de-los-vendedores-del-mercado-central-solicitan-las-ayudas-del-plan-resistir-ciutat-vella\/\" \/>\n<meta property=\"og:locale\" content=\"en_US\" \/>\n<meta property=\"og:type\" content=\"article\" \/>\n<meta property=\"og:title\" content=\"La pr\u00e1ctica totalidad de los vendedores del Mercado Central solicitan las ayudas del Plan Resistir Ciutat Vella - Confecomer\u00e7\" \/>\n<meta property=\"og:description\" content=\"Pr\u00e1cticamente la totalidad de los 259 puestos de venta del Mercado Central solicitar\u00e1n las subvenciones del Plan Resistir-Ciutat Vella, impulsado por la Concejal\u00eda de Desarrollo Econ\u00f3mico, cuyo objetivo es contribuir a reflotar la actividad econ\u00f3mica de este distrito, especialmente afectado por las restricciones de movilidad impuestas por el coronavirus y, ahora, adem\u00e1s, por las actuales obras de reurbanizaci\u00f3n del entorno de este recinto y la Lonja y de la Plaza de la Reina.\" \/>\n<meta property=\"og:url\" content=\"https:\/\/confecomerc.es\/va\/la-practica-totalidad-de-los-vendedores-del-mercado-central-solicitan-las-ayudas-del-plan-resistir-ciutat-vella\/\" \/>\n<meta property=\"og:site_name\" content=\"Confecomer\u00e7\" \/>\n<meta property=\"article:published_time\" content=\"2021-07-23T07:49:02+00:00\" \/>\n<meta property=\"article:modified_time\" content=\"2021-08-05T09:37:20+00:00\" \/>\n<meta property=\"og:image\" content=\"https:\/\/i0.wp.com\/confecomerc.es\/wp-content\/uploads\/2021\/07\/Plan-Resistir-Ciutat-Vella.jpeg?fit=2048%2C1366&ssl=1\" \/>\n\t<meta property=\"og:image:width\" content=\"2048\" \/>\n\t<meta property=\"og:image:height\" content=\"1366\" \/>\n\t<meta property=\"og:image:type\" content=\"image\/jpeg\" \/>\n<meta name=\"author\" content=\"CONFECOMER\u00c7 CV\" \/>\n<meta name=\"twitter:card\" content=\"summary_large_image\" \/>\n<meta name=\"twitter:label1\" content=\"Written by\" \/>\n\t<meta name=\"twitter:data1\" content=\"CONFECOMER\u00c7 CV\" \/>\n\t<meta name=\"twitter:label2\" content=\"Est. reading time\" \/>\n\t<meta name=\"twitter:data2\" content=\"2 minutes\" \/>\n<script type=\"application\/ld+json\" class=\"yoast-schema-graph\">{\"@context\":\"https:\\\/\\\/schema.org\",\"@graph\":[{\"@type\":\"Article\",\"@id\":\"https:\\\/\\\/confecomerc.es\\\/va\\\/la-practica-totalidad-de-los-vendedores-del-mercado-central-solicitan-las-ayudas-del-plan-resistir-ciutat-vella\\\/#article\",\"isPartOf\":{\"@id\":\"https:\\\/\\\/confecomerc.es\\\/va\\\/la-practica-totalidad-de-los-vendedores-del-mercado-central-solicitan-las-ayudas-del-plan-resistir-ciutat-vella\\\/\"},\"author\":{\"name\":\"CONFECOMER\u00c7 CV\",\"@id\":\"https:\\\/\\\/confecomerc.es\\\/#\\\/schema\\\/person\\\/23aa6211544dad9fa6ee269977b0a823\"},\"headline\":\"La pr\u00e1ctica totalidad de los vendedores del Mercado Central solicitan las ayudas del Plan Resistir Ciutat Vella\",\"datePublished\":\"2021-07-23T07:49:02+00:00\",\"dateModified\":\"2021-08-05T09:37:20+00:00\",\"mainEntityOfPage\":{\"@id\":\"https:\\\/\\\/confecomerc.es\\\/va\\\/la-practica-totalidad-de-los-vendedores-del-mercado-central-solicitan-las-ayudas-del-plan-resistir-ciutat-vella\\\/\"},\"wordCount\":517,\"image\":{\"@id\":\"https:\\\/\\\/confecomerc.es\\\/va\\\/la-practica-totalidad-de-los-vendedores-del-mercado-central-solicitan-las-ayudas-del-plan-resistir-ciutat-vella\\\/#primaryimage\"},\"thumbnailUrl\":\"https:\\\/\\\/confecomerc.es\\\/wp-content\\\/uploads\\\/2021\\\/07\\\/Plan-Resistir-Ciutat-Vella.jpeg\",\"keywords\":[\"mercado central valencia\",\"Plan Resistir Ciutat Vella\"],\"articleSection\":[\"Associats Confecomer\u00e7 Cv\"],\"inLanguage\":\"va-VA\"},{\"@type\":\"WebPage\",\"@id\":\"https:\\\/\\\/confecomerc.es\\\/va\\\/la-practica-totalidad-de-los-vendedores-del-mercado-central-solicitan-las-ayudas-del-plan-resistir-ciutat-vella\\\/\",\"url\":\"https:\\\/\\\/confecomerc.es\\\/va\\\/la-practica-totalidad-de-los-vendedores-del-mercado-central-solicitan-las-ayudas-del-plan-resistir-ciutat-vella\\\/\",\"name\":\"La pr\u00e1ctica totalidad de los vendedores del Mercado Central solicitan las ayudas del Plan Resistir Ciutat Vella - Confecomer\u00e7\",\"isPartOf\":{\"@id\":\"https:\\\/\\\/confecomerc.es\\\/#website\"},\"primaryImageOfPage\":{\"@id\":\"https:\\\/\\\/confecomerc.es\\\/va\\\/la-practica-totalidad-de-los-vendedores-del-mercado-central-solicitan-las-ayudas-del-plan-resistir-ciutat-vella\\\/#primaryimage\"},\"image\":{\"@id\":\"https:\\\/\\\/confecomerc.es\\\/va\\\/la-practica-totalidad-de-los-vendedores-del-mercado-central-solicitan-las-ayudas-del-plan-resistir-ciutat-vella\\\/#primaryimage\"},\"thumbnailUrl\":\"https:\\\/\\\/confecomerc.es\\\/wp-content\\\/uploads\\\/2021\\\/07\\\/Plan-Resistir-Ciutat-Vella.jpeg\",\"datePublished\":\"2021-07-23T07:49:02+00:00\",\"dateModified\":\"2021-08-05T09:37:20+00:00\",\"author\":{\"@id\":\"https:\\\/\\\/confecomerc.es\\\/#\\\/schema\\\/person\\\/23aa6211544dad9fa6ee269977b0a823\"},\"breadcrumb\":{\"@id\":\"https:\\\/\\\/confecomerc.es\\\/va\\\/la-practica-totalidad-de-los-vendedores-del-mercado-central-solicitan-las-ayudas-del-plan-resistir-ciutat-vella\\\/#breadcrumb\"},\"inLanguage\":\"va-VA\",\"potentialAction\":[{\"@type\":\"ReadAction\",\"target\":[\"https:\\\/\\\/confecomerc.es\\\/va\\\/la-practica-totalidad-de-los-vendedores-del-mercado-central-solicitan-las-ayudas-del-plan-resistir-ciutat-vella\\\/\"]}]},{\"@type\":\"ImageObject\",\"inLanguage\":\"va-VA\",\"@id\":\"https:\\\/\\\/confecomerc.es\\\/va\\\/la-practica-totalidad-de-los-vendedores-del-mercado-central-solicitan-las-ayudas-del-plan-resistir-ciutat-vella\\\/#primaryimage\",\"url\":\"https:\\\/\\\/confecomerc.es\\\/wp-content\\\/uploads\\\/2021\\\/07\\\/Plan-Resistir-Ciutat-Vella.jpeg\",\"contentUrl\":\"https:\\\/\\\/confecomerc.es\\\/wp-content\\\/uploads\\\/2021\\\/07\\\/Plan-Resistir-Ciutat-Vella.jpeg\",\"width\":2048,\"height\":1366,\"caption\":\"Plan Resistir Ciutat Vella\"},{\"@type\":\"BreadcrumbList\",\"@id\":\"https:\\\/\\\/confecomerc.es\\\/va\\\/la-practica-totalidad-de-los-vendedores-del-mercado-central-solicitan-las-ayudas-del-plan-resistir-ciutat-vella\\\/#breadcrumb\",\"itemListElement\":[{\"@type\":\"ListItem\",\"position\":1,\"name\":\"Home\",\"item\":\"https:\\\/\\\/confecomerc.es\\\/va\\\/confecomerc-cv\\\/\"},{\"@type\":\"ListItem\",\"position\":2,\"name\":\"La pr\u00e1ctica totalidad de los vendedores del Mercado Central solicitan las ayudas del Plan Resistir Ciutat Vella\"}]},{\"@type\":\"WebSite\",\"@id\":\"https:\\\/\\\/confecomerc.es\\\/#website\",\"url\":\"https:\\\/\\\/confecomerc.es\\\/\",\"name\":\"Confecomer\u00e7\",\"description\":\"Confederaci\u00f3 de Comer\u00e7 d\u2019alacant, Castell\u00f3 i Val\u00e8ncia\",\"potentialAction\":[{\"@type\":\"SearchAction\",\"target\":{\"@type\":\"EntryPoint\",\"urlTemplate\":\"https:\\\/\\\/confecomerc.es\\\/?s={search_term_string}\"},\"query-input\":{\"@type\":\"PropertyValueSpecification\",\"valueRequired\":true,\"valueName\":\"search_term_string\"}}],\"inLanguage\":\"va-VA\"},{\"@type\":\"Person\",\"@id\":\"https:\\\/\\\/confecomerc.es\\\/#\\\/schema\\\/person\\\/23aa6211544dad9fa6ee269977b0a823\",\"name\":\"CONFECOMER\u00c7 CV\",\"url\":\"https:\\\/\\\/confecomerc.es\\\/va\\\/author\\\/confe-admin-cv\\\/\"}]}<\/script>\n<!-- \/ Yoast SEO plugin. -->","yoast_head_json":{"title":"La pr\u00e1ctica totalidad de los vendedores del Mercado Central solicitan las ayudas del Plan Resistir Ciutat Vella - Confecomer\u00e7","robots":{"index":"index","follow":"follow","max-snippet":"max-snippet:-1","max-image-preview":"max-image-preview:large","max-video-preview":"max-video-preview:-1"},"canonical":"https:\/\/confecomerc.es\/va\/la-practica-totalidad-de-los-vendedores-del-mercado-central-solicitan-las-ayudas-del-plan-resistir-ciutat-vella\/","og_locale":"en_US","og_type":"article","og_title":"La pr\u00e1ctica totalidad de los vendedores del Mercado Central solicitan las ayudas del Plan Resistir Ciutat Vella - Confecomer\u00e7","og_description":"Pr\u00e1cticamente la totalidad de los 259 puestos de venta del Mercado Central solicitar\u00e1n las subvenciones del Plan Resistir-Ciutat Vella, impulsado por la Concejal\u00eda de Desarrollo Econ\u00f3mico, cuyo objetivo es contribuir a reflotar la actividad econ\u00f3mica de este distrito, especialmente afectado por las restricciones de movilidad impuestas por el coronavirus y, ahora, adem\u00e1s, por las actuales obras de reurbanizaci\u00f3n del entorno de este recinto y la Lonja y de la Plaza de la Reina.","og_url":"https:\/\/confecomerc.es\/va\/la-practica-totalidad-de-los-vendedores-del-mercado-central-solicitan-las-ayudas-del-plan-resistir-ciutat-vella\/","og_site_name":"Confecomer\u00e7","article_published_time":"2021-07-23T07:49:02+00:00","article_modified_time":"2021-08-05T09:37:20+00:00","og_image":[{"width":2048,"height":1366,"url":"https:\/\/i0.wp.com\/confecomerc.es\/wp-content\/uploads\/2021\/07\/Plan-Resistir-Ciutat-Vella.jpeg?fit=2048%2C1366&ssl=1","type":"image\/jpeg"}],"author":"CONFECOMER\u00c7 CV","twitter_card":"summary_large_image","twitter_misc":{"Written by":"CONFECOMER\u00c7 CV","Est. reading time":"2 minutes"},"schema":{"@context":"https:\/\/schema.org","@graph":[{"@type":"Article","@id":"https:\/\/confecomerc.es\/va\/la-practica-totalidad-de-los-vendedores-del-mercado-central-solicitan-las-ayudas-del-plan-resistir-ciutat-vella\/#article","isPartOf":{"@id":"https:\/\/confecomerc.es\/va\/la-practica-totalidad-de-los-vendedores-del-mercado-central-solicitan-las-ayudas-del-plan-resistir-ciutat-vella\/"},"author":{"name":"CONFECOMER\u00c7 CV","@id":"https:\/\/confecomerc.es\/#\/schema\/person\/23aa6211544dad9fa6ee269977b0a823"},"headline":"La pr\u00e1ctica totalidad de los vendedores del Mercado Central solicitan las ayudas del Plan Resistir Ciutat Vella","datePublished":"2021-07-23T07:49:02+00:00","dateModified":"2021-08-05T09:37:20+00:00","mainEntityOfPage":{"@id":"https:\/\/confecomerc.es\/va\/la-practica-totalidad-de-los-vendedores-del-mercado-central-solicitan-las-ayudas-del-plan-resistir-ciutat-vella\/"},"wordCount":517,"image":{"@id":"https:\/\/confecomerc.es\/va\/la-practica-totalidad-de-los-vendedores-del-mercado-central-solicitan-las-ayudas-del-plan-resistir-ciutat-vella\/#primaryimage"},"thumbnailUrl":"https:\/\/confecomerc.es\/wp-content\/uploads\/2021\/07\/Plan-Resistir-Ciutat-Vella.jpeg","keywords":["mercado central valencia","Plan Resistir Ciutat Vella"],"articleSection":["Associats Confecomer\u00e7 Cv"],"inLanguage":"va-VA"},{"@type":"WebPage","@id":"https:\/\/confecomerc.es\/va\/la-practica-totalidad-de-los-vendedores-del-mercado-central-solicitan-las-ayudas-del-plan-resistir-ciutat-vella\/","url":"https:\/\/confecomerc.es\/va\/la-practica-totalidad-de-los-vendedores-del-mercado-central-solicitan-las-ayudas-del-plan-resistir-ciutat-vella\/","name":"La pr\u00e1ctica totalidad de los vendedores del Mercado Central solicitan las ayudas del Plan Resistir Ciutat Vella - Confecomer\u00e7","isPartOf":{"@id":"https:\/\/confecomerc.es\/#website"},"primaryImageOfPage":{"@id":"https:\/\/confecomerc.es\/va\/la-practica-totalidad-de-los-vendedores-del-mercado-central-solicitan-las-ayudas-del-plan-resistir-ciutat-vella\/#primaryimage"},"image":{"@id":"https:\/\/confecomerc.es\/va\/la-practica-totalidad-de-los-vendedores-del-mercado-central-solicitan-las-ayudas-del-plan-resistir-ciutat-vella\/#primaryimage"},"thumbnailUrl":"https:\/\/confecomerc.es\/wp-content\/uploads\/2021\/07\/Plan-Resistir-Ciutat-Vella.jpeg","datePublished":"2021-07-23T07:49:02+00:00","dateModified":"2021-08-05T09:37:20+00:00","author":{"@id":"https:\/\/confecomerc.es\/#\/schema\/person\/23aa6211544dad9fa6ee269977b0a823"},"breadcrumb":{"@id":"https:\/\/confecomerc.es\/va\/la-practica-totalidad-de-los-vendedores-del-mercado-central-solicitan-las-ayudas-del-plan-resistir-ciutat-vella\/#breadcrumb"},"inLanguage":"va-VA","potentialAction":[{"@type":"ReadAction","target":["https:\/\/confecomerc.es\/va\/la-practica-totalidad-de-los-vendedores-del-mercado-central-solicitan-las-ayudas-del-plan-resistir-ciutat-vella\/"]}]},{"@type":"ImageObject","inLanguage":"va-VA","@id":"https:\/\/confecomerc.es\/va\/la-practica-totalidad-de-los-vendedores-del-mercado-central-solicitan-las-ayudas-del-plan-resistir-ciutat-vella\/#primaryimage","url":"https:\/\/confecomerc.es\/wp-content\/uploads\/2021\/07\/Plan-Resistir-Ciutat-Vella.jpeg","contentUrl":"https:\/\/confecomerc.es\/wp-content\/uploads\/2021\/07\/Plan-Resistir-Ciutat-Vella.jpeg","width":2048,"height":1366,"caption":"Plan Resistir Ciutat Vella"},{"@type":"BreadcrumbList","@id":"https:\/\/confecomerc.es\/va\/la-practica-totalidad-de-los-vendedores-del-mercado-central-solicitan-las-ayudas-del-plan-resistir-ciutat-vella\/#breadcrumb","itemListElement":[{"@type":"ListItem","position":1,"name":"Home","item":"https:\/\/confecomerc.es\/va\/confecomerc-cv\/"},{"@type":"ListItem","position":2,"name":"La pr\u00e1ctica totalidad de los vendedores del Mercado Central solicitan las ayudas del Plan Resistir Ciutat Vella"}]},{"@type":"WebSite","@id":"https:\/\/confecomerc.es\/#website","url":"https:\/\/confecomerc.es\/","name":"Confecomer\u00e7","description":"Confederaci\u00f3 de Comer\u00e7 d\u2019alacant, Castell\u00f3 i Val\u00e8ncia","potentialAction":[{"@type":"SearchAction","target":{"@type":"EntryPoint","urlTemplate":"https:\/\/confecomerc.es\/?s={search_term_string}"},"query-input":{"@type":"PropertyValueSpecification","valueRequired":true,"valueName":"search_term_string"}}],"inLanguage":"va-VA"},{"@type":"Person","@id":"https:\/\/confecomerc.es\/#\/schema\/person\/23aa6211544dad9fa6ee269977b0a823","name":"CONFECOMER\u00c7 CV","url":"https:\/\/confecomerc.es\/va\/author\/confe-admin-cv\/"}]}},"_links":{"self":[{"href":"https:\/\/confecomerc.es\/va\/wp-json\/wp\/v2\/posts\/8519","targetHints":{"allow":["GET"]}}],"collection":[{"href":"https:\/\/confecomerc.es\/va\/wp-json\/wp\/v2\/posts"}],"about":[{"href":"https:\/\/confecomerc.es\/va\/wp-json\/wp\/v2\/types\/post"}],"author":[{"embeddable":true,"href":"https:\/\/confecomerc.es\/va\/wp-json\/wp\/v2\/users\/1"}],"replies":[{"embeddable":true,"href":"https:\/\/confecomerc.es\/va\/wp-json\/wp\/v2\/comments?post=8519"}],"version-history":[{"count":0,"href":"https:\/\/confecomerc.es\/va\/wp-json\/wp\/v2\/posts\/8519\/revisions"}],"wp:featuredmedia":[{"embeddable":true,"href":"https:\/\/confecomerc.es\/va\/wp-json\/wp\/v2\/media\/8411"}],"wp:attachment":[{"href":"https:\/\/confecomerc.es\/va\/wp-json\/wp\/v2\/media?parent=8519"}],"wp:term":[{"taxonomy":"category","embeddable":true,"href":"https:\/\/confecomerc.es\/va\/wp-json\/wp\/v2\/categories?post=8519"},{"taxonomy":"post_tag","embeddable":true,"href":"https:\/\/confecomerc.es\/va\/wp-json\/wp\/v2\/tags?post=8519"}],"curies":[{"name":"wp","href":"https:\/\/api.w.org\/{rel}","templated":true}]}}