{"id":8522,"date":"2021-07-27T09:59:26","date_gmt":"2021-07-27T08:59:26","guid":{"rendered":"https:\/\/confecomerc.es\/confemercats-cv-se-reune-con-la-directora-general-de-comercio-para-establecer-lineas-de-accion-para-potenciar-los-mercados-de-la-comunitat-valenciana\/"},"modified":"2021-08-05T10:37:28","modified_gmt":"2021-08-05T09:37:28","slug":"confemercats-cv-se-reune-con-la-directora-general-de-comercio-para-establecer-lineas-de-accion-para-potenciar-los-mercados-de-la-comunitat-valenciana","status":"publish","type":"post","link":"https:\/\/confecomerc.es\/va\/confemercats-cv-se-reune-con-la-directora-general-de-comercio-para-establecer-lineas-de-accion-para-potenciar-los-mercados-de-la-comunitat-valenciana\/","title":{"rendered":"Confemercats CV se re\u00fane con la Directora General de Comercio para establecer l\u00edneas de acci\u00f3n para potenciar los mercados de la Comunitat Valenciana"},"content":{"rendered":"<p>Miembros del Comit\u00e9 Ejecutivo de la <strong>Confederaci\u00f3 de Mercats d\u00b4Alacant, Castell\u00f3 i Val\u00e8ncia, Confemercats CV <\/strong>se han reunido con la <strong>Directora General de Comercio, Rosana Segu\u00ed<\/strong>. El objetivo de la reuni\u00f3n ha sido establecer l\u00edneas de colaboraci\u00f3n conjuntas, que permitan sacar adelante proyectos prioritarios, que fomenten la <strong>modernizaci\u00f3n, promoci\u00f3n y acciones para dar mayor visibilidad a los Mercados<\/strong>.<\/p>\n<p>En el encuentro, <strong>la Directora General ha reconocido a Confemercats, como interlocutor v\u00e1lido<\/strong> para consensuar medidas para el impulso de los mercados municipales de la Comunitat Valenciana<strong>. <\/strong>En este sentido, Confemercats desarrollar\u00e1 posibles actuaciones y <strong>comunicar\u00e1 a Confecomer\u00e7<\/strong> aquellas iniciativas que pudieran enmarcarse dentro del <strong>Plan Estrat\u00e9gico del Comercio Minorista y la Artesan\u00eda de la Comunitat Valenciana 2021-2025, un plan que trabajar\u00e1 Confecomer\u00e7 con todas sus organizaciones miembro para trasladar a Conselleria. <\/strong><\/p>\n<p>A la cita han asistido el <strong>presidente de Confemercats, Francisco Das\u00ed, la vicepresidenta, Merche Gayet, el tesorero, Francisco S\u00e1ez y la secretaria general, Cristina Oliete.<\/strong><\/p>\n<p>Durante el encuentro se ha puesto de manifiesto la \u201c<strong>esencialidad\u201d de los Mercados en esta pandemia, <\/strong>dando servicio a <strong>miles de familias y hogares<\/strong>. El <strong>presidente de Confemercats, Francisco Das\u00ed<\/strong> ha resaltado que \u201ccomo servicio esencial que somos hemos permanecido en nuestros puestos de trabajo, enfrent\u00e1ndonos<strong> con valent\u00eda y enorme determinaci\u00f3n al virus, que ha impactado de lleno en nuestra sociedad<\/strong>.<\/p>\n<p>Das\u00ed ha recordado el <strong>car\u00e1cter esencial de los Mercados <\/strong>y en virtud de esta consideraci\u00f3n \u201csu plena <strong>dedicaci\u00f3n y capacidad, estando al pie del ca\u00f1\u00f3n cada d\u00eda,<\/strong> con <strong>enormes dosis de trabajo, de sacrificio y de responsabilidad ante las demandas y necesidades de la poblaci\u00f3n, <\/strong>dotando de un <strong>servicio ejemplar<\/strong>, garantizando de <strong>forma solvente el abastecimiento continuado de productos alimentarios<\/strong>\u201d.<\/p>\n<p><strong>La vicepresidenta primera por la provincia Castell\u00f3n de Confemercats, Merche Gayet <\/strong>ha resaltado que se hace necesario \u201c<strong>seguir reforzando e impulsando la actividad que realizan<\/strong>,<strong> por lo que para ello se hace necesario adaptar la regulaci\u00f3n de los mercados excelentes a la nueva realidad, as\u00ed como la orden de ayudas que anualmente publica la Direcci\u00f3n General, siendo imprescindible, ahora m\u00e1s que nunca, el respaldo de las Administraciones<\/strong> para preservar los Mercados, que son un referente de nuestra Comunitat y, a su vez, un <strong>pilar fundamental de la cadena de distribuci\u00f3n de productos aut\u00f3ctonos de km. 0<\/strong>\u201d.<\/p>\n<p><strong>Confemercats es la organizaci\u00f3n que surge en el seno de Confecomer\u00e7 CV <\/strong>y que se erige como la <strong>organizaci\u00f3n que da voz y visibilidad a los Mercados municipales de toda la Comunitat Valenciana. La entidad auton\u00f3mica es miembro de Mercados Tradicionales de Abastos de Espa\u00f1a (Mercados Tradicionales), entidad que agrupa a 120 mercados a nivel nacional<\/strong>, <strong>lo que supone alrededor de 6.000 puntos de venta, que generan m\u00e1s de 18.000 puestos de trabajo directos. <\/strong><\/p>\n<p>La organizaci\u00f3n de los mercados de la Comunitat ha informado a la Directora General de la l\u00ednea de trabajo que se est\u00e1 llevando a cabo desde <strong>Mercados Tradicionales de Espa\u00f1a en el desarrollo de proyectos,<\/strong> dentro del marco de los fondos europeos, emplaz\u00e1ndose a <strong>trabajar conjuntamente la Generalitat y Confemercats en esta directriz, al que podr\u00e1n acceder todos los mercados integrados en Confemercats. Los fondos Next Generation EU tienen por objeto la Recuperaci\u00f3n Europea y servir\u00e1n para financiar a partir del 2021 aquellos proyectos que vayan en la l\u00ednea de la transformaci\u00f3n digital, la reindustrializaci\u00f3n y el pacto verde a favor de energ\u00edas limpias.<\/strong><\/p>\n<p><img decoding=\"async\" class=\"size-full wp-image-8447 aligncenter\" src=\"https:\/\/confecomerc.es\/wp-content\/uploads\/2021\/07\/Confemercats-CV-se-reune-con-la-Directora-General-de-Comercio.jpeg\" alt=\"Confemercats CV se re\u00fane con la Directora General de Comercio\" width=\"1024\" height=\"602\" srcset=\"https:\/\/confecomerc.es\/wp-content\/uploads\/2021\/07\/Confemercats-CV-se-reune-con-la-Directora-General-de-Comercio.jpeg 1024w, https:\/\/confecomerc.es\/wp-content\/uploads\/2021\/07\/Confemercats-CV-se-reune-con-la-Directora-General-de-Comercio-980x576.jpeg 980w, https:\/\/confecomerc.es\/wp-content\/uploads\/2021\/07\/Confemercats-CV-se-reune-con-la-Directora-General-de-Comercio-480x282.jpeg 480w\" sizes=\"(min-width: 0px) and (max-width: 480px) 480px, (min-width: 481px) and (max-width: 980px) 980px, (min-width: 981px) 1024px, 100vw\" \/><\/p>\n","protected":false},"excerpt":{"rendered":"<p>Miembros del Comit\u00e9 Ejecutivo de la Confederaci\u00f3 de Mercats d\u00b4Alacant, Castell\u00f3 i Val\u00e8ncia, Confemercats CV se han reunido con la Directora General de Comercio, Rosana Segu\u00ed. El objetivo de la reuni\u00f3n ha sido establecer l\u00edneas de colaboraci\u00f3n conjuntas, que permitan sacar adelante proyectos prioritarios, que fomenten la modernizaci\u00f3n, promoci\u00f3n y acciones para dar mayor visibilidad a los Mercados.<\/p>\n","protected":false},"author":1,"featured_media":8450,"comment_status":"closed","ping_status":"open","sticky":false,"template":"","format":"standard","meta":{"_et_pb_use_builder":"","_et_pb_old_content":"","_et_gb_content_width":"","footnotes":""},"categories":[613,3051],"tags":[],"class_list":["post-8522","post","type-post","status-publish","format-standard","has-post-thumbnail","hentry","category-associats-confecomerc-cv","category-confemercats-va"],"yoast_head":"<!-- This site is optimized with the Yoast SEO plugin v27.3 - https:\/\/yoast.com\/product\/yoast-seo-wordpress\/ -->\n<title>Confemercats CV se re\u00fane con la Directora General de Comercio para establecer l\u00edneas de acci\u00f3n para potenciar los mercados de la Comunitat Valenciana - Confecomer\u00e7<\/title>\n<meta name=\"description\" content=\"Miembros del Comit\u00e9 Ejecutivo de la Confederaci\u00f3 de Mercats d\u00b4Alacant, Castell\u00f3 i Val\u00e8ncia, Confemercats CV se han reunido con la Directora General de Comercio, Rosana Segu\u00ed. El objetivo de la reuni\u00f3n ha sido establecer l\u00edneas de colaboraci\u00f3n conjuntas, que permitan sacar adelante proyectos prioritarios, que fomenten la modernizaci\u00f3n, promoci\u00f3n y acciones para dar mayor visibilidad a los Mercados.\" \/>\n<meta name=\"robots\" content=\"index, follow, max-snippet:-1, max-image-preview:large, max-video-preview:-1\" \/>\n<link rel=\"canonical\" href=\"https:\/\/confecomerc.es\/va\/confemercats-cv-se-reune-con-la-directora-general-de-comercio-para-establecer-lineas-de-accion-para-potenciar-los-mercados-de-la-comunitat-valenciana\/\" \/>\n<meta property=\"og:locale\" content=\"en_US\" \/>\n<meta property=\"og:type\" content=\"article\" \/>\n<meta property=\"og:title\" content=\"Confemercats CV se re\u00fane con la Directora General de Comercio para establecer l\u00edneas de acci\u00f3n para potenciar los mercados de la Comunitat Valenciana - Confecomer\u00e7\" \/>\n<meta property=\"og:description\" content=\"Miembros del Comit\u00e9 Ejecutivo de la Confederaci\u00f3 de Mercats d\u00b4Alacant, Castell\u00f3 i Val\u00e8ncia, Confemercats CV se han reunido con la Directora General de Comercio, Rosana Segu\u00ed. El objetivo de la reuni\u00f3n ha sido establecer l\u00edneas de colaboraci\u00f3n conjuntas, que permitan sacar adelante proyectos prioritarios, que fomenten la modernizaci\u00f3n, promoci\u00f3n y acciones para dar mayor visibilidad a los Mercados.\" \/>\n<meta property=\"og:url\" content=\"https:\/\/confecomerc.es\/va\/confemercats-cv-se-reune-con-la-directora-general-de-comercio-para-establecer-lineas-de-accion-para-potenciar-los-mercados-de-la-comunitat-valenciana\/\" \/>\n<meta property=\"og:site_name\" content=\"Confecomer\u00e7\" \/>\n<meta property=\"article:published_time\" content=\"2021-07-27T08:59:26+00:00\" \/>\n<meta property=\"article:modified_time\" content=\"2021-08-05T09:37:28+00:00\" \/>\n<meta property=\"og:image\" content=\"https:\/\/i2.wp.com\/confecomerc.es\/wp-content\/uploads\/2021\/07\/Confemercats-CV-se-reune-con-la-Directora-General-de-Comercio_1.jpeg?fit=1001%2C1024&ssl=1\" \/>\n\t<meta property=\"og:image:width\" content=\"1001\" \/>\n\t<meta property=\"og:image:height\" content=\"1024\" \/>\n\t<meta property=\"og:image:type\" content=\"image\/jpeg\" \/>\n<meta name=\"author\" content=\"CONFECOMER\u00c7 CV\" \/>\n<meta name=\"twitter:card\" content=\"summary_large_image\" \/>\n<meta name=\"twitter:label1\" content=\"Written by\" \/>\n\t<meta name=\"twitter:data1\" content=\"CONFECOMER\u00c7 CV\" \/>\n\t<meta name=\"twitter:label2\" content=\"Est. reading time\" \/>\n\t<meta name=\"twitter:data2\" content=\"3 minutes\" \/>\n<script type=\"application\/ld+json\" class=\"yoast-schema-graph\">{\"@context\":\"https:\\\/\\\/schema.org\",\"@graph\":[{\"@type\":\"Article\",\"@id\":\"https:\\\/\\\/confecomerc.es\\\/va\\\/confemercats-cv-se-reune-con-la-directora-general-de-comercio-para-establecer-lineas-de-accion-para-potenciar-los-mercados-de-la-comunitat-valenciana\\\/#article\",\"isPartOf\":{\"@id\":\"https:\\\/\\\/confecomerc.es\\\/va\\\/confemercats-cv-se-reune-con-la-directora-general-de-comercio-para-establecer-lineas-de-accion-para-potenciar-los-mercados-de-la-comunitat-valenciana\\\/\"},\"author\":{\"name\":\"CONFECOMER\u00c7 CV\",\"@id\":\"https:\\\/\\\/confecomerc.es\\\/#\\\/schema\\\/person\\\/23aa6211544dad9fa6ee269977b0a823\"},\"headline\":\"Confemercats CV se re\u00fane con la Directora General de Comercio para establecer l\u00edneas de acci\u00f3n para potenciar los mercados de la Comunitat Valenciana\",\"datePublished\":\"2021-07-27T08:59:26+00:00\",\"dateModified\":\"2021-08-05T09:37:28+00:00\",\"mainEntityOfPage\":{\"@id\":\"https:\\\/\\\/confecomerc.es\\\/va\\\/confemercats-cv-se-reune-con-la-directora-general-de-comercio-para-establecer-lineas-de-accion-para-potenciar-los-mercados-de-la-comunitat-valenciana\\\/\"},\"wordCount\":613,\"image\":{\"@id\":\"https:\\\/\\\/confecomerc.es\\\/va\\\/confemercats-cv-se-reune-con-la-directora-general-de-comercio-para-establecer-lineas-de-accion-para-potenciar-los-mercados-de-la-comunitat-valenciana\\\/#primaryimage\"},\"thumbnailUrl\":\"https:\\\/\\\/confecomerc.es\\\/wp-content\\\/uploads\\\/2021\\\/07\\\/Confemercats-CV-se-reune-con-la-Directora-General-de-Comercio_1.jpeg\",\"articleSection\":[\"Associats Confecomer\u00e7 Cv\",\"Confemercats\"],\"inLanguage\":\"va-VA\"},{\"@type\":\"WebPage\",\"@id\":\"https:\\\/\\\/confecomerc.es\\\/va\\\/confemercats-cv-se-reune-con-la-directora-general-de-comercio-para-establecer-lineas-de-accion-para-potenciar-los-mercados-de-la-comunitat-valenciana\\\/\",\"url\":\"https:\\\/\\\/confecomerc.es\\\/va\\\/confemercats-cv-se-reune-con-la-directora-general-de-comercio-para-establecer-lineas-de-accion-para-potenciar-los-mercados-de-la-comunitat-valenciana\\\/\",\"name\":\"Confemercats CV se re\u00fane con la Directora General de Comercio para establecer l\u00edneas de acci\u00f3n para potenciar los mercados de la Comunitat Valenciana - Confecomer\u00e7\",\"isPartOf\":{\"@id\":\"https:\\\/\\\/confecomerc.es\\\/#website\"},\"primaryImageOfPage\":{\"@id\":\"https:\\\/\\\/confecomerc.es\\\/va\\\/confemercats-cv-se-reune-con-la-directora-general-de-comercio-para-establecer-lineas-de-accion-para-potenciar-los-mercados-de-la-comunitat-valenciana\\\/#primaryimage\"},\"image\":{\"@id\":\"https:\\\/\\\/confecomerc.es\\\/va\\\/confemercats-cv-se-reune-con-la-directora-general-de-comercio-para-establecer-lineas-de-accion-para-potenciar-los-mercados-de-la-comunitat-valenciana\\\/#primaryimage\"},\"thumbnailUrl\":\"https:\\\/\\\/confecomerc.es\\\/wp-content\\\/uploads\\\/2021\\\/07\\\/Confemercats-CV-se-reune-con-la-Directora-General-de-Comercio_1.jpeg\",\"datePublished\":\"2021-07-27T08:59:26+00:00\",\"dateModified\":\"2021-08-05T09:37:28+00:00\",\"author\":{\"@id\":\"https:\\\/\\\/confecomerc.es\\\/#\\\/schema\\\/person\\\/23aa6211544dad9fa6ee269977b0a823\"},\"description\":\"Miembros del Comit\u00e9 Ejecutivo de la Confederaci\u00f3 de Mercats d\u00b4Alacant, Castell\u00f3 i Val\u00e8ncia, Confemercats CV se han reunido con la Directora General de Comercio, Rosana Segu\u00ed. El objetivo de la reuni\u00f3n ha sido establecer l\u00edneas de colaboraci\u00f3n conjuntas, que permitan sacar adelante proyectos prioritarios, que fomenten la modernizaci\u00f3n, promoci\u00f3n y acciones para dar mayor visibilidad a los Mercados.\",\"breadcrumb\":{\"@id\":\"https:\\\/\\\/confecomerc.es\\\/va\\\/confemercats-cv-se-reune-con-la-directora-general-de-comercio-para-establecer-lineas-de-accion-para-potenciar-los-mercados-de-la-comunitat-valenciana\\\/#breadcrumb\"},\"inLanguage\":\"va-VA\",\"potentialAction\":[{\"@type\":\"ReadAction\",\"target\":[\"https:\\\/\\\/confecomerc.es\\\/va\\\/confemercats-cv-se-reune-con-la-directora-general-de-comercio-para-establecer-lineas-de-accion-para-potenciar-los-mercados-de-la-comunitat-valenciana\\\/\"]}]},{\"@type\":\"ImageObject\",\"inLanguage\":\"va-VA\",\"@id\":\"https:\\\/\\\/confecomerc.es\\\/va\\\/confemercats-cv-se-reune-con-la-directora-general-de-comercio-para-establecer-lineas-de-accion-para-potenciar-los-mercados-de-la-comunitat-valenciana\\\/#primaryimage\",\"url\":\"https:\\\/\\\/confecomerc.es\\\/wp-content\\\/uploads\\\/2021\\\/07\\\/Confemercats-CV-se-reune-con-la-Directora-General-de-Comercio_1.jpeg\",\"contentUrl\":\"https:\\\/\\\/confecomerc.es\\\/wp-content\\\/uploads\\\/2021\\\/07\\\/Confemercats-CV-se-reune-con-la-Directora-General-de-Comercio_1.jpeg\",\"width\":1001,\"height\":1024,\"caption\":\"Confemercats CV se re\u00fane con la Directora General de Comercio_1\"},{\"@type\":\"BreadcrumbList\",\"@id\":\"https:\\\/\\\/confecomerc.es\\\/va\\\/confemercats-cv-se-reune-con-la-directora-general-de-comercio-para-establecer-lineas-de-accion-para-potenciar-los-mercados-de-la-comunitat-valenciana\\\/#breadcrumb\",\"itemListElement\":[{\"@type\":\"ListItem\",\"position\":1,\"name\":\"Home\",\"item\":\"https:\\\/\\\/confecomerc.es\\\/va\\\/confecomerc-cv\\\/\"},{\"@type\":\"ListItem\",\"position\":2,\"name\":\"Confemercats CV se re\u00fane con la Directora General de Comercio para establecer l\u00edneas de acci\u00f3n para potenciar los mercados de la Comunitat Valenciana\"}]},{\"@type\":\"WebSite\",\"@id\":\"https:\\\/\\\/confecomerc.es\\\/#website\",\"url\":\"https:\\\/\\\/confecomerc.es\\\/\",\"name\":\"Confecomer\u00e7\",\"description\":\"Confederaci\u00f3 de Comer\u00e7 d\u2019alacant, Castell\u00f3 i Val\u00e8ncia\",\"potentialAction\":[{\"@type\":\"SearchAction\",\"target\":{\"@type\":\"EntryPoint\",\"urlTemplate\":\"https:\\\/\\\/confecomerc.es\\\/?s={search_term_string}\"},\"query-input\":{\"@type\":\"PropertyValueSpecification\",\"valueRequired\":true,\"valueName\":\"search_term_string\"}}],\"inLanguage\":\"va-VA\"},{\"@type\":\"Person\",\"@id\":\"https:\\\/\\\/confecomerc.es\\\/#\\\/schema\\\/person\\\/23aa6211544dad9fa6ee269977b0a823\",\"name\":\"CONFECOMER\u00c7 CV\",\"url\":\"https:\\\/\\\/confecomerc.es\\\/va\\\/author\\\/confe-admin-cv\\\/\"}]}<\/script>\n<!-- \/ Yoast SEO plugin. -->","yoast_head_json":{"title":"Confemercats CV se re\u00fane con la Directora General de Comercio para establecer l\u00edneas de acci\u00f3n para potenciar los mercados de la Comunitat Valenciana - Confecomer\u00e7","description":"Miembros del Comit\u00e9 Ejecutivo de la Confederaci\u00f3 de Mercats d\u00b4Alacant, Castell\u00f3 i Val\u00e8ncia, Confemercats CV se han reunido con la Directora General de Comercio, Rosana Segu\u00ed. El objetivo de la reuni\u00f3n ha sido establecer l\u00edneas de colaboraci\u00f3n conjuntas, que permitan sacar adelante proyectos prioritarios, que fomenten la modernizaci\u00f3n, promoci\u00f3n y acciones para dar mayor visibilidad a los Mercados.","robots":{"index":"index","follow":"follow","max-snippet":"max-snippet:-1","max-image-preview":"max-image-preview:large","max-video-preview":"max-video-preview:-1"},"canonical":"https:\/\/confecomerc.es\/va\/confemercats-cv-se-reune-con-la-directora-general-de-comercio-para-establecer-lineas-de-accion-para-potenciar-los-mercados-de-la-comunitat-valenciana\/","og_locale":"en_US","og_type":"article","og_title":"Confemercats CV se re\u00fane con la Directora General de Comercio para establecer l\u00edneas de acci\u00f3n para potenciar los mercados de la Comunitat Valenciana - Confecomer\u00e7","og_description":"Miembros del Comit\u00e9 Ejecutivo de la Confederaci\u00f3 de Mercats d\u00b4Alacant, Castell\u00f3 i Val\u00e8ncia, Confemercats CV se han reunido con la Directora General de Comercio, Rosana Segu\u00ed. El objetivo de la reuni\u00f3n ha sido establecer l\u00edneas de colaboraci\u00f3n conjuntas, que permitan sacar adelante proyectos prioritarios, que fomenten la modernizaci\u00f3n, promoci\u00f3n y acciones para dar mayor visibilidad a los Mercados.","og_url":"https:\/\/confecomerc.es\/va\/confemercats-cv-se-reune-con-la-directora-general-de-comercio-para-establecer-lineas-de-accion-para-potenciar-los-mercados-de-la-comunitat-valenciana\/","og_site_name":"Confecomer\u00e7","article_published_time":"2021-07-27T08:59:26+00:00","article_modified_time":"2021-08-05T09:37:28+00:00","og_image":[{"width":1001,"height":1024,"url":"https:\/\/i2.wp.com\/confecomerc.es\/wp-content\/uploads\/2021\/07\/Confemercats-CV-se-reune-con-la-Directora-General-de-Comercio_1.jpeg?fit=1001%2C1024&ssl=1","type":"image\/jpeg"}],"author":"CONFECOMER\u00c7 CV","twitter_card":"summary_large_image","twitter_misc":{"Written by":"CONFECOMER\u00c7 CV","Est. reading time":"3 minutes"},"schema":{"@context":"https:\/\/schema.org","@graph":[{"@type":"Article","@id":"https:\/\/confecomerc.es\/va\/confemercats-cv-se-reune-con-la-directora-general-de-comercio-para-establecer-lineas-de-accion-para-potenciar-los-mercados-de-la-comunitat-valenciana\/#article","isPartOf":{"@id":"https:\/\/confecomerc.es\/va\/confemercats-cv-se-reune-con-la-directora-general-de-comercio-para-establecer-lineas-de-accion-para-potenciar-los-mercados-de-la-comunitat-valenciana\/"},"author":{"name":"CONFECOMER\u00c7 CV","@id":"https:\/\/confecomerc.es\/#\/schema\/person\/23aa6211544dad9fa6ee269977b0a823"},"headline":"Confemercats CV se re\u00fane con la Directora General de Comercio para establecer l\u00edneas de acci\u00f3n para potenciar los mercados de la Comunitat Valenciana","datePublished":"2021-07-27T08:59:26+00:00","dateModified":"2021-08-05T09:37:28+00:00","mainEntityOfPage":{"@id":"https:\/\/confecomerc.es\/va\/confemercats-cv-se-reune-con-la-directora-general-de-comercio-para-establecer-lineas-de-accion-para-potenciar-los-mercados-de-la-comunitat-valenciana\/"},"wordCount":613,"image":{"@id":"https:\/\/confecomerc.es\/va\/confemercats-cv-se-reune-con-la-directora-general-de-comercio-para-establecer-lineas-de-accion-para-potenciar-los-mercados-de-la-comunitat-valenciana\/#primaryimage"},"thumbnailUrl":"https:\/\/confecomerc.es\/wp-content\/uploads\/2021\/07\/Confemercats-CV-se-reune-con-la-Directora-General-de-Comercio_1.jpeg","articleSection":["Associats Confecomer\u00e7 Cv","Confemercats"],"inLanguage":"va-VA"},{"@type":"WebPage","@id":"https:\/\/confecomerc.es\/va\/confemercats-cv-se-reune-con-la-directora-general-de-comercio-para-establecer-lineas-de-accion-para-potenciar-los-mercados-de-la-comunitat-valenciana\/","url":"https:\/\/confecomerc.es\/va\/confemercats-cv-se-reune-con-la-directora-general-de-comercio-para-establecer-lineas-de-accion-para-potenciar-los-mercados-de-la-comunitat-valenciana\/","name":"Confemercats CV se re\u00fane con la Directora General de Comercio para establecer l\u00edneas de acci\u00f3n para potenciar los mercados de la Comunitat Valenciana - Confecomer\u00e7","isPartOf":{"@id":"https:\/\/confecomerc.es\/#website"},"primaryImageOfPage":{"@id":"https:\/\/confecomerc.es\/va\/confemercats-cv-se-reune-con-la-directora-general-de-comercio-para-establecer-lineas-de-accion-para-potenciar-los-mercados-de-la-comunitat-valenciana\/#primaryimage"},"image":{"@id":"https:\/\/confecomerc.es\/va\/confemercats-cv-se-reune-con-la-directora-general-de-comercio-para-establecer-lineas-de-accion-para-potenciar-los-mercados-de-la-comunitat-valenciana\/#primaryimage"},"thumbnailUrl":"https:\/\/confecomerc.es\/wp-content\/uploads\/2021\/07\/Confemercats-CV-se-reune-con-la-Directora-General-de-Comercio_1.jpeg","datePublished":"2021-07-27T08:59:26+00:00","dateModified":"2021-08-05T09:37:28+00:00","author":{"@id":"https:\/\/confecomerc.es\/#\/schema\/person\/23aa6211544dad9fa6ee269977b0a823"},"description":"Miembros del Comit\u00e9 Ejecutivo de la Confederaci\u00f3 de Mercats d\u00b4Alacant, Castell\u00f3 i Val\u00e8ncia, Confemercats CV se han reunido con la Directora General de Comercio, Rosana Segu\u00ed. El objetivo de la reuni\u00f3n ha sido establecer l\u00edneas de colaboraci\u00f3n conjuntas, que permitan sacar adelante proyectos prioritarios, que fomenten la modernizaci\u00f3n, promoci\u00f3n y acciones para dar mayor visibilidad a los Mercados.","breadcrumb":{"@id":"https:\/\/confecomerc.es\/va\/confemercats-cv-se-reune-con-la-directora-general-de-comercio-para-establecer-lineas-de-accion-para-potenciar-los-mercados-de-la-comunitat-valenciana\/#breadcrumb"},"inLanguage":"va-VA","potentialAction":[{"@type":"ReadAction","target":["https:\/\/confecomerc.es\/va\/confemercats-cv-se-reune-con-la-directora-general-de-comercio-para-establecer-lineas-de-accion-para-potenciar-los-mercados-de-la-comunitat-valenciana\/"]}]},{"@type":"ImageObject","inLanguage":"va-VA","@id":"https:\/\/confecomerc.es\/va\/confemercats-cv-se-reune-con-la-directora-general-de-comercio-para-establecer-lineas-de-accion-para-potenciar-los-mercados-de-la-comunitat-valenciana\/#primaryimage","url":"https:\/\/confecomerc.es\/wp-content\/uploads\/2021\/07\/Confemercats-CV-se-reune-con-la-Directora-General-de-Comercio_1.jpeg","contentUrl":"https:\/\/confecomerc.es\/wp-content\/uploads\/2021\/07\/Confemercats-CV-se-reune-con-la-Directora-General-de-Comercio_1.jpeg","width":1001,"height":1024,"caption":"Confemercats CV se re\u00fane con la Directora General de Comercio_1"},{"@type":"BreadcrumbList","@id":"https:\/\/confecomerc.es\/va\/confemercats-cv-se-reune-con-la-directora-general-de-comercio-para-establecer-lineas-de-accion-para-potenciar-los-mercados-de-la-comunitat-valenciana\/#breadcrumb","itemListElement":[{"@type":"ListItem","position":1,"name":"Home","item":"https:\/\/confecomerc.es\/va\/confecomerc-cv\/"},{"@type":"ListItem","position":2,"name":"Confemercats CV se re\u00fane con la Directora General de Comercio para establecer l\u00edneas de acci\u00f3n para potenciar los mercados de la Comunitat Valenciana"}]},{"@type":"WebSite","@id":"https:\/\/confecomerc.es\/#website","url":"https:\/\/confecomerc.es\/","name":"Confecomer\u00e7","description":"Confederaci\u00f3 de Comer\u00e7 d\u2019alacant, Castell\u00f3 i Val\u00e8ncia","potentialAction":[{"@type":"SearchAction","target":{"@type":"EntryPoint","urlTemplate":"https:\/\/confecomerc.es\/?s={search_term_string}"},"query-input":{"@type":"PropertyValueSpecification","valueRequired":true,"valueName":"search_term_string"}}],"inLanguage":"va-VA"},{"@type":"Person","@id":"https:\/\/confecomerc.es\/#\/schema\/person\/23aa6211544dad9fa6ee269977b0a823","name":"CONFECOMER\u00c7 CV","url":"https:\/\/confecomerc.es\/va\/author\/confe-admin-cv\/"}]}},"_links":{"self":[{"href":"https:\/\/confecomerc.es\/va\/wp-json\/wp\/v2\/posts\/8522","targetHints":{"allow":["GET"]}}],"collection":[{"href":"https:\/\/confecomerc.es\/va\/wp-json\/wp\/v2\/posts"}],"about":[{"href":"https:\/\/confecomerc.es\/va\/wp-json\/wp\/v2\/types\/post"}],"author":[{"embeddable":true,"href":"https:\/\/confecomerc.es\/va\/wp-json\/wp\/v2\/users\/1"}],"replies":[{"embeddable":true,"href":"https:\/\/confecomerc.es\/va\/wp-json\/wp\/v2\/comments?post=8522"}],"version-history":[{"count":0,"href":"https:\/\/confecomerc.es\/va\/wp-json\/wp\/v2\/posts\/8522\/revisions"}],"wp:featuredmedia":[{"embeddable":true,"href":"https:\/\/confecomerc.es\/va\/wp-json\/wp\/v2\/media\/8450"}],"wp:attachment":[{"href":"https:\/\/confecomerc.es\/va\/wp-json\/wp\/v2\/media?parent=8522"}],"wp:term":[{"taxonomy":"category","embeddable":true,"href":"https:\/\/confecomerc.es\/va\/wp-json\/wp\/v2\/categories?post=8522"},{"taxonomy":"post_tag","embeddable":true,"href":"https:\/\/confecomerc.es\/va\/wp-json\/wp\/v2\/tags?post=8522"}],"curies":[{"name":"wp","href":"https:\/\/api.w.org\/{rel}","templated":true}]}}