{"id":9738,"date":"2021-12-23T09:51:00","date_gmt":"2021-12-23T08:51:00","guid":{"rendered":"https:\/\/confecomerc.es\/villena-enciende-la-navidad-a-lo-grande\/"},"modified":"2021-12-23T09:51:00","modified_gmt":"2021-12-23T08:51:00","slug":"villena-enciende-la-navidad-a-lo-grande","status":"publish","type":"post","link":"https:\/\/confecomerc.es\/va\/villena-enciende-la-navidad-a-lo-grande\/","title":{"rendered":"Villena enciende la Navidad a lo grande"},"content":{"rendered":"<p>El encendido de la iluminaci\u00f3n navide\u00f1a dar\u00e1 comienzo a la Navidad en Villena. La concejal\u00eda de Fiestas y Comercios y Servicios Vi han presentado el acto del encendido de la Navidad, que tendr\u00e1 lugar este s\u00e1bado a las 19:00 horas delante de la fachada del Teatro Chap\u00ed. Esta inauguraci\u00f3n es la primera de muchas actividades que completan un amplio programa de actividades comerciales, l\u00fadicas, tradicionales y culturales integradas en la campa\u00f1a, \u201c<strong>Vive la Navidad en Villena<\/strong>\u201d.<\/p>\n<p><a href=\"https:\/\/confecomerc.es\/wp-content\/uploads\/2021\/11\/gran-encendido-villena.jpeg\"><img decoding=\"async\" class=\" wp-image-9467 alignleft\" src=\"https:\/\/confecomerc.es\/wp-content\/uploads\/2021\/11\/gran-encendido-villena.jpeg\" alt=\"gran encendido villena\" width=\"353\" height=\"264\"><\/a>La concejala de Fiestas, Maite Gandia, ha explicado que tendr\u00e1n qu\u00e9 hacer los ni\u00f1os el pr\u00f3ximo s\u00e1bado, 27 de noviembre, para participar en el encendido. A partir de las 5 de la tarde, los m\u00e1s peque\u00f1os de la casa buscar\u00e1n a los ayudantes de Espumill\u00f3n y Purpurina, en las calles aleda\u00f1as al parque de los Salesianos y Paseo Chap\u00ed. \u201cLos peques les pedir\u00e1n la insignia m\u00e1gica y despu\u00e9s, recoger\u00e1n gratis su activador de nieve en el Paseo Chap\u00ed\u201d, ha indicado la edil. El \u00fanico requisito para obtener el activador ser\u00e1 presentar la <a href=\"http:\/\/bit.ly\/villenaapp\"><strong>APP 03400 Villena<\/strong><\/a>.<\/p>\n<p>La fiesta navide\u00f1a se ha preparado en el <strong>Paseo Chap\u00ed<\/strong> donde habr\u00e1 m\u00fasica en directo, juegos, hinchables y muchas sorpresas. Tanto la concejal\u00eda de Fiestas como la Asociaci\u00f3n de Comerciantes no descartan que \u201cincluso nieve\u201d. A las 7 de la tarde, en la puerta del Teatro Chap\u00ed se proceder\u00e1 al encendido de \u201cuna Navidad que va a ser m\u00e1gica\u201d, ha subrayado la concejala.<\/p>\n<p>Por su parte, la presidenta de Comercios y Servicios Vi, M\u00aa Teresa Soriano ha explicado que \u201cVive la Navidad en Villena&#8217; es una <strong>campa\u00f1a<\/strong> siempre muy especial, donde tratamos de dinamizar el comercio local y sacar a la gente a la calle, pero este a\u00f1o va a ser todav\u00eda m\u00e1s especial despu\u00e9s de los tiempos tan duros que estamos viviendo con la pandemia&#8221;.<\/p>\n<p>Soriano ha insistido en que &#8220;queremos llenar las calles de luz, color y alegr\u00eda para hacerles atractivos tanto para la gente de Villena como para los visitantes de otras localidades que nos acompa\u00f1an en estos d\u00edas tan especiales para hacer sus compras y disfrutar de estas fiestas con nosotros\u201d.<\/p>\n<p>Puedes ver <a href=\"https:\/\/youtu.be\/V2rULUNwlWo\"><strong>AQU\u00cd<\/strong><\/a> el mensaje m\u00e1gico <strong>de Espumill\u00f3n y Purpurina<\/strong>.<\/p>\n<p>&nbsp;<\/p>\n","protected":false},"excerpt":{"rendered":"<p>El encendido de la iluminaci\u00f3n navide\u00f1a dar\u00e1 comienzo a la Navidad en Villena. La concejal\u00eda de Fiestas y Comercios y Servicios Vi han presentado el acto del encendido de la Navidad, que tendr\u00e1 lugar este s\u00e1bado a las 19:00 horas delante de la fachada del Teatro Chap\u00ed. Esta inauguraci\u00f3n es la primera de muchas actividades que completan un amplio programa de actividades comerciales, l\u00fadicas, tradicionales y culturales integradas en la campa\u00f1a, \u201cVive la Navidad en Villena\u201d.<\/p>\n","protected":false},"author":1,"featured_media":9468,"comment_status":"closed","ping_status":"open","sticky":false,"template":"","format":"standard","meta":{"_et_pb_use_builder":"","_et_pb_old_content":"","_et_gb_content_width":"","footnotes":""},"categories":[613],"tags":[],"class_list":["post-9738","post","type-post","status-publish","format-standard","has-post-thumbnail","hentry","category-associats-confecomerc-cv"],"yoast_head":"<!-- This site is optimized with the Yoast SEO plugin v27.3 - https:\/\/yoast.com\/product\/yoast-seo-wordpress\/ -->\n<title>Villena enciende la Navidad a lo grande - Confecomer\u00e7<\/title>\n<meta name=\"description\" content=\"El encendido de la iluminaci\u00f3n navide\u00f1a dar\u00e1 comienzo a la Navidad en Villena. La concejal\u00eda de Fiestas y Comercios y Servicios Vi han presentado el acto del encendido de la Navidad, que tendr\u00e1 lugar este s\u00e1bado a las 19:00 horas delante de la fachada del Teatro Chap\u00ed. Esta inauguraci\u00f3n es la primera de muchas actividades que completan un amplio programa de actividades comerciales, l\u00fadicas, tradicionales y culturales integradas en la campa\u00f1a, \u201cVive la Navidad en Villena\u201d.\" \/>\n<meta name=\"robots\" content=\"index, follow, max-snippet:-1, max-image-preview:large, max-video-preview:-1\" \/>\n<link rel=\"canonical\" href=\"https:\/\/confecomerc.es\/va\/villena-enciende-la-navidad-a-lo-grande\/\" \/>\n<meta property=\"og:locale\" content=\"en_US\" \/>\n<meta property=\"og:type\" content=\"article\" \/>\n<meta property=\"og:title\" content=\"Villena enciende la Navidad a lo grande - Confecomer\u00e7\" \/>\n<meta property=\"og:description\" content=\"El encendido de la iluminaci\u00f3n navide\u00f1a dar\u00e1 comienzo a la Navidad en Villena. La concejal\u00eda de Fiestas y Comercios y Servicios Vi han presentado el acto del encendido de la Navidad, que tendr\u00e1 lugar este s\u00e1bado a las 19:00 horas delante de la fachada del Teatro Chap\u00ed. Esta inauguraci\u00f3n es la primera de muchas actividades que completan un amplio programa de actividades comerciales, l\u00fadicas, tradicionales y culturales integradas en la campa\u00f1a, \u201cVive la Navidad en Villena\u201d.\" \/>\n<meta property=\"og:url\" content=\"https:\/\/confecomerc.es\/va\/villena-enciende-la-navidad-a-lo-grande\/\" \/>\n<meta property=\"og:site_name\" content=\"Confecomer\u00e7\" \/>\n<meta property=\"article:published_time\" content=\"2021-12-23T08:51:00+00:00\" \/>\n<meta property=\"og:image\" content=\"https:\/\/i2.wp.com\/confecomerc.es\/wp-content\/uploads\/2021\/11\/gran-encendido-villena.jpeg?fit=2000%2C1500&ssl=1\" \/>\n\t<meta property=\"og:image:width\" content=\"2000\" \/>\n\t<meta property=\"og:image:height\" content=\"1500\" \/>\n\t<meta property=\"og:image:type\" content=\"image\/jpeg\" \/>\n<meta name=\"author\" content=\"CONFECOMER\u00c7 CV\" \/>\n<meta name=\"twitter:card\" content=\"summary_large_image\" \/>\n<meta name=\"twitter:label1\" content=\"Written by\" \/>\n\t<meta name=\"twitter:data1\" content=\"CONFECOMER\u00c7 CV\" \/>\n\t<meta name=\"twitter:label2\" content=\"Est. reading time\" \/>\n\t<meta name=\"twitter:data2\" content=\"2 minutes\" \/>\n<script type=\"application\/ld+json\" class=\"yoast-schema-graph\">{\"@context\":\"https:\\\/\\\/schema.org\",\"@graph\":[{\"@type\":\"Article\",\"@id\":\"https:\\\/\\\/confecomerc.es\\\/va\\\/villena-enciende-la-navidad-a-lo-grande\\\/#article\",\"isPartOf\":{\"@id\":\"https:\\\/\\\/confecomerc.es\\\/va\\\/villena-enciende-la-navidad-a-lo-grande\\\/\"},\"author\":{\"name\":\"CONFECOMER\u00c7 CV\",\"@id\":\"https:\\\/\\\/confecomerc.es\\\/#\\\/schema\\\/person\\\/23aa6211544dad9fa6ee269977b0a823\"},\"headline\":\"Villena enciende la Navidad a lo grande\",\"datePublished\":\"2021-12-23T08:51:00+00:00\",\"mainEntityOfPage\":{\"@id\":\"https:\\\/\\\/confecomerc.es\\\/va\\\/villena-enciende-la-navidad-a-lo-grande\\\/\"},\"wordCount\":394,\"image\":{\"@id\":\"https:\\\/\\\/confecomerc.es\\\/va\\\/villena-enciende-la-navidad-a-lo-grande\\\/#primaryimage\"},\"thumbnailUrl\":\"https:\\\/\\\/confecomerc.es\\\/wp-content\\\/uploads\\\/2021\\\/11\\\/gran-encendido-villena.jpeg\",\"articleSection\":[\"Associats Confecomer\u00e7 Cv\"],\"inLanguage\":\"va-VA\"},{\"@type\":\"WebPage\",\"@id\":\"https:\\\/\\\/confecomerc.es\\\/va\\\/villena-enciende-la-navidad-a-lo-grande\\\/\",\"url\":\"https:\\\/\\\/confecomerc.es\\\/va\\\/villena-enciende-la-navidad-a-lo-grande\\\/\",\"name\":\"Villena enciende la Navidad a lo grande - Confecomer\u00e7\",\"isPartOf\":{\"@id\":\"https:\\\/\\\/confecomerc.es\\\/#website\"},\"primaryImageOfPage\":{\"@id\":\"https:\\\/\\\/confecomerc.es\\\/va\\\/villena-enciende-la-navidad-a-lo-grande\\\/#primaryimage\"},\"image\":{\"@id\":\"https:\\\/\\\/confecomerc.es\\\/va\\\/villena-enciende-la-navidad-a-lo-grande\\\/#primaryimage\"},\"thumbnailUrl\":\"https:\\\/\\\/confecomerc.es\\\/wp-content\\\/uploads\\\/2021\\\/11\\\/gran-encendido-villena.jpeg\",\"datePublished\":\"2021-12-23T08:51:00+00:00\",\"author\":{\"@id\":\"https:\\\/\\\/confecomerc.es\\\/#\\\/schema\\\/person\\\/23aa6211544dad9fa6ee269977b0a823\"},\"description\":\"El encendido de la iluminaci\u00f3n navide\u00f1a dar\u00e1 comienzo a la Navidad en Villena. La concejal\u00eda de Fiestas y Comercios y Servicios Vi han presentado el acto del encendido de la Navidad, que tendr\u00e1 lugar este s\u00e1bado a las 19:00 horas delante de la fachada del Teatro Chap\u00ed. Esta inauguraci\u00f3n es la primera de muchas actividades que completan un amplio programa de actividades comerciales, l\u00fadicas, tradicionales y culturales integradas en la campa\u00f1a, \u201cVive la Navidad en Villena\u201d.\",\"breadcrumb\":{\"@id\":\"https:\\\/\\\/confecomerc.es\\\/va\\\/villena-enciende-la-navidad-a-lo-grande\\\/#breadcrumb\"},\"inLanguage\":\"va-VA\",\"potentialAction\":[{\"@type\":\"ReadAction\",\"target\":[\"https:\\\/\\\/confecomerc.es\\\/va\\\/villena-enciende-la-navidad-a-lo-grande\\\/\"]}]},{\"@type\":\"ImageObject\",\"inLanguage\":\"va-VA\",\"@id\":\"https:\\\/\\\/confecomerc.es\\\/va\\\/villena-enciende-la-navidad-a-lo-grande\\\/#primaryimage\",\"url\":\"https:\\\/\\\/confecomerc.es\\\/wp-content\\\/uploads\\\/2021\\\/11\\\/gran-encendido-villena.jpeg\",\"contentUrl\":\"https:\\\/\\\/confecomerc.es\\\/wp-content\\\/uploads\\\/2021\\\/11\\\/gran-encendido-villena.jpeg\",\"width\":2000,\"height\":1500,\"caption\":\"gran encendido villena\"},{\"@type\":\"BreadcrumbList\",\"@id\":\"https:\\\/\\\/confecomerc.es\\\/va\\\/villena-enciende-la-navidad-a-lo-grande\\\/#breadcrumb\",\"itemListElement\":[{\"@type\":\"ListItem\",\"position\":1,\"name\":\"Home\",\"item\":\"https:\\\/\\\/confecomerc.es\\\/va\\\/confecomerc-cv\\\/\"},{\"@type\":\"ListItem\",\"position\":2,\"name\":\"Villena enciende la Navidad a lo grande\"}]},{\"@type\":\"WebSite\",\"@id\":\"https:\\\/\\\/confecomerc.es\\\/#website\",\"url\":\"https:\\\/\\\/confecomerc.es\\\/\",\"name\":\"Confecomer\u00e7\",\"description\":\"Confederaci\u00f3 de Comer\u00e7 d\u2019alacant, Castell\u00f3 i Val\u00e8ncia\",\"potentialAction\":[{\"@type\":\"SearchAction\",\"target\":{\"@type\":\"EntryPoint\",\"urlTemplate\":\"https:\\\/\\\/confecomerc.es\\\/?s={search_term_string}\"},\"query-input\":{\"@type\":\"PropertyValueSpecification\",\"valueRequired\":true,\"valueName\":\"search_term_string\"}}],\"inLanguage\":\"va-VA\"},{\"@type\":\"Person\",\"@id\":\"https:\\\/\\\/confecomerc.es\\\/#\\\/schema\\\/person\\\/23aa6211544dad9fa6ee269977b0a823\",\"name\":\"CONFECOMER\u00c7 CV\",\"url\":\"https:\\\/\\\/confecomerc.es\\\/va\\\/author\\\/confe-admin-cv\\\/\"}]}<\/script>\n<!-- \/ Yoast SEO plugin. -->","yoast_head_json":{"title":"Villena enciende la Navidad a lo grande - Confecomer\u00e7","description":"El encendido de la iluminaci\u00f3n navide\u00f1a dar\u00e1 comienzo a la Navidad en Villena. La concejal\u00eda de Fiestas y Comercios y Servicios Vi han presentado el acto del encendido de la Navidad, que tendr\u00e1 lugar este s\u00e1bado a las 19:00 horas delante de la fachada del Teatro Chap\u00ed. Esta inauguraci\u00f3n es la primera de muchas actividades que completan un amplio programa de actividades comerciales, l\u00fadicas, tradicionales y culturales integradas en la campa\u00f1a, \u201cVive la Navidad en Villena\u201d.","robots":{"index":"index","follow":"follow","max-snippet":"max-snippet:-1","max-image-preview":"max-image-preview:large","max-video-preview":"max-video-preview:-1"},"canonical":"https:\/\/confecomerc.es\/va\/villena-enciende-la-navidad-a-lo-grande\/","og_locale":"en_US","og_type":"article","og_title":"Villena enciende la Navidad a lo grande - Confecomer\u00e7","og_description":"El encendido de la iluminaci\u00f3n navide\u00f1a dar\u00e1 comienzo a la Navidad en Villena. La concejal\u00eda de Fiestas y Comercios y Servicios Vi han presentado el acto del encendido de la Navidad, que tendr\u00e1 lugar este s\u00e1bado a las 19:00 horas delante de la fachada del Teatro Chap\u00ed. Esta inauguraci\u00f3n es la primera de muchas actividades que completan un amplio programa de actividades comerciales, l\u00fadicas, tradicionales y culturales integradas en la campa\u00f1a, \u201cVive la Navidad en Villena\u201d.","og_url":"https:\/\/confecomerc.es\/va\/villena-enciende-la-navidad-a-lo-grande\/","og_site_name":"Confecomer\u00e7","article_published_time":"2021-12-23T08:51:00+00:00","og_image":[{"width":2000,"height":1500,"url":"https:\/\/i2.wp.com\/confecomerc.es\/wp-content\/uploads\/2021\/11\/gran-encendido-villena.jpeg?fit=2000%2C1500&ssl=1","type":"image\/jpeg"}],"author":"CONFECOMER\u00c7 CV","twitter_card":"summary_large_image","twitter_misc":{"Written by":"CONFECOMER\u00c7 CV","Est. reading time":"2 minutes"},"schema":{"@context":"https:\/\/schema.org","@graph":[{"@type":"Article","@id":"https:\/\/confecomerc.es\/va\/villena-enciende-la-navidad-a-lo-grande\/#article","isPartOf":{"@id":"https:\/\/confecomerc.es\/va\/villena-enciende-la-navidad-a-lo-grande\/"},"author":{"name":"CONFECOMER\u00c7 CV","@id":"https:\/\/confecomerc.es\/#\/schema\/person\/23aa6211544dad9fa6ee269977b0a823"},"headline":"Villena enciende la Navidad a lo grande","datePublished":"2021-12-23T08:51:00+00:00","mainEntityOfPage":{"@id":"https:\/\/confecomerc.es\/va\/villena-enciende-la-navidad-a-lo-grande\/"},"wordCount":394,"image":{"@id":"https:\/\/confecomerc.es\/va\/villena-enciende-la-navidad-a-lo-grande\/#primaryimage"},"thumbnailUrl":"https:\/\/confecomerc.es\/wp-content\/uploads\/2021\/11\/gran-encendido-villena.jpeg","articleSection":["Associats Confecomer\u00e7 Cv"],"inLanguage":"va-VA"},{"@type":"WebPage","@id":"https:\/\/confecomerc.es\/va\/villena-enciende-la-navidad-a-lo-grande\/","url":"https:\/\/confecomerc.es\/va\/villena-enciende-la-navidad-a-lo-grande\/","name":"Villena enciende la Navidad a lo grande - Confecomer\u00e7","isPartOf":{"@id":"https:\/\/confecomerc.es\/#website"},"primaryImageOfPage":{"@id":"https:\/\/confecomerc.es\/va\/villena-enciende-la-navidad-a-lo-grande\/#primaryimage"},"image":{"@id":"https:\/\/confecomerc.es\/va\/villena-enciende-la-navidad-a-lo-grande\/#primaryimage"},"thumbnailUrl":"https:\/\/confecomerc.es\/wp-content\/uploads\/2021\/11\/gran-encendido-villena.jpeg","datePublished":"2021-12-23T08:51:00+00:00","author":{"@id":"https:\/\/confecomerc.es\/#\/schema\/person\/23aa6211544dad9fa6ee269977b0a823"},"description":"El encendido de la iluminaci\u00f3n navide\u00f1a dar\u00e1 comienzo a la Navidad en Villena. La concejal\u00eda de Fiestas y Comercios y Servicios Vi han presentado el acto del encendido de la Navidad, que tendr\u00e1 lugar este s\u00e1bado a las 19:00 horas delante de la fachada del Teatro Chap\u00ed. Esta inauguraci\u00f3n es la primera de muchas actividades que completan un amplio programa de actividades comerciales, l\u00fadicas, tradicionales y culturales integradas en la campa\u00f1a, \u201cVive la Navidad en Villena\u201d.","breadcrumb":{"@id":"https:\/\/confecomerc.es\/va\/villena-enciende-la-navidad-a-lo-grande\/#breadcrumb"},"inLanguage":"va-VA","potentialAction":[{"@type":"ReadAction","target":["https:\/\/confecomerc.es\/va\/villena-enciende-la-navidad-a-lo-grande\/"]}]},{"@type":"ImageObject","inLanguage":"va-VA","@id":"https:\/\/confecomerc.es\/va\/villena-enciende-la-navidad-a-lo-grande\/#primaryimage","url":"https:\/\/confecomerc.es\/wp-content\/uploads\/2021\/11\/gran-encendido-villena.jpeg","contentUrl":"https:\/\/confecomerc.es\/wp-content\/uploads\/2021\/11\/gran-encendido-villena.jpeg","width":2000,"height":1500,"caption":"gran encendido villena"},{"@type":"BreadcrumbList","@id":"https:\/\/confecomerc.es\/va\/villena-enciende-la-navidad-a-lo-grande\/#breadcrumb","itemListElement":[{"@type":"ListItem","position":1,"name":"Home","item":"https:\/\/confecomerc.es\/va\/confecomerc-cv\/"},{"@type":"ListItem","position":2,"name":"Villena enciende la Navidad a lo grande"}]},{"@type":"WebSite","@id":"https:\/\/confecomerc.es\/#website","url":"https:\/\/confecomerc.es\/","name":"Confecomer\u00e7","description":"Confederaci\u00f3 de Comer\u00e7 d\u2019alacant, Castell\u00f3 i Val\u00e8ncia","potentialAction":[{"@type":"SearchAction","target":{"@type":"EntryPoint","urlTemplate":"https:\/\/confecomerc.es\/?s={search_term_string}"},"query-input":{"@type":"PropertyValueSpecification","valueRequired":true,"valueName":"search_term_string"}}],"inLanguage":"va-VA"},{"@type":"Person","@id":"https:\/\/confecomerc.es\/#\/schema\/person\/23aa6211544dad9fa6ee269977b0a823","name":"CONFECOMER\u00c7 CV","url":"https:\/\/confecomerc.es\/va\/author\/confe-admin-cv\/"}]}},"_links":{"self":[{"href":"https:\/\/confecomerc.es\/va\/wp-json\/wp\/v2\/posts\/9738","targetHints":{"allow":["GET"]}}],"collection":[{"href":"https:\/\/confecomerc.es\/va\/wp-json\/wp\/v2\/posts"}],"about":[{"href":"https:\/\/confecomerc.es\/va\/wp-json\/wp\/v2\/types\/post"}],"author":[{"embeddable":true,"href":"https:\/\/confecomerc.es\/va\/wp-json\/wp\/v2\/users\/1"}],"replies":[{"embeddable":true,"href":"https:\/\/confecomerc.es\/va\/wp-json\/wp\/v2\/comments?post=9738"}],"version-history":[{"count":0,"href":"https:\/\/confecomerc.es\/va\/wp-json\/wp\/v2\/posts\/9738\/revisions"}],"wp:featuredmedia":[{"embeddable":true,"href":"https:\/\/confecomerc.es\/va\/wp-json\/wp\/v2\/media\/9468"}],"wp:attachment":[{"href":"https:\/\/confecomerc.es\/va\/wp-json\/wp\/v2\/media?parent=9738"}],"wp:term":[{"taxonomy":"category","embeddable":true,"href":"https:\/\/confecomerc.es\/va\/wp-json\/wp\/v2\/categories?post=9738"},{"taxonomy":"post_tag","embeddable":true,"href":"https:\/\/confecomerc.es\/va\/wp-json\/wp\/v2\/tags?post=9738"}],"curies":[{"name":"wp","href":"https:\/\/api.w.org\/{rel}","templated":true}]}}