{"id":9743,"date":"2021-12-23T09:51:40","date_gmt":"2021-12-23T08:51:40","guid":{"rendered":"https:\/\/confecomerc.es\/covaco-castellon-confecomerc-impulsa-la-campana-el-mejor-black-el-de-aqui-cargado-de-premios-en-vales-de-compra-para-canjear-en-comercios-asociados\/"},"modified":"2021-12-23T09:51:40","modified_gmt":"2021-12-23T08:51:40","slug":"covaco-castellon-confecomerc-impulsa-la-campana-el-mejor-black-el-de-aqui-cargado-de-premios-en-vales-de-compra-para-canjear-en-comercios-asociados","status":"publish","type":"post","link":"https:\/\/confecomerc.es\/va\/covaco-castellon-confecomerc-impulsa-la-campana-el-mejor-black-el-de-aqui-cargado-de-premios-en-vales-de-compra-para-canjear-en-comercios-asociados\/","title":{"rendered":"Covaco Castell\u00f3n-Confecomer\u00e7 impulsa la campa\u00f1a \u201cEl mejor Black, el de aqu\u00ed\u201d cargado de premios en vales de compra para canjear en comercios asociados"},"content":{"rendered":"<p><strong>COVACO Castell\u00f3n- Confecomer\u00e7 lanza <\/strong>la campa\u00f1a del peque\u00f1o comercio \u201c<strong><em>El Mejor Black, el de Aqu\u00ed<\/em><\/strong>\u201d en la provincia de Castell\u00f3n. <strong>La iniciativa cuenta con el apoyo de la Conselleria de Econom\u00eda Sostenible, Sectores Productivos, Comercio y Trabajo.<\/strong><\/p>\n<p>La campa\u00f1a se enmarca<strong> en una acci\u00f3n auton\u00f3mica<\/strong> que cuenta con el sorteo de <strong>163<\/strong> <strong>vales de compra que repartir\u00e1 15.150 euros en premios. O<\/strong><strong>rganizaciones sectoriales y territoriales de la provincia, pertenecientes Covaco Castell\u00f3n-Confecomer\u00e7 <\/strong>promover\u00e1n esta actuaci\u00f3n <strong>hasta el 28 de noviembre <\/strong>a trav\u00e9s de sus <strong>comercios asociados adheridos. <\/strong> <\/p>\n<p><a href=\"https:\/\/confecomerc.es\/wp-content\/uploads\/2021\/11\/elmejorblack-castellon.jpg\"><img decoding=\"async\" class=\"wp-image-9356 alignleft\" src=\"https:\/\/confecomerc.es\/wp-content\/uploads\/2021\/11\/elmejorblack-castellon.jpg\" alt=\"\" width=\"407\" height=\"302\"><\/a>El <strong>sistema de participaci\u00f3n para los clientes es sencillo<\/strong>: hacer una compra de m\u00e1s de 10 euros en alguno de los comercios participantes, durante el per\u00edodo de la campa\u00f1a, realizar una foto del ticket, entrar en la plataforma del sorteo <a href=\"http:\/\/www.elmejorblack.com\">www.elmejorblack.com<\/a>, rellenar el formulario de participaci\u00f3n, indicando los datos personales, y por \u00faltimo, subir el ticket de compra. Los interesados tambi\u00e9n podr\u00e1n acceder a la web mediante el escaneo del QR, incluido en el folleto explicativo que se distribuir\u00e1 entre los clientes de los comercios participantes.<\/p>\n<p>El <strong>3 de diciembre se comunicar\u00e1 los nombres de las personas ganadoras en la web y redes sociales de Confecomer\u00e7, as\u00ed como en la p\u00e1gina de la iniciativa <\/strong><a href=\"http:\/\/www.elmejorblack.com\"><strong>www.elmejorblack.com<\/strong><\/a><strong>. Los premios los entregar\u00e1n las organizaciones miembro de Confecomer\u00e7 que participan en esta acci\u00f3n <\/strong>y los ganadores del sorteo deber\u00e1n gastar los vales de compra en los comercios adheridos en el <strong>per\u00edodo comprendido del 7 al 15 de diciembre de 2021. <\/strong> <\/p>\n<p>La secretaria de<strong> Covaco Castell\u00f3n-Confecomer\u00e7, Tere Esteve <\/strong> ha se\u00f1alado que \u201ccon esta acci\u00f3n pretendemos premiar a todos los clientes de la provincia que hacen crecer el comercio de proximidad, contribuyendo al desarrollo del territorio. Es una iniciativa que a diferencia de otros formatos damos la oportunidad por una compra de s\u00f3lo 10 euros entrar en el sorteo de un gran n\u00famero de vales de compra para gastar en los comercios asociados\u201d.<\/p>\n<p><a href=\"https:\/\/confecomerc.es\/wp-content\/uploads\/2021\/11\/CONFE_blackfriday_post01.png\"><img decoding=\"async\" class=\"wp-image-9348 alignright\" src=\"https:\/\/confecomerc.es\/wp-content\/uploads\/2021\/11\/CONFE_blackfriday_post01.png\" alt=\"El mejor Black, el de aqu\u00ed\" width=\"284\" height=\"284\"><\/a>Esteve ha destacado que \u201cestamos en un momento clave, en el que queremos ayudar a las familias aportando nuestro granito de arena, sorteando un gran n\u00famero de premios, en el marco de una campa\u00f1a que es la antesala de la de Navidad, y en el que muchos est\u00e1n aprovechando para adelantar las compras de diciembre aprovech\u00e1ndose de esta posibilidad de poder ganar uno de los vales que sorteamos\u201d. La iniciativa se desarrollar\u00e1 a lo largo de <strong>toda la provincia participando gratuitamente los comercios de las asociaciones miembro de Confecomer\u00e7-Covaco de municipios como Benicarl\u00f3, Burriana, Castell\u00f3, Vall d\u00b4Uix\u00f3, Onda, Pe\u00f1\u00edscola, Segorbe, Vila-real, entre otros, as\u00ed como aquellos adheridos a organizaciones sectoriales de la provincia. <\/strong> <\/p>\n<p>\u201cEste mes de noviembre y diciembre esperamos que nuestros clientes disfruten de las compras en el peque\u00f1o comercio y que se reactive la actividad del sector. Y si bien no se prev\u00e9 que obtengamos unos niveles similares a los de prepandemia, s\u00ed que esperamos que sea el punto de partida para la recuperaci\u00f3n de cara al pr\u00f3ximo a\u00f1o\u201d, ha se\u00f1alado Esteve.<\/p>\n<p>Para el impulso de esta campa\u00f1a, los comercios cuentan con <strong>folletos explicativos para distribuir entre sus clientes y <\/strong>con un <strong>identificativo en sus escaparates<\/strong>, <strong>unas atractivas estrellas, <\/strong>por lo que ser\u00e1 reconocible la promoci\u00f3n para todos aquellos que visiten los establecimientos durante el per\u00edodo de impulso de la iniciativa. Adem\u00e1s, se ha previsto una <strong>fuerte campa\u00f1a en redes sociales<\/strong>, medios, y espacios digitales que ayudar\u00e1n a dinamizar y promover esta original acci\u00f3n.<\/p>\n","protected":false},"excerpt":{"rendered":"<p>COVACO Castell\u00f3n- Confecomer\u00e7 lanza la campa\u00f1a del peque\u00f1o comercio \u201cEl Mejor Black, el de Aqu\u00ed\u201d en la provincia de Castell\u00f3n. La iniciativa cuenta con el apoyo de la Conselleria de Econom\u00eda Sostenible, Sectores Productivos, Comercio y Trabajo.<\/p>\n","protected":false},"author":1,"featured_media":9357,"comment_status":"closed","ping_status":"open","sticky":false,"template":"","format":"standard","meta":{"_et_pb_use_builder":"","_et_pb_old_content":"","_et_gb_content_width":"","footnotes":""},"categories":[613],"tags":[1684,3439,3450],"class_list":["post-9743","post","type-post","status-publish","format-standard","has-post-thumbnail","hentry","category-associats-confecomerc-cv","tag-covaco-castellon-va","tag-elmejorblack-va","tag-elmejorblackeldeaqui-va"],"yoast_head":"<!-- This site is optimized with the Yoast SEO plugin v27.3 - https:\/\/yoast.com\/product\/yoast-seo-wordpress\/ -->\n<title>Covaco Castell\u00f3n-Confecomer\u00e7 impulsa la campa\u00f1a \u201cEl mejor Black, el de aqu\u00ed\u201d cargado de premios en vales de compra para canjear en comercios asociados - Confecomer\u00e7<\/title>\n<meta name=\"robots\" content=\"index, follow, max-snippet:-1, max-image-preview:large, max-video-preview:-1\" \/>\n<link rel=\"canonical\" href=\"https:\/\/confecomerc.es\/va\/covaco-castellon-confecomerc-impulsa-la-campana-el-mejor-black-el-de-aqui-cargado-de-premios-en-vales-de-compra-para-canjear-en-comercios-asociados\/\" \/>\n<meta property=\"og:locale\" content=\"en_US\" \/>\n<meta property=\"og:type\" content=\"article\" \/>\n<meta property=\"og:title\" content=\"Covaco Castell\u00f3n-Confecomer\u00e7 impulsa la campa\u00f1a \u201cEl mejor Black, el de aqu\u00ed\u201d cargado de premios en vales de compra para canjear en comercios asociados - Confecomer\u00e7\" \/>\n<meta property=\"og:description\" content=\"COVACO Castell\u00f3n- Confecomer\u00e7 lanza la campa\u00f1a del peque\u00f1o comercio \u201cEl Mejor Black, el de Aqu\u00ed\u201d en la provincia de Castell\u00f3n. La iniciativa cuenta con el apoyo de la Conselleria de Econom\u00eda Sostenible, Sectores Productivos, Comercio y Trabajo.\" \/>\n<meta property=\"og:url\" content=\"https:\/\/confecomerc.es\/va\/covaco-castellon-confecomerc-impulsa-la-campana-el-mejor-black-el-de-aqui-cargado-de-premios-en-vales-de-compra-para-canjear-en-comercios-asociados\/\" \/>\n<meta property=\"og:site_name\" content=\"Confecomer\u00e7\" \/>\n<meta property=\"article:published_time\" content=\"2021-12-23T08:51:40+00:00\" \/>\n<meta property=\"og:image\" content=\"https:\/\/i1.wp.com\/confecomerc.es\/wp-content\/uploads\/2021\/11\/elmejorblack-castellon.jpg?fit=1600%2C1190&ssl=1\" \/>\n\t<meta property=\"og:image:width\" content=\"1600\" \/>\n\t<meta property=\"og:image:height\" content=\"1190\" \/>\n\t<meta property=\"og:image:type\" content=\"image\/jpeg\" \/>\n<meta name=\"author\" content=\"CONFECOMER\u00c7 CV\" \/>\n<meta name=\"twitter:card\" content=\"summary_large_image\" \/>\n<meta name=\"twitter:label1\" content=\"Written by\" \/>\n\t<meta name=\"twitter:data1\" content=\"CONFECOMER\u00c7 CV\" \/>\n\t<meta name=\"twitter:label2\" content=\"Est. reading time\" \/>\n\t<meta name=\"twitter:data2\" content=\"3 minutes\" \/>\n<script type=\"application\/ld+json\" class=\"yoast-schema-graph\">{\"@context\":\"https:\\\/\\\/schema.org\",\"@graph\":[{\"@type\":\"Article\",\"@id\":\"https:\\\/\\\/confecomerc.es\\\/va\\\/covaco-castellon-confecomerc-impulsa-la-campana-el-mejor-black-el-de-aqui-cargado-de-premios-en-vales-de-compra-para-canjear-en-comercios-asociados\\\/#article\",\"isPartOf\":{\"@id\":\"https:\\\/\\\/confecomerc.es\\\/va\\\/covaco-castellon-confecomerc-impulsa-la-campana-el-mejor-black-el-de-aqui-cargado-de-premios-en-vales-de-compra-para-canjear-en-comercios-asociados\\\/\"},\"author\":{\"name\":\"CONFECOMER\u00c7 CV\",\"@id\":\"https:\\\/\\\/confecomerc.es\\\/#\\\/schema\\\/person\\\/23aa6211544dad9fa6ee269977b0a823\"},\"headline\":\"Covaco Castell\u00f3n-Confecomer\u00e7 impulsa la campa\u00f1a \u201cEl mejor Black, el de aqu\u00ed\u201d cargado de premios en vales de compra para canjear en comercios asociados\",\"datePublished\":\"2021-12-23T08:51:40+00:00\",\"mainEntityOfPage\":{\"@id\":\"https:\\\/\\\/confecomerc.es\\\/va\\\/covaco-castellon-confecomerc-impulsa-la-campana-el-mejor-black-el-de-aqui-cargado-de-premios-en-vales-de-compra-para-canjear-en-comercios-asociados\\\/\"},\"wordCount\":628,\"image\":{\"@id\":\"https:\\\/\\\/confecomerc.es\\\/va\\\/covaco-castellon-confecomerc-impulsa-la-campana-el-mejor-black-el-de-aqui-cargado-de-premios-en-vales-de-compra-para-canjear-en-comercios-asociados\\\/#primaryimage\"},\"thumbnailUrl\":\"https:\\\/\\\/confecomerc.es\\\/wp-content\\\/uploads\\\/2021\\\/11\\\/elmejorblack-castellon.jpg\",\"keywords\":[\"covaco castellon\",\"elmejorblack\",\"elmejorblackeldeaqui\"],\"articleSection\":[\"Associats Confecomer\u00e7 Cv\"],\"inLanguage\":\"va-VA\"},{\"@type\":\"WebPage\",\"@id\":\"https:\\\/\\\/confecomerc.es\\\/va\\\/covaco-castellon-confecomerc-impulsa-la-campana-el-mejor-black-el-de-aqui-cargado-de-premios-en-vales-de-compra-para-canjear-en-comercios-asociados\\\/\",\"url\":\"https:\\\/\\\/confecomerc.es\\\/va\\\/covaco-castellon-confecomerc-impulsa-la-campana-el-mejor-black-el-de-aqui-cargado-de-premios-en-vales-de-compra-para-canjear-en-comercios-asociados\\\/\",\"name\":\"Covaco Castell\u00f3n-Confecomer\u00e7 impulsa la campa\u00f1a \u201cEl mejor Black, el de aqu\u00ed\u201d cargado de premios en vales de compra para canjear en comercios asociados - Confecomer\u00e7\",\"isPartOf\":{\"@id\":\"https:\\\/\\\/confecomerc.es\\\/#website\"},\"primaryImageOfPage\":{\"@id\":\"https:\\\/\\\/confecomerc.es\\\/va\\\/covaco-castellon-confecomerc-impulsa-la-campana-el-mejor-black-el-de-aqui-cargado-de-premios-en-vales-de-compra-para-canjear-en-comercios-asociados\\\/#primaryimage\"},\"image\":{\"@id\":\"https:\\\/\\\/confecomerc.es\\\/va\\\/covaco-castellon-confecomerc-impulsa-la-campana-el-mejor-black-el-de-aqui-cargado-de-premios-en-vales-de-compra-para-canjear-en-comercios-asociados\\\/#primaryimage\"},\"thumbnailUrl\":\"https:\\\/\\\/confecomerc.es\\\/wp-content\\\/uploads\\\/2021\\\/11\\\/elmejorblack-castellon.jpg\",\"datePublished\":\"2021-12-23T08:51:40+00:00\",\"author\":{\"@id\":\"https:\\\/\\\/confecomerc.es\\\/#\\\/schema\\\/person\\\/23aa6211544dad9fa6ee269977b0a823\"},\"breadcrumb\":{\"@id\":\"https:\\\/\\\/confecomerc.es\\\/va\\\/covaco-castellon-confecomerc-impulsa-la-campana-el-mejor-black-el-de-aqui-cargado-de-premios-en-vales-de-compra-para-canjear-en-comercios-asociados\\\/#breadcrumb\"},\"inLanguage\":\"va-VA\",\"potentialAction\":[{\"@type\":\"ReadAction\",\"target\":[\"https:\\\/\\\/confecomerc.es\\\/va\\\/covaco-castellon-confecomerc-impulsa-la-campana-el-mejor-black-el-de-aqui-cargado-de-premios-en-vales-de-compra-para-canjear-en-comercios-asociados\\\/\"]}]},{\"@type\":\"ImageObject\",\"inLanguage\":\"va-VA\",\"@id\":\"https:\\\/\\\/confecomerc.es\\\/va\\\/covaco-castellon-confecomerc-impulsa-la-campana-el-mejor-black-el-de-aqui-cargado-de-premios-en-vales-de-compra-para-canjear-en-comercios-asociados\\\/#primaryimage\",\"url\":\"https:\\\/\\\/confecomerc.es\\\/wp-content\\\/uploads\\\/2021\\\/11\\\/elmejorblack-castellon.jpg\",\"contentUrl\":\"https:\\\/\\\/confecomerc.es\\\/wp-content\\\/uploads\\\/2021\\\/11\\\/elmejorblack-castellon.jpg\",\"width\":1600,\"height\":1190},{\"@type\":\"BreadcrumbList\",\"@id\":\"https:\\\/\\\/confecomerc.es\\\/va\\\/covaco-castellon-confecomerc-impulsa-la-campana-el-mejor-black-el-de-aqui-cargado-de-premios-en-vales-de-compra-para-canjear-en-comercios-asociados\\\/#breadcrumb\",\"itemListElement\":[{\"@type\":\"ListItem\",\"position\":1,\"name\":\"Home\",\"item\":\"https:\\\/\\\/confecomerc.es\\\/va\\\/confecomerc-cv\\\/\"},{\"@type\":\"ListItem\",\"position\":2,\"name\":\"Covaco Castell\u00f3n-Confecomer\u00e7 impulsa la campa\u00f1a \u201cEl mejor Black, el de aqu\u00ed\u201d cargado de premios en vales de compra para canjear en comercios asociados\"}]},{\"@type\":\"WebSite\",\"@id\":\"https:\\\/\\\/confecomerc.es\\\/#website\",\"url\":\"https:\\\/\\\/confecomerc.es\\\/\",\"name\":\"Confecomer\u00e7\",\"description\":\"Confederaci\u00f3 de Comer\u00e7 d\u2019alacant, Castell\u00f3 i Val\u00e8ncia\",\"potentialAction\":[{\"@type\":\"SearchAction\",\"target\":{\"@type\":\"EntryPoint\",\"urlTemplate\":\"https:\\\/\\\/confecomerc.es\\\/?s={search_term_string}\"},\"query-input\":{\"@type\":\"PropertyValueSpecification\",\"valueRequired\":true,\"valueName\":\"search_term_string\"}}],\"inLanguage\":\"va-VA\"},{\"@type\":\"Person\",\"@id\":\"https:\\\/\\\/confecomerc.es\\\/#\\\/schema\\\/person\\\/23aa6211544dad9fa6ee269977b0a823\",\"name\":\"CONFECOMER\u00c7 CV\",\"url\":\"https:\\\/\\\/confecomerc.es\\\/va\\\/author\\\/confe-admin-cv\\\/\"}]}<\/script>\n<!-- \/ Yoast SEO plugin. -->","yoast_head_json":{"title":"Covaco Castell\u00f3n-Confecomer\u00e7 impulsa la campa\u00f1a \u201cEl mejor Black, el de aqu\u00ed\u201d cargado de premios en vales de compra para canjear en comercios asociados - Confecomer\u00e7","robots":{"index":"index","follow":"follow","max-snippet":"max-snippet:-1","max-image-preview":"max-image-preview:large","max-video-preview":"max-video-preview:-1"},"canonical":"https:\/\/confecomerc.es\/va\/covaco-castellon-confecomerc-impulsa-la-campana-el-mejor-black-el-de-aqui-cargado-de-premios-en-vales-de-compra-para-canjear-en-comercios-asociados\/","og_locale":"en_US","og_type":"article","og_title":"Covaco Castell\u00f3n-Confecomer\u00e7 impulsa la campa\u00f1a \u201cEl mejor Black, el de aqu\u00ed\u201d cargado de premios en vales de compra para canjear en comercios asociados - Confecomer\u00e7","og_description":"COVACO Castell\u00f3n- Confecomer\u00e7 lanza la campa\u00f1a del peque\u00f1o comercio \u201cEl Mejor Black, el de Aqu\u00ed\u201d en la provincia de Castell\u00f3n. La iniciativa cuenta con el apoyo de la Conselleria de Econom\u00eda Sostenible, Sectores Productivos, Comercio y Trabajo.","og_url":"https:\/\/confecomerc.es\/va\/covaco-castellon-confecomerc-impulsa-la-campana-el-mejor-black-el-de-aqui-cargado-de-premios-en-vales-de-compra-para-canjear-en-comercios-asociados\/","og_site_name":"Confecomer\u00e7","article_published_time":"2021-12-23T08:51:40+00:00","og_image":[{"width":1600,"height":1190,"url":"https:\/\/i1.wp.com\/confecomerc.es\/wp-content\/uploads\/2021\/11\/elmejorblack-castellon.jpg?fit=1600%2C1190&ssl=1","type":"image\/jpeg"}],"author":"CONFECOMER\u00c7 CV","twitter_card":"summary_large_image","twitter_misc":{"Written by":"CONFECOMER\u00c7 CV","Est. reading time":"3 minutes"},"schema":{"@context":"https:\/\/schema.org","@graph":[{"@type":"Article","@id":"https:\/\/confecomerc.es\/va\/covaco-castellon-confecomerc-impulsa-la-campana-el-mejor-black-el-de-aqui-cargado-de-premios-en-vales-de-compra-para-canjear-en-comercios-asociados\/#article","isPartOf":{"@id":"https:\/\/confecomerc.es\/va\/covaco-castellon-confecomerc-impulsa-la-campana-el-mejor-black-el-de-aqui-cargado-de-premios-en-vales-de-compra-para-canjear-en-comercios-asociados\/"},"author":{"name":"CONFECOMER\u00c7 CV","@id":"https:\/\/confecomerc.es\/#\/schema\/person\/23aa6211544dad9fa6ee269977b0a823"},"headline":"Covaco Castell\u00f3n-Confecomer\u00e7 impulsa la campa\u00f1a \u201cEl mejor Black, el de aqu\u00ed\u201d cargado de premios en vales de compra para canjear en comercios asociados","datePublished":"2021-12-23T08:51:40+00:00","mainEntityOfPage":{"@id":"https:\/\/confecomerc.es\/va\/covaco-castellon-confecomerc-impulsa-la-campana-el-mejor-black-el-de-aqui-cargado-de-premios-en-vales-de-compra-para-canjear-en-comercios-asociados\/"},"wordCount":628,"image":{"@id":"https:\/\/confecomerc.es\/va\/covaco-castellon-confecomerc-impulsa-la-campana-el-mejor-black-el-de-aqui-cargado-de-premios-en-vales-de-compra-para-canjear-en-comercios-asociados\/#primaryimage"},"thumbnailUrl":"https:\/\/confecomerc.es\/wp-content\/uploads\/2021\/11\/elmejorblack-castellon.jpg","keywords":["covaco castellon","elmejorblack","elmejorblackeldeaqui"],"articleSection":["Associats Confecomer\u00e7 Cv"],"inLanguage":"va-VA"},{"@type":"WebPage","@id":"https:\/\/confecomerc.es\/va\/covaco-castellon-confecomerc-impulsa-la-campana-el-mejor-black-el-de-aqui-cargado-de-premios-en-vales-de-compra-para-canjear-en-comercios-asociados\/","url":"https:\/\/confecomerc.es\/va\/covaco-castellon-confecomerc-impulsa-la-campana-el-mejor-black-el-de-aqui-cargado-de-premios-en-vales-de-compra-para-canjear-en-comercios-asociados\/","name":"Covaco Castell\u00f3n-Confecomer\u00e7 impulsa la campa\u00f1a \u201cEl mejor Black, el de aqu\u00ed\u201d cargado de premios en vales de compra para canjear en comercios asociados - Confecomer\u00e7","isPartOf":{"@id":"https:\/\/confecomerc.es\/#website"},"primaryImageOfPage":{"@id":"https:\/\/confecomerc.es\/va\/covaco-castellon-confecomerc-impulsa-la-campana-el-mejor-black-el-de-aqui-cargado-de-premios-en-vales-de-compra-para-canjear-en-comercios-asociados\/#primaryimage"},"image":{"@id":"https:\/\/confecomerc.es\/va\/covaco-castellon-confecomerc-impulsa-la-campana-el-mejor-black-el-de-aqui-cargado-de-premios-en-vales-de-compra-para-canjear-en-comercios-asociados\/#primaryimage"},"thumbnailUrl":"https:\/\/confecomerc.es\/wp-content\/uploads\/2021\/11\/elmejorblack-castellon.jpg","datePublished":"2021-12-23T08:51:40+00:00","author":{"@id":"https:\/\/confecomerc.es\/#\/schema\/person\/23aa6211544dad9fa6ee269977b0a823"},"breadcrumb":{"@id":"https:\/\/confecomerc.es\/va\/covaco-castellon-confecomerc-impulsa-la-campana-el-mejor-black-el-de-aqui-cargado-de-premios-en-vales-de-compra-para-canjear-en-comercios-asociados\/#breadcrumb"},"inLanguage":"va-VA","potentialAction":[{"@type":"ReadAction","target":["https:\/\/confecomerc.es\/va\/covaco-castellon-confecomerc-impulsa-la-campana-el-mejor-black-el-de-aqui-cargado-de-premios-en-vales-de-compra-para-canjear-en-comercios-asociados\/"]}]},{"@type":"ImageObject","inLanguage":"va-VA","@id":"https:\/\/confecomerc.es\/va\/covaco-castellon-confecomerc-impulsa-la-campana-el-mejor-black-el-de-aqui-cargado-de-premios-en-vales-de-compra-para-canjear-en-comercios-asociados\/#primaryimage","url":"https:\/\/confecomerc.es\/wp-content\/uploads\/2021\/11\/elmejorblack-castellon.jpg","contentUrl":"https:\/\/confecomerc.es\/wp-content\/uploads\/2021\/11\/elmejorblack-castellon.jpg","width":1600,"height":1190},{"@type":"BreadcrumbList","@id":"https:\/\/confecomerc.es\/va\/covaco-castellon-confecomerc-impulsa-la-campana-el-mejor-black-el-de-aqui-cargado-de-premios-en-vales-de-compra-para-canjear-en-comercios-asociados\/#breadcrumb","itemListElement":[{"@type":"ListItem","position":1,"name":"Home","item":"https:\/\/confecomerc.es\/va\/confecomerc-cv\/"},{"@type":"ListItem","position":2,"name":"Covaco Castell\u00f3n-Confecomer\u00e7 impulsa la campa\u00f1a \u201cEl mejor Black, el de aqu\u00ed\u201d cargado de premios en vales de compra para canjear en comercios asociados"}]},{"@type":"WebSite","@id":"https:\/\/confecomerc.es\/#website","url":"https:\/\/confecomerc.es\/","name":"Confecomer\u00e7","description":"Confederaci\u00f3 de Comer\u00e7 d\u2019alacant, Castell\u00f3 i Val\u00e8ncia","potentialAction":[{"@type":"SearchAction","target":{"@type":"EntryPoint","urlTemplate":"https:\/\/confecomerc.es\/?s={search_term_string}"},"query-input":{"@type":"PropertyValueSpecification","valueRequired":true,"valueName":"search_term_string"}}],"inLanguage":"va-VA"},{"@type":"Person","@id":"https:\/\/confecomerc.es\/#\/schema\/person\/23aa6211544dad9fa6ee269977b0a823","name":"CONFECOMER\u00c7 CV","url":"https:\/\/confecomerc.es\/va\/author\/confe-admin-cv\/"}]}},"_links":{"self":[{"href":"https:\/\/confecomerc.es\/va\/wp-json\/wp\/v2\/posts\/9743","targetHints":{"allow":["GET"]}}],"collection":[{"href":"https:\/\/confecomerc.es\/va\/wp-json\/wp\/v2\/posts"}],"about":[{"href":"https:\/\/confecomerc.es\/va\/wp-json\/wp\/v2\/types\/post"}],"author":[{"embeddable":true,"href":"https:\/\/confecomerc.es\/va\/wp-json\/wp\/v2\/users\/1"}],"replies":[{"embeddable":true,"href":"https:\/\/confecomerc.es\/va\/wp-json\/wp\/v2\/comments?post=9743"}],"version-history":[{"count":0,"href":"https:\/\/confecomerc.es\/va\/wp-json\/wp\/v2\/posts\/9743\/revisions"}],"wp:featuredmedia":[{"embeddable":true,"href":"https:\/\/confecomerc.es\/va\/wp-json\/wp\/v2\/media\/9357"}],"wp:attachment":[{"href":"https:\/\/confecomerc.es\/va\/wp-json\/wp\/v2\/media?parent=9743"}],"wp:term":[{"taxonomy":"category","embeddable":true,"href":"https:\/\/confecomerc.es\/va\/wp-json\/wp\/v2\/categories?post=9743"},{"taxonomy":"post_tag","embeddable":true,"href":"https:\/\/confecomerc.es\/va\/wp-json\/wp\/v2\/tags?post=9743"}],"curies":[{"name":"wp","href":"https:\/\/api.w.org\/{rel}","templated":true}]}}